{"id":233338,"date":"2020-11-23T12:29:04","date_gmt":"2020-11-23T11:29:04","guid":{"rendered":"https:\/\/www.cinevox.be\/?p=233338"},"modified":"2020-11-24T09:29:08","modified_gmt":"2020-11-24T08:29:08","slug":"rencontre-avec-marie-enthoven-creatrice-et-scenariste-dinvisible","status":"publish","type":"post","link":"https:\/\/welovecinema.be\/fr\/rencontre-avec-marie-enthoven-creatrice-et-scenariste-dinvisible\/","title":{"rendered":"Rencontre avec Marie Enthoven, cr\u00e9atrice et sc\u00e9nariste d&rsquo;Invisible"},"content":{"rendered":"<p class=\"p1\"><strong>La nouvelle s\u00e9rie de la RTBF, <a href=\"https:\/\/www.cinevox.be\/fr\/invisible-serie-fantastique-et-existentielle\/\"><em>Invisible<\/em><\/a>, fait l&rsquo;\u00e9v\u00e8nement. D&rsquo;abord, parce que ce n&rsquo;est pas tous les jours que la cha\u00eene diffuse de la fiction belge en prime time, m\u00eame si on y a pris go\u00fbt avec <em>La Tr\u00eave, Ennemi Public<\/em> ou <em>Unit\u00e9 42<\/em>. Ensuite, parce que mine de rien, <em>Invisible<\/em> r\u00e9invente le genre&#8230; avec genre! <\/strong><\/p>\n<p class=\"p1\">La s\u00e9rie s&rsquo;aventure du c\u00f4t\u00e9 du fantastique, l&rsquo;ancrant dans un territoire on ne peut plus r\u00e9aliste, et s&rsquo;accrochant toujours du c\u00f4t\u00e9 de l&rsquo;humain. C&rsquo;est notamment ce que nous explique Marie Enthoven, sa cr\u00e9atrice et sc\u00e9nariste (avec les co-sc\u00e9naristes Bruno Roche et Nicolas Peufaillit), ou encore sa showrunneuse (la chef de projet en somme) comme disent les anglo-saxons.<\/p>\n<p>La sc\u00e9nariste belge a d\u00e9but\u00e9 en co-\u00e9crivant un court m\u00e9trage d&rsquo;Alexis Van Stratum, <em>Classes vertes<\/em>, avant de r\u00e9aliser ses propres courts m\u00e9trages (<em>Taxistop<\/em> en 2014 et <em>Na\u00efve<\/em> en 2012). Elle a depuis oeuvr\u00e9 sur de nombreuses s\u00e9ries, on la retrouve par exemple au g\u00e9n\u00e9rique d&rsquo;<em>E-legal<\/em> et <em>Unit\u00e9 42<\/em>. Elle fait \u00e9galement partie de l&rsquo;aventure <em>1985<\/em>, hyper-s\u00e9rie belge coproduite par la VRT et la RTBF, aux fortes ambitions internationales, qui reviendra sur les mythiques Tueurs du Brabant.<\/p>\n<p>Avec <em>Invisible<\/em>, elle est sortie de sa zone de confort, se voyant confier un projet auquel rien ne la pr\u00e9destinait, pour mieux ramener le fantastique vers son imaginaire de fiction, fait de drames familiaux et de questions existentielles. Retour sur ce projet haletant&#8230;<\/p>\n<p class=\"p1\"><b>Quelles sont les origines du projet, comment vous \u00eates-vous retrouv\u00e9e \u00e0 \u00e9crire une s\u00e9rie qui s\u2019appelle <em>Invisible<\/em>?<\/b><\/p>\n<p class=\"p1\">C\u2019est un peu complexe\u2026 A l\u2019\u00e9poque, le premier producteur Christophe Louis <em>(ndlr: le projet a depuis chang\u00e9 de production, pour \u00eatre port\u00e9 par Annabella Nezri)<\/em> avait avait commenc\u00e9 \u00e0 d\u00e9velopper pour la RTBF une s\u00e9rie fantastique sur le th\u00e8me de l\u2019invisibilit\u00e9. Ce projet s\u2019est arr\u00eat\u00e9 en 2015. Les auteurs de ce premier projet, Pierre Puget et Mehdi Husain, ont r\u00e9cup\u00e9r\u00e9 leurs droits pour produire leur s\u00e9rie ailleurs. C&rsquo;est \u00e0 ce moment-l\u00e0 que Christophe Louis m\u2019a contact\u00e9e pour \u00e9crire une s\u00e9rie sur des invisibles, sans que je n\u2019ai lu le premier projet\u2026<\/p>\n<p class=\"p1\">J\u2019ai donc commenc\u00e9 \u00e0 regarder tout ce qui existait sur le sujet. Ecrire sur l\u2019invisibilit\u00e9, c\u2019est clairement quelque chose qui ne me serait jamais venu \u00e0 l\u2019esprit, rien ne m\u2019y pr\u00e9disposait!<\/p>\n<p class=\"p1\">Au d\u00e9but, je l\u2019ai v\u00e9cu comme une contrainte. Un peu comme si on me disait de faire une s\u00e9rie avec des zombies\u2026 Mais ce qui est int\u00e9ressant, c\u2019est que comme que je ne serais jamais naturellement all\u00e9e vers ce type de projet, que je ne suis pas cliente a priori des s\u00e9ries \u00e0 effets sp\u00e9ciaux, des histoires de super-h\u00e9ros, j\u2019ai pu naturellement apporter un contrepoint fertile \u00e0 cette th\u00e9matique. Cela m&rsquo;a surement permis d\u2019emmener cette histoire sur une autre voie, vers le genre de s\u00e9ries plus intimes que moi j\u2019adore regarder.<\/p>\n<p class=\"p1\">En fait, c\u2019\u00e9tait g\u00e9nial de me voir imposer un sujet loin de mon univers!<\/p>\n<p><img loading=\"lazy\" decoding=\"async\" class=\"alignnone size-large wp-image-233258\" src=\"https:\/\/www.cinevox.be\/wp-content\/uploads\/sites\/2\/2020\/11\/cPDWH9UCFYebt8WUCi0DjFsBxNlFl3dqf3pKdvuv-800x398.jpg\" alt=\"\" width=\"618\" height=\"307\" srcset=\"https:\/\/welovecinema.be\/wp-content\/uploads\/sites\/2\/2020\/11\/cPDWH9UCFYebt8WUCi0DjFsBxNlFl3dqf3pKdvuv-800x398.jpg 800w, https:\/\/welovecinema.be\/wp-content\/uploads\/sites\/2\/2020\/11\/cPDWH9UCFYebt8WUCi0DjFsBxNlFl3dqf3pKdvuv-480x239.jpg 480w, https:\/\/welovecinema.be\/wp-content\/uploads\/sites\/2\/2020\/11\/cPDWH9UCFYebt8WUCi0DjFsBxNlFl3dqf3pKdvuv-768x382.jpg 768w, https:\/\/welovecinema.be\/wp-content\/uploads\/sites\/2\/2020\/11\/cPDWH9UCFYebt8WUCi0DjFsBxNlFl3dqf3pKdvuv-1536x764.jpg 1536w, https:\/\/welovecinema.be\/wp-content\/uploads\/sites\/2\/2020\/11\/cPDWH9UCFYebt8WUCi0DjFsBxNlFl3dqf3pKdvuv.jpg 1609w\" sizes=\"auto, (max-width: 618px) 100vw, 618px\" \/><\/p>\n<p class=\"p1\"><b>C\u2019est une mani\u00e8re de \u00ab transformer \u00bb le fantastique pour l\u2019entra\u00eener vers un r\u00e9cit centr\u00e9 sur l\u2019humain?<\/b><\/p>\n<p class=\"p1\">Oui, c\u2019est ce que j\u2019explique souvent. Apr\u00e8s avoir regard\u00e9 de tr\u00e8s nombreuses s\u00e9ries et de tr\u00e8s nombreux films sur l\u2019invisibilit\u00e9, il n\u2019y en a qu\u2019un finalement qui m\u2019a vraiment touch\u00e9e, c\u2019est <em>Mon ange<\/em> de Harry Cleven. Les projets sur l&rsquo;invisibilit\u00e9 sont souvent tr\u00e8s inspir\u00e9s de l\u2019univers des super-h\u00e9ros.<\/p>\n<p class=\"p1\">Mais \u00e0 titre personnel, je trouve qu\u2019il y a trop de distance dans les r\u00e9cits classiques de super-h\u00e9ros. J\u2019ai l\u2019impression que l\u2019on passe \u00e0 c\u00f4t\u00e9 d\u2019un point de vue tr\u00e8s humain, que l\u2019on ne se rend pas compte \u00e0 quel point cela peut \u00eatre absolument bouleversant, \u00e0 tous les \u00e9gards cette transformation.<\/p>\n<p class=\"p1\">Tout au long de l\u2019\u00e9criture, de la pr\u00e9paration, du tournage, je n\u2019arr\u00eatais pas d&rsquo;interpeler mes co-sc\u00e9naristes, le r\u00e9alisateur, les com\u00e9dien\u00b7nes, en leur disant que moi, je partais du principe que \u00e7a arrivait vraiment cette invisibilit\u00e9. Et constamment, poser la question: qu\u2019est-ce que \u00e7a ferait, r\u00e9ellement, d\u2019\u00eatre invisible?<\/p>\n<p class=\"p1\">J\u2019ai fait beaucoup de recherches, j\u2019ai notamment contact\u00e9 des m\u00e9decins qui travaillent \u00e0 l\u2019OMS pour savoir o\u00f9 l\u2019on en \u00e9tait des d\u00e9couvertes sur l\u2019invisibilit\u00e9 aujourd\u2019hui. Et il se trouve que pour l\u2019instant, on peut cr\u00e9er de l\u2019invisibilit\u00e9 sur des objets inertes, avec des ondes \u00e9lectro-magn\u00e9tiques.<span class=\"Apple-converted-space\">\u00a0 <\/span>Je leur ai pos\u00e9 la question: qu\u2019est-ce qui se passerait si un \u00eatre humain avait la capacit\u00e9 d\u2019\u00eatre invisible? Ils m\u2019ont r\u00e9pondu que toutes les sciences humaines, la biologie, la physique, tout serait remis en question.<\/p>\n<p class=\"p1\">Ca cr\u00e9erait un tel bouleversement scientifique, que \u00e7a susciterait surement une troisi\u00e8me guerre mondiale!<\/p>\n<p class=\"p1\">Tout \u00e7a pour dire que l\u2019id\u00e9e \u00e9tait de prendre l\u2019invisibilit\u00e9 tr\u00e8s au s\u00e9rieux, sous un aspect tr\u00e8s r\u00e9aliste. La sinc\u00e9rit\u00e9 \u00e9tait vraiment mon leitmotiv. On se demande ce que \u00e7a ferait d\u2019\u00eatre invisible, et on en conclut vite que le c\u00f4t\u00e9 fantasmatique, faire des choses en douce, se venger d\u2019untel ou unetelle, \u00e7a va un temps, mais apr\u00e8s? Comment vivre dans sa famille? On se retrouve exil\u00e9s en fait!<\/p>\n<p class=\"p1\">Je pense que cela doit \u00eatre horrible de ne plus \u00eatre vu, ni regard\u00e9. On doit se sentir exclu du monde. Au d\u00e9but on fait semblant que l\u2019invisible est comme nous, mais c\u2019est faux. C\u2019est un effort de pr\u00e9tendre qu\u2019il est normal.<\/p>\n<p class=\"p1\">Et ces r\u00e9flexions m\u2019ont amen\u00e9e vers le drame familial, forc\u00e9ment vers des r\u00e9cits beaucoup plus intimes.<\/p>\n<p><img loading=\"lazy\" decoding=\"async\" class=\"alignnone size-large wp-image-233252\" src=\"https:\/\/www.cinevox.be\/wp-content\/uploads\/sites\/2\/2020\/11\/lTy6VSUZcda9Pt1PG7Nm5w7FvWNK4gNjBoePeZJ1-800x450.jpg\" alt=\"\" width=\"618\" height=\"348\" srcset=\"https:\/\/welovecinema.be\/wp-content\/uploads\/sites\/2\/2020\/11\/lTy6VSUZcda9Pt1PG7Nm5w7FvWNK4gNjBoePeZJ1-800x450.jpg 800w, https:\/\/welovecinema.be\/wp-content\/uploads\/sites\/2\/2020\/11\/lTy6VSUZcda9Pt1PG7Nm5w7FvWNK4gNjBoePeZJ1-480x270.jpg 480w, https:\/\/welovecinema.be\/wp-content\/uploads\/sites\/2\/2020\/11\/lTy6VSUZcda9Pt1PG7Nm5w7FvWNK4gNjBoePeZJ1-200x113.jpg 200w, https:\/\/welovecinema.be\/wp-content\/uploads\/sites\/2\/2020\/11\/lTy6VSUZcda9Pt1PG7Nm5w7FvWNK4gNjBoePeZJ1-768x432.jpg 768w, https:\/\/welovecinema.be\/wp-content\/uploads\/sites\/2\/2020\/11\/lTy6VSUZcda9Pt1PG7Nm5w7FvWNK4gNjBoePeZJ1-1536x864.jpg 1536w, https:\/\/welovecinema.be\/wp-content\/uploads\/sites\/2\/2020\/11\/lTy6VSUZcda9Pt1PG7Nm5w7FvWNK4gNjBoePeZJ1-599x337.jpg 599w, https:\/\/welovecinema.be\/wp-content\/uploads\/sites\/2\/2020\/11\/lTy6VSUZcda9Pt1PG7Nm5w7FvWNK4gNjBoePeZJ1.jpg 2048w\" sizes=\"auto, (max-width: 618px) 100vw, 618px\" \/><\/p>\n<p class=\"p1\"><b>Vous avez choisi de traiter l\u2019invisibilit\u00e9 comme un handicap et une maladie plus que comme un (super) pouvoir, et avez aussi d\u00e9velopp\u00e9 une r\u00e9flexion sur ce que c\u2019est qu\u2019\u00eatre vu par les autres, trop vus, ou pas assez vus.<\/b><\/p>\n<p class=\"p1\">J\u2019ai d\u00e9clin\u00e9 cette notion dans tous les sens. La question qui me hante, c\u2019est: est-on capable de voir l\u2019autre pour ce qu\u2019il est r\u00e9ellement? Peut-on sortir d\u2019un regard opportuniste qui nous pousse \u00e0 voir les autres tels qu\u2019on a envie de les voir, et non tels qu\u2019ils sont?<\/p>\n<p class=\"p1\">C\u2019est l\u00e0-dessus qu\u2019est construit le couple phare de la s\u00e9rie. Laurence et Nathan ont une gestion totalement diff\u00e9rente de l\u2019\u00e9pid\u00e9mie, et \u00e7a r\u00e9sonne avec ce qui se passe aujourd\u2019hui, la question\u00a0 de la gestion collective d\u2019une \u00e9pid\u00e9mie. Nathan semble privil\u00e9gier le bien collectif, alors que Laurence elle persiste \u00e0 voir l\u2019individu avant l\u2019invisible, comme un p\u00e8re, une fille, une m\u00e8re, un ami&#8230; C\u2018est une question insolvable en fait\u2026 La communaut\u00e9 doit-elle prendre le pas sur l\u2019individu?<\/p>\n<p><img loading=\"lazy\" decoding=\"async\" class=\"alignnone size-large wp-image-233254\" src=\"https:\/\/www.cinevox.be\/wp-content\/uploads\/sites\/2\/2020\/11\/VfNfVnr4NMjeuIP1XDifT2p5KhSPyXGm1B8SXXVU-800x392.jpg\" alt=\"Invisible-RTBF\" width=\"618\" height=\"303\" srcset=\"https:\/\/welovecinema.be\/wp-content\/uploads\/sites\/2\/2020\/11\/VfNfVnr4NMjeuIP1XDifT2p5KhSPyXGm1B8SXXVU-800x392.jpg 800w, https:\/\/welovecinema.be\/wp-content\/uploads\/sites\/2\/2020\/11\/VfNfVnr4NMjeuIP1XDifT2p5KhSPyXGm1B8SXXVU-480x235.jpg 480w, https:\/\/welovecinema.be\/wp-content\/uploads\/sites\/2\/2020\/11\/VfNfVnr4NMjeuIP1XDifT2p5KhSPyXGm1B8SXXVU-768x376.jpg 768w, https:\/\/welovecinema.be\/wp-content\/uploads\/sites\/2\/2020\/11\/VfNfVnr4NMjeuIP1XDifT2p5KhSPyXGm1B8SXXVU-1536x752.jpg 1536w, https:\/\/welovecinema.be\/wp-content\/uploads\/sites\/2\/2020\/11\/VfNfVnr4NMjeuIP1XDifT2p5KhSPyXGm1B8SXXVU.jpg 1614w\" sizes=\"auto, (max-width: 618px) 100vw, 618px\" \/><\/p>\n<p class=\"p1\"><strong>Vous avez d\u00fb d\u00e9cider tr\u00e8s vite lors du processus d\u2019\u00e9criture de la fa\u00e7on dont l\u2019invisibilit\u00e9 allait \u00eatre repr\u00e9sent\u00e9e \u00e0 l\u2019\u00e9cran?<\/strong><\/p>\n<p class=\"p1\">Je pense que c\u2019est la premi\u00e8re chose sur laquelle j\u2019ai travaill\u00e9\u2026 Il y avait plusieurs mani\u00e8res d\u2019aborder la question. On pouvait rester toujours dans le point de vue des visibles, dans l\u2019\u00e9tranget\u00e9 d\u2019un objet qui bouge, rester spectateur du ph\u00e9nom\u00e8ne, comme dans <em>Under the Dome<\/em> ou <em>In the Mist<\/em>. C\u2019\u00e9tait surement le plus simple financi\u00e8rement et sur le plan de la production. Mais dans ce cas-l\u00e0, les invisibles ne pouvaient pas \u00eatre les personnages principaux, et on ne pouvait pas cr\u00e9er d\u2019empathie avec eux.<\/p>\n<p class=\"p1\">Or, nous voulions \u00eatre avec les invisibles. Mais comment voir leurs visages, leurs yeux? C&rsquo;est l\u00e0 que tout passe!<\/p>\n<p class=\"p1\">Finalement, la grammaire utilis\u00e9e est exactement celle que j\u2019avais imagin\u00e9e d\u00e8s la Bible de la s\u00e9rie. J\u2019avais \u00e9crit les r\u00e8gles de l\u2019invisibilit\u00e9, notamment le fait que les gens redeviennent visibles lorsqu\u2019ils s\u2019endorment ou sont inconscient\u00b7es, cela permettait que les invisibles ne soient pas omni-puissant\u00b7es. Je trouvais \u00e7a beau, cette fragilit\u00e9. J\u2019imagine d\u00e9j\u00e0 la suite, les invisibles qui dorment dans des chambres fortes\u2026<\/p>\n<p class=\"p1\">Donc par rapport \u00e0 la grammaire, je me suis dit qu\u2019il fallait donner au public la possibilit\u00e9 de voir \u00e0 un moment l\u2019invisible. C\u2019est ce que font beaucoup de cin\u00e9astes finalement. A un moment donn\u00e9, il y a ce que voient les personnages, et puis \u00e0 travers l\u2019ironie dramatique, on donne au spectateur une longueur d\u2019avance, des infos que les personnages n\u2019ont pas.<\/p>\n<p><img loading=\"lazy\" decoding=\"async\" class=\"alignnone size-large wp-image-233256\" src=\"https:\/\/www.cinevox.be\/wp-content\/uploads\/sites\/2\/2020\/11\/DidGuKA1fejp4pk2G2A5XYfIvKtljc2iswyjddQv-800x402.jpg\" alt=\"Invisible-RTBF\" width=\"618\" height=\"311\" srcset=\"https:\/\/welovecinema.be\/wp-content\/uploads\/sites\/2\/2020\/11\/DidGuKA1fejp4pk2G2A5XYfIvKtljc2iswyjddQv-800x402.jpg 800w, https:\/\/welovecinema.be\/wp-content\/uploads\/sites\/2\/2020\/11\/DidGuKA1fejp4pk2G2A5XYfIvKtljc2iswyjddQv-480x241.jpg 480w, https:\/\/welovecinema.be\/wp-content\/uploads\/sites\/2\/2020\/11\/DidGuKA1fejp4pk2G2A5XYfIvKtljc2iswyjddQv-768x386.jpg 768w, https:\/\/welovecinema.be\/wp-content\/uploads\/sites\/2\/2020\/11\/DidGuKA1fejp4pk2G2A5XYfIvKtljc2iswyjddQv-1536x773.jpg 1536w, https:\/\/welovecinema.be\/wp-content\/uploads\/sites\/2\/2020\/11\/DidGuKA1fejp4pk2G2A5XYfIvKtljc2iswyjddQv.jpg 1606w\" sizes=\"auto, (max-width: 618px) 100vw, 618px\" \/><\/p>\n<p class=\"p1\">Donc de temps en temps, on montre les invisibles. Et pour que cela se d\u00e9marque bien, on les montre nus. Ils sont nus pour qu\u2019on ne voit pas leurs v\u00eatements qui flottent, mais aussi pour que l\u2019on diff\u00e9rencie bien les visibles des invisibles.<\/p>\n<p class=\"p1\">Et s\u2019ils se mettent nus, c\u2019est qu\u2019ils ont peur d\u2019\u00eatre rep\u00e9r\u00e9s, donc qu\u2019ils sont pourchass\u00e9s. Et c\u2019est comme \u00e7a qu\u2019est venue l\u2019id\u00e9e de l\u2019instance m\u00e9dicale qui veut les s\u00e9questrer. Ca devient organiquement juste qu\u2019ils soient nus. Si un invisible n\u2019a pas peur, il met son manteau pour sortir, \u00e7a lui permet d\u2019avoir moins froid!<\/p>\n<p>Pour moi \u00eatre sc\u00e9nariste, c\u2019est \u00eatre extr\u00eamement cons\u00e9quent. On peut cr\u00e9er tous les univers qu\u2019on veut, mais il faut respecter le pacte pass\u00e9 avec le public. Si on d\u00e9cide qu&rsquo;un homme traverse les murs, il va falloir s&rsquo;y tenir tout au long de la s\u00e9rie. Tous les choix doivent donc \u00eatre extr\u00eamement cons\u00e9quents.<\/p>\n","protected":false},"excerpt":{"rendered":"<p>La nouvelle s\u00e9rie de la RTBF, Invisible, fait l&rsquo;\u00e9v\u00e8nement. D&rsquo;abord, parce que ce n&rsquo;est pas tous les jours que la cha\u00eene diffuse de la fiction belge en prime time, m\u00eame si on y a pris go\u00fbt avec La Tr\u00eave, Ennemi Public ou Unit\u00e9 42. Ensuite, parce que mine de rien, Invisible r\u00e9invente le genre&#8230; avec &hellip;<\/p>\n","protected":false},"author":343,"featured_media":233357,"comment_status":"closed","ping_status":"closed","sticky":false,"template":"","format":"standard","meta":{"ngg_post_thumbnail":0,"footnotes":""},"categories":[1978],"tags":[4789,5520,4187],"class_list":["post-233338","post","type-post","status-publish","format-standard","has-post-thumbnail","","category-interviews","tag-invisible","tag-marie-enthoven-2","tag-newsletter-fr"],"yoast_head":"<!-- This site is optimized with the Yoast SEO plugin v20.4 - https:\/\/yoast.com\/wordpress\/plugins\/seo\/ -->\n<title>Rencontre avec Marie Enthoven, cr\u00e9atrice et sc\u00e9nariste d&#039;Invisible - We Love Cinema<\/title>\n<meta name=\"robots\" content=\"index, follow, max-snippet:-1, max-image-preview:large, max-video-preview:-1\" \/>\n<link rel=\"canonical\" href=\"https:\/\/welovecinema.be\/fr\/rencontre-avec-marie-enthoven-creatrice-et-scenariste-dinvisible\/\" \/>\n<meta property=\"og:locale\" content=\"fr_FR\" \/>\n<meta property=\"og:type\" content=\"article\" \/>\n<meta property=\"og:title\" content=\"Rencontre avec Marie Enthoven, cr\u00e9atrice et sc\u00e9nariste d&#039;Invisible - We Love Cinema\" \/>\n<meta property=\"og:description\" content=\"La nouvelle s\u00e9rie de la RTBF, Invisible, fait l&rsquo;\u00e9v\u00e8nement. D&rsquo;abord, parce que ce n&rsquo;est pas tous les jours que la cha\u00eene diffuse de la fiction belge en prime time, m\u00eame si on y a pris go\u00fbt avec La Tr\u00eave, Ennemi Public ou Unit\u00e9 42. Ensuite, parce que mine de rien, Invisible r\u00e9invente le genre&#8230; avec &hellip;\" \/>\n<meta property=\"og:url\" content=\"https:\/\/welovecinema.be\/fr\/rencontre-avec-marie-enthoven-creatrice-et-scenariste-dinvisible\/\" \/>\n<meta property=\"og:site_name\" content=\"We Love Cinema\" \/>\n<meta property=\"article:publisher\" content=\"https:\/\/www.facebook.com\/welovecinema.be\" \/>\n<meta property=\"article:published_time\" content=\"2020-11-23T11:29:04+00:00\" \/>\n<meta property=\"article:modified_time\" content=\"2020-11-24T08:29:08+00:00\" \/>\n<meta property=\"og:image\" content=\"https:\/\/welovecinema.be\/wp-content\/uploads\/sites\/2\/2020\/11\/MG_5926-2.jpeg\" \/>\n\t<meta property=\"og:image:width\" content=\"640\" \/>\n\t<meta property=\"og:image:height\" content=\"427\" \/>\n\t<meta property=\"og:image:type\" content=\"image\/jpeg\" \/>\n<meta name=\"author\" content=\"Aurore Engelen\" \/>\n<meta name=\"twitter:card\" content=\"summary_large_image\" \/>\n<meta name=\"twitter:label1\" content=\"\u00c9crit par\" \/>\n\t<meta name=\"twitter:data1\" content=\"Aurore Engelen\" \/>\n\t<meta name=\"twitter:label2\" content=\"Dur\u00e9e de lecture estim\u00e9e\" \/>\n\t<meta name=\"twitter:data2\" content=\"8 minutes\" \/>\n<script type=\"application\/ld+json\" class=\"yoast-schema-graph\">{\"@context\":\"https:\/\/schema.org\",\"@graph\":[{\"@type\":\"Article\",\"@id\":\"https:\/\/welovecinema.be\/fr\/rencontre-avec-marie-enthoven-creatrice-et-scenariste-dinvisible\/#article\",\"isPartOf\":{\"@id\":\"https:\/\/welovecinema.be\/fr\/rencontre-avec-marie-enthoven-creatrice-et-scenariste-dinvisible\/\"},\"author\":{\"name\":\"Aurore Engelen\",\"@id\":\"https:\/\/welovecinema.be\/nl\/#\/schema\/person\/8084b68c6b176142d073695c654dc7cf\"},\"headline\":\"Rencontre avec Marie Enthoven, cr\u00e9atrice et sc\u00e9nariste d&rsquo;Invisible\",\"datePublished\":\"2020-11-23T11:29:04+00:00\",\"dateModified\":\"2020-11-24T08:29:08+00:00\",\"mainEntityOfPage\":{\"@id\":\"https:\/\/welovecinema.be\/fr\/rencontre-avec-marie-enthoven-creatrice-et-scenariste-dinvisible\/\"},\"wordCount\":1685,\"publisher\":{\"@id\":\"https:\/\/welovecinema.be\/nl\/#organization\"},\"keywords\":[\"Invisible\",\"Marie ENTHOVEN\",\"newsletter\"],\"articleSection\":[\"Rencontres\"],\"inLanguage\":\"fr-FR\"},{\"@type\":\"WebPage\",\"@id\":\"https:\/\/welovecinema.be\/fr\/rencontre-avec-marie-enthoven-creatrice-et-scenariste-dinvisible\/\",\"url\":\"https:\/\/welovecinema.be\/fr\/rencontre-avec-marie-enthoven-creatrice-et-scenariste-dinvisible\/\",\"name\":\"Rencontre avec Marie Enthoven, cr\u00e9atrice et sc\u00e9nariste d'Invisible - We Love Cinema\",\"isPartOf\":{\"@id\":\"https:\/\/welovecinema.be\/nl\/#website\"},\"datePublished\":\"2020-11-23T11:29:04+00:00\",\"dateModified\":\"2020-11-24T08:29:08+00:00\",\"breadcrumb\":{\"@id\":\"https:\/\/welovecinema.be\/fr\/rencontre-avec-marie-enthoven-creatrice-et-scenariste-dinvisible\/#breadcrumb\"},\"inLanguage\":\"fr-FR\",\"potentialAction\":[{\"@type\":\"ReadAction\",\"target\":[\"https:\/\/welovecinema.be\/fr\/rencontre-avec-marie-enthoven-creatrice-et-scenariste-dinvisible\/\"]}]},{\"@type\":\"BreadcrumbList\",\"@id\":\"https:\/\/welovecinema.be\/fr\/rencontre-avec-marie-enthoven-creatrice-et-scenariste-dinvisible\/#breadcrumb\",\"itemListElement\":[{\"@type\":\"ListItem\",\"position\":1,\"name\":\"Accueil\",\"item\":\"https:\/\/welovecinema.be\/fr\/\"},{\"@type\":\"ListItem\",\"position\":2,\"name\":\"Rencontre avec Marie Enthoven, cr\u00e9atrice et sc\u00e9nariste d&rsquo;Invisible\"}]},{\"@type\":\"WebSite\",\"@id\":\"https:\/\/welovecinema.be\/nl\/#website\",\"url\":\"https:\/\/welovecinema.be\/nl\/\",\"name\":\"We Love Cinema\",\"description\":\"Toute l\u2019information du cin\u00e9ma en Belgique\",\"publisher\":{\"@id\":\"https:\/\/welovecinema.be\/nl\/#organization\"},\"potentialAction\":[{\"@type\":\"SearchAction\",\"target\":{\"@type\":\"EntryPoint\",\"urlTemplate\":\"https:\/\/welovecinema.be\/nl\/?s={search_term_string}\"},\"query-input\":\"required name=search_term_string\"}],\"inLanguage\":\"fr-FR\"},{\"@type\":\"Organization\",\"@id\":\"https:\/\/welovecinema.be\/nl\/#organization\",\"name\":\"We Love Cinema\",\"url\":\"https:\/\/welovecinema.be\/nl\/\",\"logo\":{\"@type\":\"ImageObject\",\"inLanguage\":\"fr-FR\",\"@id\":\"https:\/\/welovecinema.be\/nl\/#\/schema\/logo\/image\/\",\"url\":\"https:\/\/welovecinema.be\/wp-content\/uploads\/sites\/2\/2023\/03\/Logo-We-Love-Cinema305x128.jpg\",\"contentUrl\":\"https:\/\/welovecinema.be\/wp-content\/uploads\/sites\/2\/2023\/03\/Logo-We-Love-Cinema305x128.jpg\",\"width\":305,\"height\":128,\"caption\":\"We Love Cinema\"},\"image\":{\"@id\":\"https:\/\/welovecinema.be\/nl\/#\/schema\/logo\/image\/\"},\"sameAs\":[\"https:\/\/www.facebook.com\/welovecinema.be\",\"https:\/\/www.youtube.com\/channel\/UCX5LYGVhnKvYauW4Nta4HJA\",\"https:\/\/www.instagram.com\/welovecinema.be\/\"]},{\"@type\":\"Person\",\"@id\":\"https:\/\/welovecinema.be\/nl\/#\/schema\/person\/8084b68c6b176142d073695c654dc7cf\",\"name\":\"Aurore Engelen\",\"url\":\"https:\/\/welovecinema.be\/fr\/author\/aurore-engelen\/\"}]}<\/script>\n<!-- \/ Yoast SEO plugin. -->","yoast_head_json":{"title":"Rencontre avec Marie Enthoven, cr\u00e9atrice et sc\u00e9nariste d'Invisible - We Love Cinema","robots":{"index":"index","follow":"follow","max-snippet":"max-snippet:-1","max-image-preview":"max-image-preview:large","max-video-preview":"max-video-preview:-1"},"canonical":"https:\/\/welovecinema.be\/fr\/rencontre-avec-marie-enthoven-creatrice-et-scenariste-dinvisible\/","og_locale":"fr_FR","og_type":"article","og_title":"Rencontre avec Marie Enthoven, cr\u00e9atrice et sc\u00e9nariste d'Invisible - We Love Cinema","og_description":"La nouvelle s\u00e9rie de la RTBF, Invisible, fait l&rsquo;\u00e9v\u00e8nement. D&rsquo;abord, parce que ce n&rsquo;est pas tous les jours que la cha\u00eene diffuse de la fiction belge en prime time, m\u00eame si on y a pris go\u00fbt avec La Tr\u00eave, Ennemi Public ou Unit\u00e9 42. Ensuite, parce que mine de rien, Invisible r\u00e9invente le genre&#8230; avec &hellip;","og_url":"https:\/\/welovecinema.be\/fr\/rencontre-avec-marie-enthoven-creatrice-et-scenariste-dinvisible\/","og_site_name":"We Love Cinema","article_publisher":"https:\/\/www.facebook.com\/welovecinema.be","article_published_time":"2020-11-23T11:29:04+00:00","article_modified_time":"2020-11-24T08:29:08+00:00","og_image":[{"width":640,"height":427,"url":"https:\/\/welovecinema.be\/wp-content\/uploads\/sites\/2\/2020\/11\/MG_5926-2.jpeg","type":"image\/jpeg"}],"author":"Aurore Engelen","twitter_card":"summary_large_image","twitter_misc":{"\u00c9crit par":"Aurore Engelen","Dur\u00e9e de lecture estim\u00e9e":"8 minutes"},"schema":{"@context":"https:\/\/schema.org","@graph":[{"@type":"Article","@id":"https:\/\/welovecinema.be\/fr\/rencontre-avec-marie-enthoven-creatrice-et-scenariste-dinvisible\/#article","isPartOf":{"@id":"https:\/\/welovecinema.be\/fr\/rencontre-avec-marie-enthoven-creatrice-et-scenariste-dinvisible\/"},"author":{"name":"Aurore Engelen","@id":"https:\/\/welovecinema.be\/nl\/#\/schema\/person\/8084b68c6b176142d073695c654dc7cf"},"headline":"Rencontre avec Marie Enthoven, cr\u00e9atrice et sc\u00e9nariste d&rsquo;Invisible","datePublished":"2020-11-23T11:29:04+00:00","dateModified":"2020-11-24T08:29:08+00:00","mainEntityOfPage":{"@id":"https:\/\/welovecinema.be\/fr\/rencontre-avec-marie-enthoven-creatrice-et-scenariste-dinvisible\/"},"wordCount":1685,"publisher":{"@id":"https:\/\/welovecinema.be\/nl\/#organization"},"keywords":["Invisible","Marie ENTHOVEN","newsletter"],"articleSection":["Rencontres"],"inLanguage":"fr-FR"},{"@type":"WebPage","@id":"https:\/\/welovecinema.be\/fr\/rencontre-avec-marie-enthoven-creatrice-et-scenariste-dinvisible\/","url":"https:\/\/welovecinema.be\/fr\/rencontre-avec-marie-enthoven-creatrice-et-scenariste-dinvisible\/","name":"Rencontre avec Marie Enthoven, cr\u00e9atrice et sc\u00e9nariste d'Invisible - We Love Cinema","isPartOf":{"@id":"https:\/\/welovecinema.be\/nl\/#website"},"datePublished":"2020-11-23T11:29:04+00:00","dateModified":"2020-11-24T08:29:08+00:00","breadcrumb":{"@id":"https:\/\/welovecinema.be\/fr\/rencontre-avec-marie-enthoven-creatrice-et-scenariste-dinvisible\/#breadcrumb"},"inLanguage":"fr-FR","potentialAction":[{"@type":"ReadAction","target":["https:\/\/welovecinema.be\/fr\/rencontre-avec-marie-enthoven-creatrice-et-scenariste-dinvisible\/"]}]},{"@type":"BreadcrumbList","@id":"https:\/\/welovecinema.be\/fr\/rencontre-avec-marie-enthoven-creatrice-et-scenariste-dinvisible\/#breadcrumb","itemListElement":[{"@type":"ListItem","position":1,"name":"Accueil","item":"https:\/\/welovecinema.be\/fr\/"},{"@type":"ListItem","position":2,"name":"Rencontre avec Marie Enthoven, cr\u00e9atrice et sc\u00e9nariste d&rsquo;Invisible"}]},{"@type":"WebSite","@id":"https:\/\/welovecinema.be\/nl\/#website","url":"https:\/\/welovecinema.be\/nl\/","name":"We Love Cinema","description":"Toute l\u2019information du cin\u00e9ma en Belgique","publisher":{"@id":"https:\/\/welovecinema.be\/nl\/#organization"},"potentialAction":[{"@type":"SearchAction","target":{"@type":"EntryPoint","urlTemplate":"https:\/\/welovecinema.be\/nl\/?s={search_term_string}"},"query-input":"required name=search_term_string"}],"inLanguage":"fr-FR"},{"@type":"Organization","@id":"https:\/\/welovecinema.be\/nl\/#organization","name":"We Love Cinema","url":"https:\/\/welovecinema.be\/nl\/","logo":{"@type":"ImageObject","inLanguage":"fr-FR","@id":"https:\/\/welovecinema.be\/nl\/#\/schema\/logo\/image\/","url":"https:\/\/welovecinema.be\/wp-content\/uploads\/sites\/2\/2023\/03\/Logo-We-Love-Cinema305x128.jpg","contentUrl":"https:\/\/welovecinema.be\/wp-content\/uploads\/sites\/2\/2023\/03\/Logo-We-Love-Cinema305x128.jpg","width":305,"height":128,"caption":"We Love Cinema"},"image":{"@id":"https:\/\/welovecinema.be\/nl\/#\/schema\/logo\/image\/"},"sameAs":["https:\/\/www.facebook.com\/welovecinema.be","https:\/\/www.youtube.com\/channel\/UCX5LYGVhnKvYauW4Nta4HJA","https:\/\/www.instagram.com\/welovecinema.be\/"]},{"@type":"Person","@id":"https:\/\/welovecinema.be\/nl\/#\/schema\/person\/8084b68c6b176142d073695c654dc7cf","name":"Aurore Engelen","url":"https:\/\/welovecinema.be\/fr\/author\/aurore-engelen\/"}]}},"_links":{"self":[{"href":"https:\/\/welovecinema.be\/fr\/wp-json\/wp\/v2\/posts\/233338","targetHints":{"allow":["GET"]}}],"collection":[{"href":"https:\/\/welovecinema.be\/fr\/wp-json\/wp\/v2\/posts"}],"about":[{"href":"https:\/\/welovecinema.be\/fr\/wp-json\/wp\/v2\/types\/post"}],"author":[{"embeddable":true,"href":"https:\/\/welovecinema.be\/fr\/wp-json\/wp\/v2\/users\/343"}],"replies":[{"embeddable":true,"href":"https:\/\/welovecinema.be\/fr\/wp-json\/wp\/v2\/comments?post=233338"}],"version-history":[{"count":0,"href":"https:\/\/welovecinema.be\/fr\/wp-json\/wp\/v2\/posts\/233338\/revisions"}],"wp:featuredmedia":[{"embeddable":true,"href":"https:\/\/welovecinema.be\/fr\/wp-json\/wp\/v2\/media\/233357"}],"wp:attachment":[{"href":"https:\/\/welovecinema.be\/fr\/wp-json\/wp\/v2\/media?parent=233338"}],"wp:term":[{"taxonomy":"category","embeddable":true,"href":"https:\/\/welovecinema.be\/fr\/wp-json\/wp\/v2\/categories?post=233338"},{"taxonomy":"post_tag","embeddable":true,"href":"https:\/\/welovecinema.be\/fr\/wp-json\/wp\/v2\/tags?post=233338"}],"curies":[{"name":"wp","href":"https:\/\/api.w.org\/{rel}","templated":true}]}}