{"id":233247,"date":"2020-11-19T20:00:58","date_gmt":"2020-11-19T19:00:58","guid":{"rendered":"https:\/\/www.cinevox.be\/?p=233247"},"modified":"2020-11-23T12:32:29","modified_gmt":"2020-11-23T11:32:29","slug":"invisible-serie-fantastique-et-existentielle","status":"publish","type":"post","link":"https:\/\/welovecinema.be\/fr\/invisible-serie-fantastique-et-existentielle\/","title":{"rendered":"\u00ab\u00a0Invisible\u00a0\u00bb, s\u00e9rie fantastique et existentielle"},"content":{"rendered":"<p><strong>Pr\u00e9parez-vous \u00e0 \u00eatre surpris\u00b7e! C&rsquo;est ce dimanche que d\u00e9barque sur vos petits \u00e9crans <em>Invisible<\/em>, la nouvelle s\u00e9rie fantastique (\u00e0 tous les \u00e9gards) de la RTBF.<\/strong><\/p>\n<p>En effet, avec <em>Invisible<\/em>, la cha\u00eene aborde de nouveaux territoires, aussi bien de fiction que de tournage. Exit les Ardennes et Bruxelles, <em>Invisible<\/em> nous entra\u00eene \u00e0 Creux, petite ville belge imaginaire qui ressemble fort \u00e0 une bourgade du Brabant wallon, cit\u00e9 paisible, o\u00f9 bruissent d&rsquo;imperceptibles fausses notes. Ici au pied d&rsquo;une antenne-relai colossale, quelques citoyen\u00b7nes militent, l\u00e0, au sein d&rsquo;un foyer, une famille se d\u00e9lite&#8230;<\/p>\n<p>Une vie tranquille, rapidement troubl\u00e9e par d&rsquo;\u00e9tranges \u00e9v\u00e8nements. Tout irait bien pour Laurence Deconde, brillante chirurgienne ophtalmologue, si elle n&rsquo;\u00e9tait rong\u00e9e par un ph\u00e9nom\u00e8ne invisible qu&rsquo;elle peine \u00e0 faire entendre. Electro-sensible, elle vit au rythme des ondes magn\u00e9tiques qui crispent son quotidien. Exil\u00e9e dans la cave de sa demeure cossue, constamment v\u00eatue d&rsquo;un chaperon bleu qui fait d&rsquo;elle une dr\u00f4le d&rsquo;h\u00e9ro\u00efne, elle lutte pour pr\u00e9server sa qualit\u00e9 de vie, et d\u00e9passer cette condition que d&rsquo;aucuns imaginent imaginaire.<\/p>\n<p><img loading=\"lazy\" decoding=\"async\" class=\"alignnone size-large wp-image-233252\" src=\"https:\/\/www.cinevox.be\/wp-content\/uploads\/sites\/2\/2020\/11\/lTy6VSUZcda9Pt1PG7Nm5w7FvWNK4gNjBoePeZJ1-800x450.jpg\" alt=\"Invisible-RTBF\" width=\"618\" height=\"348\" srcset=\"https:\/\/welovecinema.be\/wp-content\/uploads\/sites\/2\/2020\/11\/lTy6VSUZcda9Pt1PG7Nm5w7FvWNK4gNjBoePeZJ1-800x450.jpg 800w, https:\/\/welovecinema.be\/wp-content\/uploads\/sites\/2\/2020\/11\/lTy6VSUZcda9Pt1PG7Nm5w7FvWNK4gNjBoePeZJ1-480x270.jpg 480w, https:\/\/welovecinema.be\/wp-content\/uploads\/sites\/2\/2020\/11\/lTy6VSUZcda9Pt1PG7Nm5w7FvWNK4gNjBoePeZJ1-200x113.jpg 200w, https:\/\/welovecinema.be\/wp-content\/uploads\/sites\/2\/2020\/11\/lTy6VSUZcda9Pt1PG7Nm5w7FvWNK4gNjBoePeZJ1-768x432.jpg 768w, https:\/\/welovecinema.be\/wp-content\/uploads\/sites\/2\/2020\/11\/lTy6VSUZcda9Pt1PG7Nm5w7FvWNK4gNjBoePeZJ1-1536x864.jpg 1536w, https:\/\/welovecinema.be\/wp-content\/uploads\/sites\/2\/2020\/11\/lTy6VSUZcda9Pt1PG7Nm5w7FvWNK4gNjBoePeZJ1-599x337.jpg 599w, https:\/\/welovecinema.be\/wp-content\/uploads\/sites\/2\/2020\/11\/lTy6VSUZcda9Pt1PG7Nm5w7FvWNK4gNjBoePeZJ1.jpg 2048w\" sizes=\"auto, (max-width: 618px) 100vw, 618px\" \/><\/p>\n<p>Alors quand un jour, au beau milieu d&rsquo;une op\u00e9ration men\u00e9e sur son propre p\u00e8re, les machines semblent s&#8217;emballer et aveuglent le vieil homme sous ses yeux effar\u00e9s, elle prend conscience qu&rsquo;un ph\u00e9nom\u00e8ne qui la d\u00e9passe est tapi dans l&rsquo;ombre, et pourrait surgir \u00e0 n&rsquo;importe quel instant. D&rsquo;autant que sa fille, Lily, adolescente forc\u00e9ment hyper-sensible, disparait sans crier gare, apr\u00e8s avoir \u00e9t\u00e9 victime d&rsquo;un cyber-harc\u00e8lement destructeur. Malade d&rsquo;avoir \u00e9t\u00e9 trop vue, elle n&rsquo;aspire plus qu&rsquo;\u00e0 l&rsquo;invisibilit\u00e9. Et justement, il se pourrait que quelqu&rsquo;un puisse l&rsquo;aider.<\/p>\n<p>On l&rsquo;aura donc compris, en plus de changer de terrain d&rsquo;exp\u00e9rimentation, la s\u00e9rie belge change aussi de genre avec <em>Invisible<\/em>, qui rel\u00e8ve le pari un peu fou de d\u00e9cliner ce personnage quasi mythologique qu&rsquo;est l&rsquo;homme (et ici aussi la femme) invisible.<\/p>\n<p><img loading=\"lazy\" decoding=\"async\" class=\"alignnone size-large wp-image-233254\" src=\"https:\/\/www.cinevox.be\/wp-content\/uploads\/sites\/2\/2020\/11\/VfNfVnr4NMjeuIP1XDifT2p5KhSPyXGm1B8SXXVU-800x392.jpg\" alt=\"Invisible-RTBF\" width=\"618\" height=\"303\" srcset=\"https:\/\/welovecinema.be\/wp-content\/uploads\/sites\/2\/2020\/11\/VfNfVnr4NMjeuIP1XDifT2p5KhSPyXGm1B8SXXVU-800x392.jpg 800w, https:\/\/welovecinema.be\/wp-content\/uploads\/sites\/2\/2020\/11\/VfNfVnr4NMjeuIP1XDifT2p5KhSPyXGm1B8SXXVU-480x235.jpg 480w, https:\/\/welovecinema.be\/wp-content\/uploads\/sites\/2\/2020\/11\/VfNfVnr4NMjeuIP1XDifT2p5KhSPyXGm1B8SXXVU-768x376.jpg 768w, https:\/\/welovecinema.be\/wp-content\/uploads\/sites\/2\/2020\/11\/VfNfVnr4NMjeuIP1XDifT2p5KhSPyXGm1B8SXXVU-1536x752.jpg 1536w, https:\/\/welovecinema.be\/wp-content\/uploads\/sites\/2\/2020\/11\/VfNfVnr4NMjeuIP1XDifT2p5KhSPyXGm1B8SXXVU.jpg 1614w\" sizes=\"auto, (max-width: 618px) 100vw, 618px\" \/><\/p>\n<p>Evidemment, on n&rsquo;est pas dans un blockbuster hollywoodien, et si les effets sp\u00e9ciaux, r\u00e9alis\u00e9s par la soci\u00e9t\u00e9 wallonne benuts, sont brillamment \u00e0 la hauteur des enjeux, c&rsquo;est surtout la th\u00e9matique de l&rsquo;invisibilit\u00e9 que d\u00e9cline la s\u00e9rie tout au long des 8 \u00e9pisodes.<\/p>\n<p>Qu&rsquo;est-ce qu&rsquo;\u00eatre visible, qu&rsquo;est-ce qu&rsquo;\u00eatre invisible? Voit-on r\u00e9ellement les gens pour ce qu&rsquo;ils sont, et existe-t-on seulement hors du regard des autres? La m\u00e9taphore est fil\u00e9e avec pr\u00e9cision et virtuosit\u00e9, de la c\u00e9cit\u00e9 du p\u00e8re de Laurence, \u00e0 l&rsquo;invisibilit\u00e9 des ondes qui la rongent en passant par l&rsquo;hyper-visibilit\u00e9 de sa fille sur les r\u00e9seaux sociaux, la notion de vue est d\u00e9clin\u00e9e \u00e0 l&rsquo;infini.<\/p>\n<p><img loading=\"lazy\" decoding=\"async\" class=\"alignnone size-large wp-image-233256\" src=\"https:\/\/www.cinevox.be\/wp-content\/uploads\/sites\/2\/2020\/11\/DidGuKA1fejp4pk2G2A5XYfIvKtljc2iswyjddQv-800x402.jpg\" alt=\"Invisible-RTBF\" width=\"618\" height=\"311\" srcset=\"https:\/\/welovecinema.be\/wp-content\/uploads\/sites\/2\/2020\/11\/DidGuKA1fejp4pk2G2A5XYfIvKtljc2iswyjddQv-800x402.jpg 800w, https:\/\/welovecinema.be\/wp-content\/uploads\/sites\/2\/2020\/11\/DidGuKA1fejp4pk2G2A5XYfIvKtljc2iswyjddQv-480x241.jpg 480w, https:\/\/welovecinema.be\/wp-content\/uploads\/sites\/2\/2020\/11\/DidGuKA1fejp4pk2G2A5XYfIvKtljc2iswyjddQv-768x386.jpg 768w, https:\/\/welovecinema.be\/wp-content\/uploads\/sites\/2\/2020\/11\/DidGuKA1fejp4pk2G2A5XYfIvKtljc2iswyjddQv-1536x773.jpg 1536w, https:\/\/welovecinema.be\/wp-content\/uploads\/sites\/2\/2020\/11\/DidGuKA1fejp4pk2G2A5XYfIvKtljc2iswyjddQv.jpg 1606w\" sizes=\"auto, (max-width: 618px) 100vw, 618px\" \/><\/p>\n<p>Bien s\u00fbr, la s\u00e9rie n&rsquo;\u00e9vite pas son sujet. Elle prend le temps de l&rsquo;amener. Au fil des \u00e9pisodes apparaissent, ou plut\u00f4t disparaissent les premiers invisibles, laissant penser qu&rsquo;une \u00e9pid\u00e9mie pourrait \u00eatre en train de se propager. Les invisibles ici ne sont pas des super-h\u00e9ros, et sont vite confront\u00e9s \u00e0 cette question existentielle: cette invisibilit\u00e9, est-ce un pouvoir, ou un handicap?<\/p>\n<p>La force d&rsquo;<em>Invisible<\/em> est d&rsquo;aborder de front son sujet fantastique, sur un ton r\u00e9aliste, en lui offrant de nombreuses chambres d&rsquo;\u00e9cho explorant les recoins les plus sombres de notre quotidien. A travers les destins crois\u00e9s de deux familles, celle de Laurence et celle d&rsquo;Ayoub, c&rsquo;est la soci\u00e9t\u00e9 belge contemporaine, ses faiblesses et ses contradictions qui sont pass\u00e9es au crible, et m\u00eame au microscope de la s\u00e9rie, et de sa cr\u00e9atrice, Marie Enthoven.<\/p>\n<p><img loading=\"lazy\" decoding=\"async\" class=\"alignnone size-large wp-image-233258\" src=\"https:\/\/www.cinevox.be\/wp-content\/uploads\/sites\/2\/2020\/11\/cPDWH9UCFYebt8WUCi0DjFsBxNlFl3dqf3pKdvuv-800x398.jpg\" alt=\"Invisible-RTBF\" width=\"618\" height=\"307\" srcset=\"https:\/\/welovecinema.be\/wp-content\/uploads\/sites\/2\/2020\/11\/cPDWH9UCFYebt8WUCi0DjFsBxNlFl3dqf3pKdvuv-800x398.jpg 800w, https:\/\/welovecinema.be\/wp-content\/uploads\/sites\/2\/2020\/11\/cPDWH9UCFYebt8WUCi0DjFsBxNlFl3dqf3pKdvuv-480x239.jpg 480w, https:\/\/welovecinema.be\/wp-content\/uploads\/sites\/2\/2020\/11\/cPDWH9UCFYebt8WUCi0DjFsBxNlFl3dqf3pKdvuv-768x382.jpg 768w, https:\/\/welovecinema.be\/wp-content\/uploads\/sites\/2\/2020\/11\/cPDWH9UCFYebt8WUCi0DjFsBxNlFl3dqf3pKdvuv-1536x764.jpg 1536w, https:\/\/welovecinema.be\/wp-content\/uploads\/sites\/2\/2020\/11\/cPDWH9UCFYebt8WUCi0DjFsBxNlFl3dqf3pKdvuv.jpg 1609w\" sizes=\"auto, (max-width: 618px) 100vw, 618px\" \/><\/p>\n<p>Sans compter, hasard des hasards, que la pand\u00e9mie qui s&rsquo;abat sur la ville de Creux n&rsquo;est pas sans \u00e9voquer une autre pand\u00e9mie, bien diff\u00e9rente dans la forme, mais soulevant des enjeux similaires, \u00e0 laquelle nous faisons actuellement face.<\/p>\n<p>Une fois de plus, une s\u00e9rie permet de braquer les projecteurs sur de brillant\u00b7es com\u00e9dien\u00b7nes belges. Dans le r\u00f4le de Laurence, l&rsquo;excellente Myriem Akheddiou apporte son intensit\u00e9 \u00e0 cette femme volontaire mais pouss\u00e9e dans ses retranchements, soup\u00e7onn\u00e9e de folie, Cassandre des temps modernes. Face \u00e0 elle Fabio Zenoni s\u00e8me le trouble gr\u00e2ce \u00e0 son interpr\u00e9tation de Nathan, l&rsquo;\u00e9poux de Laurence, scientifique brillant, mais rong\u00e9 par son ambition. Roda Fawaz, d\u00e9j\u00e0 aper\u00e7u dans <em>Unit\u00e9 42<\/em>, interpr\u00e8te Ayoub, un r\u00f4le fort et surprenant, \u00e0 mille lieux des st\u00e9r\u00e9otypes.<\/p>\n<p><img loading=\"lazy\" decoding=\"async\" class=\"alignnone size-large wp-image-233260\" src=\"https:\/\/www.cinevox.be\/wp-content\/uploads\/sites\/2\/2020\/11\/GdUqftIQZayjFdBSRq6ROEomNt3ISLIvpIqhqCPT-800x397.jpg\" alt=\"Invisible-RTBF\" width=\"618\" height=\"307\" srcset=\"https:\/\/welovecinema.be\/wp-content\/uploads\/sites\/2\/2020\/11\/GdUqftIQZayjFdBSRq6ROEomNt3ISLIvpIqhqCPT-800x397.jpg 800w, https:\/\/welovecinema.be\/wp-content\/uploads\/sites\/2\/2020\/11\/GdUqftIQZayjFdBSRq6ROEomNt3ISLIvpIqhqCPT-480x238.jpg 480w, https:\/\/welovecinema.be\/wp-content\/uploads\/sites\/2\/2020\/11\/GdUqftIQZayjFdBSRq6ROEomNt3ISLIvpIqhqCPT-768x381.jpg 768w, https:\/\/welovecinema.be\/wp-content\/uploads\/sites\/2\/2020\/11\/GdUqftIQZayjFdBSRq6ROEomNt3ISLIvpIqhqCPT-1536x762.jpg 1536w, https:\/\/welovecinema.be\/wp-content\/uploads\/sites\/2\/2020\/11\/GdUqftIQZayjFdBSRq6ROEomNt3ISLIvpIqhqCPT.jpg 1621w\" sizes=\"auto, (max-width: 618px) 100vw, 618px\" \/><\/p>\n<p><em>Invisible<\/em> est une s\u00e9rie transg\u00e9n\u00e9rationnelle, qui fait \u00e9galement la part belle aux anciens (Luc Van Grunderbeeck dans le r\u00f4le de Victor, le p\u00e8re atteint de c\u00e9cit\u00e9 de Laurence et Jacqueline Bollen, magnifique dans le r\u00f4le d&rsquo;Ang\u00e8le, son ange, ou plut\u00f4t son d\u00e9mon gardien) comme aux plus jeunes (Elisa Echeverria campe une Lily fougueuse et d\u00e9termin\u00e9e, tandis que J\u00e9r\u00e9my Gillet pr\u00eate \u00e0 Pierre l&rsquo;ambivalence de l&rsquo;adolescence). Face \u00e0 eux on croisera \u00e9galement B\u00e9r\u00e9nice Baoo, Raphael Lamassaab, Gilles Vandeweerd, St\u00e9phanie Van Vyve, Christelle Cornil&#8230;<\/p>\n<p>R\u00e9alis\u00e9 avec talent et ing\u00e9niosit\u00e9 par Geoffrey Enthoven (et il en fallait pour mettre en sc\u00e8ne l&rsquo;invisibilit\u00e9 loin des budgets d&rsquo;Hollywood), et co-\u00e9crite par Marie Enthoven, Bruno Roche et Nicolas Peufaillit, <em>Invisible<\/em> est port\u00e9, avec le soutien du Fonds s\u00e9rie de la RTBF et du Centre du Cin\u00e9ma de la FWB, par la productrice Annabella Nezri (Kwassa Films), \u00e0 qui l&rsquo;on doit r\u00e9cemment <em>Losers Revolution<\/em> ou encore <em>Jumbo<\/em>.<\/p>\n<p>Les deux premiers \u00e9pisodes seront diffus\u00e9s ce dimanche soir d\u00e8s 20h30 sur La Une, et rattrapables dans la foul\u00e9e sur Auvio.<\/p>\n<p><strong>A LIRE AUSSI<\/strong><\/p>\n<p><a href=\"https:\/\/www.cinevox.be\/fr\/rencontre-avec-fabio-zenoni-a-propos-dinvisible\/\">Rencontre avec Fabio Zenoni<\/a><\/p>\n<p><a href=\"https:\/\/www.cinevox.be\/fr\/rencontre-avec-myriem-akheddiou-heroine-dinvisible\/\">Rencontre avec Myriem Akheddiou<\/a><\/p>\n<p><a href=\"https:\/\/www.cinevox.be\/fr\/rencontre-avec-elisa-echevarria-a-laffiche-dinvisible-ok\/\">Rencontre avec Elisa Echeverria<\/a><\/p>\n<p>&nbsp;<\/p>\n","protected":false},"excerpt":{"rendered":"<p>Pr\u00e9parez-vous \u00e0 \u00eatre surpris\u00b7e! C&rsquo;est ce dimanche que d\u00e9barque sur vos petits \u00e9crans Invisible, la nouvelle s\u00e9rie fantastique (\u00e0 tous les \u00e9gards) de la RTBF. En effet, avec Invisible, la cha\u00eene aborde de nouveaux territoires, aussi bien de fiction que de tournage. Exit les Ardennes et Bruxelles, Invisible nous entra\u00eene \u00e0 Creux, petite ville belge &hellip;<\/p>\n","protected":false},"author":343,"featured_media":233250,"comment_status":"closed","ping_status":"closed","sticky":false,"template":"","format":"standard","meta":{"ngg_post_thumbnail":0,"footnotes":""},"categories":[12,14],"tags":[4789,5520,4187],"class_list":["post-233247","post","type-post","status-publish","format-standard","has-post-thumbnail","","category-awards","category-home-cinema","tag-invisible","tag-marie-enthoven-2","tag-newsletter-fr"],"yoast_head":"<!-- This site is optimized with the Yoast SEO plugin v20.4 - https:\/\/yoast.com\/wordpress\/plugins\/seo\/ -->\n<title>&quot;Invisible&quot;, s\u00e9rie fantastique et existentielle - We Love Cinema<\/title>\n<meta name=\"robots\" content=\"index, follow, max-snippet:-1, max-image-preview:large, max-video-preview:-1\" \/>\n<link rel=\"canonical\" href=\"https:\/\/welovecinema.be\/fr\/invisible-serie-fantastique-et-existentielle\/\" \/>\n<meta property=\"og:locale\" content=\"fr_FR\" \/>\n<meta property=\"og:type\" content=\"article\" \/>\n<meta property=\"og:title\" content=\"&quot;Invisible&quot;, s\u00e9rie fantastique et existentielle - We Love Cinema\" \/>\n<meta property=\"og:description\" content=\"Pr\u00e9parez-vous \u00e0 \u00eatre surpris\u00b7e! C&rsquo;est ce dimanche que d\u00e9barque sur vos petits \u00e9crans Invisible, la nouvelle s\u00e9rie fantastique (\u00e0 tous les \u00e9gards) de la RTBF. En effet, avec Invisible, la cha\u00eene aborde de nouveaux territoires, aussi bien de fiction que de tournage. Exit les Ardennes et Bruxelles, Invisible nous entra\u00eene \u00e0 Creux, petite ville belge &hellip;\" \/>\n<meta property=\"og:url\" content=\"https:\/\/welovecinema.be\/fr\/invisible-serie-fantastique-et-existentielle\/\" \/>\n<meta property=\"og:site_name\" content=\"We Love Cinema\" \/>\n<meta property=\"article:publisher\" content=\"https:\/\/www.facebook.com\/welovecinema.be\" \/>\n<meta property=\"article:published_time\" content=\"2020-11-19T19:00:58+00:00\" \/>\n<meta property=\"article:modified_time\" content=\"2020-11-23T11:32:29+00:00\" \/>\n<meta property=\"og:image\" content=\"https:\/\/welovecinema.be\/wp-content\/uploads\/sites\/2\/2020\/11\/BannerInvisible.jpg\" \/>\n\t<meta property=\"og:image:width\" content=\"2048\" \/>\n\t<meta property=\"og:image:height\" content=\"1024\" \/>\n\t<meta property=\"og:image:type\" content=\"image\/jpeg\" \/>\n<meta name=\"author\" content=\"Aurore Engelen\" \/>\n<meta name=\"twitter:card\" content=\"summary_large_image\" \/>\n<meta name=\"twitter:label1\" content=\"\u00c9crit par\" \/>\n\t<meta name=\"twitter:data1\" content=\"Aurore Engelen\" \/>\n\t<meta name=\"twitter:label2\" content=\"Dur\u00e9e de lecture estim\u00e9e\" \/>\n\t<meta name=\"twitter:data2\" content=\"5 minutes\" \/>\n<script type=\"application\/ld+json\" class=\"yoast-schema-graph\">{\"@context\":\"https:\/\/schema.org\",\"@graph\":[{\"@type\":\"Article\",\"@id\":\"https:\/\/welovecinema.be\/fr\/invisible-serie-fantastique-et-existentielle\/#article\",\"isPartOf\":{\"@id\":\"https:\/\/welovecinema.be\/fr\/invisible-serie-fantastique-et-existentielle\/\"},\"author\":{\"name\":\"Aurore Engelen\",\"@id\":\"https:\/\/welovecinema.be\/nl\/#\/schema\/person\/8084b68c6b176142d073695c654dc7cf\"},\"headline\":\"\u00ab\u00a0Invisible\u00a0\u00bb, s\u00e9rie fantastique et existentielle\",\"datePublished\":\"2020-11-19T19:00:58+00:00\",\"dateModified\":\"2020-11-23T11:32:29+00:00\",\"mainEntityOfPage\":{\"@id\":\"https:\/\/welovecinema.be\/fr\/invisible-serie-fantastique-et-existentielle\/\"},\"wordCount\":994,\"publisher\":{\"@id\":\"https:\/\/welovecinema.be\/nl\/#organization\"},\"keywords\":[\"Invisible\",\"Marie ENTHOVEN\",\"newsletter\"],\"articleSection\":[\"Evenements\",\"Plateau t\u00e9l\u00e9\"],\"inLanguage\":\"fr-FR\"},{\"@type\":\"WebPage\",\"@id\":\"https:\/\/welovecinema.be\/fr\/invisible-serie-fantastique-et-existentielle\/\",\"url\":\"https:\/\/welovecinema.be\/fr\/invisible-serie-fantastique-et-existentielle\/\",\"name\":\"\\\"Invisible\\\", s\u00e9rie fantastique et existentielle - We Love Cinema\",\"isPartOf\":{\"@id\":\"https:\/\/welovecinema.be\/nl\/#website\"},\"datePublished\":\"2020-11-19T19:00:58+00:00\",\"dateModified\":\"2020-11-23T11:32:29+00:00\",\"breadcrumb\":{\"@id\":\"https:\/\/welovecinema.be\/fr\/invisible-serie-fantastique-et-existentielle\/#breadcrumb\"},\"inLanguage\":\"fr-FR\",\"potentialAction\":[{\"@type\":\"ReadAction\",\"target\":[\"https:\/\/welovecinema.be\/fr\/invisible-serie-fantastique-et-existentielle\/\"]}]},{\"@type\":\"BreadcrumbList\",\"@id\":\"https:\/\/welovecinema.be\/fr\/invisible-serie-fantastique-et-existentielle\/#breadcrumb\",\"itemListElement\":[{\"@type\":\"ListItem\",\"position\":1,\"name\":\"Accueil\",\"item\":\"https:\/\/welovecinema.be\/fr\/\"},{\"@type\":\"ListItem\",\"position\":2,\"name\":\"\u00ab\u00a0Invisible\u00a0\u00bb, s\u00e9rie fantastique et existentielle\"}]},{\"@type\":\"WebSite\",\"@id\":\"https:\/\/welovecinema.be\/nl\/#website\",\"url\":\"https:\/\/welovecinema.be\/nl\/\",\"name\":\"We Love Cinema\",\"description\":\"Toute l\u2019information du cin\u00e9ma en Belgique\",\"publisher\":{\"@id\":\"https:\/\/welovecinema.be\/nl\/#organization\"},\"potentialAction\":[{\"@type\":\"SearchAction\",\"target\":{\"@type\":\"EntryPoint\",\"urlTemplate\":\"https:\/\/welovecinema.be\/nl\/?s={search_term_string}\"},\"query-input\":\"required name=search_term_string\"}],\"inLanguage\":\"fr-FR\"},{\"@type\":\"Organization\",\"@id\":\"https:\/\/welovecinema.be\/nl\/#organization\",\"name\":\"We Love Cinema\",\"url\":\"https:\/\/welovecinema.be\/nl\/\",\"logo\":{\"@type\":\"ImageObject\",\"inLanguage\":\"fr-FR\",\"@id\":\"https:\/\/welovecinema.be\/nl\/#\/schema\/logo\/image\/\",\"url\":\"https:\/\/welovecinema.be\/wp-content\/uploads\/sites\/2\/2023\/03\/Logo-We-Love-Cinema305x128.jpg\",\"contentUrl\":\"https:\/\/welovecinema.be\/wp-content\/uploads\/sites\/2\/2023\/03\/Logo-We-Love-Cinema305x128.jpg\",\"width\":305,\"height\":128,\"caption\":\"We Love Cinema\"},\"image\":{\"@id\":\"https:\/\/welovecinema.be\/nl\/#\/schema\/logo\/image\/\"},\"sameAs\":[\"https:\/\/www.facebook.com\/welovecinema.be\",\"https:\/\/www.youtube.com\/channel\/UCX5LYGVhnKvYauW4Nta4HJA\",\"https:\/\/www.instagram.com\/welovecinema.be\/\"]},{\"@type\":\"Person\",\"@id\":\"https:\/\/welovecinema.be\/nl\/#\/schema\/person\/8084b68c6b176142d073695c654dc7cf\",\"name\":\"Aurore Engelen\",\"url\":\"https:\/\/welovecinema.be\/fr\/author\/aurore-engelen\/\"}]}<\/script>\n<!-- \/ Yoast SEO plugin. -->","yoast_head_json":{"title":"\"Invisible\", s\u00e9rie fantastique et existentielle - We Love Cinema","robots":{"index":"index","follow":"follow","max-snippet":"max-snippet:-1","max-image-preview":"max-image-preview:large","max-video-preview":"max-video-preview:-1"},"canonical":"https:\/\/welovecinema.be\/fr\/invisible-serie-fantastique-et-existentielle\/","og_locale":"fr_FR","og_type":"article","og_title":"\"Invisible\", s\u00e9rie fantastique et existentielle - We Love Cinema","og_description":"Pr\u00e9parez-vous \u00e0 \u00eatre surpris\u00b7e! C&rsquo;est ce dimanche que d\u00e9barque sur vos petits \u00e9crans Invisible, la nouvelle s\u00e9rie fantastique (\u00e0 tous les \u00e9gards) de la RTBF. En effet, avec Invisible, la cha\u00eene aborde de nouveaux territoires, aussi bien de fiction que de tournage. Exit les Ardennes et Bruxelles, Invisible nous entra\u00eene \u00e0 Creux, petite ville belge &hellip;","og_url":"https:\/\/welovecinema.be\/fr\/invisible-serie-fantastique-et-existentielle\/","og_site_name":"We Love Cinema","article_publisher":"https:\/\/www.facebook.com\/welovecinema.be","article_published_time":"2020-11-19T19:00:58+00:00","article_modified_time":"2020-11-23T11:32:29+00:00","og_image":[{"width":2048,"height":1024,"url":"https:\/\/welovecinema.be\/wp-content\/uploads\/sites\/2\/2020\/11\/BannerInvisible.jpg","type":"image\/jpeg"}],"author":"Aurore Engelen","twitter_card":"summary_large_image","twitter_misc":{"\u00c9crit par":"Aurore Engelen","Dur\u00e9e de lecture estim\u00e9e":"5 minutes"},"schema":{"@context":"https:\/\/schema.org","@graph":[{"@type":"Article","@id":"https:\/\/welovecinema.be\/fr\/invisible-serie-fantastique-et-existentielle\/#article","isPartOf":{"@id":"https:\/\/welovecinema.be\/fr\/invisible-serie-fantastique-et-existentielle\/"},"author":{"name":"Aurore Engelen","@id":"https:\/\/welovecinema.be\/nl\/#\/schema\/person\/8084b68c6b176142d073695c654dc7cf"},"headline":"\u00ab\u00a0Invisible\u00a0\u00bb, s\u00e9rie fantastique et existentielle","datePublished":"2020-11-19T19:00:58+00:00","dateModified":"2020-11-23T11:32:29+00:00","mainEntityOfPage":{"@id":"https:\/\/welovecinema.be\/fr\/invisible-serie-fantastique-et-existentielle\/"},"wordCount":994,"publisher":{"@id":"https:\/\/welovecinema.be\/nl\/#organization"},"keywords":["Invisible","Marie ENTHOVEN","newsletter"],"articleSection":["Evenements","Plateau t\u00e9l\u00e9"],"inLanguage":"fr-FR"},{"@type":"WebPage","@id":"https:\/\/welovecinema.be\/fr\/invisible-serie-fantastique-et-existentielle\/","url":"https:\/\/welovecinema.be\/fr\/invisible-serie-fantastique-et-existentielle\/","name":"\"Invisible\", s\u00e9rie fantastique et existentielle - We Love Cinema","isPartOf":{"@id":"https:\/\/welovecinema.be\/nl\/#website"},"datePublished":"2020-11-19T19:00:58+00:00","dateModified":"2020-11-23T11:32:29+00:00","breadcrumb":{"@id":"https:\/\/welovecinema.be\/fr\/invisible-serie-fantastique-et-existentielle\/#breadcrumb"},"inLanguage":"fr-FR","potentialAction":[{"@type":"ReadAction","target":["https:\/\/welovecinema.be\/fr\/invisible-serie-fantastique-et-existentielle\/"]}]},{"@type":"BreadcrumbList","@id":"https:\/\/welovecinema.be\/fr\/invisible-serie-fantastique-et-existentielle\/#breadcrumb","itemListElement":[{"@type":"ListItem","position":1,"name":"Accueil","item":"https:\/\/welovecinema.be\/fr\/"},{"@type":"ListItem","position":2,"name":"\u00ab\u00a0Invisible\u00a0\u00bb, s\u00e9rie fantastique et existentielle"}]},{"@type":"WebSite","@id":"https:\/\/welovecinema.be\/nl\/#website","url":"https:\/\/welovecinema.be\/nl\/","name":"We Love Cinema","description":"Toute l\u2019information du cin\u00e9ma en Belgique","publisher":{"@id":"https:\/\/welovecinema.be\/nl\/#organization"},"potentialAction":[{"@type":"SearchAction","target":{"@type":"EntryPoint","urlTemplate":"https:\/\/welovecinema.be\/nl\/?s={search_term_string}"},"query-input":"required name=search_term_string"}],"inLanguage":"fr-FR"},{"@type":"Organization","@id":"https:\/\/welovecinema.be\/nl\/#organization","name":"We Love Cinema","url":"https:\/\/welovecinema.be\/nl\/","logo":{"@type":"ImageObject","inLanguage":"fr-FR","@id":"https:\/\/welovecinema.be\/nl\/#\/schema\/logo\/image\/","url":"https:\/\/welovecinema.be\/wp-content\/uploads\/sites\/2\/2023\/03\/Logo-We-Love-Cinema305x128.jpg","contentUrl":"https:\/\/welovecinema.be\/wp-content\/uploads\/sites\/2\/2023\/03\/Logo-We-Love-Cinema305x128.jpg","width":305,"height":128,"caption":"We Love Cinema"},"image":{"@id":"https:\/\/welovecinema.be\/nl\/#\/schema\/logo\/image\/"},"sameAs":["https:\/\/www.facebook.com\/welovecinema.be","https:\/\/www.youtube.com\/channel\/UCX5LYGVhnKvYauW4Nta4HJA","https:\/\/www.instagram.com\/welovecinema.be\/"]},{"@type":"Person","@id":"https:\/\/welovecinema.be\/nl\/#\/schema\/person\/8084b68c6b176142d073695c654dc7cf","name":"Aurore Engelen","url":"https:\/\/welovecinema.be\/fr\/author\/aurore-engelen\/"}]}},"_links":{"self":[{"href":"https:\/\/welovecinema.be\/fr\/wp-json\/wp\/v2\/posts\/233247","targetHints":{"allow":["GET"]}}],"collection":[{"href":"https:\/\/welovecinema.be\/fr\/wp-json\/wp\/v2\/posts"}],"about":[{"href":"https:\/\/welovecinema.be\/fr\/wp-json\/wp\/v2\/types\/post"}],"author":[{"embeddable":true,"href":"https:\/\/welovecinema.be\/fr\/wp-json\/wp\/v2\/users\/343"}],"replies":[{"embeddable":true,"href":"https:\/\/welovecinema.be\/fr\/wp-json\/wp\/v2\/comments?post=233247"}],"version-history":[{"count":0,"href":"https:\/\/welovecinema.be\/fr\/wp-json\/wp\/v2\/posts\/233247\/revisions"}],"wp:featuredmedia":[{"embeddable":true,"href":"https:\/\/welovecinema.be\/fr\/wp-json\/wp\/v2\/media\/233250"}],"wp:attachment":[{"href":"https:\/\/welovecinema.be\/fr\/wp-json\/wp\/v2\/media?parent=233247"}],"wp:term":[{"taxonomy":"category","embeddable":true,"href":"https:\/\/welovecinema.be\/fr\/wp-json\/wp\/v2\/categories?post=233247"},{"taxonomy":"post_tag","embeddable":true,"href":"https:\/\/welovecinema.be\/fr\/wp-json\/wp\/v2\/tags?post=233247"}],"curies":[{"name":"wp","href":"https:\/\/api.w.org\/{rel}","templated":true}]}}