{"id":232825,"date":"2020-10-28T15:02:37","date_gmt":"2020-10-28T14:02:37","guid":{"rendered":"https:\/\/www.cinevox.be\/?p=232825"},"modified":"2021-05-12T09:51:47","modified_gmt":"2021-05-12T07:51:47","slug":"sorties-remises","status":"publish","type":"post","link":"https:\/\/welovecinema.be\/fr\/sorties-remises\/","title":{"rendered":"Sorties remises&#8230;"},"content":{"rendered":"<p><strong>Avec la fermeture pr\u00e9cipit\u00e9e des salles \u00e0 Bruxelles ce lundi, celle pr\u00e9vue en Flandre vendredi, et celle pr\u00e9visible en Wallonie suite au nouveau Conseil de s\u00e9curit\u00e9 (anticip\u00e9e par le groupe Kinepolis, qui ferment ses complexes de Li\u00e8ge et Braine d\u00e8s demain), les distributeurs\u00b7rices se voient contraint\u00b7es de reporter les sorties des films annonc\u00e9s et attendus depuis longtemps&#8230;<\/strong><\/p>\n<p>Si la fermeture des salles bruxelloises a \u00e9t\u00e9 dat\u00e9e jusqu&rsquo;au 19 novembre \u00ab\u00a0jusqu&rsquo;\u00e0 nouvel ordre\u00a0\u00bb, difficile de pr\u00e9voir aujourd&rsquo;hui quand les salles pourront \u00e0 nouveau accueillir du public, malgr\u00e9 tous les efforts d\u00e9ploy\u00e9s pour respecter les r\u00e8gles sanitaires. Faudra-t-il patienter les 4 semaines annonc\u00e9es, et pourra-t-on retourner dans les salles obscures d\u00e9but d\u00e9cembre et rattraper ce mois d&rsquo;inactivit\u00e9? Sera-t-on confront\u00e9 \u00e0 un confinement g\u00e9n\u00e9ralis\u00e9 qui pourrait d\u00e9border sur 2021?<\/p>\n<p>Faute de visibilit\u00e9, les professionnels font le dos rond, et reportent&#8230; Les artistes ont beau avoir alert\u00e9 sur l&rsquo;importance du lien culturel en temps de crise, force est de constater que le monde et l&rsquo;industrie du cin\u00e9ma et du spectacle vivant est une nouvelle fois confront\u00e9 \u00e0 un blackout complet, sans avoir eu le temps de se remettre du premier.<\/p>\n<p>En attendant, les films belges attendus dans les jours et les semaines qui viennent voient leur sortie report\u00e9e, en esp\u00e9rant qu&rsquo;ils trouveront une belle place quand les salles r\u00e9-ouvriront.<\/p>\n<p><em>100% loup<\/em>, le film d&rsquo;animation port\u00e9 par Studio 100 qui devait sortir demain est finalement repouss\u00e9, m\u00eame si les s\u00e9ances pr\u00e9vues aujourd&rsquo;hui et demain devraient avoir lieu.<\/p>\n<p><a href=\"https:\/\/www.cinevox.be\/fr\/une-vie-demente-follement-vivante\/\"><em>Une vie d\u00e9mente<\/em><\/a>, le tr\u00e8s beau premier film d&rsquo;Ann Sirot et Rapha\u00ebl Balboni, qui faisait l&rsquo;ouverture du Festival de Namur le 2 octobre dernier, et qui \u00e9tait dat\u00e9 au 4 novembre prochain &#8211; nous nous r\u00e9jouissions de vous accueillir pour un Cinevox Happening exceptionnel &#8211; est lui aussi repouss\u00e9, peut-\u00eatre \u00e0 d\u00e9but d\u00e9cembre, si la situation le permet.<\/p>\n<p>Pas d&rsquo;annonce concernant Des hommes de Lucas Belvaux, qui devait sortir le 18 novembre prochain, mais on imagine bien l\u00e0 aussi que la sortie sera repouss\u00e9e&#8230;<\/p>\n<p>Report aussi pour <em>Petit Samedi<\/em>, le tr\u00e8s beau documentaire de Paloma Sermon-Da\u00ef, laur\u00e9at du Bayard d&rsquo;or au festival de Namur, qui devait sortir au Palace \u00e0 Bruxelles, et report probable aussi pour <em>Saint-Nicolas est socialiste<\/em> de David Leloup (2 prix au Brussels International Film Festival), dat\u00e9 au 11 novembre (\u00e0 moins que les salles ne ferment pas en Wallonie).<\/p>\n<p>En attendant, lecteurs et lectrices wallonnes, vous pouvez profiter de ce sursis pour d\u00e9couvrir <em>100% Loup<\/em> tant qu&rsquo;il est encore temps, mais aussi <em>Petit Vampire<\/em> (anim\u00e9 en partie au <a href=\"https:\/\/www.cinevox.be\/fr\/rencontre-avec-paul-jadoul-co-fondateur-des-studios-lenclume\/\">Studio L&rsquo;Enclume<\/a> \u00e0 Bruxelles) ou <a href=\"https:\/\/www.cinevox.be\/fr\/adieu-les-cons-comedie-du-desespoir\/\"><em>Adieu les cons<\/em><\/a>, avec l&rsquo;extraordinaire Virginie Efira.<\/p>\n","protected":false},"excerpt":{"rendered":"<p>Avec la fermeture pr\u00e9cipit\u00e9e des salles \u00e0 Bruxelles ce lundi, celle pr\u00e9vue en Flandre vendredi, et celle pr\u00e9visible en Wallonie suite au nouveau Conseil de s\u00e9curit\u00e9 (anticip\u00e9e par le groupe Kinepolis, qui ferment ses complexes de Li\u00e8ge et Braine d\u00e8s demain), les distributeurs\u00b7rices se voient contraint\u00b7es de reporter les sorties des films annonc\u00e9s et attendus &hellip;<\/p>\n","protected":false},"author":343,"featured_media":232826,"comment_status":"closed","ping_status":"closed","sticky":false,"template":"","format":"standard","meta":{"ngg_post_thumbnail":0,"footnotes":""},"categories":[12],"tags":[4187],"class_list":["post-232825","post","type-post","status-publish","format-standard","has-post-thumbnail","","category-awards","tag-newsletter-fr"],"yoast_head":"<!-- This site is optimized with the Yoast SEO plugin v20.4 - https:\/\/yoast.com\/wordpress\/plugins\/seo\/ -->\n<title>Sorties remises... - We Love Cinema<\/title>\n<meta name=\"robots\" content=\"index, follow, max-snippet:-1, max-image-preview:large, max-video-preview:-1\" \/>\n<link rel=\"canonical\" href=\"https:\/\/welovecinema.be\/fr\/sorties-remises\/\" \/>\n<meta property=\"og:locale\" content=\"fr_FR\" \/>\n<meta property=\"og:type\" content=\"article\" \/>\n<meta property=\"og:title\" content=\"Sorties remises... - We Love Cinema\" \/>\n<meta property=\"og:description\" content=\"Avec la fermeture pr\u00e9cipit\u00e9e des salles \u00e0 Bruxelles ce lundi, celle pr\u00e9vue en Flandre vendredi, et celle pr\u00e9visible en Wallonie suite au nouveau Conseil de s\u00e9curit\u00e9 (anticip\u00e9e par le groupe Kinepolis, qui ferment ses complexes de Li\u00e8ge et Braine d\u00e8s demain), les distributeurs\u00b7rices se voient contraint\u00b7es de reporter les sorties des films annonc\u00e9s et attendus &hellip;\" \/>\n<meta property=\"og:url\" content=\"https:\/\/welovecinema.be\/fr\/sorties-remises\/\" \/>\n<meta property=\"og:site_name\" content=\"We Love Cinema\" \/>\n<meta property=\"article:publisher\" content=\"https:\/\/www.facebook.com\/welovecinema.be\" \/>\n<meta property=\"article:published_time\" content=\"2020-10-28T14:02:37+00:00\" \/>\n<meta property=\"article:modified_time\" content=\"2021-05-12T07:51:47+00:00\" \/>\n<meta property=\"og:image\" content=\"https:\/\/welovecinema.be\/wp-content\/uploads\/sites\/2\/2020\/10\/FotoJet-3.jpg\" \/>\n\t<meta property=\"og:image:width\" content=\"1200\" \/>\n\t<meta property=\"og:image:height\" content=\"600\" \/>\n\t<meta property=\"og:image:type\" content=\"image\/jpeg\" \/>\n<meta name=\"author\" content=\"Aurore Engelen\" \/>\n<meta name=\"twitter:card\" content=\"summary_large_image\" \/>\n<meta name=\"twitter:label1\" content=\"\u00c9crit par\" \/>\n\t<meta name=\"twitter:data1\" content=\"Aurore Engelen\" \/>\n\t<meta name=\"twitter:label2\" content=\"Dur\u00e9e de lecture estim\u00e9e\" \/>\n\t<meta name=\"twitter:data2\" content=\"2 minutes\" \/>\n<script type=\"application\/ld+json\" class=\"yoast-schema-graph\">{\"@context\":\"https:\/\/schema.org\",\"@graph\":[{\"@type\":\"Article\",\"@id\":\"https:\/\/welovecinema.be\/fr\/sorties-remises\/#article\",\"isPartOf\":{\"@id\":\"https:\/\/welovecinema.be\/fr\/sorties-remises\/\"},\"author\":{\"name\":\"Aurore Engelen\",\"@id\":\"https:\/\/welovecinema.be\/nl\/#\/schema\/person\/8084b68c6b176142d073695c654dc7cf\"},\"headline\":\"Sorties remises&#8230;\",\"datePublished\":\"2020-10-28T14:02:37+00:00\",\"dateModified\":\"2021-05-12T07:51:47+00:00\",\"mainEntityOfPage\":{\"@id\":\"https:\/\/welovecinema.be\/fr\/sorties-remises\/\"},\"wordCount\":464,\"publisher\":{\"@id\":\"https:\/\/welovecinema.be\/nl\/#organization\"},\"keywords\":[\"newsletter\"],\"articleSection\":[\"Evenements\"],\"inLanguage\":\"fr-FR\"},{\"@type\":\"WebPage\",\"@id\":\"https:\/\/welovecinema.be\/fr\/sorties-remises\/\",\"url\":\"https:\/\/welovecinema.be\/fr\/sorties-remises\/\",\"name\":\"Sorties remises... - We Love Cinema\",\"isPartOf\":{\"@id\":\"https:\/\/welovecinema.be\/nl\/#website\"},\"datePublished\":\"2020-10-28T14:02:37+00:00\",\"dateModified\":\"2021-05-12T07:51:47+00:00\",\"breadcrumb\":{\"@id\":\"https:\/\/welovecinema.be\/fr\/sorties-remises\/#breadcrumb\"},\"inLanguage\":\"fr-FR\",\"potentialAction\":[{\"@type\":\"ReadAction\",\"target\":[\"https:\/\/welovecinema.be\/fr\/sorties-remises\/\"]}]},{\"@type\":\"BreadcrumbList\",\"@id\":\"https:\/\/welovecinema.be\/fr\/sorties-remises\/#breadcrumb\",\"itemListElement\":[{\"@type\":\"ListItem\",\"position\":1,\"name\":\"Accueil\",\"item\":\"https:\/\/welovecinema.be\/fr\/\"},{\"@type\":\"ListItem\",\"position\":2,\"name\":\"Sorties remises&#8230;\"}]},{\"@type\":\"WebSite\",\"@id\":\"https:\/\/welovecinema.be\/nl\/#website\",\"url\":\"https:\/\/welovecinema.be\/nl\/\",\"name\":\"We Love Cinema\",\"description\":\"Toute l\u2019information du cin\u00e9ma en Belgique\",\"publisher\":{\"@id\":\"https:\/\/welovecinema.be\/nl\/#organization\"},\"potentialAction\":[{\"@type\":\"SearchAction\",\"target\":{\"@type\":\"EntryPoint\",\"urlTemplate\":\"https:\/\/welovecinema.be\/nl\/?s={search_term_string}\"},\"query-input\":\"required name=search_term_string\"}],\"inLanguage\":\"fr-FR\"},{\"@type\":\"Organization\",\"@id\":\"https:\/\/welovecinema.be\/nl\/#organization\",\"name\":\"We Love Cinema\",\"url\":\"https:\/\/welovecinema.be\/nl\/\",\"logo\":{\"@type\":\"ImageObject\",\"inLanguage\":\"fr-FR\",\"@id\":\"https:\/\/welovecinema.be\/nl\/#\/schema\/logo\/image\/\",\"url\":\"https:\/\/welovecinema.be\/wp-content\/uploads\/sites\/2\/2023\/03\/Logo-We-Love-Cinema305x128.jpg\",\"contentUrl\":\"https:\/\/welovecinema.be\/wp-content\/uploads\/sites\/2\/2023\/03\/Logo-We-Love-Cinema305x128.jpg\",\"width\":305,\"height\":128,\"caption\":\"We Love Cinema\"},\"image\":{\"@id\":\"https:\/\/welovecinema.be\/nl\/#\/schema\/logo\/image\/\"},\"sameAs\":[\"https:\/\/www.facebook.com\/welovecinema.be\",\"https:\/\/www.youtube.com\/channel\/UCX5LYGVhnKvYauW4Nta4HJA\",\"https:\/\/www.instagram.com\/welovecinema.be\/\"]},{\"@type\":\"Person\",\"@id\":\"https:\/\/welovecinema.be\/nl\/#\/schema\/person\/8084b68c6b176142d073695c654dc7cf\",\"name\":\"Aurore Engelen\",\"url\":\"https:\/\/welovecinema.be\/fr\/author\/aurore-engelen\/\"}]}<\/script>\n<!-- \/ Yoast SEO plugin. -->","yoast_head_json":{"title":"Sorties remises... - We Love Cinema","robots":{"index":"index","follow":"follow","max-snippet":"max-snippet:-1","max-image-preview":"max-image-preview:large","max-video-preview":"max-video-preview:-1"},"canonical":"https:\/\/welovecinema.be\/fr\/sorties-remises\/","og_locale":"fr_FR","og_type":"article","og_title":"Sorties remises... - We Love Cinema","og_description":"Avec la fermeture pr\u00e9cipit\u00e9e des salles \u00e0 Bruxelles ce lundi, celle pr\u00e9vue en Flandre vendredi, et celle pr\u00e9visible en Wallonie suite au nouveau Conseil de s\u00e9curit\u00e9 (anticip\u00e9e par le groupe Kinepolis, qui ferment ses complexes de Li\u00e8ge et Braine d\u00e8s demain), les distributeurs\u00b7rices se voient contraint\u00b7es de reporter les sorties des films annonc\u00e9s et attendus &hellip;","og_url":"https:\/\/welovecinema.be\/fr\/sorties-remises\/","og_site_name":"We Love Cinema","article_publisher":"https:\/\/www.facebook.com\/welovecinema.be","article_published_time":"2020-10-28T14:02:37+00:00","article_modified_time":"2021-05-12T07:51:47+00:00","og_image":[{"width":1200,"height":600,"url":"https:\/\/welovecinema.be\/wp-content\/uploads\/sites\/2\/2020\/10\/FotoJet-3.jpg","type":"image\/jpeg"}],"author":"Aurore Engelen","twitter_card":"summary_large_image","twitter_misc":{"\u00c9crit par":"Aurore Engelen","Dur\u00e9e de lecture estim\u00e9e":"2 minutes"},"schema":{"@context":"https:\/\/schema.org","@graph":[{"@type":"Article","@id":"https:\/\/welovecinema.be\/fr\/sorties-remises\/#article","isPartOf":{"@id":"https:\/\/welovecinema.be\/fr\/sorties-remises\/"},"author":{"name":"Aurore Engelen","@id":"https:\/\/welovecinema.be\/nl\/#\/schema\/person\/8084b68c6b176142d073695c654dc7cf"},"headline":"Sorties remises&#8230;","datePublished":"2020-10-28T14:02:37+00:00","dateModified":"2021-05-12T07:51:47+00:00","mainEntityOfPage":{"@id":"https:\/\/welovecinema.be\/fr\/sorties-remises\/"},"wordCount":464,"publisher":{"@id":"https:\/\/welovecinema.be\/nl\/#organization"},"keywords":["newsletter"],"articleSection":["Evenements"],"inLanguage":"fr-FR"},{"@type":"WebPage","@id":"https:\/\/welovecinema.be\/fr\/sorties-remises\/","url":"https:\/\/welovecinema.be\/fr\/sorties-remises\/","name":"Sorties remises... - We Love Cinema","isPartOf":{"@id":"https:\/\/welovecinema.be\/nl\/#website"},"datePublished":"2020-10-28T14:02:37+00:00","dateModified":"2021-05-12T07:51:47+00:00","breadcrumb":{"@id":"https:\/\/welovecinema.be\/fr\/sorties-remises\/#breadcrumb"},"inLanguage":"fr-FR","potentialAction":[{"@type":"ReadAction","target":["https:\/\/welovecinema.be\/fr\/sorties-remises\/"]}]},{"@type":"BreadcrumbList","@id":"https:\/\/welovecinema.be\/fr\/sorties-remises\/#breadcrumb","itemListElement":[{"@type":"ListItem","position":1,"name":"Accueil","item":"https:\/\/welovecinema.be\/fr\/"},{"@type":"ListItem","position":2,"name":"Sorties remises&#8230;"}]},{"@type":"WebSite","@id":"https:\/\/welovecinema.be\/nl\/#website","url":"https:\/\/welovecinema.be\/nl\/","name":"We Love Cinema","description":"Toute l\u2019information du cin\u00e9ma en Belgique","publisher":{"@id":"https:\/\/welovecinema.be\/nl\/#organization"},"potentialAction":[{"@type":"SearchAction","target":{"@type":"EntryPoint","urlTemplate":"https:\/\/welovecinema.be\/nl\/?s={search_term_string}"},"query-input":"required name=search_term_string"}],"inLanguage":"fr-FR"},{"@type":"Organization","@id":"https:\/\/welovecinema.be\/nl\/#organization","name":"We Love Cinema","url":"https:\/\/welovecinema.be\/nl\/","logo":{"@type":"ImageObject","inLanguage":"fr-FR","@id":"https:\/\/welovecinema.be\/nl\/#\/schema\/logo\/image\/","url":"https:\/\/welovecinema.be\/wp-content\/uploads\/sites\/2\/2023\/03\/Logo-We-Love-Cinema305x128.jpg","contentUrl":"https:\/\/welovecinema.be\/wp-content\/uploads\/sites\/2\/2023\/03\/Logo-We-Love-Cinema305x128.jpg","width":305,"height":128,"caption":"We Love Cinema"},"image":{"@id":"https:\/\/welovecinema.be\/nl\/#\/schema\/logo\/image\/"},"sameAs":["https:\/\/www.facebook.com\/welovecinema.be","https:\/\/www.youtube.com\/channel\/UCX5LYGVhnKvYauW4Nta4HJA","https:\/\/www.instagram.com\/welovecinema.be\/"]},{"@type":"Person","@id":"https:\/\/welovecinema.be\/nl\/#\/schema\/person\/8084b68c6b176142d073695c654dc7cf","name":"Aurore Engelen","url":"https:\/\/welovecinema.be\/fr\/author\/aurore-engelen\/"}]}},"_links":{"self":[{"href":"https:\/\/welovecinema.be\/fr\/wp-json\/wp\/v2\/posts\/232825","targetHints":{"allow":["GET"]}}],"collection":[{"href":"https:\/\/welovecinema.be\/fr\/wp-json\/wp\/v2\/posts"}],"about":[{"href":"https:\/\/welovecinema.be\/fr\/wp-json\/wp\/v2\/types\/post"}],"author":[{"embeddable":true,"href":"https:\/\/welovecinema.be\/fr\/wp-json\/wp\/v2\/users\/343"}],"replies":[{"embeddable":true,"href":"https:\/\/welovecinema.be\/fr\/wp-json\/wp\/v2\/comments?post=232825"}],"version-history":[{"count":0,"href":"https:\/\/welovecinema.be\/fr\/wp-json\/wp\/v2\/posts\/232825\/revisions"}],"wp:featuredmedia":[{"embeddable":true,"href":"https:\/\/welovecinema.be\/fr\/wp-json\/wp\/v2\/media\/232826"}],"wp:attachment":[{"href":"https:\/\/welovecinema.be\/fr\/wp-json\/wp\/v2\/media?parent=232825"}],"wp:term":[{"taxonomy":"category","embeddable":true,"href":"https:\/\/welovecinema.be\/fr\/wp-json\/wp\/v2\/categories?post=232825"},{"taxonomy":"post_tag","embeddable":true,"href":"https:\/\/welovecinema.be\/fr\/wp-json\/wp\/v2\/tags?post=232825"}],"curies":[{"name":"wp","href":"https:\/\/api.w.org\/{rel}","templated":true}]}}