{"id":232491,"date":"2020-10-14T14:21:09","date_gmt":"2020-10-14T12:21:09","guid":{"rendered":"https:\/\/www.cinevox.be\/?p=232491"},"modified":"2020-10-16T10:17:57","modified_gmt":"2020-10-16T08:17:57","slug":"rencontre-avec-gregory-beghin-carole-matagne-et-jean-jacques-rausin-a-propos-de-1-semaine-sur-2","status":"publish","type":"post","link":"https:\/\/welovecinema.be\/fr\/rencontre-avec-gregory-beghin-carole-matagne-et-jean-jacques-rausin-a-propos-de-1-semaine-sur-2\/","title":{"rendered":"Rencontre avec Gr\u00e9gory Beghin, Carole Matagne et Jean-Jacques Rausin \u00e0 propos de \u00ab\u00a01 Semaine sur 2\u00a0\u00bb"},"content":{"rendered":"<p><strong>Br\u00e8ve rencontre avec Carole Matagne, cr\u00e9atrice, autrice et actrice de la nouvelle capsule humoristique de la RTBF,<em> 1 semaine sur 2<\/em> (dont on vous parlait <a href=\"https:\/\/www.cinevox.be\/fr\/1-semaine-sur-2-portrait-crache-dune-famille-moderne\/\">ici<\/a>), Gr\u00e9gory Beghin, son r\u00e9alisateur, et Jean-Jacques Rausin, com\u00e9dien.<\/strong><\/p>\n<p><iframe loading=\"lazy\" title=\"2mn avec... Gr\u00e9gory Beghin et Carole Matagne\" width=\"618\" height=\"348\" src=\"https:\/\/www.youtube.com\/embed\/im5pw8uRUPI?feature=oembed\" frameborder=\"0\" allow=\"accelerometer; autoplay; clipboard-write; encrypted-media; gyroscope; picture-in-picture; web-share\" referrerpolicy=\"strict-origin-when-cross-origin\" allowfullscreen><\/iframe><\/p>\n<p><iframe loading=\"lazy\" title=\"2mn avec Jean-Jacques Rausin, \u00e0 propos de &quot;1 semaine sur 2&quot;\" width=\"618\" height=\"348\" src=\"https:\/\/www.youtube.com\/embed\/JNb2QPSSYqU?feature=oembed\" frameborder=\"0\" allow=\"accelerometer; autoplay; clipboard-write; encrypted-media; gyroscope; picture-in-picture; web-share\" referrerpolicy=\"strict-origin-when-cross-origin\" allowfullscreen><\/iframe><\/p>\n","protected":false},"excerpt":{"rendered":"<p>Br\u00e8ve rencontre avec Carole Matagne, cr\u00e9atrice, autrice et actrice de la nouvelle capsule humoristique de la RTBF, 1 semaine sur 2 (dont on vous parlait ici), Gr\u00e9gory Beghin, son r\u00e9alisateur, et Jean-Jacques Rausin, com\u00e9dien.<\/p>\n","protected":false},"author":343,"featured_media":232493,"comment_status":"closed","ping_status":"closed","sticky":false,"template":"","format":"standard","meta":{"ngg_post_thumbnail":0,"footnotes":""},"categories":[1978],"tags":[5246,4116,4187],"class_list":["post-232491","post","type-post","status-publish","format-standard","has-post-thumbnail","","category-interviews","tag-carole-matagne","tag-jean-jacques-rausin-2","tag-newsletter-fr"],"yoast_head":"<!-- This site is optimized with the Yoast SEO plugin v20.4 - https:\/\/yoast.com\/wordpress\/plugins\/seo\/ -->\n<title>Rencontre avec Gr\u00e9gory Beghin, Carole Matagne et Jean-Jacques Rausin \u00e0 propos de &quot;1 Semaine sur 2&quot; - We Love Cinema<\/title>\n<meta name=\"robots\" content=\"index, follow, max-snippet:-1, max-image-preview:large, max-video-preview:-1\" \/>\n<link rel=\"canonical\" href=\"https:\/\/welovecinema.be\/fr\/rencontre-avec-gregory-beghin-carole-matagne-et-jean-jacques-rausin-a-propos-de-1-semaine-sur-2\/\" \/>\n<meta property=\"og:locale\" content=\"fr_FR\" \/>\n<meta property=\"og:type\" content=\"article\" \/>\n<meta property=\"og:title\" content=\"Rencontre avec Gr\u00e9gory Beghin, Carole Matagne et Jean-Jacques Rausin \u00e0 propos de &quot;1 Semaine sur 2&quot; - We Love Cinema\" \/>\n<meta property=\"og:description\" content=\"Br\u00e8ve rencontre avec Carole Matagne, cr\u00e9atrice, autrice et actrice de la nouvelle capsule humoristique de la RTBF, 1 semaine sur 2 (dont on vous parlait ici), Gr\u00e9gory Beghin, son r\u00e9alisateur, et Jean-Jacques Rausin, com\u00e9dien.\" \/>\n<meta property=\"og:url\" content=\"https:\/\/welovecinema.be\/fr\/rencontre-avec-gregory-beghin-carole-matagne-et-jean-jacques-rausin-a-propos-de-1-semaine-sur-2\/\" \/>\n<meta property=\"og:site_name\" content=\"We Love Cinema\" \/>\n<meta property=\"article:publisher\" content=\"https:\/\/www.facebook.com\/welovecinema.be\" \/>\n<meta property=\"article:published_time\" content=\"2020-10-14T12:21:09+00:00\" \/>\n<meta property=\"article:modified_time\" content=\"2020-10-16T08:17:57+00:00\" \/>\n<meta property=\"og:image\" content=\"https:\/\/welovecinema.be\/wp-content\/uploads\/sites\/2\/2020\/10\/FotoJet-1.jpg\" \/>\n\t<meta property=\"og:image:width\" content=\"1200\" \/>\n\t<meta property=\"og:image:height\" content=\"658\" \/>\n\t<meta property=\"og:image:type\" content=\"image\/jpeg\" \/>\n<meta name=\"author\" content=\"Aurore Engelen\" \/>\n<meta name=\"twitter:card\" content=\"summary_large_image\" \/>\n<meta name=\"twitter:label1\" content=\"\u00c9crit par\" \/>\n\t<meta name=\"twitter:data1\" content=\"Aurore Engelen\" \/>\n<script type=\"application\/ld+json\" class=\"yoast-schema-graph\">{\"@context\":\"https:\/\/schema.org\",\"@graph\":[{\"@type\":\"Article\",\"@id\":\"https:\/\/welovecinema.be\/fr\/rencontre-avec-gregory-beghin-carole-matagne-et-jean-jacques-rausin-a-propos-de-1-semaine-sur-2\/#article\",\"isPartOf\":{\"@id\":\"https:\/\/welovecinema.be\/fr\/rencontre-avec-gregory-beghin-carole-matagne-et-jean-jacques-rausin-a-propos-de-1-semaine-sur-2\/\"},\"author\":{\"name\":\"Aurore Engelen\",\"@id\":\"https:\/\/welovecinema.be\/nl\/#\/schema\/person\/8084b68c6b176142d073695c654dc7cf\"},\"headline\":\"Rencontre avec Gr\u00e9gory Beghin, Carole Matagne et Jean-Jacques Rausin \u00e0 propos de \u00ab\u00a01 Semaine sur 2\u00a0\u00bb\",\"datePublished\":\"2020-10-14T12:21:09+00:00\",\"dateModified\":\"2020-10-16T08:17:57+00:00\",\"mainEntityOfPage\":{\"@id\":\"https:\/\/welovecinema.be\/fr\/rencontre-avec-gregory-beghin-carole-matagne-et-jean-jacques-rausin-a-propos-de-1-semaine-sur-2\/\"},\"wordCount\":62,\"publisher\":{\"@id\":\"https:\/\/welovecinema.be\/nl\/#organization\"},\"keywords\":[\"Carole Matagne\",\"Jean-Jacques Rausin\",\"newsletter\"],\"articleSection\":[\"Rencontres\"],\"inLanguage\":\"fr-FR\"},{\"@type\":\"WebPage\",\"@id\":\"https:\/\/welovecinema.be\/fr\/rencontre-avec-gregory-beghin-carole-matagne-et-jean-jacques-rausin-a-propos-de-1-semaine-sur-2\/\",\"url\":\"https:\/\/welovecinema.be\/fr\/rencontre-avec-gregory-beghin-carole-matagne-et-jean-jacques-rausin-a-propos-de-1-semaine-sur-2\/\",\"name\":\"Rencontre avec Gr\u00e9gory Beghin, Carole Matagne et Jean-Jacques Rausin \u00e0 propos de \\\"1 Semaine sur 2\\\" - We Love Cinema\",\"isPartOf\":{\"@id\":\"https:\/\/welovecinema.be\/nl\/#website\"},\"datePublished\":\"2020-10-14T12:21:09+00:00\",\"dateModified\":\"2020-10-16T08:17:57+00:00\",\"breadcrumb\":{\"@id\":\"https:\/\/welovecinema.be\/fr\/rencontre-avec-gregory-beghin-carole-matagne-et-jean-jacques-rausin-a-propos-de-1-semaine-sur-2\/#breadcrumb\"},\"inLanguage\":\"fr-FR\",\"potentialAction\":[{\"@type\":\"ReadAction\",\"target\":[\"https:\/\/welovecinema.be\/fr\/rencontre-avec-gregory-beghin-carole-matagne-et-jean-jacques-rausin-a-propos-de-1-semaine-sur-2\/\"]}]},{\"@type\":\"BreadcrumbList\",\"@id\":\"https:\/\/welovecinema.be\/fr\/rencontre-avec-gregory-beghin-carole-matagne-et-jean-jacques-rausin-a-propos-de-1-semaine-sur-2\/#breadcrumb\",\"itemListElement\":[{\"@type\":\"ListItem\",\"position\":1,\"name\":\"Accueil\",\"item\":\"https:\/\/welovecinema.be\/fr\/\"},{\"@type\":\"ListItem\",\"position\":2,\"name\":\"Rencontre avec Gr\u00e9gory Beghin, Carole Matagne et Jean-Jacques Rausin \u00e0 propos de \u00ab\u00a01 Semaine sur 2\u00a0\u00bb\"}]},{\"@type\":\"WebSite\",\"@id\":\"https:\/\/welovecinema.be\/nl\/#website\",\"url\":\"https:\/\/welovecinema.be\/nl\/\",\"name\":\"We Love Cinema\",\"description\":\"Toute l\u2019information du cin\u00e9ma en Belgique\",\"publisher\":{\"@id\":\"https:\/\/welovecinema.be\/nl\/#organization\"},\"potentialAction\":[{\"@type\":\"SearchAction\",\"target\":{\"@type\":\"EntryPoint\",\"urlTemplate\":\"https:\/\/welovecinema.be\/nl\/?s={search_term_string}\"},\"query-input\":\"required name=search_term_string\"}],\"inLanguage\":\"fr-FR\"},{\"@type\":\"Organization\",\"@id\":\"https:\/\/welovecinema.be\/nl\/#organization\",\"name\":\"We Love Cinema\",\"url\":\"https:\/\/welovecinema.be\/nl\/\",\"logo\":{\"@type\":\"ImageObject\",\"inLanguage\":\"fr-FR\",\"@id\":\"https:\/\/welovecinema.be\/nl\/#\/schema\/logo\/image\/\",\"url\":\"https:\/\/welovecinema.be\/wp-content\/uploads\/sites\/2\/2023\/03\/Logo-We-Love-Cinema305x128.jpg\",\"contentUrl\":\"https:\/\/welovecinema.be\/wp-content\/uploads\/sites\/2\/2023\/03\/Logo-We-Love-Cinema305x128.jpg\",\"width\":305,\"height\":128,\"caption\":\"We Love Cinema\"},\"image\":{\"@id\":\"https:\/\/welovecinema.be\/nl\/#\/schema\/logo\/image\/\"},\"sameAs\":[\"https:\/\/www.facebook.com\/welovecinema.be\",\"https:\/\/www.youtube.com\/channel\/UCX5LYGVhnKvYauW4Nta4HJA\",\"https:\/\/www.instagram.com\/welovecinema.be\/\"]},{\"@type\":\"Person\",\"@id\":\"https:\/\/welovecinema.be\/nl\/#\/schema\/person\/8084b68c6b176142d073695c654dc7cf\",\"name\":\"Aurore Engelen\",\"url\":\"https:\/\/welovecinema.be\/fr\/author\/aurore-engelen\/\"}]}<\/script>\n<!-- \/ Yoast SEO plugin. -->","yoast_head_json":{"title":"Rencontre avec Gr\u00e9gory Beghin, Carole Matagne et Jean-Jacques Rausin \u00e0 propos de \"1 Semaine sur 2\" - We Love Cinema","robots":{"index":"index","follow":"follow","max-snippet":"max-snippet:-1","max-image-preview":"max-image-preview:large","max-video-preview":"max-video-preview:-1"},"canonical":"https:\/\/welovecinema.be\/fr\/rencontre-avec-gregory-beghin-carole-matagne-et-jean-jacques-rausin-a-propos-de-1-semaine-sur-2\/","og_locale":"fr_FR","og_type":"article","og_title":"Rencontre avec Gr\u00e9gory Beghin, Carole Matagne et Jean-Jacques Rausin \u00e0 propos de \"1 Semaine sur 2\" - We Love Cinema","og_description":"Br\u00e8ve rencontre avec Carole Matagne, cr\u00e9atrice, autrice et actrice de la nouvelle capsule humoristique de la RTBF, 1 semaine sur 2 (dont on vous parlait ici), Gr\u00e9gory Beghin, son r\u00e9alisateur, et Jean-Jacques Rausin, com\u00e9dien.","og_url":"https:\/\/welovecinema.be\/fr\/rencontre-avec-gregory-beghin-carole-matagne-et-jean-jacques-rausin-a-propos-de-1-semaine-sur-2\/","og_site_name":"We Love Cinema","article_publisher":"https:\/\/www.facebook.com\/welovecinema.be","article_published_time":"2020-10-14T12:21:09+00:00","article_modified_time":"2020-10-16T08:17:57+00:00","og_image":[{"width":1200,"height":658,"url":"https:\/\/welovecinema.be\/wp-content\/uploads\/sites\/2\/2020\/10\/FotoJet-1.jpg","type":"image\/jpeg"}],"author":"Aurore Engelen","twitter_card":"summary_large_image","twitter_misc":{"\u00c9crit par":"Aurore Engelen"},"schema":{"@context":"https:\/\/schema.org","@graph":[{"@type":"Article","@id":"https:\/\/welovecinema.be\/fr\/rencontre-avec-gregory-beghin-carole-matagne-et-jean-jacques-rausin-a-propos-de-1-semaine-sur-2\/#article","isPartOf":{"@id":"https:\/\/welovecinema.be\/fr\/rencontre-avec-gregory-beghin-carole-matagne-et-jean-jacques-rausin-a-propos-de-1-semaine-sur-2\/"},"author":{"name":"Aurore Engelen","@id":"https:\/\/welovecinema.be\/nl\/#\/schema\/person\/8084b68c6b176142d073695c654dc7cf"},"headline":"Rencontre avec Gr\u00e9gory Beghin, Carole Matagne et Jean-Jacques Rausin \u00e0 propos de \u00ab\u00a01 Semaine sur 2\u00a0\u00bb","datePublished":"2020-10-14T12:21:09+00:00","dateModified":"2020-10-16T08:17:57+00:00","mainEntityOfPage":{"@id":"https:\/\/welovecinema.be\/fr\/rencontre-avec-gregory-beghin-carole-matagne-et-jean-jacques-rausin-a-propos-de-1-semaine-sur-2\/"},"wordCount":62,"publisher":{"@id":"https:\/\/welovecinema.be\/nl\/#organization"},"keywords":["Carole Matagne","Jean-Jacques Rausin","newsletter"],"articleSection":["Rencontres"],"inLanguage":"fr-FR"},{"@type":"WebPage","@id":"https:\/\/welovecinema.be\/fr\/rencontre-avec-gregory-beghin-carole-matagne-et-jean-jacques-rausin-a-propos-de-1-semaine-sur-2\/","url":"https:\/\/welovecinema.be\/fr\/rencontre-avec-gregory-beghin-carole-matagne-et-jean-jacques-rausin-a-propos-de-1-semaine-sur-2\/","name":"Rencontre avec Gr\u00e9gory Beghin, Carole Matagne et Jean-Jacques Rausin \u00e0 propos de \"1 Semaine sur 2\" - We Love Cinema","isPartOf":{"@id":"https:\/\/welovecinema.be\/nl\/#website"},"datePublished":"2020-10-14T12:21:09+00:00","dateModified":"2020-10-16T08:17:57+00:00","breadcrumb":{"@id":"https:\/\/welovecinema.be\/fr\/rencontre-avec-gregory-beghin-carole-matagne-et-jean-jacques-rausin-a-propos-de-1-semaine-sur-2\/#breadcrumb"},"inLanguage":"fr-FR","potentialAction":[{"@type":"ReadAction","target":["https:\/\/welovecinema.be\/fr\/rencontre-avec-gregory-beghin-carole-matagne-et-jean-jacques-rausin-a-propos-de-1-semaine-sur-2\/"]}]},{"@type":"BreadcrumbList","@id":"https:\/\/welovecinema.be\/fr\/rencontre-avec-gregory-beghin-carole-matagne-et-jean-jacques-rausin-a-propos-de-1-semaine-sur-2\/#breadcrumb","itemListElement":[{"@type":"ListItem","position":1,"name":"Accueil","item":"https:\/\/welovecinema.be\/fr\/"},{"@type":"ListItem","position":2,"name":"Rencontre avec Gr\u00e9gory Beghin, Carole Matagne et Jean-Jacques Rausin \u00e0 propos de \u00ab\u00a01 Semaine sur 2\u00a0\u00bb"}]},{"@type":"WebSite","@id":"https:\/\/welovecinema.be\/nl\/#website","url":"https:\/\/welovecinema.be\/nl\/","name":"We Love Cinema","description":"Toute l\u2019information du cin\u00e9ma en Belgique","publisher":{"@id":"https:\/\/welovecinema.be\/nl\/#organization"},"potentialAction":[{"@type":"SearchAction","target":{"@type":"EntryPoint","urlTemplate":"https:\/\/welovecinema.be\/nl\/?s={search_term_string}"},"query-input":"required name=search_term_string"}],"inLanguage":"fr-FR"},{"@type":"Organization","@id":"https:\/\/welovecinema.be\/nl\/#organization","name":"We Love Cinema","url":"https:\/\/welovecinema.be\/nl\/","logo":{"@type":"ImageObject","inLanguage":"fr-FR","@id":"https:\/\/welovecinema.be\/nl\/#\/schema\/logo\/image\/","url":"https:\/\/welovecinema.be\/wp-content\/uploads\/sites\/2\/2023\/03\/Logo-We-Love-Cinema305x128.jpg","contentUrl":"https:\/\/welovecinema.be\/wp-content\/uploads\/sites\/2\/2023\/03\/Logo-We-Love-Cinema305x128.jpg","width":305,"height":128,"caption":"We Love Cinema"},"image":{"@id":"https:\/\/welovecinema.be\/nl\/#\/schema\/logo\/image\/"},"sameAs":["https:\/\/www.facebook.com\/welovecinema.be","https:\/\/www.youtube.com\/channel\/UCX5LYGVhnKvYauW4Nta4HJA","https:\/\/www.instagram.com\/welovecinema.be\/"]},{"@type":"Person","@id":"https:\/\/welovecinema.be\/nl\/#\/schema\/person\/8084b68c6b176142d073695c654dc7cf","name":"Aurore Engelen","url":"https:\/\/welovecinema.be\/fr\/author\/aurore-engelen\/"}]}},"_links":{"self":[{"href":"https:\/\/welovecinema.be\/fr\/wp-json\/wp\/v2\/posts\/232491","targetHints":{"allow":["GET"]}}],"collection":[{"href":"https:\/\/welovecinema.be\/fr\/wp-json\/wp\/v2\/posts"}],"about":[{"href":"https:\/\/welovecinema.be\/fr\/wp-json\/wp\/v2\/types\/post"}],"author":[{"embeddable":true,"href":"https:\/\/welovecinema.be\/fr\/wp-json\/wp\/v2\/users\/343"}],"replies":[{"embeddable":true,"href":"https:\/\/welovecinema.be\/fr\/wp-json\/wp\/v2\/comments?post=232491"}],"version-history":[{"count":0,"href":"https:\/\/welovecinema.be\/fr\/wp-json\/wp\/v2\/posts\/232491\/revisions"}],"wp:featuredmedia":[{"embeddable":true,"href":"https:\/\/welovecinema.be\/fr\/wp-json\/wp\/v2\/media\/232493"}],"wp:attachment":[{"href":"https:\/\/welovecinema.be\/fr\/wp-json\/wp\/v2\/media?parent=232491"}],"wp:term":[{"taxonomy":"category","embeddable":true,"href":"https:\/\/welovecinema.be\/fr\/wp-json\/wp\/v2\/categories?post=232491"},{"taxonomy":"post_tag","embeddable":true,"href":"https:\/\/welovecinema.be\/fr\/wp-json\/wp\/v2\/tags?post=232491"}],"curies":[{"name":"wp","href":"https:\/\/api.w.org\/{rel}","templated":true}]}}