{"id":232475,"date":"2020-10-14T09:40:35","date_gmt":"2020-10-14T07:40:35","guid":{"rendered":"https:\/\/www.cinevox.be\/?p=232475"},"modified":"2020-10-14T09:41:07","modified_gmt":"2020-10-14T07:41:07","slug":"8e-waterloo-historical-film-festival-le-programme","status":"publish","type":"post","link":"https:\/\/welovecinema.be\/fr\/8e-waterloo-historical-film-festival-le-programme\/","title":{"rendered":"8e Waterloo Historical Film Festival, le programme"},"content":{"rendered":"<p><strong>De nombreuses personnalit\u00e9s belges seront pr\u00e9sentes \u00e0 l&rsquo;occasion de la 8e \u00e9dition du Waterloo Historical Film Festival, qui se tiendra du 15 au 18 octobre prochains.<\/strong><\/p>\n<p>Parmi les films pr\u00e9sent\u00e9s Hors comp\u00e9tition, on rel\u00e8vera notamment <strong><em>Des hommes<\/em><\/strong>, le nouveau film de <strong>Lucas Belvaux<\/strong> dont nous vous parlions <a href=\"https:\/\/www.cinevox.be\/fr\/des-hommes-dire-lindicible\/\">ici<\/a>, et qui parle des s\u00e9quelles de la guerre d&rsquo;Alg\u00e9rie sur toute une g\u00e9n\u00e9ration de Fran\u00e7ais.<\/p>\n<p><img loading=\"lazy\" decoding=\"async\" class=\"alignnone size-large wp-image-230843\" src=\"https:\/\/www.cinevox.be\/wp-content\/uploads\/sites\/2\/2020\/08\/des-hommes-800x559.jpg\" alt=\"\" width=\"618\" height=\"432\" srcset=\"https:\/\/welovecinema.be\/wp-content\/uploads\/sites\/2\/2020\/08\/des-hommes-800x559.jpg 800w, https:\/\/welovecinema.be\/wp-content\/uploads\/sites\/2\/2020\/08\/des-hommes-387x270.jpg 387w, https:\/\/welovecinema.be\/wp-content\/uploads\/sites\/2\/2020\/08\/des-hommes-768x536.jpg 768w, https:\/\/welovecinema.be\/wp-content\/uploads\/sites\/2\/2020\/08\/des-hommes.jpg 1024w\" sizes=\"auto, (max-width: 618px) 100vw, 618px\" \/><\/p>\n<p>On retrouvera \u00e9galement le film de Laurent Heynemann, <em>Je ne r\u00eave que de vous<\/em>, qui retrace le parcours de Jeanne Reichenbach, qui renon\u00e7a \u00e0 sa vie confortable pour lier son destin \u00e0 celui de L\u00e9on Blum, jusqu&rsquo;\u00e0 sacrifier sa libert\u00e9 pour l&rsquo;\u00e9pouser \u00e0 Buchenwald o\u00f9 il est enferm\u00e9. On retrouve au g\u00e9n\u00e9rique du film la com\u00e9dienne belge <strong>Emilie Dequenne<\/strong>.<\/p>\n<p><img loading=\"lazy\" decoding=\"async\" class=\"alignnone size-large wp-image-232476\" src=\"https:\/\/www.cinevox.be\/wp-content\/uploads\/sites\/2\/2020\/10\/3274632.jpg-r_1280_720-f_jpg-q_x-xxyxx-800x450.jpg\" alt=\"\" width=\"618\" height=\"348\" srcset=\"https:\/\/welovecinema.be\/wp-content\/uploads\/sites\/2\/2020\/10\/3274632.jpg-r_1280_720-f_jpg-q_x-xxyxx-800x450.jpg 800w, https:\/\/welovecinema.be\/wp-content\/uploads\/sites\/2\/2020\/10\/3274632.jpg-r_1280_720-f_jpg-q_x-xxyxx-480x270.jpg 480w, https:\/\/welovecinema.be\/wp-content\/uploads\/sites\/2\/2020\/10\/3274632.jpg-r_1280_720-f_jpg-q_x-xxyxx-200x113.jpg 200w, https:\/\/welovecinema.be\/wp-content\/uploads\/sites\/2\/2020\/10\/3274632.jpg-r_1280_720-f_jpg-q_x-xxyxx-768x432.jpg 768w, https:\/\/welovecinema.be\/wp-content\/uploads\/sites\/2\/2020\/10\/3274632.jpg-r_1280_720-f_jpg-q_x-xxyxx-599x337.jpg 599w, https:\/\/welovecinema.be\/wp-content\/uploads\/sites\/2\/2020\/10\/3274632.jpg-r_1280_720-f_jpg-q_x-xxyxx.jpg 1280w\" sizes=\"auto, (max-width: 618px) 100vw, 618px\" \/><\/p>\n<p>Le Jury de la Comp\u00e9tition officielle sera pr\u00e9sid\u00e9 par le com\u00e9dien et r\u00e9alisateur <strong>Patrick Ridremont<\/strong>, dont on attend avec impatience et curiosit\u00e9 d\u00e9but d\u00e9cembre le nouveau film, <em>Le Calendrier<\/em>, un film d&rsquo;\u00e9pouvante. A ses c\u00f4t\u00e9s, on retrouvera les com\u00e9dien\u00b7nes belges <strong>Tania Garbarski<\/strong> et <strong>Jean-Jacques Rausin<\/strong>, que l&rsquo;on ne pr\u00e9sente plus, ainsi que la com\u00e9dienne belge <strong>Carole Weyers<\/strong>, dont la carri\u00e8re s&rsquo;est d\u00e9ploy\u00e9e jusqu&rsquo;ici hors de nos fronti\u00e8res, de Paris \u00e0 Los Angeles. Elle incarne notamment \u00c9lodie Lancefield dans la s\u00e9rie <em>Manhattan<\/em> (2014) et apparait \u00e9galement dans <em>NCIS : Enqu\u00eates sp\u00e9ciales, Grey&rsquo;s Anatomy<\/em> et <em>Modern Family<\/em>. Depuis 2019, elle est \u00e9galement le personnage principal de <em>Double Je<\/em> sur France 2, aux c\u00f4t\u00e9s notamment de Fran\u00e7ois Vincentelli.<\/p>\n<p>&nbsp;<\/p>\n","protected":false},"excerpt":{"rendered":"<p>De nombreuses personnalit\u00e9s belges seront pr\u00e9sentes \u00e0 l&rsquo;occasion de la 8e \u00e9dition du Waterloo Historical Film Festival, qui se tiendra du 15 au 18 octobre prochains. Parmi les films pr\u00e9sent\u00e9s Hors comp\u00e9tition, on rel\u00e8vera notamment Des hommes, le nouveau film de Lucas Belvaux dont nous vous parlions ici, et qui parle des s\u00e9quelles de la &hellip;<\/p>\n","protected":false},"author":343,"featured_media":232478,"comment_status":"closed","ping_status":"closed","sticky":false,"template":"","format":"standard","meta":{"ngg_post_thumbnail":0,"footnotes":""},"categories":[12],"tags":[],"class_list":["post-232475","post","type-post","status-publish","format-standard","has-post-thumbnail","","category-awards"],"yoast_head":"<!-- This site is optimized with the Yoast SEO plugin v20.4 - https:\/\/yoast.com\/wordpress\/plugins\/seo\/ -->\n<title>8e Waterloo Historical Film Festival, le programme - We Love Cinema<\/title>\n<meta name=\"robots\" content=\"index, follow, max-snippet:-1, max-image-preview:large, max-video-preview:-1\" \/>\n<link rel=\"canonical\" href=\"https:\/\/welovecinema.be\/fr\/8e-waterloo-historical-film-festival-le-programme\/\" \/>\n<meta property=\"og:locale\" content=\"fr_FR\" \/>\n<meta property=\"og:type\" content=\"article\" \/>\n<meta property=\"og:title\" content=\"8e Waterloo Historical Film Festival, le programme - We Love Cinema\" \/>\n<meta property=\"og:description\" content=\"De nombreuses personnalit\u00e9s belges seront pr\u00e9sentes \u00e0 l&rsquo;occasion de la 8e \u00e9dition du Waterloo Historical Film Festival, qui se tiendra du 15 au 18 octobre prochains. Parmi les films pr\u00e9sent\u00e9s Hors comp\u00e9tition, on rel\u00e8vera notamment Des hommes, le nouveau film de Lucas Belvaux dont nous vous parlions ici, et qui parle des s\u00e9quelles de la &hellip;\" \/>\n<meta property=\"og:url\" content=\"https:\/\/welovecinema.be\/fr\/8e-waterloo-historical-film-festival-le-programme\/\" \/>\n<meta property=\"og:site_name\" content=\"We Love Cinema\" \/>\n<meta property=\"article:publisher\" content=\"https:\/\/www.facebook.com\/welovecinema.be\" \/>\n<meta property=\"article:published_time\" content=\"2020-10-14T07:40:35+00:00\" \/>\n<meta property=\"article:modified_time\" content=\"2020-10-14T07:41:07+00:00\" \/>\n<meta property=\"og:image\" content=\"https:\/\/welovecinema.be\/wp-content\/uploads\/sites\/2\/2020\/10\/2020-10-13-08_56_24-Accueil-_-WaHFF-1100x715-1.jpg\" \/>\n\t<meta property=\"og:image:width\" content=\"1100\" \/>\n\t<meta property=\"og:image:height\" content=\"649\" \/>\n\t<meta property=\"og:image:type\" content=\"image\/jpeg\" \/>\n<meta name=\"author\" content=\"Aurore Engelen\" \/>\n<meta name=\"twitter:card\" content=\"summary_large_image\" \/>\n<meta name=\"twitter:label1\" content=\"\u00c9crit par\" \/>\n\t<meta name=\"twitter:data1\" content=\"Aurore Engelen\" \/>\n\t<meta name=\"twitter:label2\" content=\"Dur\u00e9e de lecture estim\u00e9e\" \/>\n\t<meta name=\"twitter:data2\" content=\"1 minute\" \/>\n<script type=\"application\/ld+json\" class=\"yoast-schema-graph\">{\"@context\":\"https:\/\/schema.org\",\"@graph\":[{\"@type\":\"Article\",\"@id\":\"https:\/\/welovecinema.be\/fr\/8e-waterloo-historical-film-festival-le-programme\/#article\",\"isPartOf\":{\"@id\":\"https:\/\/welovecinema.be\/fr\/8e-waterloo-historical-film-festival-le-programme\/\"},\"author\":{\"name\":\"Aurore Engelen\",\"@id\":\"https:\/\/welovecinema.be\/nl\/#\/schema\/person\/8084b68c6b176142d073695c654dc7cf\"},\"headline\":\"8e Waterloo Historical Film Festival, le programme\",\"datePublished\":\"2020-10-14T07:40:35+00:00\",\"dateModified\":\"2020-10-14T07:41:07+00:00\",\"mainEntityOfPage\":{\"@id\":\"https:\/\/welovecinema.be\/fr\/8e-waterloo-historical-film-festival-le-programme\/\"},\"wordCount\":281,\"publisher\":{\"@id\":\"https:\/\/welovecinema.be\/nl\/#organization\"},\"articleSection\":[\"Evenements\"],\"inLanguage\":\"fr-FR\"},{\"@type\":\"WebPage\",\"@id\":\"https:\/\/welovecinema.be\/fr\/8e-waterloo-historical-film-festival-le-programme\/\",\"url\":\"https:\/\/welovecinema.be\/fr\/8e-waterloo-historical-film-festival-le-programme\/\",\"name\":\"8e Waterloo Historical Film Festival, le programme - We Love Cinema\",\"isPartOf\":{\"@id\":\"https:\/\/welovecinema.be\/nl\/#website\"},\"datePublished\":\"2020-10-14T07:40:35+00:00\",\"dateModified\":\"2020-10-14T07:41:07+00:00\",\"breadcrumb\":{\"@id\":\"https:\/\/welovecinema.be\/fr\/8e-waterloo-historical-film-festival-le-programme\/#breadcrumb\"},\"inLanguage\":\"fr-FR\",\"potentialAction\":[{\"@type\":\"ReadAction\",\"target\":[\"https:\/\/welovecinema.be\/fr\/8e-waterloo-historical-film-festival-le-programme\/\"]}]},{\"@type\":\"BreadcrumbList\",\"@id\":\"https:\/\/welovecinema.be\/fr\/8e-waterloo-historical-film-festival-le-programme\/#breadcrumb\",\"itemListElement\":[{\"@type\":\"ListItem\",\"position\":1,\"name\":\"Accueil\",\"item\":\"https:\/\/welovecinema.be\/fr\/\"},{\"@type\":\"ListItem\",\"position\":2,\"name\":\"8e Waterloo Historical Film Festival, le programme\"}]},{\"@type\":\"WebSite\",\"@id\":\"https:\/\/welovecinema.be\/nl\/#website\",\"url\":\"https:\/\/welovecinema.be\/nl\/\",\"name\":\"We Love Cinema\",\"description\":\"Toute l\u2019information du cin\u00e9ma en Belgique\",\"publisher\":{\"@id\":\"https:\/\/welovecinema.be\/nl\/#organization\"},\"potentialAction\":[{\"@type\":\"SearchAction\",\"target\":{\"@type\":\"EntryPoint\",\"urlTemplate\":\"https:\/\/welovecinema.be\/nl\/?s={search_term_string}\"},\"query-input\":\"required name=search_term_string\"}],\"inLanguage\":\"fr-FR\"},{\"@type\":\"Organization\",\"@id\":\"https:\/\/welovecinema.be\/nl\/#organization\",\"name\":\"We Love Cinema\",\"url\":\"https:\/\/welovecinema.be\/nl\/\",\"logo\":{\"@type\":\"ImageObject\",\"inLanguage\":\"fr-FR\",\"@id\":\"https:\/\/welovecinema.be\/nl\/#\/schema\/logo\/image\/\",\"url\":\"https:\/\/welovecinema.be\/wp-content\/uploads\/sites\/2\/2023\/03\/Logo-We-Love-Cinema305x128.jpg\",\"contentUrl\":\"https:\/\/welovecinema.be\/wp-content\/uploads\/sites\/2\/2023\/03\/Logo-We-Love-Cinema305x128.jpg\",\"width\":305,\"height\":128,\"caption\":\"We Love Cinema\"},\"image\":{\"@id\":\"https:\/\/welovecinema.be\/nl\/#\/schema\/logo\/image\/\"},\"sameAs\":[\"https:\/\/www.facebook.com\/welovecinema.be\",\"https:\/\/www.youtube.com\/channel\/UCX5LYGVhnKvYauW4Nta4HJA\",\"https:\/\/www.instagram.com\/welovecinema.be\/\"]},{\"@type\":\"Person\",\"@id\":\"https:\/\/welovecinema.be\/nl\/#\/schema\/person\/8084b68c6b176142d073695c654dc7cf\",\"name\":\"Aurore Engelen\",\"url\":\"https:\/\/welovecinema.be\/fr\/author\/aurore-engelen\/\"}]}<\/script>\n<!-- \/ Yoast SEO plugin. -->","yoast_head_json":{"title":"8e Waterloo Historical Film Festival, le programme - We Love Cinema","robots":{"index":"index","follow":"follow","max-snippet":"max-snippet:-1","max-image-preview":"max-image-preview:large","max-video-preview":"max-video-preview:-1"},"canonical":"https:\/\/welovecinema.be\/fr\/8e-waterloo-historical-film-festival-le-programme\/","og_locale":"fr_FR","og_type":"article","og_title":"8e Waterloo Historical Film Festival, le programme - We Love Cinema","og_description":"De nombreuses personnalit\u00e9s belges seront pr\u00e9sentes \u00e0 l&rsquo;occasion de la 8e \u00e9dition du Waterloo Historical Film Festival, qui se tiendra du 15 au 18 octobre prochains. Parmi les films pr\u00e9sent\u00e9s Hors comp\u00e9tition, on rel\u00e8vera notamment Des hommes, le nouveau film de Lucas Belvaux dont nous vous parlions ici, et qui parle des s\u00e9quelles de la &hellip;","og_url":"https:\/\/welovecinema.be\/fr\/8e-waterloo-historical-film-festival-le-programme\/","og_site_name":"We Love Cinema","article_publisher":"https:\/\/www.facebook.com\/welovecinema.be","article_published_time":"2020-10-14T07:40:35+00:00","article_modified_time":"2020-10-14T07:41:07+00:00","og_image":[{"width":1100,"height":649,"url":"https:\/\/welovecinema.be\/wp-content\/uploads\/sites\/2\/2020\/10\/2020-10-13-08_56_24-Accueil-_-WaHFF-1100x715-1.jpg","type":"image\/jpeg"}],"author":"Aurore Engelen","twitter_card":"summary_large_image","twitter_misc":{"\u00c9crit par":"Aurore Engelen","Dur\u00e9e de lecture estim\u00e9e":"1 minute"},"schema":{"@context":"https:\/\/schema.org","@graph":[{"@type":"Article","@id":"https:\/\/welovecinema.be\/fr\/8e-waterloo-historical-film-festival-le-programme\/#article","isPartOf":{"@id":"https:\/\/welovecinema.be\/fr\/8e-waterloo-historical-film-festival-le-programme\/"},"author":{"name":"Aurore Engelen","@id":"https:\/\/welovecinema.be\/nl\/#\/schema\/person\/8084b68c6b176142d073695c654dc7cf"},"headline":"8e Waterloo Historical Film Festival, le programme","datePublished":"2020-10-14T07:40:35+00:00","dateModified":"2020-10-14T07:41:07+00:00","mainEntityOfPage":{"@id":"https:\/\/welovecinema.be\/fr\/8e-waterloo-historical-film-festival-le-programme\/"},"wordCount":281,"publisher":{"@id":"https:\/\/welovecinema.be\/nl\/#organization"},"articleSection":["Evenements"],"inLanguage":"fr-FR"},{"@type":"WebPage","@id":"https:\/\/welovecinema.be\/fr\/8e-waterloo-historical-film-festival-le-programme\/","url":"https:\/\/welovecinema.be\/fr\/8e-waterloo-historical-film-festival-le-programme\/","name":"8e Waterloo Historical Film Festival, le programme - We Love Cinema","isPartOf":{"@id":"https:\/\/welovecinema.be\/nl\/#website"},"datePublished":"2020-10-14T07:40:35+00:00","dateModified":"2020-10-14T07:41:07+00:00","breadcrumb":{"@id":"https:\/\/welovecinema.be\/fr\/8e-waterloo-historical-film-festival-le-programme\/#breadcrumb"},"inLanguage":"fr-FR","potentialAction":[{"@type":"ReadAction","target":["https:\/\/welovecinema.be\/fr\/8e-waterloo-historical-film-festival-le-programme\/"]}]},{"@type":"BreadcrumbList","@id":"https:\/\/welovecinema.be\/fr\/8e-waterloo-historical-film-festival-le-programme\/#breadcrumb","itemListElement":[{"@type":"ListItem","position":1,"name":"Accueil","item":"https:\/\/welovecinema.be\/fr\/"},{"@type":"ListItem","position":2,"name":"8e Waterloo Historical Film Festival, le programme"}]},{"@type":"WebSite","@id":"https:\/\/welovecinema.be\/nl\/#website","url":"https:\/\/welovecinema.be\/nl\/","name":"We Love Cinema","description":"Toute l\u2019information du cin\u00e9ma en Belgique","publisher":{"@id":"https:\/\/welovecinema.be\/nl\/#organization"},"potentialAction":[{"@type":"SearchAction","target":{"@type":"EntryPoint","urlTemplate":"https:\/\/welovecinema.be\/nl\/?s={search_term_string}"},"query-input":"required name=search_term_string"}],"inLanguage":"fr-FR"},{"@type":"Organization","@id":"https:\/\/welovecinema.be\/nl\/#organization","name":"We Love Cinema","url":"https:\/\/welovecinema.be\/nl\/","logo":{"@type":"ImageObject","inLanguage":"fr-FR","@id":"https:\/\/welovecinema.be\/nl\/#\/schema\/logo\/image\/","url":"https:\/\/welovecinema.be\/wp-content\/uploads\/sites\/2\/2023\/03\/Logo-We-Love-Cinema305x128.jpg","contentUrl":"https:\/\/welovecinema.be\/wp-content\/uploads\/sites\/2\/2023\/03\/Logo-We-Love-Cinema305x128.jpg","width":305,"height":128,"caption":"We Love Cinema"},"image":{"@id":"https:\/\/welovecinema.be\/nl\/#\/schema\/logo\/image\/"},"sameAs":["https:\/\/www.facebook.com\/welovecinema.be","https:\/\/www.youtube.com\/channel\/UCX5LYGVhnKvYauW4Nta4HJA","https:\/\/www.instagram.com\/welovecinema.be\/"]},{"@type":"Person","@id":"https:\/\/welovecinema.be\/nl\/#\/schema\/person\/8084b68c6b176142d073695c654dc7cf","name":"Aurore Engelen","url":"https:\/\/welovecinema.be\/fr\/author\/aurore-engelen\/"}]}},"_links":{"self":[{"href":"https:\/\/welovecinema.be\/fr\/wp-json\/wp\/v2\/posts\/232475","targetHints":{"allow":["GET"]}}],"collection":[{"href":"https:\/\/welovecinema.be\/fr\/wp-json\/wp\/v2\/posts"}],"about":[{"href":"https:\/\/welovecinema.be\/fr\/wp-json\/wp\/v2\/types\/post"}],"author":[{"embeddable":true,"href":"https:\/\/welovecinema.be\/fr\/wp-json\/wp\/v2\/users\/343"}],"replies":[{"embeddable":true,"href":"https:\/\/welovecinema.be\/fr\/wp-json\/wp\/v2\/comments?post=232475"}],"version-history":[{"count":0,"href":"https:\/\/welovecinema.be\/fr\/wp-json\/wp\/v2\/posts\/232475\/revisions"}],"wp:featuredmedia":[{"embeddable":true,"href":"https:\/\/welovecinema.be\/fr\/wp-json\/wp\/v2\/media\/232478"}],"wp:attachment":[{"href":"https:\/\/welovecinema.be\/fr\/wp-json\/wp\/v2\/media?parent=232475"}],"wp:term":[{"taxonomy":"category","embeddable":true,"href":"https:\/\/welovecinema.be\/fr\/wp-json\/wp\/v2\/categories?post=232475"},{"taxonomy":"post_tag","embeddable":true,"href":"https:\/\/welovecinema.be\/fr\/wp-json\/wp\/v2\/tags?post=232475"}],"curies":[{"name":"wp","href":"https:\/\/api.w.org\/{rel}","templated":true}]}}