{"id":232468,"date":"2020-10-14T09:10:20","date_gmt":"2020-10-14T07:10:20","guid":{"rendered":"https:\/\/www.cinevox.be\/?p=232468"},"modified":"2020-10-14T14:21:34","modified_gmt":"2020-10-14T12:21:34","slug":"cest-lheure-du-gouter-avec-la-chouette-en-toque","status":"publish","type":"post","link":"https:\/\/welovecinema.be\/fr\/cest-lheure-du-gouter-avec-la-chouette-en-toque\/","title":{"rendered":"C&rsquo;est l&rsquo;heure du go\u00fbter avec \u00ab\u00a0La Chouette en toque\u00a0\u00bb"},"content":{"rendered":"<p><strong>La Chouette du cin\u00e9ma est de retour avec <em>La Chouette en toque<\/em>, et s&rsquo;int\u00e9resse cette fois avec malice et humour \u00e0 la cha\u00eene alimentaire. Elle invite ainsi les enfants \u00e0 la p\u00e2tisserie et \u00e9voque la valeur affective de notre nourriture.<\/strong><\/p>\n<p>Une fois de plus, les courts r\u00e9cits qui rythment ce programme se d\u00e9ploient avec diversit\u00e9, adoptant le style de leurs diff\u00e9rent\u00b7es auteurs et autrices. Entre animation 2D et technique du papier d\u00e9coup\u00e9, ils passent de l\u2019adaptation d\u2019un conte japonais burlesque \u00e0 une chanson populaire vieille de cent cinquante ans !<\/p>\n<p><iframe loading=\"lazy\" title=\"LA CHOUETTE EN TOQUE Bande Annonce en Fran\u00e7ais (Dessin Anim\u00e9, 2020)\" width=\"618\" height=\"348\" src=\"https:\/\/www.youtube.com\/embed\/mduKJxiq2dE?feature=oembed\" frameborder=\"0\" allow=\"accelerometer; autoplay; clipboard-write; encrypted-media; gyroscope; picture-in-picture; web-share\" referrerpolicy=\"strict-origin-when-cross-origin\" allowfullscreen><\/iframe><\/p>\n<p><em>La Petite grenouille \u00e0 grande bouche<\/em> a ainsi inspir\u00e9 C\u00e9lia Tocco, et permet aux plus petits de d\u00e9couvrir le concept de la cha\u00eene alimentaire en se posant cette question: qui mange qui?<\/p>\n<p>Dans <em>Le Petit poussin roux<\/em>, C\u00e9lia Tisserant suit les aventures d&rsquo;un petit apprenti p\u00e2tissier, qui au fil de l&rsquo;\u00e9laboration de sa recette, d\u00e9couvre l&rsquo;origine des aliments du quotidien.<\/p>\n<p>Frits Standaert et sa <em>Cerise sur le g\u00e2teau<\/em> s&rsquo;interrogent sur le rapport affectif que l&rsquo;on peut entretenir avec la nourriture, sur le danger des exc\u00e8s &#8211; et l&rsquo;importance de l&rsquo;exercice physique!<\/p>\n<p><img loading=\"lazy\" decoding=\"async\" class=\"alignnone size-large wp-image-232472\" src=\"https:\/\/www.cinevox.be\/wp-content\/uploads\/sites\/2\/2020\/10\/chouette-800x449.jpg\" alt=\"\" width=\"618\" height=\"347\" srcset=\"https:\/\/welovecinema.be\/wp-content\/uploads\/sites\/2\/2020\/10\/chouette-800x449.jpg 800w, https:\/\/welovecinema.be\/wp-content\/uploads\/sites\/2\/2020\/10\/chouette-480x270.jpg 480w, https:\/\/welovecinema.be\/wp-content\/uploads\/sites\/2\/2020\/10\/chouette-200x113.jpg 200w, https:\/\/welovecinema.be\/wp-content\/uploads\/sites\/2\/2020\/10\/chouette-768x431.jpg 768w, https:\/\/welovecinema.be\/wp-content\/uploads\/sites\/2\/2020\/10\/chouette-599x337.jpg 599w, https:\/\/welovecinema.be\/wp-content\/uploads\/sites\/2\/2020\/10\/chouette.jpg 1140w\" sizes=\"auto, (max-width: 618px) 100vw, 618px\" \/><\/p>\n<p><em>L&rsquo;Ours qui avala une mouche<\/em>, r\u00e9alis\u00e9 par Pascale Hecquet, interroge sur la n\u00e9cessit\u00e9 de s&rsquo;interroger sur ce qu&rsquo;on mange, et sur les effets directs que la nourriture peut avoir sur nos corps.<\/p>\n<p>Enfin Pascale Hecquet toujours revisite l&rsquo;air de <em>Dame Tartine<\/em>, illustrant avec jubilation le riche univers gastronomique de la chanson.<\/p>\n<p>En plus des cinq fruits et l\u00e9gumes par jour, voici cinq contes gourmands que la Chouette \u00ab en toque \u00bb a mitonn\u00e9s avec la magie du cin\u00e9ma d\u2019animation, \u00e0 retrouver en salle avec les plus petits d\u00e8s aujourd&rsquo;hui!<\/p>\n","protected":false},"excerpt":{"rendered":"<p>La Chouette du cin\u00e9ma est de retour avec La Chouette en toque, et s&rsquo;int\u00e9resse cette fois avec malice et humour \u00e0 la cha\u00eene alimentaire. Elle invite ainsi les enfants \u00e0 la p\u00e2tisserie et \u00e9voque la valeur affective de notre nourriture. Une fois de plus, les courts r\u00e9cits qui rythment ce programme se d\u00e9ploient avec diversit\u00e9, &hellip;<\/p>\n","protected":false},"author":343,"featured_media":232469,"comment_status":"closed","ping_status":"closed","sticky":false,"template":"","format":"standard","meta":{"ngg_post_thumbnail":0,"footnotes":""},"categories":[10],"tags":[4031,4187],"class_list":["post-232468","post","type-post","status-publish","format-standard","has-post-thumbnail","","category-a-l-affiche","tag-la-chouette-du-cinema","tag-newsletter-fr"],"yoast_head":"<!-- This site is optimized with the Yoast SEO plugin v20.4 - https:\/\/yoast.com\/wordpress\/plugins\/seo\/ -->\n<title>C&#039;est l&#039;heure du go\u00fbter avec &quot;La Chouette en toque&quot; - We Love Cinema<\/title>\n<meta name=\"robots\" content=\"index, follow, max-snippet:-1, max-image-preview:large, max-video-preview:-1\" \/>\n<link rel=\"canonical\" href=\"https:\/\/welovecinema.be\/fr\/cest-lheure-du-gouter-avec-la-chouette-en-toque\/\" \/>\n<meta property=\"og:locale\" content=\"fr_FR\" \/>\n<meta property=\"og:type\" content=\"article\" \/>\n<meta property=\"og:title\" content=\"C&#039;est l&#039;heure du go\u00fbter avec &quot;La Chouette en toque&quot; - We Love Cinema\" \/>\n<meta property=\"og:description\" content=\"La Chouette du cin\u00e9ma est de retour avec La Chouette en toque, et s&rsquo;int\u00e9resse cette fois avec malice et humour \u00e0 la cha\u00eene alimentaire. Elle invite ainsi les enfants \u00e0 la p\u00e2tisserie et \u00e9voque la valeur affective de notre nourriture. Une fois de plus, les courts r\u00e9cits qui rythment ce programme se d\u00e9ploient avec diversit\u00e9, &hellip;\" \/>\n<meta property=\"og:url\" content=\"https:\/\/welovecinema.be\/fr\/cest-lheure-du-gouter-avec-la-chouette-en-toque\/\" \/>\n<meta property=\"og:site_name\" content=\"We Love Cinema\" \/>\n<meta property=\"article:publisher\" content=\"https:\/\/www.facebook.com\/welovecinema.be\" \/>\n<meta property=\"article:published_time\" content=\"2020-10-14T07:10:20+00:00\" \/>\n<meta property=\"article:modified_time\" content=\"2020-10-14T12:21:34+00:00\" \/>\n<meta property=\"og:image\" content=\"https:\/\/welovecinema.be\/wp-content\/uploads\/sites\/2\/2020\/10\/8623749-1600x900-1.jpg\" \/>\n\t<meta property=\"og:image:width\" content=\"1600\" \/>\n\t<meta property=\"og:image:height\" content=\"900\" \/>\n\t<meta property=\"og:image:type\" content=\"image\/jpeg\" \/>\n<meta name=\"author\" content=\"Aurore Engelen\" \/>\n<meta name=\"twitter:card\" content=\"summary_large_image\" \/>\n<meta name=\"twitter:label1\" content=\"\u00c9crit par\" \/>\n\t<meta name=\"twitter:data1\" content=\"Aurore Engelen\" \/>\n\t<meta name=\"twitter:label2\" content=\"Dur\u00e9e de lecture estim\u00e9e\" \/>\n\t<meta name=\"twitter:data2\" content=\"1 minute\" \/>\n<script type=\"application\/ld+json\" class=\"yoast-schema-graph\">{\"@context\":\"https:\/\/schema.org\",\"@graph\":[{\"@type\":\"Article\",\"@id\":\"https:\/\/welovecinema.be\/fr\/cest-lheure-du-gouter-avec-la-chouette-en-toque\/#article\",\"isPartOf\":{\"@id\":\"https:\/\/welovecinema.be\/fr\/cest-lheure-du-gouter-avec-la-chouette-en-toque\/\"},\"author\":{\"name\":\"Aurore Engelen\",\"@id\":\"https:\/\/welovecinema.be\/nl\/#\/schema\/person\/8084b68c6b176142d073695c654dc7cf\"},\"headline\":\"C&rsquo;est l&rsquo;heure du go\u00fbter avec \u00ab\u00a0La Chouette en toque\u00a0\u00bb\",\"datePublished\":\"2020-10-14T07:10:20+00:00\",\"dateModified\":\"2020-10-14T12:21:34+00:00\",\"mainEntityOfPage\":{\"@id\":\"https:\/\/welovecinema.be\/fr\/cest-lheure-du-gouter-avec-la-chouette-en-toque\/\"},\"wordCount\":321,\"publisher\":{\"@id\":\"https:\/\/welovecinema.be\/nl\/#organization\"},\"keywords\":[\"La Chouette du cin\u00e9ma\",\"newsletter\"],\"articleSection\":[\"A l'affiche\"],\"inLanguage\":\"fr-FR\"},{\"@type\":\"WebPage\",\"@id\":\"https:\/\/welovecinema.be\/fr\/cest-lheure-du-gouter-avec-la-chouette-en-toque\/\",\"url\":\"https:\/\/welovecinema.be\/fr\/cest-lheure-du-gouter-avec-la-chouette-en-toque\/\",\"name\":\"C'est l'heure du go\u00fbter avec \\\"La Chouette en toque\\\" - We Love Cinema\",\"isPartOf\":{\"@id\":\"https:\/\/welovecinema.be\/nl\/#website\"},\"datePublished\":\"2020-10-14T07:10:20+00:00\",\"dateModified\":\"2020-10-14T12:21:34+00:00\",\"breadcrumb\":{\"@id\":\"https:\/\/welovecinema.be\/fr\/cest-lheure-du-gouter-avec-la-chouette-en-toque\/#breadcrumb\"},\"inLanguage\":\"fr-FR\",\"potentialAction\":[{\"@type\":\"ReadAction\",\"target\":[\"https:\/\/welovecinema.be\/fr\/cest-lheure-du-gouter-avec-la-chouette-en-toque\/\"]}]},{\"@type\":\"BreadcrumbList\",\"@id\":\"https:\/\/welovecinema.be\/fr\/cest-lheure-du-gouter-avec-la-chouette-en-toque\/#breadcrumb\",\"itemListElement\":[{\"@type\":\"ListItem\",\"position\":1,\"name\":\"Accueil\",\"item\":\"https:\/\/welovecinema.be\/fr\/\"},{\"@type\":\"ListItem\",\"position\":2,\"name\":\"C&rsquo;est l&rsquo;heure du go\u00fbter avec \u00ab\u00a0La Chouette en toque\u00a0\u00bb\"}]},{\"@type\":\"WebSite\",\"@id\":\"https:\/\/welovecinema.be\/nl\/#website\",\"url\":\"https:\/\/welovecinema.be\/nl\/\",\"name\":\"We Love Cinema\",\"description\":\"Toute l\u2019information du cin\u00e9ma en Belgique\",\"publisher\":{\"@id\":\"https:\/\/welovecinema.be\/nl\/#organization\"},\"potentialAction\":[{\"@type\":\"SearchAction\",\"target\":{\"@type\":\"EntryPoint\",\"urlTemplate\":\"https:\/\/welovecinema.be\/nl\/?s={search_term_string}\"},\"query-input\":\"required name=search_term_string\"}],\"inLanguage\":\"fr-FR\"},{\"@type\":\"Organization\",\"@id\":\"https:\/\/welovecinema.be\/nl\/#organization\",\"name\":\"We Love Cinema\",\"url\":\"https:\/\/welovecinema.be\/nl\/\",\"logo\":{\"@type\":\"ImageObject\",\"inLanguage\":\"fr-FR\",\"@id\":\"https:\/\/welovecinema.be\/nl\/#\/schema\/logo\/image\/\",\"url\":\"https:\/\/welovecinema.be\/wp-content\/uploads\/sites\/2\/2023\/03\/Logo-We-Love-Cinema305x128.jpg\",\"contentUrl\":\"https:\/\/welovecinema.be\/wp-content\/uploads\/sites\/2\/2023\/03\/Logo-We-Love-Cinema305x128.jpg\",\"width\":305,\"height\":128,\"caption\":\"We Love Cinema\"},\"image\":{\"@id\":\"https:\/\/welovecinema.be\/nl\/#\/schema\/logo\/image\/\"},\"sameAs\":[\"https:\/\/www.facebook.com\/welovecinema.be\",\"https:\/\/www.youtube.com\/channel\/UCX5LYGVhnKvYauW4Nta4HJA\",\"https:\/\/www.instagram.com\/welovecinema.be\/\"]},{\"@type\":\"Person\",\"@id\":\"https:\/\/welovecinema.be\/nl\/#\/schema\/person\/8084b68c6b176142d073695c654dc7cf\",\"name\":\"Aurore Engelen\",\"url\":\"https:\/\/welovecinema.be\/fr\/author\/aurore-engelen\/\"}]}<\/script>\n<!-- \/ Yoast SEO plugin. -->","yoast_head_json":{"title":"C'est l'heure du go\u00fbter avec \"La Chouette en toque\" - We Love Cinema","robots":{"index":"index","follow":"follow","max-snippet":"max-snippet:-1","max-image-preview":"max-image-preview:large","max-video-preview":"max-video-preview:-1"},"canonical":"https:\/\/welovecinema.be\/fr\/cest-lheure-du-gouter-avec-la-chouette-en-toque\/","og_locale":"fr_FR","og_type":"article","og_title":"C'est l'heure du go\u00fbter avec \"La Chouette en toque\" - We Love Cinema","og_description":"La Chouette du cin\u00e9ma est de retour avec La Chouette en toque, et s&rsquo;int\u00e9resse cette fois avec malice et humour \u00e0 la cha\u00eene alimentaire. Elle invite ainsi les enfants \u00e0 la p\u00e2tisserie et \u00e9voque la valeur affective de notre nourriture. Une fois de plus, les courts r\u00e9cits qui rythment ce programme se d\u00e9ploient avec diversit\u00e9, &hellip;","og_url":"https:\/\/welovecinema.be\/fr\/cest-lheure-du-gouter-avec-la-chouette-en-toque\/","og_site_name":"We Love Cinema","article_publisher":"https:\/\/www.facebook.com\/welovecinema.be","article_published_time":"2020-10-14T07:10:20+00:00","article_modified_time":"2020-10-14T12:21:34+00:00","og_image":[{"width":1600,"height":900,"url":"https:\/\/welovecinema.be\/wp-content\/uploads\/sites\/2\/2020\/10\/8623749-1600x900-1.jpg","type":"image\/jpeg"}],"author":"Aurore Engelen","twitter_card":"summary_large_image","twitter_misc":{"\u00c9crit par":"Aurore Engelen","Dur\u00e9e de lecture estim\u00e9e":"1 minute"},"schema":{"@context":"https:\/\/schema.org","@graph":[{"@type":"Article","@id":"https:\/\/welovecinema.be\/fr\/cest-lheure-du-gouter-avec-la-chouette-en-toque\/#article","isPartOf":{"@id":"https:\/\/welovecinema.be\/fr\/cest-lheure-du-gouter-avec-la-chouette-en-toque\/"},"author":{"name":"Aurore Engelen","@id":"https:\/\/welovecinema.be\/nl\/#\/schema\/person\/8084b68c6b176142d073695c654dc7cf"},"headline":"C&rsquo;est l&rsquo;heure du go\u00fbter avec \u00ab\u00a0La Chouette en toque\u00a0\u00bb","datePublished":"2020-10-14T07:10:20+00:00","dateModified":"2020-10-14T12:21:34+00:00","mainEntityOfPage":{"@id":"https:\/\/welovecinema.be\/fr\/cest-lheure-du-gouter-avec-la-chouette-en-toque\/"},"wordCount":321,"publisher":{"@id":"https:\/\/welovecinema.be\/nl\/#organization"},"keywords":["La Chouette du cin\u00e9ma","newsletter"],"articleSection":["A l'affiche"],"inLanguage":"fr-FR"},{"@type":"WebPage","@id":"https:\/\/welovecinema.be\/fr\/cest-lheure-du-gouter-avec-la-chouette-en-toque\/","url":"https:\/\/welovecinema.be\/fr\/cest-lheure-du-gouter-avec-la-chouette-en-toque\/","name":"C'est l'heure du go\u00fbter avec \"La Chouette en toque\" - We Love Cinema","isPartOf":{"@id":"https:\/\/welovecinema.be\/nl\/#website"},"datePublished":"2020-10-14T07:10:20+00:00","dateModified":"2020-10-14T12:21:34+00:00","breadcrumb":{"@id":"https:\/\/welovecinema.be\/fr\/cest-lheure-du-gouter-avec-la-chouette-en-toque\/#breadcrumb"},"inLanguage":"fr-FR","potentialAction":[{"@type":"ReadAction","target":["https:\/\/welovecinema.be\/fr\/cest-lheure-du-gouter-avec-la-chouette-en-toque\/"]}]},{"@type":"BreadcrumbList","@id":"https:\/\/welovecinema.be\/fr\/cest-lheure-du-gouter-avec-la-chouette-en-toque\/#breadcrumb","itemListElement":[{"@type":"ListItem","position":1,"name":"Accueil","item":"https:\/\/welovecinema.be\/fr\/"},{"@type":"ListItem","position":2,"name":"C&rsquo;est l&rsquo;heure du go\u00fbter avec \u00ab\u00a0La Chouette en toque\u00a0\u00bb"}]},{"@type":"WebSite","@id":"https:\/\/welovecinema.be\/nl\/#website","url":"https:\/\/welovecinema.be\/nl\/","name":"We Love Cinema","description":"Toute l\u2019information du cin\u00e9ma en Belgique","publisher":{"@id":"https:\/\/welovecinema.be\/nl\/#organization"},"potentialAction":[{"@type":"SearchAction","target":{"@type":"EntryPoint","urlTemplate":"https:\/\/welovecinema.be\/nl\/?s={search_term_string}"},"query-input":"required name=search_term_string"}],"inLanguage":"fr-FR"},{"@type":"Organization","@id":"https:\/\/welovecinema.be\/nl\/#organization","name":"We Love Cinema","url":"https:\/\/welovecinema.be\/nl\/","logo":{"@type":"ImageObject","inLanguage":"fr-FR","@id":"https:\/\/welovecinema.be\/nl\/#\/schema\/logo\/image\/","url":"https:\/\/welovecinema.be\/wp-content\/uploads\/sites\/2\/2023\/03\/Logo-We-Love-Cinema305x128.jpg","contentUrl":"https:\/\/welovecinema.be\/wp-content\/uploads\/sites\/2\/2023\/03\/Logo-We-Love-Cinema305x128.jpg","width":305,"height":128,"caption":"We Love Cinema"},"image":{"@id":"https:\/\/welovecinema.be\/nl\/#\/schema\/logo\/image\/"},"sameAs":["https:\/\/www.facebook.com\/welovecinema.be","https:\/\/www.youtube.com\/channel\/UCX5LYGVhnKvYauW4Nta4HJA","https:\/\/www.instagram.com\/welovecinema.be\/"]},{"@type":"Person","@id":"https:\/\/welovecinema.be\/nl\/#\/schema\/person\/8084b68c6b176142d073695c654dc7cf","name":"Aurore Engelen","url":"https:\/\/welovecinema.be\/fr\/author\/aurore-engelen\/"}]}},"_links":{"self":[{"href":"https:\/\/welovecinema.be\/fr\/wp-json\/wp\/v2\/posts\/232468","targetHints":{"allow":["GET"]}}],"collection":[{"href":"https:\/\/welovecinema.be\/fr\/wp-json\/wp\/v2\/posts"}],"about":[{"href":"https:\/\/welovecinema.be\/fr\/wp-json\/wp\/v2\/types\/post"}],"author":[{"embeddable":true,"href":"https:\/\/welovecinema.be\/fr\/wp-json\/wp\/v2\/users\/343"}],"replies":[{"embeddable":true,"href":"https:\/\/welovecinema.be\/fr\/wp-json\/wp\/v2\/comments?post=232468"}],"version-history":[{"count":0,"href":"https:\/\/welovecinema.be\/fr\/wp-json\/wp\/v2\/posts\/232468\/revisions"}],"wp:featuredmedia":[{"embeddable":true,"href":"https:\/\/welovecinema.be\/fr\/wp-json\/wp\/v2\/media\/232469"}],"wp:attachment":[{"href":"https:\/\/welovecinema.be\/fr\/wp-json\/wp\/v2\/media?parent=232468"}],"wp:term":[{"taxonomy":"category","embeddable":true,"href":"https:\/\/welovecinema.be\/fr\/wp-json\/wp\/v2\/categories?post=232468"},{"taxonomy":"post_tag","embeddable":true,"href":"https:\/\/welovecinema.be\/fr\/wp-json\/wp\/v2\/tags?post=232468"}],"curies":[{"name":"wp","href":"https:\/\/api.w.org\/{rel}","templated":true}]}}