{"id":232458,"date":"2020-10-13T09:39:12","date_gmt":"2020-10-13T07:39:12","guid":{"rendered":"https:\/\/www.cinevox.be\/?p=232458"},"modified":"2020-10-14T09:11:02","modified_gmt":"2020-10-14T07:11:02","slug":"profession-du-pere-parolier","status":"publish","type":"post","link":"https:\/\/welovecinema.be\/fr\/profession-du-pere-parolier\/","title":{"rendered":"Profession du p\u00e8re: \u00ab\u00a0Parolier\u00a0\u00bb"},"content":{"rendered":"<div id=\"synopsis\">\n<div class=\"page\" title=\"Page 2\">\n<div class=\"layoutArea\">\n<div class=\"column\">\n<p><strong>Avec <em>Parolier<\/em>, Rachel Marino livre le portrait tendre et intime de son p\u00e8re, po\u00e8te au foyer, orf\u00e8vre de la langue fran\u00e7aise, petit immigr\u00e9 italien, sp\u00e9cialiste de la chanson d&rsquo;amour.<\/strong><\/p>\n<p>Rosario Marino, immigre\u0301 italien, ouvrier, puis parolier de chansons de varie\u0301te\u0301 a\u0300 succe\u0300s. Un homme qui a quitte\u0301 l\u2019usine pour vivre de sa plume. Pourtant tre\u0300s proche de son pe\u0300re, Rachel Marino a souvent pense\u0301 qu\u2019il ne connaissait pas vraiment son travail. Puis, elle s\u2019est demande\u0301e si elle connaissait le sien.<\/p>\n<p><iframe loading=\"lazy\" title=\"Parolier \/ Rachel Marino \/ 2020 \/ Trailer EN\" src=\"https:\/\/player.vimeo.com\/video\/383519672?dnt=1&amp;app_id=122963\" width=\"618\" height=\"348\" frameborder=\"0\" allow=\"autoplay; fullscreen; picture-in-picture; clipboard-write; encrypted-media\"><\/iframe><\/p>\n<h4>\u00ab\u00a0Je suis Rachel, la fille de Rosario\u00a0\u00bb.<\/h4>\n<p>D\u00e8s son commencement, le film convoque le registre de l&rsquo;intime et de la saga familiale. Un film \u00e0 la deuxi\u00e8me personne du singulier, un film d&rsquo;amour filial et paternel. Et d&rsquo;amour justement, il en sera question. D&rsquo;amour, ou plut\u00f4t de ses mots. Car Rachel, form\u00e9e au th\u00e9\u00e2tre, \u00e0 l&rsquo;art et au design, s&rsquo;aper\u00e7oit qu&rsquo;elle n&rsquo;a jamais explor\u00e9 tout un pan de la vie de son p\u00e8re. Son papa, qui travaillait \u00e0 la maison, qui travaille au jardin, qui a toujours \u00e9t\u00e9 l\u00e0 pour sa fille, celui-l\u00e0 m\u00eame a \u00e9crit 417 chansons d&rsquo;amour, rempli 18 cahiers de paroles. Il est \u00e0 l&rsquo;origine d&rsquo;une vingtaine de disques d&rsquo;or, a vendu des millions de disques. Et c&rsquo;est m\u00eame gr\u00e2ce \u00e0 lui que la Belgique a remport\u00e9 son seul titre de l&rsquo;Eurovision.<\/p>\n<h4>Ses heures de gloire&#8230;<\/h4>\n<p>Mais qu&rsquo;est-ce qui se cache derri\u00e8re les paillettes et les reflets dor\u00e9s de sa discographie? De l&rsquo;artisanat, et m\u00eame de l&rsquo;orf\u00e8vrerie. Rosario \u00e9crit des chansons d&rsquo;amour, des chansons populaires, des hymnes chamallow interpr\u00e9t\u00e9s par le latin lover de la Belgique des ann\u00e9es 70, Fr\u00e9d\u00e9ric Fran\u00e7ois. Le fruit d&rsquo;une amiti\u00e9 improbable, entre un petit gar\u00e7on de 11 ans qui \u00e9crit des po\u00e8mes dans ses cahiers d&rsquo;\u00e9colier, et un grand de 17 ans, pendu \u00e0 sa guitare, qui offre au jeune Marino le plus beau des cadeaux: mettre ses textes en trois dimensions.<\/p>\n<p><img loading=\"lazy\" decoding=\"async\" class=\"alignnone size-large wp-image-232462\" src=\"https:\/\/www.cinevox.be\/wp-content\/uploads\/sites\/2\/2020\/10\/Capture-d\u2019e\u0301cran-2020-10-13-a\u0300-09.37.48-800x415.png\" alt=\"\" width=\"618\" height=\"321\" srcset=\"https:\/\/welovecinema.be\/wp-content\/uploads\/sites\/2\/2020\/10\/Capture-d\u2019e\u0301cran-2020-10-13-a\u0300-09.37.48-800x415.png 800w, https:\/\/welovecinema.be\/wp-content\/uploads\/sites\/2\/2020\/10\/Capture-d\u2019e\u0301cran-2020-10-13-a\u0300-09.37.48-480x249.png 480w, https:\/\/welovecinema.be\/wp-content\/uploads\/sites\/2\/2020\/10\/Capture-d\u2019e\u0301cran-2020-10-13-a\u0300-09.37.48-768x399.png 768w, https:\/\/welovecinema.be\/wp-content\/uploads\/sites\/2\/2020\/10\/Capture-d\u2019e\u0301cran-2020-10-13-a\u0300-09.37.48-1536x798.png 1536w, https:\/\/welovecinema.be\/wp-content\/uploads\/sites\/2\/2020\/10\/Capture-d\u2019e\u0301cran-2020-10-13-a\u0300-09.37.48.png 1552w\" sizes=\"auto, (max-width: 618px) 100vw, 618px\" \/><\/p>\n<p>A eux deux, ils dynamitent le top 50, et encha\u00eenent les disques d&rsquo;or. Artisan de l&rsquo;ombre, Rosario go\u00fbte de temps \u00e0 autre \u00e0 la lumi\u00e8re des projecteurs et au reflet des paillettes. On l&rsquo;aper\u00e7oit chez Guy Lux, sur un plateau TV. Bien s\u00fbr, le succ\u00e8s n&rsquo;a qu&rsquo;un temps. Fr\u00e9d\u00e9ric doit se r\u00e9inventer, \u00e7a passe par un changement de parolier. Rosario lui continue \u00e0 faire ce qu&rsquo;il fait de mieux: \u00e9crire des chansons simples, et reproduire sans cesse ce petit miracle: raconter l&rsquo;histoire des autres sans m\u00eame les conna\u00eetre.<\/p>\n<p>Fast forward en 1986. Rosario se retrouve \u00e0 Oslo, avec son costume 80s et une jeune fille de 13 ans qui vient de remporter le concours Eurovision, avec l&rsquo;un de ses chansons, J&rsquo;aime la vie. Autre \u00e9poque, autre gloire.<\/p>\n<p>Mais la vraie gloire de Rosario, c&rsquo;est surement sa modestie.<\/p>\n<h4>L&rsquo;art du \u00ab\u00a0bien parler\u00a0\u00bb<\/h4>\n<p>Il faut dire qu&rsquo;il vient de loin, le petit Rosario. D\u00e9barqu\u00e9 en Belgique \u00e0 l&rsquo;\u00e2ge de trois ans, il a quitt\u00e9 l&rsquo;Italie, le soleil, la mer, les fruits, pour ce pays froid et gris, o\u00f9 il commence par performer le destin traditionnel d&rsquo;un enfant d&rsquo;immigr\u00e9 italien. Il embauche \u00e0 l&rsquo;usine, comme les autres. Le soir, cependant, il \u00e9crit. Peut-\u00eatre est-ce un besoin de revanche, de reconnaissance pour cet enfant de mineur? Alors qu&rsquo;\u00e0 l&rsquo;\u00e9poque on parle souvent italien dans les foyers de la r\u00e9gion, la m\u00e8re de Rosario s&#8217;emploie \u00e0 s&rsquo;assurer que ses enfants soient assidus \u00e0 l&rsquo;\u00e9cole, et ma\u00eetrisent le fran\u00e7ais. Rosario ira plus loin encore&#8230;<\/p>\n<p><img loading=\"lazy\" decoding=\"async\" class=\"alignnone size-full wp-image-232464\" src=\"https:\/\/www.cinevox.be\/wp-content\/uploads\/sites\/2\/2020\/10\/Parolier.jpg\" alt=\"\" width=\"800\" height=\"450\" srcset=\"https:\/\/welovecinema.be\/wp-content\/uploads\/sites\/2\/2020\/10\/Parolier.jpg 800w, https:\/\/welovecinema.be\/wp-content\/uploads\/sites\/2\/2020\/10\/Parolier-480x270.jpg 480w, https:\/\/welovecinema.be\/wp-content\/uploads\/sites\/2\/2020\/10\/Parolier-200x113.jpg 200w, https:\/\/welovecinema.be\/wp-content\/uploads\/sites\/2\/2020\/10\/Parolier-768x432.jpg 768w, https:\/\/welovecinema.be\/wp-content\/uploads\/sites\/2\/2020\/10\/Parolier-599x337.jpg 599w\" sizes=\"auto, (max-width: 800px) 100vw, 800px\" \/><\/p>\n<h4>Une vie anim\u00e9e<\/h4>\n<p>Comment raconter celui qui \u00e9crit, qui rature, qui compte les pieds et cherche les rimes? Pour mettre en image les mots de son p\u00e8re, leur rythme et leur po\u00e9sie, Rachel Marino diss\u00e9mine dans son film de nombreuses petites s\u00e9quences anim\u00e9es, certaines dessin\u00e9es, d&rsquo;autres en stop motion. Les crayons prennent vie, les carnets d&rsquo;\u00e9colier se multiplient. Ces courtes sc\u00e8nes permettent de dresser un parall\u00e8le entre la fille et le p\u00e8re, leurs deux cr\u00e9ativit\u00e9s, et de d\u00e9doubler le dialogue instaur\u00e9 entre le p\u00e8re et la fille.<\/p>\n<p>Parolier sera projet\u00e9 ce soir en avant-premi\u00e8re au cin\u00e9ma Palace \u00e0 Bruxelles, o\u00f9 il sera ensuite diffus\u00e9 pendant deux semaines. On pourra \u00e9galement le voir le 18\/10 \u00e0 Nivelles, le 15\/12 au Parc \u00e0 Li\u00e8ge, et en d\u00e9cembre au Plaza Art \u00e0 Mons.<\/p>\n<p>&nbsp;<\/p>\n<\/div>\n<\/div>\n<\/div>\n<\/div>\n<div id=\"singleleft\" class=\"singleavec\"><\/div>\n","protected":false},"excerpt":{"rendered":"<p>Avec Parolier, Rachel Marino livre le portrait tendre et intime de son p\u00e8re, po\u00e8te au foyer, orf\u00e8vre de la langue fran\u00e7aise, petit immigr\u00e9 italien, sp\u00e9cialiste de la chanson d&rsquo;amour. Rosario Marino, immigre\u0301 italien, ouvrier, puis parolier de chansons de varie\u0301te\u0301 a\u0300 succe\u0300s. Un homme qui a quitte\u0301 l\u2019usine pour vivre de sa plume. Pourtant tre\u0300s &hellip;<\/p>\n","protected":false},"author":343,"featured_media":232460,"comment_status":"closed","ping_status":"closed","sticky":false,"template":"","format":"standard","meta":{"ngg_post_thumbnail":0,"footnotes":""},"categories":[10],"tags":[4187,5432,5433],"class_list":["post-232458","post","type-post","status-publish","format-standard","has-post-thumbnail","","category-a-l-affiche","tag-newsletter-fr","tag-parolier","tag-rachel-marino"],"yoast_head":"<!-- This site is optimized with the Yoast SEO plugin v20.4 - https:\/\/yoast.com\/wordpress\/plugins\/seo\/ -->\n<title>Profession du p\u00e8re: &quot;Parolier&quot; - We Love Cinema<\/title>\n<meta name=\"robots\" content=\"index, follow, max-snippet:-1, max-image-preview:large, max-video-preview:-1\" \/>\n<link rel=\"canonical\" href=\"https:\/\/welovecinema.be\/fr\/profession-du-pere-parolier\/\" \/>\n<meta property=\"og:locale\" content=\"fr_FR\" \/>\n<meta property=\"og:type\" content=\"article\" \/>\n<meta property=\"og:title\" content=\"Profession du p\u00e8re: &quot;Parolier&quot; - We Love Cinema\" \/>\n<meta property=\"og:description\" content=\"Avec Parolier, Rachel Marino livre le portrait tendre et intime de son p\u00e8re, po\u00e8te au foyer, orf\u00e8vre de la langue fran\u00e7aise, petit immigr\u00e9 italien, sp\u00e9cialiste de la chanson d&rsquo;amour. Rosario Marino, immigre\u0301 italien, ouvrier, puis parolier de chansons de varie\u0301te\u0301 a\u0300 succe\u0300s. Un homme qui a quitte\u0301 l\u2019usine pour vivre de sa plume. Pourtant tre\u0300s &hellip;\" \/>\n<meta property=\"og:url\" content=\"https:\/\/welovecinema.be\/fr\/profession-du-pere-parolier\/\" \/>\n<meta property=\"og:site_name\" content=\"We Love Cinema\" \/>\n<meta property=\"article:publisher\" content=\"https:\/\/www.facebook.com\/welovecinema.be\" \/>\n<meta property=\"article:published_time\" content=\"2020-10-13T07:39:12+00:00\" \/>\n<meta property=\"article:modified_time\" content=\"2020-10-14T07:11:02+00:00\" \/>\n<meta property=\"og:image\" content=\"https:\/\/welovecinema.be\/wp-content\/uploads\/sites\/2\/2020\/10\/ParolierBis.jpg\" \/>\n\t<meta property=\"og:image:width\" content=\"1280\" \/>\n\t<meta property=\"og:image:height\" content=\"720\" \/>\n\t<meta property=\"og:image:type\" content=\"image\/jpeg\" \/>\n<meta name=\"author\" content=\"Aurore Engelen\" \/>\n<meta name=\"twitter:card\" content=\"summary_large_image\" \/>\n<meta name=\"twitter:label1\" content=\"\u00c9crit par\" \/>\n\t<meta name=\"twitter:data1\" content=\"Aurore Engelen\" \/>\n\t<meta name=\"twitter:label2\" content=\"Dur\u00e9e de lecture estim\u00e9e\" \/>\n\t<meta name=\"twitter:data2\" content=\"4 minutes\" \/>\n<script type=\"application\/ld+json\" class=\"yoast-schema-graph\">{\"@context\":\"https:\/\/schema.org\",\"@graph\":[{\"@type\":\"Article\",\"@id\":\"https:\/\/welovecinema.be\/fr\/profession-du-pere-parolier\/#article\",\"isPartOf\":{\"@id\":\"https:\/\/welovecinema.be\/fr\/profession-du-pere-parolier\/\"},\"author\":{\"name\":\"Aurore Engelen\",\"@id\":\"https:\/\/welovecinema.be\/nl\/#\/schema\/person\/8084b68c6b176142d073695c654dc7cf\"},\"headline\":\"Profession du p\u00e8re: \u00ab\u00a0Parolier\u00a0\u00bb\",\"datePublished\":\"2020-10-13T07:39:12+00:00\",\"dateModified\":\"2020-10-14T07:11:02+00:00\",\"mainEntityOfPage\":{\"@id\":\"https:\/\/welovecinema.be\/fr\/profession-du-pere-parolier\/\"},\"wordCount\":783,\"publisher\":{\"@id\":\"https:\/\/welovecinema.be\/nl\/#organization\"},\"keywords\":[\"newsletter\",\"Parolier\",\"Rachel Marino\"],\"articleSection\":[\"A l'affiche\"],\"inLanguage\":\"fr-FR\"},{\"@type\":\"WebPage\",\"@id\":\"https:\/\/welovecinema.be\/fr\/profession-du-pere-parolier\/\",\"url\":\"https:\/\/welovecinema.be\/fr\/profession-du-pere-parolier\/\",\"name\":\"Profession du p\u00e8re: \\\"Parolier\\\" - We Love Cinema\",\"isPartOf\":{\"@id\":\"https:\/\/welovecinema.be\/nl\/#website\"},\"datePublished\":\"2020-10-13T07:39:12+00:00\",\"dateModified\":\"2020-10-14T07:11:02+00:00\",\"breadcrumb\":{\"@id\":\"https:\/\/welovecinema.be\/fr\/profession-du-pere-parolier\/#breadcrumb\"},\"inLanguage\":\"fr-FR\",\"potentialAction\":[{\"@type\":\"ReadAction\",\"target\":[\"https:\/\/welovecinema.be\/fr\/profession-du-pere-parolier\/\"]}]},{\"@type\":\"BreadcrumbList\",\"@id\":\"https:\/\/welovecinema.be\/fr\/profession-du-pere-parolier\/#breadcrumb\",\"itemListElement\":[{\"@type\":\"ListItem\",\"position\":1,\"name\":\"Accueil\",\"item\":\"https:\/\/welovecinema.be\/fr\/\"},{\"@type\":\"ListItem\",\"position\":2,\"name\":\"Profession du p\u00e8re: \u00ab\u00a0Parolier\u00a0\u00bb\"}]},{\"@type\":\"WebSite\",\"@id\":\"https:\/\/welovecinema.be\/nl\/#website\",\"url\":\"https:\/\/welovecinema.be\/nl\/\",\"name\":\"We Love Cinema\",\"description\":\"Toute l\u2019information du cin\u00e9ma en Belgique\",\"publisher\":{\"@id\":\"https:\/\/welovecinema.be\/nl\/#organization\"},\"potentialAction\":[{\"@type\":\"SearchAction\",\"target\":{\"@type\":\"EntryPoint\",\"urlTemplate\":\"https:\/\/welovecinema.be\/nl\/?s={search_term_string}\"},\"query-input\":\"required name=search_term_string\"}],\"inLanguage\":\"fr-FR\"},{\"@type\":\"Organization\",\"@id\":\"https:\/\/welovecinema.be\/nl\/#organization\",\"name\":\"We Love Cinema\",\"url\":\"https:\/\/welovecinema.be\/nl\/\",\"logo\":{\"@type\":\"ImageObject\",\"inLanguage\":\"fr-FR\",\"@id\":\"https:\/\/welovecinema.be\/nl\/#\/schema\/logo\/image\/\",\"url\":\"https:\/\/welovecinema.be\/wp-content\/uploads\/sites\/2\/2023\/03\/Logo-We-Love-Cinema305x128.jpg\",\"contentUrl\":\"https:\/\/welovecinema.be\/wp-content\/uploads\/sites\/2\/2023\/03\/Logo-We-Love-Cinema305x128.jpg\",\"width\":305,\"height\":128,\"caption\":\"We Love Cinema\"},\"image\":{\"@id\":\"https:\/\/welovecinema.be\/nl\/#\/schema\/logo\/image\/\"},\"sameAs\":[\"https:\/\/www.facebook.com\/welovecinema.be\",\"https:\/\/www.youtube.com\/channel\/UCX5LYGVhnKvYauW4Nta4HJA\",\"https:\/\/www.instagram.com\/welovecinema.be\/\"]},{\"@type\":\"Person\",\"@id\":\"https:\/\/welovecinema.be\/nl\/#\/schema\/person\/8084b68c6b176142d073695c654dc7cf\",\"name\":\"Aurore Engelen\",\"url\":\"https:\/\/welovecinema.be\/fr\/author\/aurore-engelen\/\"}]}<\/script>\n<!-- \/ Yoast SEO plugin. -->","yoast_head_json":{"title":"Profession du p\u00e8re: \"Parolier\" - We Love Cinema","robots":{"index":"index","follow":"follow","max-snippet":"max-snippet:-1","max-image-preview":"max-image-preview:large","max-video-preview":"max-video-preview:-1"},"canonical":"https:\/\/welovecinema.be\/fr\/profession-du-pere-parolier\/","og_locale":"fr_FR","og_type":"article","og_title":"Profession du p\u00e8re: \"Parolier\" - We Love Cinema","og_description":"Avec Parolier, Rachel Marino livre le portrait tendre et intime de son p\u00e8re, po\u00e8te au foyer, orf\u00e8vre de la langue fran\u00e7aise, petit immigr\u00e9 italien, sp\u00e9cialiste de la chanson d&rsquo;amour. Rosario Marino, immigre\u0301 italien, ouvrier, puis parolier de chansons de varie\u0301te\u0301 a\u0300 succe\u0300s. Un homme qui a quitte\u0301 l\u2019usine pour vivre de sa plume. Pourtant tre\u0300s &hellip;","og_url":"https:\/\/welovecinema.be\/fr\/profession-du-pere-parolier\/","og_site_name":"We Love Cinema","article_publisher":"https:\/\/www.facebook.com\/welovecinema.be","article_published_time":"2020-10-13T07:39:12+00:00","article_modified_time":"2020-10-14T07:11:02+00:00","og_image":[{"width":1280,"height":720,"url":"https:\/\/welovecinema.be\/wp-content\/uploads\/sites\/2\/2020\/10\/ParolierBis.jpg","type":"image\/jpeg"}],"author":"Aurore Engelen","twitter_card":"summary_large_image","twitter_misc":{"\u00c9crit par":"Aurore Engelen","Dur\u00e9e de lecture estim\u00e9e":"4 minutes"},"schema":{"@context":"https:\/\/schema.org","@graph":[{"@type":"Article","@id":"https:\/\/welovecinema.be\/fr\/profession-du-pere-parolier\/#article","isPartOf":{"@id":"https:\/\/welovecinema.be\/fr\/profession-du-pere-parolier\/"},"author":{"name":"Aurore Engelen","@id":"https:\/\/welovecinema.be\/nl\/#\/schema\/person\/8084b68c6b176142d073695c654dc7cf"},"headline":"Profession du p\u00e8re: \u00ab\u00a0Parolier\u00a0\u00bb","datePublished":"2020-10-13T07:39:12+00:00","dateModified":"2020-10-14T07:11:02+00:00","mainEntityOfPage":{"@id":"https:\/\/welovecinema.be\/fr\/profession-du-pere-parolier\/"},"wordCount":783,"publisher":{"@id":"https:\/\/welovecinema.be\/nl\/#organization"},"keywords":["newsletter","Parolier","Rachel Marino"],"articleSection":["A l'affiche"],"inLanguage":"fr-FR"},{"@type":"WebPage","@id":"https:\/\/welovecinema.be\/fr\/profession-du-pere-parolier\/","url":"https:\/\/welovecinema.be\/fr\/profession-du-pere-parolier\/","name":"Profession du p\u00e8re: \"Parolier\" - We Love Cinema","isPartOf":{"@id":"https:\/\/welovecinema.be\/nl\/#website"},"datePublished":"2020-10-13T07:39:12+00:00","dateModified":"2020-10-14T07:11:02+00:00","breadcrumb":{"@id":"https:\/\/welovecinema.be\/fr\/profession-du-pere-parolier\/#breadcrumb"},"inLanguage":"fr-FR","potentialAction":[{"@type":"ReadAction","target":["https:\/\/welovecinema.be\/fr\/profession-du-pere-parolier\/"]}]},{"@type":"BreadcrumbList","@id":"https:\/\/welovecinema.be\/fr\/profession-du-pere-parolier\/#breadcrumb","itemListElement":[{"@type":"ListItem","position":1,"name":"Accueil","item":"https:\/\/welovecinema.be\/fr\/"},{"@type":"ListItem","position":2,"name":"Profession du p\u00e8re: \u00ab\u00a0Parolier\u00a0\u00bb"}]},{"@type":"WebSite","@id":"https:\/\/welovecinema.be\/nl\/#website","url":"https:\/\/welovecinema.be\/nl\/","name":"We Love Cinema","description":"Toute l\u2019information du cin\u00e9ma en Belgique","publisher":{"@id":"https:\/\/welovecinema.be\/nl\/#organization"},"potentialAction":[{"@type":"SearchAction","target":{"@type":"EntryPoint","urlTemplate":"https:\/\/welovecinema.be\/nl\/?s={search_term_string}"},"query-input":"required name=search_term_string"}],"inLanguage":"fr-FR"},{"@type":"Organization","@id":"https:\/\/welovecinema.be\/nl\/#organization","name":"We Love Cinema","url":"https:\/\/welovecinema.be\/nl\/","logo":{"@type":"ImageObject","inLanguage":"fr-FR","@id":"https:\/\/welovecinema.be\/nl\/#\/schema\/logo\/image\/","url":"https:\/\/welovecinema.be\/wp-content\/uploads\/sites\/2\/2023\/03\/Logo-We-Love-Cinema305x128.jpg","contentUrl":"https:\/\/welovecinema.be\/wp-content\/uploads\/sites\/2\/2023\/03\/Logo-We-Love-Cinema305x128.jpg","width":305,"height":128,"caption":"We Love Cinema"},"image":{"@id":"https:\/\/welovecinema.be\/nl\/#\/schema\/logo\/image\/"},"sameAs":["https:\/\/www.facebook.com\/welovecinema.be","https:\/\/www.youtube.com\/channel\/UCX5LYGVhnKvYauW4Nta4HJA","https:\/\/www.instagram.com\/welovecinema.be\/"]},{"@type":"Person","@id":"https:\/\/welovecinema.be\/nl\/#\/schema\/person\/8084b68c6b176142d073695c654dc7cf","name":"Aurore Engelen","url":"https:\/\/welovecinema.be\/fr\/author\/aurore-engelen\/"}]}},"_links":{"self":[{"href":"https:\/\/welovecinema.be\/fr\/wp-json\/wp\/v2\/posts\/232458","targetHints":{"allow":["GET"]}}],"collection":[{"href":"https:\/\/welovecinema.be\/fr\/wp-json\/wp\/v2\/posts"}],"about":[{"href":"https:\/\/welovecinema.be\/fr\/wp-json\/wp\/v2\/types\/post"}],"author":[{"embeddable":true,"href":"https:\/\/welovecinema.be\/fr\/wp-json\/wp\/v2\/users\/343"}],"replies":[{"embeddable":true,"href":"https:\/\/welovecinema.be\/fr\/wp-json\/wp\/v2\/comments?post=232458"}],"version-history":[{"count":0,"href":"https:\/\/welovecinema.be\/fr\/wp-json\/wp\/v2\/posts\/232458\/revisions"}],"wp:featuredmedia":[{"embeddable":true,"href":"https:\/\/welovecinema.be\/fr\/wp-json\/wp\/v2\/media\/232460"}],"wp:attachment":[{"href":"https:\/\/welovecinema.be\/fr\/wp-json\/wp\/v2\/media?parent=232458"}],"wp:term":[{"taxonomy":"category","embeddable":true,"href":"https:\/\/welovecinema.be\/fr\/wp-json\/wp\/v2\/categories?post=232458"},{"taxonomy":"post_tag","embeddable":true,"href":"https:\/\/welovecinema.be\/fr\/wp-json\/wp\/v2\/tags?post=232458"}],"curies":[{"name":"wp","href":"https:\/\/api.w.org\/{rel}","templated":true}]}}