{"id":232356,"date":"2020-10-09T17:53:35","date_gmt":"2020-10-09T15:53:35","guid":{"rendered":"https:\/\/www.cinevox.be\/?p=232356"},"modified":"2020-10-10T15:07:12","modified_gmt":"2020-10-10T13:07:12","slug":"petit-samedi-bayard-dor-du-fiff-2020","status":"publish","type":"post","link":"https:\/\/welovecinema.be\/fr\/petit-samedi-bayard-dor-du-fiff-2020\/","title":{"rendered":"\u00ab\u00a0Petit Samedi\u00a0\u00bb, Bayard d&rsquo;Or du FIFF 2020!"},"content":{"rendered":"<p><strong>Le jury du Festival International du Film Francophone de Namur, pr\u00e9sid\u00e9 par Samuel Benchetrit, et compos\u00e9 de Anne Delseth, Daphn\u00e9 Patakia, Guillaume Senez et Yoann Zimmer, vient d&rsquo;annoncer les laur\u00e9ats de cette 35\u00e9 \u00e9dition!<\/strong><\/p>\n<p>Et le Bayard d&rsquo;Or du Meilleur film a \u00e9t\u00e9 remis \u00e0 <em>Petit samedi<\/em>, documentaire intime et percutant sur l&rsquo;addiction, vue \u00e0 travers un couple terriblement \u00e9mouvant form\u00e9 par une m\u00e8re et son fils, r\u00e9alis\u00e9 par la jeune cin\u00e9aste belge Paloma Sermon Da\u00ef. On vous en parlait notamment <a href=\"https:\/\/www.cinevox.be\/fr\/petit-samedi\/\">ici<\/a>.<\/p>\n<p><em>\u00ab\u00a0Un film absolument magnifique, d&rsquo;une pudeur incroyable, bouleversant, \u00e0 la fois tr\u00e8s dr\u00f4le, merveilleusement film\u00e9\u00a0\u00bb<\/em>, a d\u00e9clar\u00e9 Samuel Benchetrit. Le film a \u00e9galement re\u00e7u le Prix Agn\u00e8s de l&rsquo;imaginaire \u00e9galitaire.<\/p>\n<p>Le Bayard de la Meilleure interpr\u00e9tation a quant \u00e0 \u00e9t\u00e9 remis \u00e0 la com\u00e9dienne belge Virginie Efira, bouleversante d&rsquo;humanit\u00e9, de dr\u00f4lerie et de d\u00e9termination dans <em>Adieu les cons<\/em>, le nouveau film d&rsquo;Albert Dupontel, qui a \u00e9galement re\u00e7u le Prix du public fiction du Festival, et qui sortira le 21 octobre prochain en Belgique.<\/p>\n<p><img loading=\"lazy\" decoding=\"async\" class=\"alignnone size-large wp-image-232357\" src=\"https:\/\/www.cinevox.be\/wp-content\/uploads\/sites\/2\/2020\/10\/121151799_3506403822752797_1627883320803786307_o-800x600.jpg\" alt=\"\" width=\"618\" height=\"464\" srcset=\"https:\/\/welovecinema.be\/wp-content\/uploads\/sites\/2\/2020\/10\/121151799_3506403822752797_1627883320803786307_o-800x600.jpg 800w, https:\/\/welovecinema.be\/wp-content\/uploads\/sites\/2\/2020\/10\/121151799_3506403822752797_1627883320803786307_o-360x270.jpg 360w, https:\/\/welovecinema.be\/wp-content\/uploads\/sites\/2\/2020\/10\/121151799_3506403822752797_1627883320803786307_o-768x576.jpg 768w, https:\/\/welovecinema.be\/wp-content\/uploads\/sites\/2\/2020\/10\/121151799_3506403822752797_1627883320803786307_o-1536x1152.jpg 1536w, https:\/\/welovecinema.be\/wp-content\/uploads\/sites\/2\/2020\/10\/121151799_3506403822752797_1627883320803786307_o.jpg 1667w\" sizes=\"auto, (max-width: 618px) 100vw, 618px\" \/><\/p>\n<p>&nbsp;<\/p>\n<p>Notons que le Jury a \u00e9galement remis deux mentions, \u00e0 <em>La Nuit des Rois<\/em> de Philippe Lac\u00f4te, et \u00e0 <em>Si le vent tombe<\/em> de Nora Martirosyan, un film coproduit en Belgique par Kwassa films, et que le Prix du Jury documentaire a \u00e9t\u00e9 attribu\u00e9 \u00e0 <em>China Dream<\/em> de Hugo Brilmaker et Thomas Licata.<\/p>\n<figure id=\"attachment_232359\" aria-describedby=\"caption-attachment-232359\" style=\"width: 618px\" class=\"wp-caption alignnone\"><img loading=\"lazy\" decoding=\"async\" class=\"wp-image-232359 size-large\" src=\"https:\/\/www.cinevox.be\/wp-content\/uploads\/sites\/2\/2020\/10\/ChinaDream-800x397.png\" alt=\"\" width=\"618\" height=\"307\" srcset=\"https:\/\/welovecinema.be\/wp-content\/uploads\/sites\/2\/2020\/10\/ChinaDream-800x397.png 800w, https:\/\/welovecinema.be\/wp-content\/uploads\/sites\/2\/2020\/10\/ChinaDream-480x238.png 480w, https:\/\/welovecinema.be\/wp-content\/uploads\/sites\/2\/2020\/10\/ChinaDream-768x381.png 768w, https:\/\/welovecinema.be\/wp-content\/uploads\/sites\/2\/2020\/10\/ChinaDream.png 1365w\" sizes=\"auto, (max-width: 618px) 100vw, 618px\" \/><figcaption id=\"caption-attachment-232359\" class=\"wp-caption-text\">\u00ab\u00a0China Dream\u00a0\u00bb de Hugo Brilmaker et Thomas Licata<\/figcaption><\/figure>\n<p>Le Bayard sp\u00e9cial du Jury a \u00e9t\u00e9 remis \u00e0 <em>Josep<\/em>, premier long m\u00e9trage d&rsquo;animation du dessinateur Aurel, le Bayard du Meilleur sc\u00e9nario \u00e0 Antoaneta Opri\u0219 et Alexander Nanau pour <em>Collectiv<\/em> d&rsquo;Alexander Nanau, et le Bayard de la Meilleure cin\u00e9matographie \u00e0 Yann Maritaud pour <em>Slalom<\/em> de Charl\u00e8ne Favier.<\/p>\n","protected":false},"excerpt":{"rendered":"<p>Le jury du Festival International du Film Francophone de Namur, pr\u00e9sid\u00e9 par Samuel Benchetrit, et compos\u00e9 de Anne Delseth, Daphn\u00e9 Patakia, Guillaume Senez et Yoann Zimmer, vient d&rsquo;annoncer les laur\u00e9ats de cette 35\u00e9 \u00e9dition! Et le Bayard d&rsquo;Or du Meilleur film a \u00e9t\u00e9 remis \u00e0 Petit samedi, documentaire intime et percutant sur l&rsquo;addiction, vue \u00e0 &hellip;<\/p>\n","protected":false},"author":343,"featured_media":232361,"comment_status":"closed","ping_status":"closed","sticky":false,"template":"","format":"standard","meta":{"ngg_post_thumbnail":0,"footnotes":""},"categories":[12],"tags":[2100,4187,1904],"class_list":["post-232356","post","type-post","status-publish","format-standard","has-post-thumbnail","","category-awards","tag-festival-de-namur","tag-newsletter-fr","tag-virginie-efira"],"yoast_head":"<!-- This site is optimized with the Yoast SEO plugin v20.4 - https:\/\/yoast.com\/wordpress\/plugins\/seo\/ -->\n<title>&quot;Petit Samedi&quot;, Bayard d&#039;Or du FIFF 2020! - We Love Cinema<\/title>\n<meta name=\"robots\" content=\"index, follow, max-snippet:-1, max-image-preview:large, max-video-preview:-1\" \/>\n<link rel=\"canonical\" href=\"https:\/\/welovecinema.be\/fr\/petit-samedi-bayard-dor-du-fiff-2020\/\" \/>\n<meta property=\"og:locale\" content=\"fr_FR\" \/>\n<meta property=\"og:type\" content=\"article\" \/>\n<meta property=\"og:title\" content=\"&quot;Petit Samedi&quot;, Bayard d&#039;Or du FIFF 2020! - We Love Cinema\" \/>\n<meta property=\"og:description\" content=\"Le jury du Festival International du Film Francophone de Namur, pr\u00e9sid\u00e9 par Samuel Benchetrit, et compos\u00e9 de Anne Delseth, Daphn\u00e9 Patakia, Guillaume Senez et Yoann Zimmer, vient d&rsquo;annoncer les laur\u00e9ats de cette 35\u00e9 \u00e9dition! Et le Bayard d&rsquo;Or du Meilleur film a \u00e9t\u00e9 remis \u00e0 Petit samedi, documentaire intime et percutant sur l&rsquo;addiction, vue \u00e0 &hellip;\" \/>\n<meta property=\"og:url\" content=\"https:\/\/welovecinema.be\/fr\/petit-samedi-bayard-dor-du-fiff-2020\/\" \/>\n<meta property=\"og:site_name\" content=\"We Love Cinema\" \/>\n<meta property=\"article:publisher\" content=\"https:\/\/www.facebook.com\/welovecinema.be\" \/>\n<meta property=\"article:published_time\" content=\"2020-10-09T15:53:35+00:00\" \/>\n<meta property=\"article:modified_time\" content=\"2020-10-10T13:07:12+00:00\" \/>\n<meta property=\"og:image\" content=\"https:\/\/welovecinema.be\/wp-content\/uploads\/sites\/2\/2020\/10\/PetitSamediBayardOr.jpg\" \/>\n\t<meta property=\"og:image:width\" content=\"1667\" \/>\n\t<meta property=\"og:image:height\" content=\"1250\" \/>\n\t<meta property=\"og:image:type\" content=\"image\/jpeg\" \/>\n<meta name=\"author\" content=\"Aurore Engelen\" \/>\n<meta name=\"twitter:card\" content=\"summary_large_image\" \/>\n<meta name=\"twitter:label1\" content=\"\u00c9crit par\" \/>\n\t<meta name=\"twitter:data1\" content=\"Aurore Engelen\" \/>\n\t<meta name=\"twitter:label2\" content=\"Dur\u00e9e de lecture estim\u00e9e\" \/>\n\t<meta name=\"twitter:data2\" content=\"1 minute\" \/>\n<script type=\"application\/ld+json\" class=\"yoast-schema-graph\">{\"@context\":\"https:\/\/schema.org\",\"@graph\":[{\"@type\":\"Article\",\"@id\":\"https:\/\/welovecinema.be\/fr\/petit-samedi-bayard-dor-du-fiff-2020\/#article\",\"isPartOf\":{\"@id\":\"https:\/\/welovecinema.be\/fr\/petit-samedi-bayard-dor-du-fiff-2020\/\"},\"author\":{\"name\":\"Aurore Engelen\",\"@id\":\"https:\/\/welovecinema.be\/nl\/#\/schema\/person\/8084b68c6b176142d073695c654dc7cf\"},\"headline\":\"\u00ab\u00a0Petit Samedi\u00a0\u00bb, Bayard d&rsquo;Or du FIFF 2020!\",\"datePublished\":\"2020-10-09T15:53:35+00:00\",\"dateModified\":\"2020-10-10T13:07:12+00:00\",\"mainEntityOfPage\":{\"@id\":\"https:\/\/welovecinema.be\/fr\/petit-samedi-bayard-dor-du-fiff-2020\/\"},\"wordCount\":305,\"publisher\":{\"@id\":\"https:\/\/welovecinema.be\/nl\/#organization\"},\"keywords\":[\"Festival de Namur\",\"newsletter\",\"Virginie Efira\"],\"articleSection\":[\"Evenements\"],\"inLanguage\":\"fr-FR\"},{\"@type\":\"WebPage\",\"@id\":\"https:\/\/welovecinema.be\/fr\/petit-samedi-bayard-dor-du-fiff-2020\/\",\"url\":\"https:\/\/welovecinema.be\/fr\/petit-samedi-bayard-dor-du-fiff-2020\/\",\"name\":\"\\\"Petit Samedi\\\", Bayard d'Or du FIFF 2020! - We Love Cinema\",\"isPartOf\":{\"@id\":\"https:\/\/welovecinema.be\/nl\/#website\"},\"datePublished\":\"2020-10-09T15:53:35+00:00\",\"dateModified\":\"2020-10-10T13:07:12+00:00\",\"breadcrumb\":{\"@id\":\"https:\/\/welovecinema.be\/fr\/petit-samedi-bayard-dor-du-fiff-2020\/#breadcrumb\"},\"inLanguage\":\"fr-FR\",\"potentialAction\":[{\"@type\":\"ReadAction\",\"target\":[\"https:\/\/welovecinema.be\/fr\/petit-samedi-bayard-dor-du-fiff-2020\/\"]}]},{\"@type\":\"BreadcrumbList\",\"@id\":\"https:\/\/welovecinema.be\/fr\/petit-samedi-bayard-dor-du-fiff-2020\/#breadcrumb\",\"itemListElement\":[{\"@type\":\"ListItem\",\"position\":1,\"name\":\"Accueil\",\"item\":\"https:\/\/welovecinema.be\/fr\/\"},{\"@type\":\"ListItem\",\"position\":2,\"name\":\"\u00ab\u00a0Petit Samedi\u00a0\u00bb, Bayard d&rsquo;Or du FIFF 2020!\"}]},{\"@type\":\"WebSite\",\"@id\":\"https:\/\/welovecinema.be\/nl\/#website\",\"url\":\"https:\/\/welovecinema.be\/nl\/\",\"name\":\"We Love Cinema\",\"description\":\"Toute l\u2019information du cin\u00e9ma en Belgique\",\"publisher\":{\"@id\":\"https:\/\/welovecinema.be\/nl\/#organization\"},\"potentialAction\":[{\"@type\":\"SearchAction\",\"target\":{\"@type\":\"EntryPoint\",\"urlTemplate\":\"https:\/\/welovecinema.be\/nl\/?s={search_term_string}\"},\"query-input\":\"required name=search_term_string\"}],\"inLanguage\":\"fr-FR\"},{\"@type\":\"Organization\",\"@id\":\"https:\/\/welovecinema.be\/nl\/#organization\",\"name\":\"We Love Cinema\",\"url\":\"https:\/\/welovecinema.be\/nl\/\",\"logo\":{\"@type\":\"ImageObject\",\"inLanguage\":\"fr-FR\",\"@id\":\"https:\/\/welovecinema.be\/nl\/#\/schema\/logo\/image\/\",\"url\":\"https:\/\/welovecinema.be\/wp-content\/uploads\/sites\/2\/2023\/03\/Logo-We-Love-Cinema305x128.jpg\",\"contentUrl\":\"https:\/\/welovecinema.be\/wp-content\/uploads\/sites\/2\/2023\/03\/Logo-We-Love-Cinema305x128.jpg\",\"width\":305,\"height\":128,\"caption\":\"We Love Cinema\"},\"image\":{\"@id\":\"https:\/\/welovecinema.be\/nl\/#\/schema\/logo\/image\/\"},\"sameAs\":[\"https:\/\/www.facebook.com\/welovecinema.be\",\"https:\/\/www.youtube.com\/channel\/UCX5LYGVhnKvYauW4Nta4HJA\",\"https:\/\/www.instagram.com\/welovecinema.be\/\"]},{\"@type\":\"Person\",\"@id\":\"https:\/\/welovecinema.be\/nl\/#\/schema\/person\/8084b68c6b176142d073695c654dc7cf\",\"name\":\"Aurore Engelen\",\"url\":\"https:\/\/welovecinema.be\/fr\/author\/aurore-engelen\/\"}]}<\/script>\n<!-- \/ Yoast SEO plugin. -->","yoast_head_json":{"title":"\"Petit Samedi\", Bayard d'Or du FIFF 2020! - We Love Cinema","robots":{"index":"index","follow":"follow","max-snippet":"max-snippet:-1","max-image-preview":"max-image-preview:large","max-video-preview":"max-video-preview:-1"},"canonical":"https:\/\/welovecinema.be\/fr\/petit-samedi-bayard-dor-du-fiff-2020\/","og_locale":"fr_FR","og_type":"article","og_title":"\"Petit Samedi\", Bayard d'Or du FIFF 2020! - We Love Cinema","og_description":"Le jury du Festival International du Film Francophone de Namur, pr\u00e9sid\u00e9 par Samuel Benchetrit, et compos\u00e9 de Anne Delseth, Daphn\u00e9 Patakia, Guillaume Senez et Yoann Zimmer, vient d&rsquo;annoncer les laur\u00e9ats de cette 35\u00e9 \u00e9dition! Et le Bayard d&rsquo;Or du Meilleur film a \u00e9t\u00e9 remis \u00e0 Petit samedi, documentaire intime et percutant sur l&rsquo;addiction, vue \u00e0 &hellip;","og_url":"https:\/\/welovecinema.be\/fr\/petit-samedi-bayard-dor-du-fiff-2020\/","og_site_name":"We Love Cinema","article_publisher":"https:\/\/www.facebook.com\/welovecinema.be","article_published_time":"2020-10-09T15:53:35+00:00","article_modified_time":"2020-10-10T13:07:12+00:00","og_image":[{"width":1667,"height":1250,"url":"https:\/\/welovecinema.be\/wp-content\/uploads\/sites\/2\/2020\/10\/PetitSamediBayardOr.jpg","type":"image\/jpeg"}],"author":"Aurore Engelen","twitter_card":"summary_large_image","twitter_misc":{"\u00c9crit par":"Aurore Engelen","Dur\u00e9e de lecture estim\u00e9e":"1 minute"},"schema":{"@context":"https:\/\/schema.org","@graph":[{"@type":"Article","@id":"https:\/\/welovecinema.be\/fr\/petit-samedi-bayard-dor-du-fiff-2020\/#article","isPartOf":{"@id":"https:\/\/welovecinema.be\/fr\/petit-samedi-bayard-dor-du-fiff-2020\/"},"author":{"name":"Aurore Engelen","@id":"https:\/\/welovecinema.be\/nl\/#\/schema\/person\/8084b68c6b176142d073695c654dc7cf"},"headline":"\u00ab\u00a0Petit Samedi\u00a0\u00bb, Bayard d&rsquo;Or du FIFF 2020!","datePublished":"2020-10-09T15:53:35+00:00","dateModified":"2020-10-10T13:07:12+00:00","mainEntityOfPage":{"@id":"https:\/\/welovecinema.be\/fr\/petit-samedi-bayard-dor-du-fiff-2020\/"},"wordCount":305,"publisher":{"@id":"https:\/\/welovecinema.be\/nl\/#organization"},"keywords":["Festival de Namur","newsletter","Virginie Efira"],"articleSection":["Evenements"],"inLanguage":"fr-FR"},{"@type":"WebPage","@id":"https:\/\/welovecinema.be\/fr\/petit-samedi-bayard-dor-du-fiff-2020\/","url":"https:\/\/welovecinema.be\/fr\/petit-samedi-bayard-dor-du-fiff-2020\/","name":"\"Petit Samedi\", Bayard d'Or du FIFF 2020! - We Love Cinema","isPartOf":{"@id":"https:\/\/welovecinema.be\/nl\/#website"},"datePublished":"2020-10-09T15:53:35+00:00","dateModified":"2020-10-10T13:07:12+00:00","breadcrumb":{"@id":"https:\/\/welovecinema.be\/fr\/petit-samedi-bayard-dor-du-fiff-2020\/#breadcrumb"},"inLanguage":"fr-FR","potentialAction":[{"@type":"ReadAction","target":["https:\/\/welovecinema.be\/fr\/petit-samedi-bayard-dor-du-fiff-2020\/"]}]},{"@type":"BreadcrumbList","@id":"https:\/\/welovecinema.be\/fr\/petit-samedi-bayard-dor-du-fiff-2020\/#breadcrumb","itemListElement":[{"@type":"ListItem","position":1,"name":"Accueil","item":"https:\/\/welovecinema.be\/fr\/"},{"@type":"ListItem","position":2,"name":"\u00ab\u00a0Petit Samedi\u00a0\u00bb, Bayard d&rsquo;Or du FIFF 2020!"}]},{"@type":"WebSite","@id":"https:\/\/welovecinema.be\/nl\/#website","url":"https:\/\/welovecinema.be\/nl\/","name":"We Love Cinema","description":"Toute l\u2019information du cin\u00e9ma en Belgique","publisher":{"@id":"https:\/\/welovecinema.be\/nl\/#organization"},"potentialAction":[{"@type":"SearchAction","target":{"@type":"EntryPoint","urlTemplate":"https:\/\/welovecinema.be\/nl\/?s={search_term_string}"},"query-input":"required name=search_term_string"}],"inLanguage":"fr-FR"},{"@type":"Organization","@id":"https:\/\/welovecinema.be\/nl\/#organization","name":"We Love Cinema","url":"https:\/\/welovecinema.be\/nl\/","logo":{"@type":"ImageObject","inLanguage":"fr-FR","@id":"https:\/\/welovecinema.be\/nl\/#\/schema\/logo\/image\/","url":"https:\/\/welovecinema.be\/wp-content\/uploads\/sites\/2\/2023\/03\/Logo-We-Love-Cinema305x128.jpg","contentUrl":"https:\/\/welovecinema.be\/wp-content\/uploads\/sites\/2\/2023\/03\/Logo-We-Love-Cinema305x128.jpg","width":305,"height":128,"caption":"We Love Cinema"},"image":{"@id":"https:\/\/welovecinema.be\/nl\/#\/schema\/logo\/image\/"},"sameAs":["https:\/\/www.facebook.com\/welovecinema.be","https:\/\/www.youtube.com\/channel\/UCX5LYGVhnKvYauW4Nta4HJA","https:\/\/www.instagram.com\/welovecinema.be\/"]},{"@type":"Person","@id":"https:\/\/welovecinema.be\/nl\/#\/schema\/person\/8084b68c6b176142d073695c654dc7cf","name":"Aurore Engelen","url":"https:\/\/welovecinema.be\/fr\/author\/aurore-engelen\/"}]}},"_links":{"self":[{"href":"https:\/\/welovecinema.be\/fr\/wp-json\/wp\/v2\/posts\/232356","targetHints":{"allow":["GET"]}}],"collection":[{"href":"https:\/\/welovecinema.be\/fr\/wp-json\/wp\/v2\/posts"}],"about":[{"href":"https:\/\/welovecinema.be\/fr\/wp-json\/wp\/v2\/types\/post"}],"author":[{"embeddable":true,"href":"https:\/\/welovecinema.be\/fr\/wp-json\/wp\/v2\/users\/343"}],"replies":[{"embeddable":true,"href":"https:\/\/welovecinema.be\/fr\/wp-json\/wp\/v2\/comments?post=232356"}],"version-history":[{"count":0,"href":"https:\/\/welovecinema.be\/fr\/wp-json\/wp\/v2\/posts\/232356\/revisions"}],"wp:featuredmedia":[{"embeddable":true,"href":"https:\/\/welovecinema.be\/fr\/wp-json\/wp\/v2\/media\/232361"}],"wp:attachment":[{"href":"https:\/\/welovecinema.be\/fr\/wp-json\/wp\/v2\/media?parent=232356"}],"wp:term":[{"taxonomy":"category","embeddable":true,"href":"https:\/\/welovecinema.be\/fr\/wp-json\/wp\/v2\/categories?post=232356"},{"taxonomy":"post_tag","embeddable":true,"href":"https:\/\/welovecinema.be\/fr\/wp-json\/wp\/v2\/tags?post=232356"}],"curies":[{"name":"wp","href":"https:\/\/api.w.org\/{rel}","templated":true}]}}