{"id":232266,"date":"2020-10-07T15:26:43","date_gmt":"2020-10-07T13:26:43","guid":{"rendered":"https:\/\/www.cinevox.be\/?p=232266"},"modified":"2020-10-07T15:26:43","modified_gmt":"2020-10-07T13:26:43","slug":"2-films-belges-au-festival-alimenterre","status":"publish","type":"post","link":"https:\/\/welovecinema.be\/fr\/2-films-belges-au-festival-alimenterre\/","title":{"rendered":"2 films belges au Festival Alimenterre"},"content":{"rendered":"<p><strong>Le Festival Alimenterre d\u00e9bute aujourd&rsquo;hui, jusqu&rsquo;au 11 octobre au Kinograph, puis en Wallonie jusqu&rsquo;au 29 octobre. On retrouvera deux films belges au programme: <em>Nous la mangerons c&rsquo;est la moindre des choses<\/em> et <em>Sur le champ!<\/em><\/strong><\/p>\n<p>Le 9 octobre \u00e0 Bruxelles, vous retrouverez <em>Nous la mangerons c&rsquo;est la moindre des choses<\/em> d&rsquo;Elsa Maury.<\/p>\n<p class=\"p1\"><span class=\"s1\">Nathalie, berg\u00e8re dans le pi\u00e9mont c\u00e9venol, apprend \u00e0 tuer ses b\u00eates. Le film suit les gestes d\u2019une \u00e9leveuse qui aime et qui mange ses moutons avec attention. Elle est prise sans rel\u00e2che dans une interrogation \u00e0 propos des mani\u00e8res de bien mourir pour ces \u00eatres qui nous font vivre. Quel go\u00fbt a la tendresse?<\/span><\/p>\n<p class=\"p1\"><span class=\"s1\">A l\u2019heure o\u00f9 se multiplient les interrogations sur les m\u00e9thodes d\u2019abattage modernes, leur violence et leur cruaut\u00e9, Elsa Maury accompagne l\u2019apprentissage d\u2019une jeune berg\u00e8re qui se pr\u00e9pare \u00e0 donner la mort.<\/span><\/p>\n<p><iframe loading=\"lazy\" title=\"Nous la mangerons, c&#039;est la moindre des choses | Bande-annonce\" width=\"618\" height=\"348\" src=\"https:\/\/www.youtube.com\/embed\/hZztQi9nL88?feature=oembed\" frameborder=\"0\" allow=\"accelerometer; autoplay; clipboard-write; encrypted-media; gyroscope; picture-in-picture; web-share\" referrerpolicy=\"strict-origin-when-cross-origin\" allowfullscreen><\/iframe><\/p>\n<p>Le 10 octobre \u00e0 Bruxelles, vous retrouverez <em>Sur le champ!<\/em>, un film de Michael Antoine, Nicolas Bier, Jean-Simon G\u00e9rard.<\/p>\n<p>Alors que plus de 800 millions d\u2019individus souffrent de la faim et que la plan\u00e8te s\u2019\u00e9puise, la solution pour nourrir l\u2019humanit\u00e9 n\u2019est pas de produire plus mais de produire mieux. En marge de l\u2019agrobusiness, de plus en plus d\u2019acteurs, tant au Sud qu\u2019au Nord, investissent un autre mod\u00e8le : l\u2019agriculture familiale durable. Un mod\u00e8le r\u00e9silient qui replace l\u2019humain au centre et qui cohabite de fa\u00e7on plus harmonieuse avec l\u2019environnement dont les paysans d\u00e9pendent pour produire.<\/p>\n<p><iframe loading=\"lazy\" title=\"SUR LE CHAMP ! | Trailer\" width=\"618\" height=\"348\" src=\"https:\/\/www.youtube.com\/embed\/KQvOOeZVx-w?feature=oembed\" frameborder=\"0\" allow=\"accelerometer; autoplay; clipboard-write; encrypted-media; gyroscope; picture-in-picture; web-share\" referrerpolicy=\"strict-origin-when-cross-origin\" allowfullscreen><\/iframe><\/p>\n<p>Toutes les infos sur le programme du Festival et les projections en Wallonie sur le site du <a href=\"https:\/\/festivalalimenterre.be\/\">festival<\/a>.<\/p>\n","protected":false},"excerpt":{"rendered":"<p>Le Festival Alimenterre d\u00e9bute aujourd&rsquo;hui, jusqu&rsquo;au 11 octobre au Kinograph, puis en Wallonie jusqu&rsquo;au 29 octobre. On retrouvera deux films belges au programme: Nous la mangerons c&rsquo;est la moindre des choses et Sur le champ! Le 9 octobre \u00e0 Bruxelles, vous retrouverez Nous la mangerons c&rsquo;est la moindre des choses d&rsquo;Elsa Maury. Nathalie, berg\u00e8re dans &hellip;<\/p>\n","protected":false},"author":343,"featured_media":232270,"comment_status":"closed","ping_status":"closed","sticky":false,"template":"","format":"standard","meta":{"ngg_post_thumbnail":0,"footnotes":""},"categories":[12],"tags":[4187],"class_list":["post-232266","post","type-post","status-publish","format-standard","has-post-thumbnail","","category-awards","tag-newsletter-fr"],"yoast_head":"<!-- This site is optimized with the Yoast SEO plugin v20.4 - https:\/\/yoast.com\/wordpress\/plugins\/seo\/ -->\n<title>2 films belges au Festival Alimenterre - We Love Cinema<\/title>\n<meta name=\"robots\" content=\"index, follow, max-snippet:-1, max-image-preview:large, max-video-preview:-1\" \/>\n<link rel=\"canonical\" href=\"https:\/\/welovecinema.be\/fr\/2-films-belges-au-festival-alimenterre\/\" \/>\n<meta property=\"og:locale\" content=\"fr_FR\" \/>\n<meta property=\"og:type\" content=\"article\" \/>\n<meta property=\"og:title\" content=\"2 films belges au Festival Alimenterre - We Love Cinema\" \/>\n<meta property=\"og:description\" content=\"Le Festival Alimenterre d\u00e9bute aujourd&rsquo;hui, jusqu&rsquo;au 11 octobre au Kinograph, puis en Wallonie jusqu&rsquo;au 29 octobre. On retrouvera deux films belges au programme: Nous la mangerons c&rsquo;est la moindre des choses et Sur le champ! Le 9 octobre \u00e0 Bruxelles, vous retrouverez Nous la mangerons c&rsquo;est la moindre des choses d&rsquo;Elsa Maury. Nathalie, berg\u00e8re dans &hellip;\" \/>\n<meta property=\"og:url\" content=\"https:\/\/welovecinema.be\/fr\/2-films-belges-au-festival-alimenterre\/\" \/>\n<meta property=\"og:site_name\" content=\"We Love Cinema\" \/>\n<meta property=\"article:publisher\" content=\"https:\/\/www.facebook.com\/welovecinema.be\" \/>\n<meta property=\"article:published_time\" content=\"2020-10-07T13:26:43+00:00\" \/>\n<meta property=\"og:image\" content=\"https:\/\/welovecinema.be\/wp-content\/uploads\/sites\/2\/2020\/10\/Alimenterre2020_Banniere_BXL_Wallonie_1-600x222-1.jpg\" \/>\n\t<meta property=\"og:image:width\" content=\"600\" \/>\n\t<meta property=\"og:image:height\" content=\"222\" \/>\n\t<meta property=\"og:image:type\" content=\"image\/jpeg\" \/>\n<meta name=\"author\" content=\"Aurore Engelen\" \/>\n<meta name=\"twitter:card\" content=\"summary_large_image\" \/>\n<meta name=\"twitter:label1\" content=\"\u00c9crit par\" \/>\n\t<meta name=\"twitter:data1\" content=\"Aurore Engelen\" \/>\n\t<meta name=\"twitter:label2\" content=\"Dur\u00e9e de lecture estim\u00e9e\" \/>\n\t<meta name=\"twitter:data2\" content=\"1 minute\" \/>\n<script type=\"application\/ld+json\" class=\"yoast-schema-graph\">{\"@context\":\"https:\/\/schema.org\",\"@graph\":[{\"@type\":\"Article\",\"@id\":\"https:\/\/welovecinema.be\/fr\/2-films-belges-au-festival-alimenterre\/#article\",\"isPartOf\":{\"@id\":\"https:\/\/welovecinema.be\/fr\/2-films-belges-au-festival-alimenterre\/\"},\"author\":{\"name\":\"Aurore Engelen\",\"@id\":\"https:\/\/welovecinema.be\/nl\/#\/schema\/person\/8084b68c6b176142d073695c654dc7cf\"},\"headline\":\"2 films belges au Festival Alimenterre\",\"datePublished\":\"2020-10-07T13:26:43+00:00\",\"dateModified\":\"2020-10-07T13:26:43+00:00\",\"mainEntityOfPage\":{\"@id\":\"https:\/\/welovecinema.be\/fr\/2-films-belges-au-festival-alimenterre\/\"},\"wordCount\":291,\"publisher\":{\"@id\":\"https:\/\/welovecinema.be\/nl\/#organization\"},\"keywords\":[\"newsletter\"],\"articleSection\":[\"Evenements\"],\"inLanguage\":\"fr-FR\"},{\"@type\":\"WebPage\",\"@id\":\"https:\/\/welovecinema.be\/fr\/2-films-belges-au-festival-alimenterre\/\",\"url\":\"https:\/\/welovecinema.be\/fr\/2-films-belges-au-festival-alimenterre\/\",\"name\":\"2 films belges au Festival Alimenterre - We Love Cinema\",\"isPartOf\":{\"@id\":\"https:\/\/welovecinema.be\/nl\/#website\"},\"datePublished\":\"2020-10-07T13:26:43+00:00\",\"dateModified\":\"2020-10-07T13:26:43+00:00\",\"breadcrumb\":{\"@id\":\"https:\/\/welovecinema.be\/fr\/2-films-belges-au-festival-alimenterre\/#breadcrumb\"},\"inLanguage\":\"fr-FR\",\"potentialAction\":[{\"@type\":\"ReadAction\",\"target\":[\"https:\/\/welovecinema.be\/fr\/2-films-belges-au-festival-alimenterre\/\"]}]},{\"@type\":\"BreadcrumbList\",\"@id\":\"https:\/\/welovecinema.be\/fr\/2-films-belges-au-festival-alimenterre\/#breadcrumb\",\"itemListElement\":[{\"@type\":\"ListItem\",\"position\":1,\"name\":\"Accueil\",\"item\":\"https:\/\/welovecinema.be\/fr\/\"},{\"@type\":\"ListItem\",\"position\":2,\"name\":\"2 films belges au Festival Alimenterre\"}]},{\"@type\":\"WebSite\",\"@id\":\"https:\/\/welovecinema.be\/nl\/#website\",\"url\":\"https:\/\/welovecinema.be\/nl\/\",\"name\":\"We Love Cinema\",\"description\":\"Toute l\u2019information du cin\u00e9ma en Belgique\",\"publisher\":{\"@id\":\"https:\/\/welovecinema.be\/nl\/#organization\"},\"potentialAction\":[{\"@type\":\"SearchAction\",\"target\":{\"@type\":\"EntryPoint\",\"urlTemplate\":\"https:\/\/welovecinema.be\/nl\/?s={search_term_string}\"},\"query-input\":\"required name=search_term_string\"}],\"inLanguage\":\"fr-FR\"},{\"@type\":\"Organization\",\"@id\":\"https:\/\/welovecinema.be\/nl\/#organization\",\"name\":\"We Love Cinema\",\"url\":\"https:\/\/welovecinema.be\/nl\/\",\"logo\":{\"@type\":\"ImageObject\",\"inLanguage\":\"fr-FR\",\"@id\":\"https:\/\/welovecinema.be\/nl\/#\/schema\/logo\/image\/\",\"url\":\"https:\/\/welovecinema.be\/wp-content\/uploads\/sites\/2\/2023\/03\/Logo-We-Love-Cinema305x128.jpg\",\"contentUrl\":\"https:\/\/welovecinema.be\/wp-content\/uploads\/sites\/2\/2023\/03\/Logo-We-Love-Cinema305x128.jpg\",\"width\":305,\"height\":128,\"caption\":\"We Love Cinema\"},\"image\":{\"@id\":\"https:\/\/welovecinema.be\/nl\/#\/schema\/logo\/image\/\"},\"sameAs\":[\"https:\/\/www.facebook.com\/welovecinema.be\",\"https:\/\/www.youtube.com\/channel\/UCX5LYGVhnKvYauW4Nta4HJA\",\"https:\/\/www.instagram.com\/welovecinema.be\/\"]},{\"@type\":\"Person\",\"@id\":\"https:\/\/welovecinema.be\/nl\/#\/schema\/person\/8084b68c6b176142d073695c654dc7cf\",\"name\":\"Aurore Engelen\",\"url\":\"https:\/\/welovecinema.be\/fr\/author\/aurore-engelen\/\"}]}<\/script>\n<!-- \/ Yoast SEO plugin. -->","yoast_head_json":{"title":"2 films belges au Festival Alimenterre - We Love Cinema","robots":{"index":"index","follow":"follow","max-snippet":"max-snippet:-1","max-image-preview":"max-image-preview:large","max-video-preview":"max-video-preview:-1"},"canonical":"https:\/\/welovecinema.be\/fr\/2-films-belges-au-festival-alimenterre\/","og_locale":"fr_FR","og_type":"article","og_title":"2 films belges au Festival Alimenterre - We Love Cinema","og_description":"Le Festival Alimenterre d\u00e9bute aujourd&rsquo;hui, jusqu&rsquo;au 11 octobre au Kinograph, puis en Wallonie jusqu&rsquo;au 29 octobre. On retrouvera deux films belges au programme: Nous la mangerons c&rsquo;est la moindre des choses et Sur le champ! Le 9 octobre \u00e0 Bruxelles, vous retrouverez Nous la mangerons c&rsquo;est la moindre des choses d&rsquo;Elsa Maury. Nathalie, berg\u00e8re dans &hellip;","og_url":"https:\/\/welovecinema.be\/fr\/2-films-belges-au-festival-alimenterre\/","og_site_name":"We Love Cinema","article_publisher":"https:\/\/www.facebook.com\/welovecinema.be","article_published_time":"2020-10-07T13:26:43+00:00","og_image":[{"width":600,"height":222,"url":"https:\/\/welovecinema.be\/wp-content\/uploads\/sites\/2\/2020\/10\/Alimenterre2020_Banniere_BXL_Wallonie_1-600x222-1.jpg","type":"image\/jpeg"}],"author":"Aurore Engelen","twitter_card":"summary_large_image","twitter_misc":{"\u00c9crit par":"Aurore Engelen","Dur\u00e9e de lecture estim\u00e9e":"1 minute"},"schema":{"@context":"https:\/\/schema.org","@graph":[{"@type":"Article","@id":"https:\/\/welovecinema.be\/fr\/2-films-belges-au-festival-alimenterre\/#article","isPartOf":{"@id":"https:\/\/welovecinema.be\/fr\/2-films-belges-au-festival-alimenterre\/"},"author":{"name":"Aurore Engelen","@id":"https:\/\/welovecinema.be\/nl\/#\/schema\/person\/8084b68c6b176142d073695c654dc7cf"},"headline":"2 films belges au Festival Alimenterre","datePublished":"2020-10-07T13:26:43+00:00","dateModified":"2020-10-07T13:26:43+00:00","mainEntityOfPage":{"@id":"https:\/\/welovecinema.be\/fr\/2-films-belges-au-festival-alimenterre\/"},"wordCount":291,"publisher":{"@id":"https:\/\/welovecinema.be\/nl\/#organization"},"keywords":["newsletter"],"articleSection":["Evenements"],"inLanguage":"fr-FR"},{"@type":"WebPage","@id":"https:\/\/welovecinema.be\/fr\/2-films-belges-au-festival-alimenterre\/","url":"https:\/\/welovecinema.be\/fr\/2-films-belges-au-festival-alimenterre\/","name":"2 films belges au Festival Alimenterre - We Love Cinema","isPartOf":{"@id":"https:\/\/welovecinema.be\/nl\/#website"},"datePublished":"2020-10-07T13:26:43+00:00","dateModified":"2020-10-07T13:26:43+00:00","breadcrumb":{"@id":"https:\/\/welovecinema.be\/fr\/2-films-belges-au-festival-alimenterre\/#breadcrumb"},"inLanguage":"fr-FR","potentialAction":[{"@type":"ReadAction","target":["https:\/\/welovecinema.be\/fr\/2-films-belges-au-festival-alimenterre\/"]}]},{"@type":"BreadcrumbList","@id":"https:\/\/welovecinema.be\/fr\/2-films-belges-au-festival-alimenterre\/#breadcrumb","itemListElement":[{"@type":"ListItem","position":1,"name":"Accueil","item":"https:\/\/welovecinema.be\/fr\/"},{"@type":"ListItem","position":2,"name":"2 films belges au Festival Alimenterre"}]},{"@type":"WebSite","@id":"https:\/\/welovecinema.be\/nl\/#website","url":"https:\/\/welovecinema.be\/nl\/","name":"We Love Cinema","description":"Toute l\u2019information du cin\u00e9ma en Belgique","publisher":{"@id":"https:\/\/welovecinema.be\/nl\/#organization"},"potentialAction":[{"@type":"SearchAction","target":{"@type":"EntryPoint","urlTemplate":"https:\/\/welovecinema.be\/nl\/?s={search_term_string}"},"query-input":"required name=search_term_string"}],"inLanguage":"fr-FR"},{"@type":"Organization","@id":"https:\/\/welovecinema.be\/nl\/#organization","name":"We Love Cinema","url":"https:\/\/welovecinema.be\/nl\/","logo":{"@type":"ImageObject","inLanguage":"fr-FR","@id":"https:\/\/welovecinema.be\/nl\/#\/schema\/logo\/image\/","url":"https:\/\/welovecinema.be\/wp-content\/uploads\/sites\/2\/2023\/03\/Logo-We-Love-Cinema305x128.jpg","contentUrl":"https:\/\/welovecinema.be\/wp-content\/uploads\/sites\/2\/2023\/03\/Logo-We-Love-Cinema305x128.jpg","width":305,"height":128,"caption":"We Love Cinema"},"image":{"@id":"https:\/\/welovecinema.be\/nl\/#\/schema\/logo\/image\/"},"sameAs":["https:\/\/www.facebook.com\/welovecinema.be","https:\/\/www.youtube.com\/channel\/UCX5LYGVhnKvYauW4Nta4HJA","https:\/\/www.instagram.com\/welovecinema.be\/"]},{"@type":"Person","@id":"https:\/\/welovecinema.be\/nl\/#\/schema\/person\/8084b68c6b176142d073695c654dc7cf","name":"Aurore Engelen","url":"https:\/\/welovecinema.be\/fr\/author\/aurore-engelen\/"}]}},"_links":{"self":[{"href":"https:\/\/welovecinema.be\/fr\/wp-json\/wp\/v2\/posts\/232266","targetHints":{"allow":["GET"]}}],"collection":[{"href":"https:\/\/welovecinema.be\/fr\/wp-json\/wp\/v2\/posts"}],"about":[{"href":"https:\/\/welovecinema.be\/fr\/wp-json\/wp\/v2\/types\/post"}],"author":[{"embeddable":true,"href":"https:\/\/welovecinema.be\/fr\/wp-json\/wp\/v2\/users\/343"}],"replies":[{"embeddable":true,"href":"https:\/\/welovecinema.be\/fr\/wp-json\/wp\/v2\/comments?post=232266"}],"version-history":[{"count":0,"href":"https:\/\/welovecinema.be\/fr\/wp-json\/wp\/v2\/posts\/232266\/revisions"}],"wp:featuredmedia":[{"embeddable":true,"href":"https:\/\/welovecinema.be\/fr\/wp-json\/wp\/v2\/media\/232270"}],"wp:attachment":[{"href":"https:\/\/welovecinema.be\/fr\/wp-json\/wp\/v2\/media?parent=232266"}],"wp:term":[{"taxonomy":"category","embeddable":true,"href":"https:\/\/welovecinema.be\/fr\/wp-json\/wp\/v2\/categories?post=232266"},{"taxonomy":"post_tag","embeddable":true,"href":"https:\/\/welovecinema.be\/fr\/wp-json\/wp\/v2\/tags?post=232266"}],"curies":[{"name":"wp","href":"https:\/\/api.w.org\/{rel}","templated":true}]}}