{"id":232159,"date":"2020-10-05T08:42:46","date_gmt":"2020-10-05T06:42:46","guid":{"rendered":"https:\/\/www.cinevox.be\/?p=232159"},"modified":"2021-05-12T09:52:03","modified_gmt":"2021-05-12T07:52:03","slug":"maalbeek-bayard-du-meilleur-court-metrage-au-fiff","status":"publish","type":"post","link":"https:\/\/welovecinema.be\/fr\/maalbeek-bayard-du-meilleur-court-metrage-au-fiff\/","title":{"rendered":"\u00ab\u00a0Maalbeek\u00a0\u00bb, Bayard du Meilleur court m\u00e9trage au FIFF"},"content":{"rendered":"<p><strong>La C\u00e9r\u00e9monie de remise de Prix pour les courts m\u00e9trages a eu lieu hier soir au Festival International du Film Francophone de Namur. Le jury, compos\u00e9 de Fien Troch, Damien Jalet, Jean-Beno\u00eet Ugeux, L\u00e9o Lef\u00e8vre\u00a0 et Lous and the Yakuza, a donc r\u00e9v\u00e9l\u00e9 ses coups de coeur, apr\u00e8s avoir visionn\u00e9 les 21 films en comp\u00e9tition, marquant une forte pr\u00e9dilection pour le cin\u00e9ma documentaire qui lui a \u00e9t\u00e9 donn\u00e9 \u00e0 voir.\u00a0<\/strong><\/p>\n<p>Le Bayard du Meilleur court m\u00e9trage a \u00e9t\u00e9 attribu\u00e9 \u00e0 <strong><em>Maalbeek<\/em> d&rsquo;Isma\u00ebl Joffroy Chandoutis<\/strong>, un documentaire fran\u00e7ais sur un sujet qui fait particuli\u00e8rement en Belgique. Il s&rsquo;interroge avec Sabine, victime des attentants du 16 mars, plong\u00e9e dans le coma pendant des semaines suite \u00e0 l&rsquo;explosion du m\u00e9tro Maalbeek. Sabine est \u00e0 la recherche d\u2019une image manquante : un jour qui a laiss\u00e9 une marque ind\u00e9l\u00e9bile et dont tout le monde se souvient, sauf elle. Mais n&rsquo;est-ce pas cette absence qui lui permet d\u2019aller de l\u2019avant ? Le film a \u00e9galement re\u00e7u le label 2020 de la Semaine de la Critique de Cannes.<\/p>\n<p><iframe loading=\"lazy\" title=\"Maalbeek - Teaser\" src=\"https:\/\/player.vimeo.com\/video\/436720598?dnt=1&amp;app_id=122963\" width=\"618\" height=\"348\" frameborder=\"0\" allow=\"autoplay; fullscreen; picture-in-picture; clipboard-write; encrypted-media\"><\/iframe><\/p>\n<p>Le Prix du Jury, Coup de coeur international a quant \u00e0 lui \u00e9t\u00e9 d\u00e9cern\u00e9e \u00e0 <strong><em>Clebs<\/em> d&rsquo;Halima Ouardiri<\/strong> (Qu\u00e9bec\/ Suisse), l\u00e0 aussi un documentaire, sur un refuge pour chiens errants \u00e0 Agadir au Maroc. Notons que le film a \u00e9galement re\u00e7u le Prix Marion H\u00e4nsel, cr\u00e9\u00e9 cette ann\u00e9e.<\/p>\n<p>Troisi\u00e8me documentaire prim\u00e9 par le jury, <strong><em>La Disparition de Tom R.<\/em>, de Paul Sirague<\/strong>, laur\u00e9at du Prix du jury, Coup de coeur national. Le 22 mars 1997, Tom R. disparait sans laisser de traces. 23 ans plus tard, une \u00e9quipe de cin\u00e9ma tente de d\u00e9m\u00ealer ce myst\u00e8re. Elle se heurte malheureusement \u00e0 de nombreuses difficult\u00e9s&#8230;<\/p>\n<figure id=\"attachment_232160\" aria-describedby=\"caption-attachment-232160\" style=\"width: 618px\" class=\"wp-caption alignnone\"><img loading=\"lazy\" decoding=\"async\" class=\"wp-image-232160 size-large\" src=\"https:\/\/www.cinevox.be\/wp-content\/uploads\/sites\/2\/2020\/10\/20-FFE-GUARISE-STILL_1-800x422.jpg\" alt=\"La-Disparition-de-Tom-R\" width=\"618\" height=\"326\" srcset=\"https:\/\/welovecinema.be\/wp-content\/uploads\/sites\/2\/2020\/10\/20-FFE-GUARISE-STILL_1-800x422.jpg 800w, https:\/\/welovecinema.be\/wp-content\/uploads\/sites\/2\/2020\/10\/20-FFE-GUARISE-STILL_1-480x253.jpg 480w, https:\/\/welovecinema.be\/wp-content\/uploads\/sites\/2\/2020\/10\/20-FFE-GUARISE-STILL_1-768x405.jpg 768w, https:\/\/welovecinema.be\/wp-content\/uploads\/sites\/2\/2020\/10\/20-FFE-GUARISE-STILL_1-1536x810.jpg 1536w, https:\/\/welovecinema.be\/wp-content\/uploads\/sites\/2\/2020\/10\/20-FFE-GUARISE-STILL_1-310x165.jpg 310w, https:\/\/welovecinema.be\/wp-content\/uploads\/sites\/2\/2020\/10\/20-FFE-GUARISE-STILL_1.jpg 2048w\" sizes=\"auto, (max-width: 618px) 100vw, 618px\" \/><figcaption id=\"caption-attachment-232160\" class=\"wp-caption-text\">\u00ab\u00a0La Disparition de Tom R.\u00a0\u00bb de Paul Sirague<\/figcaption><\/figure>\n<p>Retour \u00e0 la fiction avec <em>Le D\u00e9part<\/em>, du jeune r\u00e9alisateur marocain Sa\u00efd Hamich, qui s&rsquo;est vu attribuer deux prix, celui de la Mise en sc\u00e8ne, et celui de la Meilleure photographie pour Marine Atlan. Le Prix de la Meilleure interpr\u00e9tation a \u00e9t\u00e9 remis \u00e0 la qu\u00e9b\u00e9coise Christine Beaulieu pour <em>Un jour de f\u00eate<\/em> de Philippe Arsenault. Enfin, le Jury a accord\u00e9 deux mentions sp\u00e9ciales au film \u00e9gyptien <em>I Am Afraid to Forget Your Face<\/em> de Sameh Alaa, et au film d&rsquo;animation belge <em>On n&rsquo;est pas pr\u00e8s d&rsquo;\u00eatre des super h\u00e9ros<\/em> de Lia Bertels.<\/p>\n<p>&nbsp;<\/p>\n<p>Parall\u00e8lement aux prix remis par le jury, 7 prix \u00e9taient \u00e9galement remis par les partenaires du Festival. On a vu que le Prix Marion H\u00e4nsel avait \u00e9t\u00e9 attribu\u00e9 au film <em>Clebs<\/em>, on constate que ces Prix Off sont aussi l&rsquo;occasion de mettre en lumi\u00e8re les films belges s\u00e9lectionn\u00e9s cette ann\u00e9e.<\/p>\n<p>Le Prix du public court m\u00e9trage est revenu \u00e0 <strong><em>Autour d&rsquo;eux, la nuit<\/em> de Vassili Sch\u00e9mann<\/strong>, encore un documentaire qui s&rsquo;int\u00e9resse au choeur des mineurs de Lubin. Le Prix Arte ainsi que le Prix de l&rsquo;Universit\u00e9 de Namur ont \u00e9t\u00e9 attribu\u00e9s \u00e0 <strong><em>Novembre<\/em> de Camille De Leu<\/strong>, le Prix BETV \u00e0 <strong><em>On My Way<\/em> de Sonam Larcin<\/strong>, le Prix D\u00e9rives, qui prime un documentaire, \u00e0 <strong><em>Nuit Debout<\/em> de Nelson Makengo<\/strong>, et enfin le Prix RTBF-La Trois \u00e0 <strong><em>Juillet 96<\/em> de Mich\u00e8le Jacob<\/strong>.<\/p>\n<figure id=\"attachment_232164\" aria-describedby=\"caption-attachment-232164\" style=\"width: 618px\" class=\"wp-caption alignnone\"><img loading=\"lazy\" decoding=\"async\" class=\"wp-image-232164 size-large\" src=\"https:\/\/www.cinevox.be\/wp-content\/uploads\/sites\/2\/2020\/10\/Novembre-Camille-de-Leu-800x478.png\" alt=\"Novembre-Camille-de-Leu\" width=\"618\" height=\"369\" srcset=\"https:\/\/welovecinema.be\/wp-content\/uploads\/sites\/2\/2020\/10\/Novembre-Camille-de-Leu-800x478.png 800w, https:\/\/welovecinema.be\/wp-content\/uploads\/sites\/2\/2020\/10\/Novembre-Camille-de-Leu-452x270.png 452w, https:\/\/welovecinema.be\/wp-content\/uploads\/sites\/2\/2020\/10\/Novembre-Camille-de-Leu-768x459.png 768w, https:\/\/welovecinema.be\/wp-content\/uploads\/sites\/2\/2020\/10\/Novembre-Camille-de-Leu.png 1168w\" sizes=\"auto, (max-width: 618px) 100vw, 618px\" \/><figcaption id=\"caption-attachment-232164\" class=\"wp-caption-text\">\u00ab\u00a0Novembre\u00a0\u00bb de Camille De Leu<\/figcaption><\/figure>\n","protected":false},"excerpt":{"rendered":"<p>La C\u00e9r\u00e9monie de remise de Prix pour les courts m\u00e9trages a eu lieu hier soir au Festival International du Film Francophone de Namur. Le jury, compos\u00e9 de Fien Troch, Damien Jalet, Jean-Beno\u00eet Ugeux, L\u00e9o Lef\u00e8vre\u00a0 et Lous and the Yakuza, a donc r\u00e9v\u00e9l\u00e9 ses coups de coeur, apr\u00e8s avoir visionn\u00e9 les 21 films en comp\u00e9tition, &hellip;<\/p>\n","protected":false},"author":343,"featured_media":232162,"comment_status":"closed","ping_status":"closed","sticky":false,"template":"","format":"standard","meta":{"ngg_post_thumbnail":0,"footnotes":""},"categories":[12],"tags":[5365,4187],"class_list":["post-232159","post","type-post","status-publish","format-standard","has-post-thumbnail","","category-awards","tag-fiff-2","tag-newsletter-fr"],"yoast_head":"<!-- This site is optimized with the Yoast SEO plugin v20.4 - https:\/\/yoast.com\/wordpress\/plugins\/seo\/ -->\n<title>&quot;Maalbeek&quot;, Bayard du Meilleur court m\u00e9trage au FIFF - We Love Cinema<\/title>\n<meta name=\"robots\" content=\"index, follow, max-snippet:-1, max-image-preview:large, max-video-preview:-1\" \/>\n<link rel=\"canonical\" href=\"https:\/\/welovecinema.be\/fr\/maalbeek-bayard-du-meilleur-court-metrage-au-fiff\/\" \/>\n<meta property=\"og:locale\" content=\"fr_FR\" \/>\n<meta property=\"og:type\" content=\"article\" \/>\n<meta property=\"og:title\" content=\"&quot;Maalbeek&quot;, Bayard du Meilleur court m\u00e9trage au FIFF - We Love Cinema\" \/>\n<meta property=\"og:description\" content=\"La C\u00e9r\u00e9monie de remise de Prix pour les courts m\u00e9trages a eu lieu hier soir au Festival International du Film Francophone de Namur. Le jury, compos\u00e9 de Fien Troch, Damien Jalet, Jean-Beno\u00eet Ugeux, L\u00e9o Lef\u00e8vre\u00a0 et Lous and the Yakuza, a donc r\u00e9v\u00e9l\u00e9 ses coups de coeur, apr\u00e8s avoir visionn\u00e9 les 21 films en comp\u00e9tition, &hellip;\" \/>\n<meta property=\"og:url\" content=\"https:\/\/welovecinema.be\/fr\/maalbeek-bayard-du-meilleur-court-metrage-au-fiff\/\" \/>\n<meta property=\"og:site_name\" content=\"We Love Cinema\" \/>\n<meta property=\"article:publisher\" content=\"https:\/\/www.facebook.com\/welovecinema.be\" \/>\n<meta property=\"article:published_time\" content=\"2020-10-05T06:42:46+00:00\" \/>\n<meta property=\"article:modified_time\" content=\"2021-05-12T07:52:03+00:00\" \/>\n<meta property=\"og:image\" content=\"https:\/\/welovecinema.be\/wp-content\/uploads\/sites\/2\/2020\/10\/Maalbeek_-_Still_1-scaled.jpg\" \/>\n\t<meta property=\"og:image:width\" content=\"2560\" \/>\n\t<meta property=\"og:image:height\" content=\"1441\" \/>\n\t<meta property=\"og:image:type\" content=\"image\/jpeg\" \/>\n<meta name=\"author\" content=\"Aurore Engelen\" \/>\n<meta name=\"twitter:card\" content=\"summary_large_image\" \/>\n<meta name=\"twitter:label1\" content=\"\u00c9crit par\" \/>\n\t<meta name=\"twitter:data1\" content=\"Aurore Engelen\" \/>\n\t<meta name=\"twitter:label2\" content=\"Dur\u00e9e de lecture estim\u00e9e\" \/>\n\t<meta name=\"twitter:data2\" content=\"3 minutes\" \/>\n<script type=\"application\/ld+json\" class=\"yoast-schema-graph\">{\"@context\":\"https:\/\/schema.org\",\"@graph\":[{\"@type\":\"Article\",\"@id\":\"https:\/\/welovecinema.be\/fr\/maalbeek-bayard-du-meilleur-court-metrage-au-fiff\/#article\",\"isPartOf\":{\"@id\":\"https:\/\/welovecinema.be\/fr\/maalbeek-bayard-du-meilleur-court-metrage-au-fiff\/\"},\"author\":{\"name\":\"Aurore Engelen\",\"@id\":\"https:\/\/welovecinema.be\/nl\/#\/schema\/person\/8084b68c6b176142d073695c654dc7cf\"},\"headline\":\"\u00ab\u00a0Maalbeek\u00a0\u00bb, Bayard du Meilleur court m\u00e9trage au FIFF\",\"datePublished\":\"2020-10-05T06:42:46+00:00\",\"dateModified\":\"2021-05-12T07:52:03+00:00\",\"mainEntityOfPage\":{\"@id\":\"https:\/\/welovecinema.be\/fr\/maalbeek-bayard-du-meilleur-court-metrage-au-fiff\/\"},\"wordCount\":588,\"publisher\":{\"@id\":\"https:\/\/welovecinema.be\/nl\/#organization\"},\"keywords\":[\"FIFF\",\"newsletter\"],\"articleSection\":[\"Evenements\"],\"inLanguage\":\"fr-FR\"},{\"@type\":\"WebPage\",\"@id\":\"https:\/\/welovecinema.be\/fr\/maalbeek-bayard-du-meilleur-court-metrage-au-fiff\/\",\"url\":\"https:\/\/welovecinema.be\/fr\/maalbeek-bayard-du-meilleur-court-metrage-au-fiff\/\",\"name\":\"\\\"Maalbeek\\\", Bayard du Meilleur court m\u00e9trage au FIFF - We Love Cinema\",\"isPartOf\":{\"@id\":\"https:\/\/welovecinema.be\/nl\/#website\"},\"datePublished\":\"2020-10-05T06:42:46+00:00\",\"dateModified\":\"2021-05-12T07:52:03+00:00\",\"breadcrumb\":{\"@id\":\"https:\/\/welovecinema.be\/fr\/maalbeek-bayard-du-meilleur-court-metrage-au-fiff\/#breadcrumb\"},\"inLanguage\":\"fr-FR\",\"potentialAction\":[{\"@type\":\"ReadAction\",\"target\":[\"https:\/\/welovecinema.be\/fr\/maalbeek-bayard-du-meilleur-court-metrage-au-fiff\/\"]}]},{\"@type\":\"BreadcrumbList\",\"@id\":\"https:\/\/welovecinema.be\/fr\/maalbeek-bayard-du-meilleur-court-metrage-au-fiff\/#breadcrumb\",\"itemListElement\":[{\"@type\":\"ListItem\",\"position\":1,\"name\":\"Accueil\",\"item\":\"https:\/\/welovecinema.be\/fr\/\"},{\"@type\":\"ListItem\",\"position\":2,\"name\":\"\u00ab\u00a0Maalbeek\u00a0\u00bb, Bayard du Meilleur court m\u00e9trage au FIFF\"}]},{\"@type\":\"WebSite\",\"@id\":\"https:\/\/welovecinema.be\/nl\/#website\",\"url\":\"https:\/\/welovecinema.be\/nl\/\",\"name\":\"We Love Cinema\",\"description\":\"Toute l\u2019information du cin\u00e9ma en Belgique\",\"publisher\":{\"@id\":\"https:\/\/welovecinema.be\/nl\/#organization\"},\"potentialAction\":[{\"@type\":\"SearchAction\",\"target\":{\"@type\":\"EntryPoint\",\"urlTemplate\":\"https:\/\/welovecinema.be\/nl\/?s={search_term_string}\"},\"query-input\":\"required name=search_term_string\"}],\"inLanguage\":\"fr-FR\"},{\"@type\":\"Organization\",\"@id\":\"https:\/\/welovecinema.be\/nl\/#organization\",\"name\":\"We Love Cinema\",\"url\":\"https:\/\/welovecinema.be\/nl\/\",\"logo\":{\"@type\":\"ImageObject\",\"inLanguage\":\"fr-FR\",\"@id\":\"https:\/\/welovecinema.be\/nl\/#\/schema\/logo\/image\/\",\"url\":\"https:\/\/welovecinema.be\/wp-content\/uploads\/sites\/2\/2023\/03\/Logo-We-Love-Cinema305x128.jpg\",\"contentUrl\":\"https:\/\/welovecinema.be\/wp-content\/uploads\/sites\/2\/2023\/03\/Logo-We-Love-Cinema305x128.jpg\",\"width\":305,\"height\":128,\"caption\":\"We Love Cinema\"},\"image\":{\"@id\":\"https:\/\/welovecinema.be\/nl\/#\/schema\/logo\/image\/\"},\"sameAs\":[\"https:\/\/www.facebook.com\/welovecinema.be\",\"https:\/\/www.youtube.com\/channel\/UCX5LYGVhnKvYauW4Nta4HJA\",\"https:\/\/www.instagram.com\/welovecinema.be\/\"]},{\"@type\":\"Person\",\"@id\":\"https:\/\/welovecinema.be\/nl\/#\/schema\/person\/8084b68c6b176142d073695c654dc7cf\",\"name\":\"Aurore Engelen\",\"url\":\"https:\/\/welovecinema.be\/fr\/author\/aurore-engelen\/\"}]}<\/script>\n<!-- \/ Yoast SEO plugin. -->","yoast_head_json":{"title":"\"Maalbeek\", Bayard du Meilleur court m\u00e9trage au FIFF - We Love Cinema","robots":{"index":"index","follow":"follow","max-snippet":"max-snippet:-1","max-image-preview":"max-image-preview:large","max-video-preview":"max-video-preview:-1"},"canonical":"https:\/\/welovecinema.be\/fr\/maalbeek-bayard-du-meilleur-court-metrage-au-fiff\/","og_locale":"fr_FR","og_type":"article","og_title":"\"Maalbeek\", Bayard du Meilleur court m\u00e9trage au FIFF - We Love Cinema","og_description":"La C\u00e9r\u00e9monie de remise de Prix pour les courts m\u00e9trages a eu lieu hier soir au Festival International du Film Francophone de Namur. Le jury, compos\u00e9 de Fien Troch, Damien Jalet, Jean-Beno\u00eet Ugeux, L\u00e9o Lef\u00e8vre\u00a0 et Lous and the Yakuza, a donc r\u00e9v\u00e9l\u00e9 ses coups de coeur, apr\u00e8s avoir visionn\u00e9 les 21 films en comp\u00e9tition, &hellip;","og_url":"https:\/\/welovecinema.be\/fr\/maalbeek-bayard-du-meilleur-court-metrage-au-fiff\/","og_site_name":"We Love Cinema","article_publisher":"https:\/\/www.facebook.com\/welovecinema.be","article_published_time":"2020-10-05T06:42:46+00:00","article_modified_time":"2021-05-12T07:52:03+00:00","og_image":[{"width":2560,"height":1441,"url":"https:\/\/welovecinema.be\/wp-content\/uploads\/sites\/2\/2020\/10\/Maalbeek_-_Still_1-scaled.jpg","type":"image\/jpeg"}],"author":"Aurore Engelen","twitter_card":"summary_large_image","twitter_misc":{"\u00c9crit par":"Aurore Engelen","Dur\u00e9e de lecture estim\u00e9e":"3 minutes"},"schema":{"@context":"https:\/\/schema.org","@graph":[{"@type":"Article","@id":"https:\/\/welovecinema.be\/fr\/maalbeek-bayard-du-meilleur-court-metrage-au-fiff\/#article","isPartOf":{"@id":"https:\/\/welovecinema.be\/fr\/maalbeek-bayard-du-meilleur-court-metrage-au-fiff\/"},"author":{"name":"Aurore Engelen","@id":"https:\/\/welovecinema.be\/nl\/#\/schema\/person\/8084b68c6b176142d073695c654dc7cf"},"headline":"\u00ab\u00a0Maalbeek\u00a0\u00bb, Bayard du Meilleur court m\u00e9trage au FIFF","datePublished":"2020-10-05T06:42:46+00:00","dateModified":"2021-05-12T07:52:03+00:00","mainEntityOfPage":{"@id":"https:\/\/welovecinema.be\/fr\/maalbeek-bayard-du-meilleur-court-metrage-au-fiff\/"},"wordCount":588,"publisher":{"@id":"https:\/\/welovecinema.be\/nl\/#organization"},"keywords":["FIFF","newsletter"],"articleSection":["Evenements"],"inLanguage":"fr-FR"},{"@type":"WebPage","@id":"https:\/\/welovecinema.be\/fr\/maalbeek-bayard-du-meilleur-court-metrage-au-fiff\/","url":"https:\/\/welovecinema.be\/fr\/maalbeek-bayard-du-meilleur-court-metrage-au-fiff\/","name":"\"Maalbeek\", Bayard du Meilleur court m\u00e9trage au FIFF - We Love Cinema","isPartOf":{"@id":"https:\/\/welovecinema.be\/nl\/#website"},"datePublished":"2020-10-05T06:42:46+00:00","dateModified":"2021-05-12T07:52:03+00:00","breadcrumb":{"@id":"https:\/\/welovecinema.be\/fr\/maalbeek-bayard-du-meilleur-court-metrage-au-fiff\/#breadcrumb"},"inLanguage":"fr-FR","potentialAction":[{"@type":"ReadAction","target":["https:\/\/welovecinema.be\/fr\/maalbeek-bayard-du-meilleur-court-metrage-au-fiff\/"]}]},{"@type":"BreadcrumbList","@id":"https:\/\/welovecinema.be\/fr\/maalbeek-bayard-du-meilleur-court-metrage-au-fiff\/#breadcrumb","itemListElement":[{"@type":"ListItem","position":1,"name":"Accueil","item":"https:\/\/welovecinema.be\/fr\/"},{"@type":"ListItem","position":2,"name":"\u00ab\u00a0Maalbeek\u00a0\u00bb, Bayard du Meilleur court m\u00e9trage au FIFF"}]},{"@type":"WebSite","@id":"https:\/\/welovecinema.be\/nl\/#website","url":"https:\/\/welovecinema.be\/nl\/","name":"We Love Cinema","description":"Toute l\u2019information du cin\u00e9ma en Belgique","publisher":{"@id":"https:\/\/welovecinema.be\/nl\/#organization"},"potentialAction":[{"@type":"SearchAction","target":{"@type":"EntryPoint","urlTemplate":"https:\/\/welovecinema.be\/nl\/?s={search_term_string}"},"query-input":"required name=search_term_string"}],"inLanguage":"fr-FR"},{"@type":"Organization","@id":"https:\/\/welovecinema.be\/nl\/#organization","name":"We Love Cinema","url":"https:\/\/welovecinema.be\/nl\/","logo":{"@type":"ImageObject","inLanguage":"fr-FR","@id":"https:\/\/welovecinema.be\/nl\/#\/schema\/logo\/image\/","url":"https:\/\/welovecinema.be\/wp-content\/uploads\/sites\/2\/2023\/03\/Logo-We-Love-Cinema305x128.jpg","contentUrl":"https:\/\/welovecinema.be\/wp-content\/uploads\/sites\/2\/2023\/03\/Logo-We-Love-Cinema305x128.jpg","width":305,"height":128,"caption":"We Love Cinema"},"image":{"@id":"https:\/\/welovecinema.be\/nl\/#\/schema\/logo\/image\/"},"sameAs":["https:\/\/www.facebook.com\/welovecinema.be","https:\/\/www.youtube.com\/channel\/UCX5LYGVhnKvYauW4Nta4HJA","https:\/\/www.instagram.com\/welovecinema.be\/"]},{"@type":"Person","@id":"https:\/\/welovecinema.be\/nl\/#\/schema\/person\/8084b68c6b176142d073695c654dc7cf","name":"Aurore Engelen","url":"https:\/\/welovecinema.be\/fr\/author\/aurore-engelen\/"}]}},"_links":{"self":[{"href":"https:\/\/welovecinema.be\/fr\/wp-json\/wp\/v2\/posts\/232159","targetHints":{"allow":["GET"]}}],"collection":[{"href":"https:\/\/welovecinema.be\/fr\/wp-json\/wp\/v2\/posts"}],"about":[{"href":"https:\/\/welovecinema.be\/fr\/wp-json\/wp\/v2\/types\/post"}],"author":[{"embeddable":true,"href":"https:\/\/welovecinema.be\/fr\/wp-json\/wp\/v2\/users\/343"}],"replies":[{"embeddable":true,"href":"https:\/\/welovecinema.be\/fr\/wp-json\/wp\/v2\/comments?post=232159"}],"version-history":[{"count":0,"href":"https:\/\/welovecinema.be\/fr\/wp-json\/wp\/v2\/posts\/232159\/revisions"}],"wp:featuredmedia":[{"embeddable":true,"href":"https:\/\/welovecinema.be\/fr\/wp-json\/wp\/v2\/media\/232162"}],"wp:attachment":[{"href":"https:\/\/welovecinema.be\/fr\/wp-json\/wp\/v2\/media?parent=232159"}],"wp:term":[{"taxonomy":"category","embeddable":true,"href":"https:\/\/welovecinema.be\/fr\/wp-json\/wp\/v2\/categories?post=232159"},{"taxonomy":"post_tag","embeddable":true,"href":"https:\/\/welovecinema.be\/fr\/wp-json\/wp\/v2\/tags?post=232159"}],"curies":[{"name":"wp","href":"https:\/\/api.w.org\/{rel}","templated":true}]}}