{"id":231811,"date":"2020-09-18T15:03:59","date_gmt":"2020-09-18T13:03:59","guid":{"rendered":"https:\/\/www.cinevox.be\/?p=231811"},"modified":"2020-09-21T11:44:01","modified_gmt":"2020-09-21T09:44:01","slug":"lennemi-ouvrira-la-competition-officielle-de-gand","status":"publish","type":"post","link":"https:\/\/welovecinema.be\/fr\/lennemi-ouvrira-la-competition-officielle-de-gand\/","title":{"rendered":"\u00ab\u00a0L&rsquo;Ennemi\u00a0\u00bb ouvrira la Comp\u00e9tition officielle de Gand"},"content":{"rendered":"<p><strong>Le Festival International du Film de Gand tenait aujourd&rsquo;hui sa conf\u00e9rence de presse, l&rsquo;occasion de revenir sur sa programmation, et notamment la s\u00e9lection en ouverture de la Comp\u00e9tition Officielle du nouveau film de Stephan Streker: <em>L&rsquo;Ennemi<\/em>.<\/strong><\/p>\n<p>La 47e \u00e9dition du Film Fest Gent se tiendra du 13 au 24 octobre prochain, envers et contre le Covid. Si les consignes de restriction sanitaire restent de mise (50% de la capacit\u00e9 de la salle au maximum, 300 personnes maximum), le festival flamand fera une fois de plus le bonheur des cin\u00e9philes, avec une comp\u00e9tition de haut niveau o\u00f9 l&rsquo;on retrouve notamment Kelly Reichardt, Ma\u00efween, ou encore r\u00e9cent Lion d&rsquo;or \u00e0 Venise, <em>Nomadland<\/em> de Chlo\u00e9 Zhao.<\/p>\n<p>Et pour ouvrir cette comp\u00e9tition? Un film belge francophone &#8211; mais profond\u00e9ment ancr\u00e9 en Belgique avec un grand B. Avec <em>L&rsquo;Ennemi<\/em>, Stephan Streker s&#8217;empare d&rsquo;un fait divers qui a secou\u00e9 le pays, et sur lequel chaque Belge a projet\u00e9 ses propres fantasmes.<\/p>\n<p>Quand on lui demande d&rsquo;ailleurs \u00e0 quel moment il a compris que ce fait divers lui donnerait la mati\u00e8re de son nouveau film, le r\u00e9alisateur, pr\u00e9sent ce matin \u00e0 la conf\u00e9rence de presse lors de laquelle \u00e9tait d\u00e9voil\u00e9 son film, explique: <em>\u00ab\u00a0Je ne m&rsquo;int\u00e9ressais pas sp\u00e9cialement \u00e0 cette histoire au d\u00e9but, mais le jour o\u00f9 j&rsquo;ai rencontr\u00e9 \u00e0 quelques minutes d&rsquo;intervalle une personne intimement convaincue de la culpabilit\u00e9 de Bernard Wesphael, puis une autre tout aussi intimement convaincue de son innocence, je me suis dit qu&rsquo;il y avait l\u00e0 un film.\u00a0\u00bb\u00a0<\/em><\/p>\n<p><img loading=\"lazy\" decoding=\"async\" class=\"alignnone size-large wp-image-231824\" src=\"https:\/\/www.cinevox.be\/wp-content\/uploads\/sites\/2\/2020\/09\/IMG_8334-800x600.jpg\" alt=\"Stephan-Streker-Cinevox\" width=\"618\" height=\"464\" srcset=\"https:\/\/welovecinema.be\/wp-content\/uploads\/sites\/2\/2020\/09\/IMG_8334-800x600.jpg 800w, https:\/\/welovecinema.be\/wp-content\/uploads\/sites\/2\/2020\/09\/IMG_8334-360x270.jpg 360w, https:\/\/welovecinema.be\/wp-content\/uploads\/sites\/2\/2020\/09\/IMG_8334-768x576.jpg 768w, https:\/\/welovecinema.be\/wp-content\/uploads\/sites\/2\/2020\/09\/IMG_8334-1536x1152.jpg 1536w, https:\/\/welovecinema.be\/wp-content\/uploads\/sites\/2\/2020\/09\/IMG_8334.jpg 2016w\" sizes=\"auto, (max-width: 618px) 100vw, 618px\" \/><\/p>\n<p>On reparlera tr\u00e8s bient\u00f4t du film avec Stephan Streker, mais en attendant, il nous confie \u00e0 quel point cette s\u00e9lection le touche: <em>\u00ab\u00a0Le Festival de Gand a programm\u00e9 mon tout premier film, <\/em>Michael Blanco<em>, et suit mon travail avec attention depuis mes d\u00e9buts. Et puis quand on voit la liste des films en comp\u00e9tition, c&rsquo;est un tel honneur!\u00a0\u00bb\u00a0<\/em><\/p>\n<p>Le r\u00e9alisateur insiste \u00e9galement sur le caract\u00e8re profond\u00e9ment belge de son film, la Belgique en \u00e9tant m\u00eame <em>\u00ab\u00a0le personnage invisible\u00a0\u00bb<\/em>. Un film qui parle fran\u00e7ais et flamand (mais o\u00f9 l&rsquo;on ne le comprend pas), un pays scind\u00e9 en deux, mais un casting qui fait la part belle aux talents des deux communaut\u00e9s, emmen\u00e9s par un J\u00e9r\u00e9mie Renier fascinant, avec \u00e9galement les excellents Sam Louwyck ou Bruno Vanden Broecke.<\/p>\n<p>Le jury qui devra donc d\u00e9partager les 12 films en comp\u00e9tition sera d&rsquo;ailleurs pr\u00e9sid\u00e9 par un autre cin\u00e9aste belge francophone, Fabrice du Welz.<\/p>\n<p>On notera \u00e9galement que le festival f\u00eatera cette ann\u00e9e les 20 ans des prestigieux World Soundtrack Awards, qui font de Gand un carrefour incontournable pour les professionnels et les amateurs de musique de film, et qu&rsquo;il ouvrira avec le nouveau film tr\u00e8s attendu de Thomas Vinterberg, <em>Drunk<\/em>.<\/p>\n<p>Le programme est \u00e0 retrouver <a href=\"https:\/\/www.filmfestival.be\/nl\/festival\/programma\">ici<\/a>.<\/p>\n<p>&nbsp;<\/p>\n","protected":false},"excerpt":{"rendered":"<p>Le Festival International du Film de Gand tenait aujourd&rsquo;hui sa conf\u00e9rence de presse, l&rsquo;occasion de revenir sur sa programmation, et notamment la s\u00e9lection en ouverture de la Comp\u00e9tition Officielle du nouveau film de Stephan Streker: L&rsquo;Ennemi. La 47e \u00e9dition du Film Fest Gent se tiendra du 13 au 24 octobre prochain, envers et contre le &hellip;<\/p>\n","protected":false},"author":343,"featured_media":231822,"comment_status":"closed","ping_status":"closed","sticky":false,"template":"","format":"standard","meta":{"ngg_post_thumbnail":0,"footnotes":""},"categories":[12],"tags":[5262,4187,4917],"class_list":["post-231811","post","type-post","status-publish","format-standard","has-post-thumbnail","","category-awards","tag-lennemi","tag-newsletter-fr","tag-stephan-streker-2"],"yoast_head":"<!-- This site is optimized with the Yoast SEO plugin v20.4 - https:\/\/yoast.com\/wordpress\/plugins\/seo\/ -->\n<title>&quot;L&#039;Ennemi&quot; ouvrira la Comp\u00e9tition officielle de Gand - We Love Cinema<\/title>\n<meta name=\"robots\" content=\"index, follow, max-snippet:-1, max-image-preview:large, max-video-preview:-1\" \/>\n<link rel=\"canonical\" href=\"https:\/\/welovecinema.be\/fr\/lennemi-ouvrira-la-competition-officielle-de-gand\/\" \/>\n<meta property=\"og:locale\" content=\"fr_FR\" \/>\n<meta property=\"og:type\" content=\"article\" \/>\n<meta property=\"og:title\" content=\"&quot;L&#039;Ennemi&quot; ouvrira la Comp\u00e9tition officielle de Gand - We Love Cinema\" \/>\n<meta property=\"og:description\" content=\"Le Festival International du Film de Gand tenait aujourd&rsquo;hui sa conf\u00e9rence de presse, l&rsquo;occasion de revenir sur sa programmation, et notamment la s\u00e9lection en ouverture de la Comp\u00e9tition Officielle du nouveau film de Stephan Streker: L&rsquo;Ennemi. La 47e \u00e9dition du Film Fest Gent se tiendra du 13 au 24 octobre prochain, envers et contre le &hellip;\" \/>\n<meta property=\"og:url\" content=\"https:\/\/welovecinema.be\/fr\/lennemi-ouvrira-la-competition-officielle-de-gand\/\" \/>\n<meta property=\"og:site_name\" content=\"We Love Cinema\" \/>\n<meta property=\"article:publisher\" content=\"https:\/\/www.facebook.com\/welovecinema.be\" \/>\n<meta property=\"article:published_time\" content=\"2020-09-18T13:03:59+00:00\" \/>\n<meta property=\"article:modified_time\" content=\"2020-09-21T09:44:01+00:00\" \/>\n<meta property=\"og:image\" content=\"https:\/\/welovecinema.be\/wp-content\/uploads\/sites\/2\/2020\/09\/FotoJet-3.jpg\" \/>\n\t<meta property=\"og:image:width\" content=\"1200\" \/>\n\t<meta property=\"og:image:height\" content=\"658\" \/>\n\t<meta property=\"og:image:type\" content=\"image\/jpeg\" \/>\n<meta name=\"author\" content=\"Aurore Engelen\" \/>\n<meta name=\"twitter:card\" content=\"summary_large_image\" \/>\n<meta name=\"twitter:label1\" content=\"\u00c9crit par\" \/>\n\t<meta name=\"twitter:data1\" content=\"Aurore Engelen\" \/>\n\t<meta name=\"twitter:label2\" content=\"Dur\u00e9e de lecture estim\u00e9e\" \/>\n\t<meta name=\"twitter:data2\" content=\"2 minutes\" \/>\n<script type=\"application\/ld+json\" class=\"yoast-schema-graph\">{\"@context\":\"https:\/\/schema.org\",\"@graph\":[{\"@type\":\"Article\",\"@id\":\"https:\/\/welovecinema.be\/fr\/lennemi-ouvrira-la-competition-officielle-de-gand\/#article\",\"isPartOf\":{\"@id\":\"https:\/\/welovecinema.be\/fr\/lennemi-ouvrira-la-competition-officielle-de-gand\/\"},\"author\":{\"name\":\"Aurore Engelen\",\"@id\":\"https:\/\/welovecinema.be\/nl\/#\/schema\/person\/8084b68c6b176142d073695c654dc7cf\"},\"headline\":\"\u00ab\u00a0L&rsquo;Ennemi\u00a0\u00bb ouvrira la Comp\u00e9tition officielle de Gand\",\"datePublished\":\"2020-09-18T13:03:59+00:00\",\"dateModified\":\"2020-09-21T09:44:01+00:00\",\"mainEntityOfPage\":{\"@id\":\"https:\/\/welovecinema.be\/fr\/lennemi-ouvrira-la-competition-officielle-de-gand\/\"},\"wordCount\":500,\"publisher\":{\"@id\":\"https:\/\/welovecinema.be\/nl\/#organization\"},\"keywords\":[\"L'Ennemi\",\"newsletter\",\"Stephan Streker\"],\"articleSection\":[\"Evenements\"],\"inLanguage\":\"fr-FR\"},{\"@type\":\"WebPage\",\"@id\":\"https:\/\/welovecinema.be\/fr\/lennemi-ouvrira-la-competition-officielle-de-gand\/\",\"url\":\"https:\/\/welovecinema.be\/fr\/lennemi-ouvrira-la-competition-officielle-de-gand\/\",\"name\":\"\\\"L'Ennemi\\\" ouvrira la Comp\u00e9tition officielle de Gand - We Love Cinema\",\"isPartOf\":{\"@id\":\"https:\/\/welovecinema.be\/nl\/#website\"},\"datePublished\":\"2020-09-18T13:03:59+00:00\",\"dateModified\":\"2020-09-21T09:44:01+00:00\",\"breadcrumb\":{\"@id\":\"https:\/\/welovecinema.be\/fr\/lennemi-ouvrira-la-competition-officielle-de-gand\/#breadcrumb\"},\"inLanguage\":\"fr-FR\",\"potentialAction\":[{\"@type\":\"ReadAction\",\"target\":[\"https:\/\/welovecinema.be\/fr\/lennemi-ouvrira-la-competition-officielle-de-gand\/\"]}]},{\"@type\":\"BreadcrumbList\",\"@id\":\"https:\/\/welovecinema.be\/fr\/lennemi-ouvrira-la-competition-officielle-de-gand\/#breadcrumb\",\"itemListElement\":[{\"@type\":\"ListItem\",\"position\":1,\"name\":\"Accueil\",\"item\":\"https:\/\/welovecinema.be\/fr\/\"},{\"@type\":\"ListItem\",\"position\":2,\"name\":\"\u00ab\u00a0L&rsquo;Ennemi\u00a0\u00bb ouvrira la Comp\u00e9tition officielle de Gand\"}]},{\"@type\":\"WebSite\",\"@id\":\"https:\/\/welovecinema.be\/nl\/#website\",\"url\":\"https:\/\/welovecinema.be\/nl\/\",\"name\":\"We Love Cinema\",\"description\":\"Toute l\u2019information du cin\u00e9ma en Belgique\",\"publisher\":{\"@id\":\"https:\/\/welovecinema.be\/nl\/#organization\"},\"potentialAction\":[{\"@type\":\"SearchAction\",\"target\":{\"@type\":\"EntryPoint\",\"urlTemplate\":\"https:\/\/welovecinema.be\/nl\/?s={search_term_string}\"},\"query-input\":\"required name=search_term_string\"}],\"inLanguage\":\"fr-FR\"},{\"@type\":\"Organization\",\"@id\":\"https:\/\/welovecinema.be\/nl\/#organization\",\"name\":\"We Love Cinema\",\"url\":\"https:\/\/welovecinema.be\/nl\/\",\"logo\":{\"@type\":\"ImageObject\",\"inLanguage\":\"fr-FR\",\"@id\":\"https:\/\/welovecinema.be\/nl\/#\/schema\/logo\/image\/\",\"url\":\"https:\/\/welovecinema.be\/wp-content\/uploads\/sites\/2\/2023\/03\/Logo-We-Love-Cinema305x128.jpg\",\"contentUrl\":\"https:\/\/welovecinema.be\/wp-content\/uploads\/sites\/2\/2023\/03\/Logo-We-Love-Cinema305x128.jpg\",\"width\":305,\"height\":128,\"caption\":\"We Love Cinema\"},\"image\":{\"@id\":\"https:\/\/welovecinema.be\/nl\/#\/schema\/logo\/image\/\"},\"sameAs\":[\"https:\/\/www.facebook.com\/welovecinema.be\",\"https:\/\/www.youtube.com\/channel\/UCX5LYGVhnKvYauW4Nta4HJA\",\"https:\/\/www.instagram.com\/welovecinema.be\/\"]},{\"@type\":\"Person\",\"@id\":\"https:\/\/welovecinema.be\/nl\/#\/schema\/person\/8084b68c6b176142d073695c654dc7cf\",\"name\":\"Aurore Engelen\",\"url\":\"https:\/\/welovecinema.be\/fr\/author\/aurore-engelen\/\"}]}<\/script>\n<!-- \/ Yoast SEO plugin. -->","yoast_head_json":{"title":"\"L'Ennemi\" ouvrira la Comp\u00e9tition officielle de Gand - We Love Cinema","robots":{"index":"index","follow":"follow","max-snippet":"max-snippet:-1","max-image-preview":"max-image-preview:large","max-video-preview":"max-video-preview:-1"},"canonical":"https:\/\/welovecinema.be\/fr\/lennemi-ouvrira-la-competition-officielle-de-gand\/","og_locale":"fr_FR","og_type":"article","og_title":"\"L'Ennemi\" ouvrira la Comp\u00e9tition officielle de Gand - We Love Cinema","og_description":"Le Festival International du Film de Gand tenait aujourd&rsquo;hui sa conf\u00e9rence de presse, l&rsquo;occasion de revenir sur sa programmation, et notamment la s\u00e9lection en ouverture de la Comp\u00e9tition Officielle du nouveau film de Stephan Streker: L&rsquo;Ennemi. La 47e \u00e9dition du Film Fest Gent se tiendra du 13 au 24 octobre prochain, envers et contre le &hellip;","og_url":"https:\/\/welovecinema.be\/fr\/lennemi-ouvrira-la-competition-officielle-de-gand\/","og_site_name":"We Love Cinema","article_publisher":"https:\/\/www.facebook.com\/welovecinema.be","article_published_time":"2020-09-18T13:03:59+00:00","article_modified_time":"2020-09-21T09:44:01+00:00","og_image":[{"width":1200,"height":658,"url":"https:\/\/welovecinema.be\/wp-content\/uploads\/sites\/2\/2020\/09\/FotoJet-3.jpg","type":"image\/jpeg"}],"author":"Aurore Engelen","twitter_card":"summary_large_image","twitter_misc":{"\u00c9crit par":"Aurore Engelen","Dur\u00e9e de lecture estim\u00e9e":"2 minutes"},"schema":{"@context":"https:\/\/schema.org","@graph":[{"@type":"Article","@id":"https:\/\/welovecinema.be\/fr\/lennemi-ouvrira-la-competition-officielle-de-gand\/#article","isPartOf":{"@id":"https:\/\/welovecinema.be\/fr\/lennemi-ouvrira-la-competition-officielle-de-gand\/"},"author":{"name":"Aurore Engelen","@id":"https:\/\/welovecinema.be\/nl\/#\/schema\/person\/8084b68c6b176142d073695c654dc7cf"},"headline":"\u00ab\u00a0L&rsquo;Ennemi\u00a0\u00bb ouvrira la Comp\u00e9tition officielle de Gand","datePublished":"2020-09-18T13:03:59+00:00","dateModified":"2020-09-21T09:44:01+00:00","mainEntityOfPage":{"@id":"https:\/\/welovecinema.be\/fr\/lennemi-ouvrira-la-competition-officielle-de-gand\/"},"wordCount":500,"publisher":{"@id":"https:\/\/welovecinema.be\/nl\/#organization"},"keywords":["L'Ennemi","newsletter","Stephan Streker"],"articleSection":["Evenements"],"inLanguage":"fr-FR"},{"@type":"WebPage","@id":"https:\/\/welovecinema.be\/fr\/lennemi-ouvrira-la-competition-officielle-de-gand\/","url":"https:\/\/welovecinema.be\/fr\/lennemi-ouvrira-la-competition-officielle-de-gand\/","name":"\"L'Ennemi\" ouvrira la Comp\u00e9tition officielle de Gand - We Love Cinema","isPartOf":{"@id":"https:\/\/welovecinema.be\/nl\/#website"},"datePublished":"2020-09-18T13:03:59+00:00","dateModified":"2020-09-21T09:44:01+00:00","breadcrumb":{"@id":"https:\/\/welovecinema.be\/fr\/lennemi-ouvrira-la-competition-officielle-de-gand\/#breadcrumb"},"inLanguage":"fr-FR","potentialAction":[{"@type":"ReadAction","target":["https:\/\/welovecinema.be\/fr\/lennemi-ouvrira-la-competition-officielle-de-gand\/"]}]},{"@type":"BreadcrumbList","@id":"https:\/\/welovecinema.be\/fr\/lennemi-ouvrira-la-competition-officielle-de-gand\/#breadcrumb","itemListElement":[{"@type":"ListItem","position":1,"name":"Accueil","item":"https:\/\/welovecinema.be\/fr\/"},{"@type":"ListItem","position":2,"name":"\u00ab\u00a0L&rsquo;Ennemi\u00a0\u00bb ouvrira la Comp\u00e9tition officielle de Gand"}]},{"@type":"WebSite","@id":"https:\/\/welovecinema.be\/nl\/#website","url":"https:\/\/welovecinema.be\/nl\/","name":"We Love Cinema","description":"Toute l\u2019information du cin\u00e9ma en Belgique","publisher":{"@id":"https:\/\/welovecinema.be\/nl\/#organization"},"potentialAction":[{"@type":"SearchAction","target":{"@type":"EntryPoint","urlTemplate":"https:\/\/welovecinema.be\/nl\/?s={search_term_string}"},"query-input":"required name=search_term_string"}],"inLanguage":"fr-FR"},{"@type":"Organization","@id":"https:\/\/welovecinema.be\/nl\/#organization","name":"We Love Cinema","url":"https:\/\/welovecinema.be\/nl\/","logo":{"@type":"ImageObject","inLanguage":"fr-FR","@id":"https:\/\/welovecinema.be\/nl\/#\/schema\/logo\/image\/","url":"https:\/\/welovecinema.be\/wp-content\/uploads\/sites\/2\/2023\/03\/Logo-We-Love-Cinema305x128.jpg","contentUrl":"https:\/\/welovecinema.be\/wp-content\/uploads\/sites\/2\/2023\/03\/Logo-We-Love-Cinema305x128.jpg","width":305,"height":128,"caption":"We Love Cinema"},"image":{"@id":"https:\/\/welovecinema.be\/nl\/#\/schema\/logo\/image\/"},"sameAs":["https:\/\/www.facebook.com\/welovecinema.be","https:\/\/www.youtube.com\/channel\/UCX5LYGVhnKvYauW4Nta4HJA","https:\/\/www.instagram.com\/welovecinema.be\/"]},{"@type":"Person","@id":"https:\/\/welovecinema.be\/nl\/#\/schema\/person\/8084b68c6b176142d073695c654dc7cf","name":"Aurore Engelen","url":"https:\/\/welovecinema.be\/fr\/author\/aurore-engelen\/"}]}},"_links":{"self":[{"href":"https:\/\/welovecinema.be\/fr\/wp-json\/wp\/v2\/posts\/231811","targetHints":{"allow":["GET"]}}],"collection":[{"href":"https:\/\/welovecinema.be\/fr\/wp-json\/wp\/v2\/posts"}],"about":[{"href":"https:\/\/welovecinema.be\/fr\/wp-json\/wp\/v2\/types\/post"}],"author":[{"embeddable":true,"href":"https:\/\/welovecinema.be\/fr\/wp-json\/wp\/v2\/users\/343"}],"replies":[{"embeddable":true,"href":"https:\/\/welovecinema.be\/fr\/wp-json\/wp\/v2\/comments?post=231811"}],"version-history":[{"count":0,"href":"https:\/\/welovecinema.be\/fr\/wp-json\/wp\/v2\/posts\/231811\/revisions"}],"wp:featuredmedia":[{"embeddable":true,"href":"https:\/\/welovecinema.be\/fr\/wp-json\/wp\/v2\/media\/231822"}],"wp:attachment":[{"href":"https:\/\/welovecinema.be\/fr\/wp-json\/wp\/v2\/media?parent=231811"}],"wp:term":[{"taxonomy":"category","embeddable":true,"href":"https:\/\/welovecinema.be\/fr\/wp-json\/wp\/v2\/categories?post=231811"},{"taxonomy":"post_tag","embeddable":true,"href":"https:\/\/welovecinema.be\/fr\/wp-json\/wp\/v2\/tags?post=231811"}],"curies":[{"name":"wp","href":"https:\/\/api.w.org\/{rel}","templated":true}]}}