{"id":231712,"date":"2020-09-15T11:43:03","date_gmt":"2020-09-15T09:43:03","guid":{"rendered":"https:\/\/www.cinevox.be\/?p=231712"},"modified":"2020-09-15T11:43:03","modified_gmt":"2020-09-15T09:43:03","slug":"jonathan-zaccai-de-retour-dans-la-saison-2-dinfidele","status":"publish","type":"post","link":"https:\/\/welovecinema.be\/fr\/jonathan-zaccai-de-retour-dans-la-saison-2-dinfidele\/","title":{"rendered":"Jonathan Zacca\u00ef de retour dans la saison 2 d&rsquo;Infid\u00e8le"},"content":{"rendered":"<p><strong>Le com\u00e9dien belge Jonathan Zacca\u00ef est \u00e0 l&rsquo;affiche de la saison 2 de la s\u00e9rie fran\u00e7aise <em>Infid\u00e8le<\/em> (produite par TF1), dont la diffusion d\u00e9but ce soir que La Une.<\/strong><\/p>\n<p><em>Infid\u00e8le<\/em>, adaptation de la s\u00e9rie britannique Docteur Foster, mettait en sc\u00e8ne le d\u00e9chirement d&rsquo;un couple, form\u00e9 par Claire Keim et Jonathan Zacca\u00ef, suite \u00e0 l&rsquo;infid\u00e9lit\u00e9 de ce dernier. Enorme succ\u00e8s d&rsquo;audience en France, la s\u00e9rie conna\u00eet donc une deuxi\u00e8me saison.<\/p>\n<div class=\"body\">\n<div class=\"ob-sections\">\n<div class=\"ob-section ob-section-html\">\n<p>Claire Keim, alias le docteur Emma Sandrelli a repris le cours de sa vie, elle s\u2019occupe de son fils Luigi et de ses patients. Mais alors qu&rsquo;elle tombe sous le charme de Gabriel, jeune ost\u00e9opathe de 25 ans qui va venir exercer dans son cabinet, elle se retrouve confront\u00e9e \u00e0 une situation qui n&rsquo;est pas sans rappeler celle v\u00e9cue par son ex-compagnon. Matteo de son c\u00f4t\u00e9 (Jonathan Zacca\u00ef) est au bord du gouffre, sans argent et prisonnier d\u2019un quotidien pas tr\u00e8s gai avec Candice et leur b\u00e9b\u00e9. Il s\u2019escrime \u00e0 essayer de sauver son couple mais Candice semble s\u2019enfoncer dans une d\u00e9pression post-partum et regretter de ne pas avoir v\u00e9cu un peu plus sa jeunesse\u2026<\/p>\n<p>Cette s\u00e9rie de 6&#215;52&prime; sera diffus\u00e9e jusqu&rsquo;au 29 septembre prochain sur La Une tous les mardi \u00e0 20h30.<\/p>\n<\/div>\n<\/div>\n<\/div>\n<div class=\"tag\"><\/div>\n","protected":false},"excerpt":{"rendered":"<p>Le com\u00e9dien belge Jonathan Zacca\u00ef est \u00e0 l&rsquo;affiche de la saison 2 de la s\u00e9rie fran\u00e7aise Infid\u00e8le (produite par TF1), dont la diffusion d\u00e9but ce soir que La Une. Infid\u00e8le, adaptation de la s\u00e9rie britannique Docteur Foster, mettait en sc\u00e8ne le d\u00e9chirement d&rsquo;un couple, form\u00e9 par Claire Keim et Jonathan Zacca\u00ef, suite \u00e0 l&rsquo;infid\u00e9lit\u00e9 de &hellip;<\/p>\n","protected":false},"author":343,"featured_media":231715,"comment_status":"closed","ping_status":"closed","sticky":false,"template":"","format":"standard","meta":{"ngg_post_thumbnail":0,"footnotes":""},"categories":[14],"tags":[4007],"class_list":["post-231712","post","type-post","status-publish","format-standard","has-post-thumbnail","","category-home-cinema","tag-jonathan-zaccai-2"],"yoast_head":"<!-- This site is optimized with the Yoast SEO plugin v20.4 - https:\/\/yoast.com\/wordpress\/plugins\/seo\/ -->\n<title>Jonathan Zacca\u00ef de retour dans la saison 2 d&#039;Infid\u00e8le - We Love Cinema<\/title>\n<meta name=\"robots\" content=\"index, follow, max-snippet:-1, max-image-preview:large, max-video-preview:-1\" \/>\n<link rel=\"canonical\" href=\"https:\/\/welovecinema.be\/fr\/jonathan-zaccai-de-retour-dans-la-saison-2-dinfidele\/\" \/>\n<meta property=\"og:locale\" content=\"fr_FR\" \/>\n<meta property=\"og:type\" content=\"article\" \/>\n<meta property=\"og:title\" content=\"Jonathan Zacca\u00ef de retour dans la saison 2 d&#039;Infid\u00e8le - We Love Cinema\" \/>\n<meta property=\"og:description\" content=\"Le com\u00e9dien belge Jonathan Zacca\u00ef est \u00e0 l&rsquo;affiche de la saison 2 de la s\u00e9rie fran\u00e7aise Infid\u00e8le (produite par TF1), dont la diffusion d\u00e9but ce soir que La Une. Infid\u00e8le, adaptation de la s\u00e9rie britannique Docteur Foster, mettait en sc\u00e8ne le d\u00e9chirement d&rsquo;un couple, form\u00e9 par Claire Keim et Jonathan Zacca\u00ef, suite \u00e0 l&rsquo;infid\u00e9lit\u00e9 de &hellip;\" \/>\n<meta property=\"og:url\" content=\"https:\/\/welovecinema.be\/fr\/jonathan-zaccai-de-retour-dans-la-saison-2-dinfidele\/\" \/>\n<meta property=\"og:site_name\" content=\"We Love Cinema\" \/>\n<meta property=\"article:publisher\" content=\"https:\/\/www.facebook.com\/welovecinema.be\" \/>\n<meta property=\"article:published_time\" content=\"2020-09-15T09:43:03+00:00\" \/>\n<meta property=\"og:image\" content=\"https:\/\/welovecinema.be\/wp-content\/uploads\/sites\/2\/2020\/09\/3771311.jpg\" \/>\n\t<meta property=\"og:image:width\" content=\"1280\" \/>\n\t<meta property=\"og:image:height\" content=\"512\" \/>\n\t<meta property=\"og:image:type\" content=\"image\/jpeg\" \/>\n<meta name=\"author\" content=\"Aurore Engelen\" \/>\n<meta name=\"twitter:card\" content=\"summary_large_image\" \/>\n<meta name=\"twitter:label1\" content=\"\u00c9crit par\" \/>\n\t<meta name=\"twitter:data1\" content=\"Aurore Engelen\" \/>\n\t<meta name=\"twitter:label2\" content=\"Dur\u00e9e de lecture estim\u00e9e\" \/>\n\t<meta name=\"twitter:data2\" content=\"1 minute\" \/>\n<script type=\"application\/ld+json\" class=\"yoast-schema-graph\">{\"@context\":\"https:\/\/schema.org\",\"@graph\":[{\"@type\":\"Article\",\"@id\":\"https:\/\/welovecinema.be\/fr\/jonathan-zaccai-de-retour-dans-la-saison-2-dinfidele\/#article\",\"isPartOf\":{\"@id\":\"https:\/\/welovecinema.be\/fr\/jonathan-zaccai-de-retour-dans-la-saison-2-dinfidele\/\"},\"author\":{\"name\":\"Aurore Engelen\",\"@id\":\"https:\/\/welovecinema.be\/nl\/#\/schema\/person\/8084b68c6b176142d073695c654dc7cf\"},\"headline\":\"Jonathan Zacca\u00ef de retour dans la saison 2 d&rsquo;Infid\u00e8le\",\"datePublished\":\"2020-09-15T09:43:03+00:00\",\"dateModified\":\"2020-09-15T09:43:03+00:00\",\"mainEntityOfPage\":{\"@id\":\"https:\/\/welovecinema.be\/fr\/jonathan-zaccai-de-retour-dans-la-saison-2-dinfidele\/\"},\"wordCount\":239,\"publisher\":{\"@id\":\"https:\/\/welovecinema.be\/nl\/#organization\"},\"keywords\":[\"Jonathan Zacca\u00ef\"],\"articleSection\":[\"Plateau t\u00e9l\u00e9\"],\"inLanguage\":\"fr-FR\"},{\"@type\":\"WebPage\",\"@id\":\"https:\/\/welovecinema.be\/fr\/jonathan-zaccai-de-retour-dans-la-saison-2-dinfidele\/\",\"url\":\"https:\/\/welovecinema.be\/fr\/jonathan-zaccai-de-retour-dans-la-saison-2-dinfidele\/\",\"name\":\"Jonathan Zacca\u00ef de retour dans la saison 2 d'Infid\u00e8le - We Love Cinema\",\"isPartOf\":{\"@id\":\"https:\/\/welovecinema.be\/nl\/#website\"},\"datePublished\":\"2020-09-15T09:43:03+00:00\",\"dateModified\":\"2020-09-15T09:43:03+00:00\",\"breadcrumb\":{\"@id\":\"https:\/\/welovecinema.be\/fr\/jonathan-zaccai-de-retour-dans-la-saison-2-dinfidele\/#breadcrumb\"},\"inLanguage\":\"fr-FR\",\"potentialAction\":[{\"@type\":\"ReadAction\",\"target\":[\"https:\/\/welovecinema.be\/fr\/jonathan-zaccai-de-retour-dans-la-saison-2-dinfidele\/\"]}]},{\"@type\":\"BreadcrumbList\",\"@id\":\"https:\/\/welovecinema.be\/fr\/jonathan-zaccai-de-retour-dans-la-saison-2-dinfidele\/#breadcrumb\",\"itemListElement\":[{\"@type\":\"ListItem\",\"position\":1,\"name\":\"Accueil\",\"item\":\"https:\/\/welovecinema.be\/fr\/\"},{\"@type\":\"ListItem\",\"position\":2,\"name\":\"Jonathan Zacca\u00ef de retour dans la saison 2 d&rsquo;Infid\u00e8le\"}]},{\"@type\":\"WebSite\",\"@id\":\"https:\/\/welovecinema.be\/nl\/#website\",\"url\":\"https:\/\/welovecinema.be\/nl\/\",\"name\":\"We Love Cinema\",\"description\":\"Toute l\u2019information du cin\u00e9ma en Belgique\",\"publisher\":{\"@id\":\"https:\/\/welovecinema.be\/nl\/#organization\"},\"potentialAction\":[{\"@type\":\"SearchAction\",\"target\":{\"@type\":\"EntryPoint\",\"urlTemplate\":\"https:\/\/welovecinema.be\/nl\/?s={search_term_string}\"},\"query-input\":\"required name=search_term_string\"}],\"inLanguage\":\"fr-FR\"},{\"@type\":\"Organization\",\"@id\":\"https:\/\/welovecinema.be\/nl\/#organization\",\"name\":\"We Love Cinema\",\"url\":\"https:\/\/welovecinema.be\/nl\/\",\"logo\":{\"@type\":\"ImageObject\",\"inLanguage\":\"fr-FR\",\"@id\":\"https:\/\/welovecinema.be\/nl\/#\/schema\/logo\/image\/\",\"url\":\"https:\/\/welovecinema.be\/wp-content\/uploads\/sites\/2\/2023\/03\/Logo-We-Love-Cinema305x128.jpg\",\"contentUrl\":\"https:\/\/welovecinema.be\/wp-content\/uploads\/sites\/2\/2023\/03\/Logo-We-Love-Cinema305x128.jpg\",\"width\":305,\"height\":128,\"caption\":\"We Love Cinema\"},\"image\":{\"@id\":\"https:\/\/welovecinema.be\/nl\/#\/schema\/logo\/image\/\"},\"sameAs\":[\"https:\/\/www.facebook.com\/welovecinema.be\",\"https:\/\/www.youtube.com\/channel\/UCX5LYGVhnKvYauW4Nta4HJA\",\"https:\/\/www.instagram.com\/welovecinema.be\/\"]},{\"@type\":\"Person\",\"@id\":\"https:\/\/welovecinema.be\/nl\/#\/schema\/person\/8084b68c6b176142d073695c654dc7cf\",\"name\":\"Aurore Engelen\",\"url\":\"https:\/\/welovecinema.be\/fr\/author\/aurore-engelen\/\"}]}<\/script>\n<!-- \/ Yoast SEO plugin. -->","yoast_head_json":{"title":"Jonathan Zacca\u00ef de retour dans la saison 2 d'Infid\u00e8le - We Love Cinema","robots":{"index":"index","follow":"follow","max-snippet":"max-snippet:-1","max-image-preview":"max-image-preview:large","max-video-preview":"max-video-preview:-1"},"canonical":"https:\/\/welovecinema.be\/fr\/jonathan-zaccai-de-retour-dans-la-saison-2-dinfidele\/","og_locale":"fr_FR","og_type":"article","og_title":"Jonathan Zacca\u00ef de retour dans la saison 2 d'Infid\u00e8le - We Love Cinema","og_description":"Le com\u00e9dien belge Jonathan Zacca\u00ef est \u00e0 l&rsquo;affiche de la saison 2 de la s\u00e9rie fran\u00e7aise Infid\u00e8le (produite par TF1), dont la diffusion d\u00e9but ce soir que La Une. Infid\u00e8le, adaptation de la s\u00e9rie britannique Docteur Foster, mettait en sc\u00e8ne le d\u00e9chirement d&rsquo;un couple, form\u00e9 par Claire Keim et Jonathan Zacca\u00ef, suite \u00e0 l&rsquo;infid\u00e9lit\u00e9 de &hellip;","og_url":"https:\/\/welovecinema.be\/fr\/jonathan-zaccai-de-retour-dans-la-saison-2-dinfidele\/","og_site_name":"We Love Cinema","article_publisher":"https:\/\/www.facebook.com\/welovecinema.be","article_published_time":"2020-09-15T09:43:03+00:00","og_image":[{"width":1280,"height":512,"url":"https:\/\/welovecinema.be\/wp-content\/uploads\/sites\/2\/2020\/09\/3771311.jpg","type":"image\/jpeg"}],"author":"Aurore Engelen","twitter_card":"summary_large_image","twitter_misc":{"\u00c9crit par":"Aurore Engelen","Dur\u00e9e de lecture estim\u00e9e":"1 minute"},"schema":{"@context":"https:\/\/schema.org","@graph":[{"@type":"Article","@id":"https:\/\/welovecinema.be\/fr\/jonathan-zaccai-de-retour-dans-la-saison-2-dinfidele\/#article","isPartOf":{"@id":"https:\/\/welovecinema.be\/fr\/jonathan-zaccai-de-retour-dans-la-saison-2-dinfidele\/"},"author":{"name":"Aurore Engelen","@id":"https:\/\/welovecinema.be\/nl\/#\/schema\/person\/8084b68c6b176142d073695c654dc7cf"},"headline":"Jonathan Zacca\u00ef de retour dans la saison 2 d&rsquo;Infid\u00e8le","datePublished":"2020-09-15T09:43:03+00:00","dateModified":"2020-09-15T09:43:03+00:00","mainEntityOfPage":{"@id":"https:\/\/welovecinema.be\/fr\/jonathan-zaccai-de-retour-dans-la-saison-2-dinfidele\/"},"wordCount":239,"publisher":{"@id":"https:\/\/welovecinema.be\/nl\/#organization"},"keywords":["Jonathan Zacca\u00ef"],"articleSection":["Plateau t\u00e9l\u00e9"],"inLanguage":"fr-FR"},{"@type":"WebPage","@id":"https:\/\/welovecinema.be\/fr\/jonathan-zaccai-de-retour-dans-la-saison-2-dinfidele\/","url":"https:\/\/welovecinema.be\/fr\/jonathan-zaccai-de-retour-dans-la-saison-2-dinfidele\/","name":"Jonathan Zacca\u00ef de retour dans la saison 2 d'Infid\u00e8le - We Love Cinema","isPartOf":{"@id":"https:\/\/welovecinema.be\/nl\/#website"},"datePublished":"2020-09-15T09:43:03+00:00","dateModified":"2020-09-15T09:43:03+00:00","breadcrumb":{"@id":"https:\/\/welovecinema.be\/fr\/jonathan-zaccai-de-retour-dans-la-saison-2-dinfidele\/#breadcrumb"},"inLanguage":"fr-FR","potentialAction":[{"@type":"ReadAction","target":["https:\/\/welovecinema.be\/fr\/jonathan-zaccai-de-retour-dans-la-saison-2-dinfidele\/"]}]},{"@type":"BreadcrumbList","@id":"https:\/\/welovecinema.be\/fr\/jonathan-zaccai-de-retour-dans-la-saison-2-dinfidele\/#breadcrumb","itemListElement":[{"@type":"ListItem","position":1,"name":"Accueil","item":"https:\/\/welovecinema.be\/fr\/"},{"@type":"ListItem","position":2,"name":"Jonathan Zacca\u00ef de retour dans la saison 2 d&rsquo;Infid\u00e8le"}]},{"@type":"WebSite","@id":"https:\/\/welovecinema.be\/nl\/#website","url":"https:\/\/welovecinema.be\/nl\/","name":"We Love Cinema","description":"Toute l\u2019information du cin\u00e9ma en Belgique","publisher":{"@id":"https:\/\/welovecinema.be\/nl\/#organization"},"potentialAction":[{"@type":"SearchAction","target":{"@type":"EntryPoint","urlTemplate":"https:\/\/welovecinema.be\/nl\/?s={search_term_string}"},"query-input":"required name=search_term_string"}],"inLanguage":"fr-FR"},{"@type":"Organization","@id":"https:\/\/welovecinema.be\/nl\/#organization","name":"We Love Cinema","url":"https:\/\/welovecinema.be\/nl\/","logo":{"@type":"ImageObject","inLanguage":"fr-FR","@id":"https:\/\/welovecinema.be\/nl\/#\/schema\/logo\/image\/","url":"https:\/\/welovecinema.be\/wp-content\/uploads\/sites\/2\/2023\/03\/Logo-We-Love-Cinema305x128.jpg","contentUrl":"https:\/\/welovecinema.be\/wp-content\/uploads\/sites\/2\/2023\/03\/Logo-We-Love-Cinema305x128.jpg","width":305,"height":128,"caption":"We Love Cinema"},"image":{"@id":"https:\/\/welovecinema.be\/nl\/#\/schema\/logo\/image\/"},"sameAs":["https:\/\/www.facebook.com\/welovecinema.be","https:\/\/www.youtube.com\/channel\/UCX5LYGVhnKvYauW4Nta4HJA","https:\/\/www.instagram.com\/welovecinema.be\/"]},{"@type":"Person","@id":"https:\/\/welovecinema.be\/nl\/#\/schema\/person\/8084b68c6b176142d073695c654dc7cf","name":"Aurore Engelen","url":"https:\/\/welovecinema.be\/fr\/author\/aurore-engelen\/"}]}},"_links":{"self":[{"href":"https:\/\/welovecinema.be\/fr\/wp-json\/wp\/v2\/posts\/231712","targetHints":{"allow":["GET"]}}],"collection":[{"href":"https:\/\/welovecinema.be\/fr\/wp-json\/wp\/v2\/posts"}],"about":[{"href":"https:\/\/welovecinema.be\/fr\/wp-json\/wp\/v2\/types\/post"}],"author":[{"embeddable":true,"href":"https:\/\/welovecinema.be\/fr\/wp-json\/wp\/v2\/users\/343"}],"replies":[{"embeddable":true,"href":"https:\/\/welovecinema.be\/fr\/wp-json\/wp\/v2\/comments?post=231712"}],"version-history":[{"count":0,"href":"https:\/\/welovecinema.be\/fr\/wp-json\/wp\/v2\/posts\/231712\/revisions"}],"wp:featuredmedia":[{"embeddable":true,"href":"https:\/\/welovecinema.be\/fr\/wp-json\/wp\/v2\/media\/231715"}],"wp:attachment":[{"href":"https:\/\/welovecinema.be\/fr\/wp-json\/wp\/v2\/media?parent=231712"}],"wp:term":[{"taxonomy":"category","embeddable":true,"href":"https:\/\/welovecinema.be\/fr\/wp-json\/wp\/v2\/categories?post=231712"},{"taxonomy":"post_tag","embeddable":true,"href":"https:\/\/welovecinema.be\/fr\/wp-json\/wp\/v2\/tags?post=231712"}],"curies":[{"name":"wp","href":"https:\/\/api.w.org\/{rel}","templated":true}]}}