{"id":231688,"date":"2020-09-14T13:15:18","date_gmt":"2020-09-14T11:15:18","guid":{"rendered":"https:\/\/www.cinevox.be\/?p=231688"},"modified":"2020-09-14T13:15:18","modified_gmt":"2020-09-14T11:15:18","slug":"sung-a-yoon-adopter-le-point-de-vue-de-ces-travailleuses-pour-briser-les-stereotypes","status":"publish","type":"post","link":"https:\/\/welovecinema.be\/fr\/sung-a-yoon-adopter-le-point-de-vue-de-ces-travailleuses-pour-briser-les-stereotypes\/","title":{"rendered":"Sung-A Yoon: \u00ab\u00a0Adopter le point de vue de ces travailleuses pour briser les st\u00e9r\u00e9otypes\u00a0\u00bb"},"content":{"rendered":"<p><strong>Rencontre avec la cin\u00e9aste Sung-A Yoon, \u00e0 l&rsquo;occasion de la diffusion de son documentaire au BRIFF en Comp\u00e9tition Nationale, et lors de nombreuses projections accompagn\u00e9es dans le courant de l&rsquo;automne (voir \u00e0 la fin de l&rsquo;article).\u00a0<\/strong><\/p>\n<p>Avec <em>Overseas<\/em>, Sung-A Yoon dresse le portrait d\u2019une immigration \u00e9conomique au f\u00e9minin peu visible, celle de ces femmes philippines qui s\u2019exilent au service de riches \u00e9trangers pour nourrir leur famille. Le film souligne la<span class=\"s1\"> tension paradoxale entre la force vitale de ces jeunes femmes qui r\u00eavent d&rsquo;un avenir meilleur pour elle et leur famille et leur immense vuln\u00e9rabilit\u00e9 au sein des foyers o\u00f9 on les exp\u00e9die comme de la marchandise. Un documentaire en quasi huis clos, au coeur d\u2019une fabrique d\u2019ouvri\u00e8res mondialis\u00e9es.<\/span><\/p>\n<p><strong>D&rsquo;o\u00f9 vient l&rsquo;envie d&rsquo;aborder ce sujet?<\/strong><\/p>\n<p>Il y a plusieurs raisons, pus ou moins \u00e9videntes. Quand je faisais mes \u00e9tudes \u00e0 Bruxelles, je croisais les nounous philippines qui s&rsquo;occupaient des enfants qui allaient \u00e0 l&rsquo;\u00e9cole britannique juste \u00e0 c\u00f4t\u00e9. Je les observais, et j&rsquo;\u00e9tais curieuse de savoir d&rsquo;o\u00f9 elles venaient, si elles avaient elles-m\u00eames des enfants. Le travail domestique est compl\u00e8tement invisibilis\u00e9, et ces interrogations sont rest\u00e9es en suspens pour moi. Pendant un moment, j&rsquo;ai voulu faire un film de fiction sur les nounous parisiennes, mais c&rsquo;\u00e9tait l&rsquo;adaptation d&rsquo;un livre dont les droits \u00e9taient d\u00e9j\u00e0 vendus.<\/p>\n<p>Du coup j&rsquo;ai fait de longues recherches, plut\u00f4t th\u00e9oriques, je me suis int\u00e9ress\u00e9e de pr\u00e8s \u00e0 la question du travail domestique globalis\u00e9, \u00e0 cette migration sp\u00e9cifiquement f\u00e9minine, ces diff\u00e9rentes communaut\u00e9s en mouvement. Puis je suis tomb\u00e9e sur le livre d&rsquo;une sociologue philippine, Asuncion Fresnoza-Flot, <em>M\u00e8res migrantes sans fronti\u00e8res<\/em>, qui traite de la condition des travailleuses domestiques philippines en France et surtout \u00e0 Paris, sous l&rsquo;angle de vue de leurs liens familiaux. Comment entretiennent-elles des liens affectifs avec leurs enfants rest\u00e9s au pays? Qui s&rsquo;occupe de ces enfants, la m\u00e8re, la soeur, le p\u00e8re? Comment cela influe sur leur position au sein de la famille, et celle du mari?<\/p>\n<p>C&rsquo;est \u00e0 ce moment-l\u00e0 que j&rsquo;ai d\u00e9couvert le syst\u00e8me philippin tr\u00e8s cadr\u00e9, avec ses formations, <em>etc<\/em>. J&rsquo;ai rencontr\u00e9 par la suite un chercheur suisse, Julien Debonneville, qui faisait une th\u00e8se \u00e0 ce sujet, les \u00e9coles du care aux Philippines.<\/p>\n<p>C&rsquo;est aussi en faisant le film qu&rsquo;on d\u00e9couvre les multiples raisons pour lesquelles on le fait. Finalement, si on conna\u00eet d\u00e8s le d\u00e9but toutes les raisons pour lesquelles on fait un film, je ne suis pas sure qu&rsquo;on ait encore besoin de le faire! Lors du montage, j&rsquo;ai soudain fait le lien avec mon film pr\u00e9c\u00e9dent, <em>Full of Missing Links<\/em>, un documentaire dans lequel j&rsquo;allais \u00e0 la recherche de mon p\u00e8re en Cor\u00e9e du Sud, que je n&rsquo;avais pas vu depuis 20 ans. L&rsquo;exp\u00e9rience de la s\u00e9paration filiale que j&rsquo;avais v\u00e9cue, et mon exp\u00e9rience de l&rsquo;exil, le choc culturel, l&rsquo;arrachement affectif, tout cela faisait \u00e9cho \u00e0 l&rsquo;exp\u00e9rience de ces femmes philippines.<\/p>\n<p><img loading=\"lazy\" decoding=\"async\" class=\"alignnone size-large wp-image-221013\" src=\"https:\/\/www.cinevox.be\/wp-content\/uploads\/sites\/2\/2019\/07\/overseas-stills_2019-07-03_1.17.1-800x432.jpg\" alt=\"overseas-Sung-A-Yoon\" width=\"618\" height=\"334\" srcset=\"https:\/\/welovecinema.be\/wp-content\/uploads\/sites\/2\/2019\/07\/overseas-stills_2019-07-03_1.17.1-800x432.jpg 800w, https:\/\/welovecinema.be\/wp-content\/uploads\/sites\/2\/2019\/07\/overseas-stills_2019-07-03_1.17.1-480x259.jpg 480w, https:\/\/welovecinema.be\/wp-content\/uploads\/sites\/2\/2019\/07\/overseas-stills_2019-07-03_1.17.1-768x415.jpg 768w, https:\/\/welovecinema.be\/wp-content\/uploads\/sites\/2\/2019\/07\/overseas-stills_2019-07-03_1.17.1.jpg 1998w\" sizes=\"auto, (max-width: 618px) 100vw, 618px\" \/><\/p>\n<p><strong>Cette envie de cin\u00e9ma se cristallise dans un lieu particulier, le centre de formation.<\/strong><\/p>\n<p>Le film s&rsquo;\u00e9tale sur plus ou moins 6 ans, j&rsquo;ai fait beaucoup de rep\u00e9rages, trois voyages aux Philippines. J&rsquo;ai moi-m\u00eame suivi toute la formation que suivent ces femmes. Il y a beaucoup de cours diff\u00e9rents, dans de tr\u00e8s nombreux lieux. Plus les innombrables papiers \u00e0 fournir, le suivi m\u00e9dical&#8230; C&rsquo;est un processus assez long, et j&rsquo;ai voulu avoir un aper\u00e7u tr\u00e8s complet de la formation. J&rsquo;ai visit\u00e9 une quinzaine de centres avant de choisir. J&rsquo;avais besoin de voir ce qui \u00e9tait commun \u00e0 tous les centres, et ce qui les diff\u00e9renciait.<\/p>\n<p>J&rsquo;ai finalement choisi le centre du film car le nombre de participantes y \u00e9tait plus r\u00e9duit, et les lieux, avec l&rsquo;appartement mod\u00e8le, \u00e9taient tr\u00e8s convaincants, d&rsquo;autant que les espaces laissaient de la place pour la cam\u00e9ra. J&rsquo;ai aim\u00e9 sa cin\u00e9g\u00e9nie. Et la directrice et les enseignantes \u00e9taient des ex-abroad, des femmes qui avaient d\u00e9j\u00e0 l&rsquo;exp\u00e9rience du travail \u00e0 l&rsquo;\u00e9tranger. Je sentais que dans ce centre, j&rsquo;aurais vraiment l&rsquo;opportunit\u00e9 de rencontrer les femmes.<\/p>\n<p><strong>Les jeux de r\u00f4le propos\u00e9s par la formation offrent des sc\u00e8nes tr\u00e8s fortes dans le film, et soulignent un paradoxe, quand les jeunes \u00e9tudiantes interpr\u00e8tent aussi bien les employ\u00e9es que les employeuses.<\/strong><\/p>\n<p>Ce qui \u00e9tait fort avec ces jeux de r\u00f4le, qui ont lieu dans le cadre d&rsquo;un cours qui s&rsquo;appelle Stress Management, c&rsquo;est la facilit\u00e9 et parfois le plaisir avec lesquels les femmes endossaient le r\u00f4le de l&#8217;employeur tyrannique. C&rsquo;\u00e9tait tr\u00e8s frappant. Et pour celles qui endossaient le r\u00f4le de l&#8217;employ\u00e9e, il y avait une tension: on sait que c&rsquo;est du jeu, mais quand elle sont dans des situations d&rsquo;humiliation, leurs visages les trahissent. Elles sont sur le point de partir, et savent qu&rsquo;elles vont \u00eatre confront\u00e9es \u00e0 \u00e7a.<\/p>\n<p>Il y avait une v\u00e9rit\u00e9 sur leur visage, dans le temps pr\u00e9sent du jeu. Ca m&rsquo;a rappel\u00e9 <em>Les Bonnes<\/em> de Jean Genet, o\u00f9 les deux personnages de bonnes mettent en sc\u00e8ne leur relation avec Madame, leur employeuse tyrannique, jusqu&rsquo;\u00e0 jouer sa mise \u00e0 mort, il y a quelque de l&rsquo;ordre de l&rsquo;exutoire. Ca me permettait aussi d&rsquo;\u00e9voquer les situations \u00e0 l&rsquo;\u00e9tranger sans y aller, en restant aux Philippines. C&rsquo;\u00e9tait un dispositif tr\u00e8s cin\u00e9matographique.<\/p>\n<p>Un dispositif qui permet qui plus est de rester dans le point de vue de ces femmes, que ce soit ce qu&rsquo;elles ont v\u00e9cu, ou ce qu&rsquo;elles projettent. La plupart des situations vues dans le films ont \u00e9t\u00e9 v\u00e9cues par certaines, qui les ont remises en sc\u00e8ne.<\/p>\n<p><img loading=\"lazy\" decoding=\"async\" class=\"alignnone size-large wp-image-221561\" src=\"https:\/\/www.cinevox.be\/wp-content\/uploads\/sites\/2\/2019\/08\/3-800x432.jpg\" alt=\"\" width=\"618\" height=\"334\" srcset=\"https:\/\/welovecinema.be\/wp-content\/uploads\/sites\/2\/2019\/08\/3-800x432.jpg 800w, https:\/\/welovecinema.be\/wp-content\/uploads\/sites\/2\/2019\/08\/3-480x259.jpg 480w, https:\/\/welovecinema.be\/wp-content\/uploads\/sites\/2\/2019\/08\/3-768x415.jpg 768w, https:\/\/welovecinema.be\/wp-content\/uploads\/sites\/2\/2019\/08\/3.jpg 1998w\" sizes=\"auto, (max-width: 618px) 100vw, 618px\" \/><\/p>\n<p><strong>On les voit aussi beaucoup dans leur sororit\u00e9. Elles discutent entre elles, et sont tr\u00e8s lucides sur leur situation, notamment quand le pr\u00e9sident des Philippines les d\u00e9signent comme des h\u00e9ro\u00efnes de la nation&#8230;<\/strong><\/p>\n<p>Il me semblait tr\u00e8s important de capter cette sororit\u00e9, c&rsquo;est quelque chose de tr\u00e8s pr\u00e9gnant, il y a beaucoup d&rsquo;\u00e9change d&rsquo;informations entre elles. Au fur et \u00e0 mesure du tournage, leur groupe se rapprochait, et je trouvais ce mouvement tr\u00e8s beau. Et c&rsquo;est vrai qu&rsquo;aux Philippines, on les appelle depuis des ann\u00e9es \u00ab\u00a0les h\u00e9ro\u00efnes de l&rsquo;\u00e9conomie\u00a0\u00bb, car elles font vivre le pays gr\u00e2ce \u00e0 l&rsquo;argent qu&rsquo;elles envoient chaque mois \u00e0 leurs familles. Mais elles ne sont pas dupes. Elles se sacrifient, \u00e7a n&rsquo;en fait pas forc\u00e9ment des h\u00e9ro\u00efnes.<\/p>\n<p>Je pense qu&rsquo;on les encense, on les encourage, mais la r\u00e9alit\u00e9\u00a0 du travail \u00e0 l&rsquo;\u00e9tranger est tr\u00e8s dure. Avec leur famille, elles sont valoris\u00e9es car elle sont la source de revenu, elles ont le pouvoir \u00e9conomique. Et pourtant, il y a un vrai d\u00e9calage entre la r\u00e9alit\u00e9 de leur travail, et ce que les gens en per\u00e7oivent. La violence de ce qu&rsquo;elles vont vivre \u00e0 l&rsquo;\u00e9tranger est tr\u00e8s peu per\u00e7ue par leurs familles. D&rsquo;autant qu&rsquo;elles retiennent l&rsquo;information pour n&rsquo;inqui\u00e9ter personne.<\/p>\n<p>J&rsquo;ai rencontr\u00e9 des enfants de femmes parties \u00e0 l&rsquo;\u00e9tranger. Gr\u00e2ce au pouvoir \u00e9conomique de leurs m\u00e8res, ils se retrouvent dans des \u00e9coles priv\u00e9es, mais on sait que leurs m\u00e8res font des m\u00e9nages, et ils sont d\u00e9valoris\u00e9s aupr\u00e8s des autres enfants. C&rsquo;est vraiment tr\u00e8s complexe, cette pseudo r\u00e9ussite sociale.<\/p>\n<p><strong>Il y a un d\u00e9calage entre leur \u00e9tiquette d&rsquo;h\u00e9ro\u00efne des Philippines, et notre vision de cette servitude mondialis\u00e9e, et la marchandisation des travailleuses.\u00a0<\/strong><\/p>\n<p>Dans le film, \u00e0 la fin, il y a un plan o\u00f9 une m\u00e8re quitte son enfant qui dort pour partir travailler \u00e0 l&rsquo;\u00e9tranger. Une r\u00e9alisatrice m&rsquo;a dit \u00e0 ce propos: \u00ab\u00a0J&rsquo;ai vu dans ce plan la violence de la cons\u00e9quence de notre monde capitaliste et ultra-lib\u00e9ral\u00a0\u00bb. Quand on voit cette femme quitter cet enfant, on se dit: \u00ab\u00a0Mais comment se fait-il que dans notre monde, des femmes doivent quitter leur enfant de 3 ans pour partir pendant des ann\u00e9es \u00e0 l&rsquo;\u00e9tranger, juste pour faire subsister leurs famille?\u00a0\u00bb<\/p>\n<p>C&rsquo;est ce que j&rsquo;essaie d&rsquo;interroger dans le film, et me pla\u00e7ant du point de vue de ces femmes, en faisant en sorte que le spectateur puisse s&rsquo;imaginer \u00e0 leur place, et susciter empathie et compassion. On s&rsquo;interroge toujours sur la port\u00e9e d&rsquo;un film. C&rsquo;est peut-\u00eatre le d\u00e9but d&rsquo;un changement, cette compassion.<\/p>\n<p><img loading=\"lazy\" decoding=\"async\" class=\"alignnone size-large wp-image-221558\" src=\"https:\/\/www.cinevox.be\/wp-content\/uploads\/sites\/2\/2019\/08\/4-800x432.jpg\" alt=\"\" width=\"618\" height=\"334\" srcset=\"https:\/\/welovecinema.be\/wp-content\/uploads\/sites\/2\/2019\/08\/4-800x432.jpg 800w, https:\/\/welovecinema.be\/wp-content\/uploads\/sites\/2\/2019\/08\/4-480x259.jpg 480w, https:\/\/welovecinema.be\/wp-content\/uploads\/sites\/2\/2019\/08\/4-768x415.jpg 768w, https:\/\/welovecinema.be\/wp-content\/uploads\/sites\/2\/2019\/08\/4.jpg 1998w\" sizes=\"auto, (max-width: 618px) 100vw, 618px\" \/><\/p>\n<p><strong>Ces femmes ne sont jamais montr\u00e9es comme des victimes, malgr\u00e9 la situation, vous soulignez qu&rsquo;elles sont actrices de leur destin, notamment en les \u00e9coutant exposer leurs r\u00eaves de vie.<\/strong><\/p>\n<p>Oui, c&rsquo;\u00e9tait \u00e9videmment tr\u00e8s important de ne pas les montrer dans une position victimaire, au contraire. Comme j&rsquo;ai eu une approche tr\u00e8s th\u00e9orique \u00e0 la base, tout l&rsquo;enjeu du film, c&rsquo;\u00e9tait de s&rsquo;\u00e9loigner du film \u00e0 charge, informatif ou d\u00e9nonciateur. Je voulais adopter leur point de vue pour casser les st\u00e9r\u00e9otypes qui collent \u00e0 leur peau. Toutes les \u00e9tudes montrent que les femmes philippines sont les Rolls Royce des domestiques au niveau mondial, elles sont recherch\u00e9es, on dit qu&rsquo;elles sont \u00ab\u00a0naturellement\u00a0\u00bb faites pour s&rsquo;occuper des enfants, qu&rsquo;elles sont \u00ab\u00a0naturellement\u00a0\u00bb dociles, qu&rsquo;elles s&rsquo;adaptent tr\u00e8s bien. Il y a une caract\u00e9risation de l&rsquo;asservissement dans leur caract\u00e8re. C&rsquo;\u00e9tait tr\u00e8s important que le film les montre dans leur profonde singularit\u00e9. Il fallait retourner le miroir. C&rsquo;est tr\u00e8s choquant de r\u00e9duire un peuple tout entier \u00e0 ces quelques qualificatifs.<\/p>\n<p>Ce me parlait aussi intimement, parce que moi, ayant eu cette exp\u00e9rience de quitter la Cor\u00e9e pour la France, d&rsquo;avoir un physique asiatique en Europe, j&rsquo;ai aussi v\u00e9cu cette assignation identitaire, qui a fait de moi une \u00e9trang\u00e8re avant d&rsquo;\u00eatre une personne aux yeux de beaucoup. C&rsquo;est quelque chose que je vis au quotidien. Cela me tenait \u00e0 coeur dans ce projet de d\u00e9faire ces st\u00e9r\u00e9otypes. A la fin du film, on finit dans un bus, avec de gros plans sur les visages de toutes ces femmes, qui sont devenues de vrais personnages. Le groupe a r\u00e9v\u00e9l\u00e9 une myriade de personnalit\u00e9s, de questionnements. Que le spectateur ait l&rsquo;impression d&rsquo;avoir fait connaissance avec des \u00eatres humains, dans leur humanit\u00e9, c&rsquo;\u00e9tait mon objectif.<\/p>\n<p>&nbsp;<\/p>\n<h4>Dates de diffusion<\/h4>\n<p><strong>15\/09<\/strong>\u00a0@ Cin\u00e9ma Cam\u00e9o (Namur) :\u00a0en pr\u00e9sence de la r\u00e9alisatrice<br \/>\n<strong>16\/09\u00a0<\/strong>@ Cin\u00e9ma Churchill (Li\u00e8ge) :\u00a0en pr\u00e9sence de la r\u00e9alisatrice<br \/>\n<strong>17\/09<\/strong>\u00a0@ Imagix (Tournai) :\u00a0en pr\u00e9sence de la r\u00e9alisatrice<br \/>\n<strong>28\/09<\/strong><span class=\"apple-converted-space\"><b>\u00a0<\/b><\/span>&amp;<span class=\"apple-converted-space\">\u00a0<\/span><strong>02\/10<\/strong>\u00a0@\u00a0Documentary Film Festival Leuven\u00a0:\u00a0en pr\u00e9sence de la r\u00e9alisatrice<br \/>\n<strong>06\/10\u00a0<\/strong>@ Cin\u00e9ma Ecran (Ath) : en pr\u00e9sence de la r\u00e9alisatrice<br \/>\n<strong>08\/10<\/strong>\u00a0@ Palace (Bruxelles) : en pr\u00e9sence de la r\u00e9alisatrice<br \/>\n<strong>22\/10\u00a0<\/strong>@ Cin\u00e9ma Vend\u00f4me (Bruxelles) :\u00a0en pr\u00e9sence de la r\u00e9alisatrice et d&rsquo;Amnesty International<br \/>\n<strong>12\/11<\/strong>\u00a0@ Centre Culturel de Genappe : en pr\u00e9sence de la r\u00e9alisatrice<\/p>\n<p>&nbsp;<\/p>\n<p>&nbsp;<\/p>\n","protected":false},"excerpt":{"rendered":"<p>Rencontre avec la cin\u00e9aste Sung-A Yoon, \u00e0 l&rsquo;occasion de la diffusion de son documentaire au BRIFF en Comp\u00e9tition Nationale, et lors de nombreuses projections accompagn\u00e9es dans le courant de l&rsquo;automne (voir \u00e0 la fin de l&rsquo;article).\u00a0 Avec Overseas, Sung-A Yoon dresse le portrait d\u2019une immigration \u00e9conomique au f\u00e9minin peu visible, celle de ces femmes philippines &hellip;<\/p>\n","protected":false},"author":343,"featured_media":231692,"comment_status":"closed","ping_status":"closed","sticky":false,"template":"","format":"standard","meta":{"ngg_post_thumbnail":0,"footnotes":""},"categories":[1978],"tags":[4187,4492,5336],"class_list":["post-231688","post","type-post","status-publish","format-standard","has-post-thumbnail","","category-interviews","tag-newsletter-fr","tag-overseas-2","tag-sung-a-yoon"],"yoast_head":"<!-- This site is optimized with the Yoast SEO plugin v20.4 - https:\/\/yoast.com\/wordpress\/plugins\/seo\/ -->\n<title>Sung-A Yoon: &quot;Adopter le point de vue de ces travailleuses pour briser les st\u00e9r\u00e9otypes&quot; - We Love Cinema<\/title>\n<meta name=\"robots\" content=\"index, follow, max-snippet:-1, max-image-preview:large, max-video-preview:-1\" \/>\n<link rel=\"canonical\" href=\"https:\/\/welovecinema.be\/fr\/sung-a-yoon-adopter-le-point-de-vue-de-ces-travailleuses-pour-briser-les-stereotypes\/\" \/>\n<meta property=\"og:locale\" content=\"fr_FR\" \/>\n<meta property=\"og:type\" content=\"article\" \/>\n<meta property=\"og:title\" content=\"Sung-A Yoon: &quot;Adopter le point de vue de ces travailleuses pour briser les st\u00e9r\u00e9otypes&quot; - We Love Cinema\" \/>\n<meta property=\"og:description\" content=\"Rencontre avec la cin\u00e9aste Sung-A Yoon, \u00e0 l&rsquo;occasion de la diffusion de son documentaire au BRIFF en Comp\u00e9tition Nationale, et lors de nombreuses projections accompagn\u00e9es dans le courant de l&rsquo;automne (voir \u00e0 la fin de l&rsquo;article).\u00a0 Avec Overseas, Sung-A Yoon dresse le portrait d\u2019une immigration \u00e9conomique au f\u00e9minin peu visible, celle de ces femmes philippines &hellip;\" \/>\n<meta property=\"og:url\" content=\"https:\/\/welovecinema.be\/fr\/sung-a-yoon-adopter-le-point-de-vue-de-ces-travailleuses-pour-briser-les-stereotypes\/\" \/>\n<meta property=\"og:site_name\" content=\"We Love Cinema\" \/>\n<meta property=\"article:publisher\" content=\"https:\/\/www.facebook.com\/welovecinema.be\" \/>\n<meta property=\"article:published_time\" content=\"2020-09-14T11:15:18+00:00\" \/>\n<meta property=\"og:image\" content=\"https:\/\/welovecinema.be\/wp-content\/uploads\/sites\/2\/2020\/09\/119196242_1643000232544029_5982461531337494702_o.jpg\" \/>\n\t<meta property=\"og:image:width\" content=\"1200\" \/>\n\t<meta property=\"og:image:height\" content=\"657\" \/>\n\t<meta property=\"og:image:type\" content=\"image\/jpeg\" \/>\n<meta name=\"author\" content=\"Aurore Engelen\" \/>\n<meta name=\"twitter:card\" content=\"summary_large_image\" \/>\n<meta name=\"twitter:label1\" content=\"\u00c9crit par\" \/>\n\t<meta name=\"twitter:data1\" content=\"Aurore Engelen\" \/>\n\t<meta name=\"twitter:label2\" content=\"Dur\u00e9e de lecture estim\u00e9e\" \/>\n\t<meta name=\"twitter:data2\" content=\"9 minutes\" \/>\n<script type=\"application\/ld+json\" class=\"yoast-schema-graph\">{\"@context\":\"https:\/\/schema.org\",\"@graph\":[{\"@type\":\"Article\",\"@id\":\"https:\/\/welovecinema.be\/fr\/sung-a-yoon-adopter-le-point-de-vue-de-ces-travailleuses-pour-briser-les-stereotypes\/#article\",\"isPartOf\":{\"@id\":\"https:\/\/welovecinema.be\/fr\/sung-a-yoon-adopter-le-point-de-vue-de-ces-travailleuses-pour-briser-les-stereotypes\/\"},\"author\":{\"name\":\"Aurore Engelen\",\"@id\":\"https:\/\/welovecinema.be\/nl\/#\/schema\/person\/8084b68c6b176142d073695c654dc7cf\"},\"headline\":\"Sung-A Yoon: \u00ab\u00a0Adopter le point de vue de ces travailleuses pour briser les st\u00e9r\u00e9otypes\u00a0\u00bb\",\"datePublished\":\"2020-09-14T11:15:18+00:00\",\"dateModified\":\"2020-09-14T11:15:18+00:00\",\"mainEntityOfPage\":{\"@id\":\"https:\/\/welovecinema.be\/fr\/sung-a-yoon-adopter-le-point-de-vue-de-ces-travailleuses-pour-briser-les-stereotypes\/\"},\"wordCount\":1940,\"publisher\":{\"@id\":\"https:\/\/welovecinema.be\/nl\/#organization\"},\"keywords\":[\"newsletter\",\"overseas\",\"Sung-A Yoon\"],\"articleSection\":[\"Rencontres\"],\"inLanguage\":\"fr-FR\"},{\"@type\":\"WebPage\",\"@id\":\"https:\/\/welovecinema.be\/fr\/sung-a-yoon-adopter-le-point-de-vue-de-ces-travailleuses-pour-briser-les-stereotypes\/\",\"url\":\"https:\/\/welovecinema.be\/fr\/sung-a-yoon-adopter-le-point-de-vue-de-ces-travailleuses-pour-briser-les-stereotypes\/\",\"name\":\"Sung-A Yoon: \\\"Adopter le point de vue de ces travailleuses pour briser les st\u00e9r\u00e9otypes\\\" - We Love Cinema\",\"isPartOf\":{\"@id\":\"https:\/\/welovecinema.be\/nl\/#website\"},\"datePublished\":\"2020-09-14T11:15:18+00:00\",\"dateModified\":\"2020-09-14T11:15:18+00:00\",\"breadcrumb\":{\"@id\":\"https:\/\/welovecinema.be\/fr\/sung-a-yoon-adopter-le-point-de-vue-de-ces-travailleuses-pour-briser-les-stereotypes\/#breadcrumb\"},\"inLanguage\":\"fr-FR\",\"potentialAction\":[{\"@type\":\"ReadAction\",\"target\":[\"https:\/\/welovecinema.be\/fr\/sung-a-yoon-adopter-le-point-de-vue-de-ces-travailleuses-pour-briser-les-stereotypes\/\"]}]},{\"@type\":\"BreadcrumbList\",\"@id\":\"https:\/\/welovecinema.be\/fr\/sung-a-yoon-adopter-le-point-de-vue-de-ces-travailleuses-pour-briser-les-stereotypes\/#breadcrumb\",\"itemListElement\":[{\"@type\":\"ListItem\",\"position\":1,\"name\":\"Accueil\",\"item\":\"https:\/\/welovecinema.be\/fr\/\"},{\"@type\":\"ListItem\",\"position\":2,\"name\":\"Sung-A Yoon: \u00ab\u00a0Adopter le point de vue de ces travailleuses pour briser les st\u00e9r\u00e9otypes\u00a0\u00bb\"}]},{\"@type\":\"WebSite\",\"@id\":\"https:\/\/welovecinema.be\/nl\/#website\",\"url\":\"https:\/\/welovecinema.be\/nl\/\",\"name\":\"We Love Cinema\",\"description\":\"Toute l\u2019information du cin\u00e9ma en Belgique\",\"publisher\":{\"@id\":\"https:\/\/welovecinema.be\/nl\/#organization\"},\"potentialAction\":[{\"@type\":\"SearchAction\",\"target\":{\"@type\":\"EntryPoint\",\"urlTemplate\":\"https:\/\/welovecinema.be\/nl\/?s={search_term_string}\"},\"query-input\":\"required name=search_term_string\"}],\"inLanguage\":\"fr-FR\"},{\"@type\":\"Organization\",\"@id\":\"https:\/\/welovecinema.be\/nl\/#organization\",\"name\":\"We Love Cinema\",\"url\":\"https:\/\/welovecinema.be\/nl\/\",\"logo\":{\"@type\":\"ImageObject\",\"inLanguage\":\"fr-FR\",\"@id\":\"https:\/\/welovecinema.be\/nl\/#\/schema\/logo\/image\/\",\"url\":\"https:\/\/welovecinema.be\/wp-content\/uploads\/sites\/2\/2023\/03\/Logo-We-Love-Cinema305x128.jpg\",\"contentUrl\":\"https:\/\/welovecinema.be\/wp-content\/uploads\/sites\/2\/2023\/03\/Logo-We-Love-Cinema305x128.jpg\",\"width\":305,\"height\":128,\"caption\":\"We Love Cinema\"},\"image\":{\"@id\":\"https:\/\/welovecinema.be\/nl\/#\/schema\/logo\/image\/\"},\"sameAs\":[\"https:\/\/www.facebook.com\/welovecinema.be\",\"https:\/\/www.youtube.com\/channel\/UCX5LYGVhnKvYauW4Nta4HJA\",\"https:\/\/www.instagram.com\/welovecinema.be\/\"]},{\"@type\":\"Person\",\"@id\":\"https:\/\/welovecinema.be\/nl\/#\/schema\/person\/8084b68c6b176142d073695c654dc7cf\",\"name\":\"Aurore Engelen\",\"url\":\"https:\/\/welovecinema.be\/fr\/author\/aurore-engelen\/\"}]}<\/script>\n<!-- \/ Yoast SEO plugin. -->","yoast_head_json":{"title":"Sung-A Yoon: \"Adopter le point de vue de ces travailleuses pour briser les st\u00e9r\u00e9otypes\" - We Love Cinema","robots":{"index":"index","follow":"follow","max-snippet":"max-snippet:-1","max-image-preview":"max-image-preview:large","max-video-preview":"max-video-preview:-1"},"canonical":"https:\/\/welovecinema.be\/fr\/sung-a-yoon-adopter-le-point-de-vue-de-ces-travailleuses-pour-briser-les-stereotypes\/","og_locale":"fr_FR","og_type":"article","og_title":"Sung-A Yoon: \"Adopter le point de vue de ces travailleuses pour briser les st\u00e9r\u00e9otypes\" - We Love Cinema","og_description":"Rencontre avec la cin\u00e9aste Sung-A Yoon, \u00e0 l&rsquo;occasion de la diffusion de son documentaire au BRIFF en Comp\u00e9tition Nationale, et lors de nombreuses projections accompagn\u00e9es dans le courant de l&rsquo;automne (voir \u00e0 la fin de l&rsquo;article).\u00a0 Avec Overseas, Sung-A Yoon dresse le portrait d\u2019une immigration \u00e9conomique au f\u00e9minin peu visible, celle de ces femmes philippines &hellip;","og_url":"https:\/\/welovecinema.be\/fr\/sung-a-yoon-adopter-le-point-de-vue-de-ces-travailleuses-pour-briser-les-stereotypes\/","og_site_name":"We Love Cinema","article_publisher":"https:\/\/www.facebook.com\/welovecinema.be","article_published_time":"2020-09-14T11:15:18+00:00","og_image":[{"width":1200,"height":657,"url":"https:\/\/welovecinema.be\/wp-content\/uploads\/sites\/2\/2020\/09\/119196242_1643000232544029_5982461531337494702_o.jpg","type":"image\/jpeg"}],"author":"Aurore Engelen","twitter_card":"summary_large_image","twitter_misc":{"\u00c9crit par":"Aurore Engelen","Dur\u00e9e de lecture estim\u00e9e":"9 minutes"},"schema":{"@context":"https:\/\/schema.org","@graph":[{"@type":"Article","@id":"https:\/\/welovecinema.be\/fr\/sung-a-yoon-adopter-le-point-de-vue-de-ces-travailleuses-pour-briser-les-stereotypes\/#article","isPartOf":{"@id":"https:\/\/welovecinema.be\/fr\/sung-a-yoon-adopter-le-point-de-vue-de-ces-travailleuses-pour-briser-les-stereotypes\/"},"author":{"name":"Aurore Engelen","@id":"https:\/\/welovecinema.be\/nl\/#\/schema\/person\/8084b68c6b176142d073695c654dc7cf"},"headline":"Sung-A Yoon: \u00ab\u00a0Adopter le point de vue de ces travailleuses pour briser les st\u00e9r\u00e9otypes\u00a0\u00bb","datePublished":"2020-09-14T11:15:18+00:00","dateModified":"2020-09-14T11:15:18+00:00","mainEntityOfPage":{"@id":"https:\/\/welovecinema.be\/fr\/sung-a-yoon-adopter-le-point-de-vue-de-ces-travailleuses-pour-briser-les-stereotypes\/"},"wordCount":1940,"publisher":{"@id":"https:\/\/welovecinema.be\/nl\/#organization"},"keywords":["newsletter","overseas","Sung-A Yoon"],"articleSection":["Rencontres"],"inLanguage":"fr-FR"},{"@type":"WebPage","@id":"https:\/\/welovecinema.be\/fr\/sung-a-yoon-adopter-le-point-de-vue-de-ces-travailleuses-pour-briser-les-stereotypes\/","url":"https:\/\/welovecinema.be\/fr\/sung-a-yoon-adopter-le-point-de-vue-de-ces-travailleuses-pour-briser-les-stereotypes\/","name":"Sung-A Yoon: \"Adopter le point de vue de ces travailleuses pour briser les st\u00e9r\u00e9otypes\" - We Love Cinema","isPartOf":{"@id":"https:\/\/welovecinema.be\/nl\/#website"},"datePublished":"2020-09-14T11:15:18+00:00","dateModified":"2020-09-14T11:15:18+00:00","breadcrumb":{"@id":"https:\/\/welovecinema.be\/fr\/sung-a-yoon-adopter-le-point-de-vue-de-ces-travailleuses-pour-briser-les-stereotypes\/#breadcrumb"},"inLanguage":"fr-FR","potentialAction":[{"@type":"ReadAction","target":["https:\/\/welovecinema.be\/fr\/sung-a-yoon-adopter-le-point-de-vue-de-ces-travailleuses-pour-briser-les-stereotypes\/"]}]},{"@type":"BreadcrumbList","@id":"https:\/\/welovecinema.be\/fr\/sung-a-yoon-adopter-le-point-de-vue-de-ces-travailleuses-pour-briser-les-stereotypes\/#breadcrumb","itemListElement":[{"@type":"ListItem","position":1,"name":"Accueil","item":"https:\/\/welovecinema.be\/fr\/"},{"@type":"ListItem","position":2,"name":"Sung-A Yoon: \u00ab\u00a0Adopter le point de vue de ces travailleuses pour briser les st\u00e9r\u00e9otypes\u00a0\u00bb"}]},{"@type":"WebSite","@id":"https:\/\/welovecinema.be\/nl\/#website","url":"https:\/\/welovecinema.be\/nl\/","name":"We Love Cinema","description":"Toute l\u2019information du cin\u00e9ma en Belgique","publisher":{"@id":"https:\/\/welovecinema.be\/nl\/#organization"},"potentialAction":[{"@type":"SearchAction","target":{"@type":"EntryPoint","urlTemplate":"https:\/\/welovecinema.be\/nl\/?s={search_term_string}"},"query-input":"required name=search_term_string"}],"inLanguage":"fr-FR"},{"@type":"Organization","@id":"https:\/\/welovecinema.be\/nl\/#organization","name":"We Love Cinema","url":"https:\/\/welovecinema.be\/nl\/","logo":{"@type":"ImageObject","inLanguage":"fr-FR","@id":"https:\/\/welovecinema.be\/nl\/#\/schema\/logo\/image\/","url":"https:\/\/welovecinema.be\/wp-content\/uploads\/sites\/2\/2023\/03\/Logo-We-Love-Cinema305x128.jpg","contentUrl":"https:\/\/welovecinema.be\/wp-content\/uploads\/sites\/2\/2023\/03\/Logo-We-Love-Cinema305x128.jpg","width":305,"height":128,"caption":"We Love Cinema"},"image":{"@id":"https:\/\/welovecinema.be\/nl\/#\/schema\/logo\/image\/"},"sameAs":["https:\/\/www.facebook.com\/welovecinema.be","https:\/\/www.youtube.com\/channel\/UCX5LYGVhnKvYauW4Nta4HJA","https:\/\/www.instagram.com\/welovecinema.be\/"]},{"@type":"Person","@id":"https:\/\/welovecinema.be\/nl\/#\/schema\/person\/8084b68c6b176142d073695c654dc7cf","name":"Aurore Engelen","url":"https:\/\/welovecinema.be\/fr\/author\/aurore-engelen\/"}]}},"_links":{"self":[{"href":"https:\/\/welovecinema.be\/fr\/wp-json\/wp\/v2\/posts\/231688","targetHints":{"allow":["GET"]}}],"collection":[{"href":"https:\/\/welovecinema.be\/fr\/wp-json\/wp\/v2\/posts"}],"about":[{"href":"https:\/\/welovecinema.be\/fr\/wp-json\/wp\/v2\/types\/post"}],"author":[{"embeddable":true,"href":"https:\/\/welovecinema.be\/fr\/wp-json\/wp\/v2\/users\/343"}],"replies":[{"embeddable":true,"href":"https:\/\/welovecinema.be\/fr\/wp-json\/wp\/v2\/comments?post=231688"}],"version-history":[{"count":0,"href":"https:\/\/welovecinema.be\/fr\/wp-json\/wp\/v2\/posts\/231688\/revisions"}],"wp:featuredmedia":[{"embeddable":true,"href":"https:\/\/welovecinema.be\/fr\/wp-json\/wp\/v2\/media\/231692"}],"wp:attachment":[{"href":"https:\/\/welovecinema.be\/fr\/wp-json\/wp\/v2\/media?parent=231688"}],"wp:term":[{"taxonomy":"category","embeddable":true,"href":"https:\/\/welovecinema.be\/fr\/wp-json\/wp\/v2\/categories?post=231688"},{"taxonomy":"post_tag","embeddable":true,"href":"https:\/\/welovecinema.be\/fr\/wp-json\/wp\/v2\/tags?post=231688"}],"curies":[{"name":"wp","href":"https:\/\/api.w.org\/{rel}","templated":true}]}}