{"id":231678,"date":"2020-09-14T10:33:44","date_gmt":"2020-09-14T08:33:44","guid":{"rendered":"https:\/\/www.cinevox.be\/?p=231678"},"modified":"2020-09-15T11:22:05","modified_gmt":"2020-09-15T09:22:05","slug":"j-2-pour-le-tournage-de-lemployee-du-mois-de-veronique-jadin","status":"publish","type":"post","link":"https:\/\/welovecinema.be\/fr\/j-2-pour-le-tournage-de-lemployee-du-mois-de-veronique-jadin\/","title":{"rendered":"J-2 pour le tournage de \u00ab\u00a0L&rsquo;Employ\u00e9e du mois\u00a0\u00bb de V\u00e9ronique Jadin"},"content":{"rendered":"<div class=\"page\" title=\"Page 1\">\n<div class=\"layoutArea\">\n<div class=\"column\">\n<p><strong>C&rsquo;est ce mercredi que d\u00e9butera le tournage de <em>L&rsquo;Employ\u00e9e du mois<\/em>, premier long m\u00e9trage de la r\u00e9alisatrice V\u00e9ronique Jadin, avec en haut de l&rsquo;affiche un duo r\u00e9jouissant et inattendu: Jasmina Douieb et Laetitia Mampaka.\u00a0<\/strong><\/p>\n<p>Ine\u0300s (45) a beau se comporter comme l&#8217;employe\u0301e mode\u0300le dans son entreprise de vente de produits nettoyants, elle n&rsquo;a jamais e\u0301te\u0301 reconnue ou paye\u0301e correctement. Sous le regard blase\u0301 de Me\u0301lody, la jeune stagiaire, elle de\u0301cide de re\u0301clamer a\u0300 Patrick, son chef, sa premie\u0300re augmentation. Mais la situation de\u0301rape, Me\u0301lody essaie d&rsquo;intervenir ; Patrick finit le cra\u0302ne brise\u0301. L&rsquo;accident ressemble a\u0300 un crime. Que faire ? Ce qu&rsquo;Ine\u0300s sait faire de mieux : nettoyer.<\/p>\n<p>Autant dire qu&rsquo;on s&rsquo;attend \u00e0 rire avec L&rsquo;Employ\u00e9e du mois, com\u00e9die que l&rsquo;on imagine noire et grin\u00e7ante, joyeusement f\u00e9ministe et bord\u00e9lique. Dans le r\u00f4le de la \u00ab\u00a0nettoyeuse\u00a0\u00bb en mode L\u00e9on-malgr\u00e9-elle, on retrouve Jasmina Douieb, grande actrice et metteuse-en-sc\u00e8ne de th\u00e9\u00e2tre, connue du grand public pour son r\u00f4le de psy tourment\u00e9e dans <em>La Tr\u00eave<\/em>, saison 1 et surtout saison 2. Face \u00e0 elle, une nouvelle venue, la jeune Laetitia Mampaka, coach en \u00e9loquence, r\u00e9cemment finaliste de l&rsquo;\u00e9mission de France 2 <em>Grand Oral<\/em>, o\u00f9 elle termine dans le top 3 des meilleur\u00b7es orateur\u00b7ices de France.<\/p>\n<figure id=\"attachment_231685\" aria-describedby=\"caption-attachment-231685\" style=\"width: 640px\" class=\"wp-caption alignnone\"><img loading=\"lazy\" decoding=\"async\" class=\"wp-image-231685 size-full\" src=\"https:\/\/www.cinevox.be\/wp-content\/uploads\/sites\/2\/2020\/09\/ve__roniquejadin17.jpg\" alt=\"Veronique-Jadin\" width=\"640\" height=\"413\" srcset=\"https:\/\/welovecinema.be\/wp-content\/uploads\/sites\/2\/2020\/09\/ve__roniquejadin17.jpg 640w, https:\/\/welovecinema.be\/wp-content\/uploads\/sites\/2\/2020\/09\/ve__roniquejadin17-418x270.jpg 418w\" sizes=\"auto, (max-width: 640px) 100vw, 640px\" \/><figcaption id=\"caption-attachment-231685\" class=\"wp-caption-text\">V\u00e9ronique Jadin<\/figcaption><\/figure>\n<p>V\u00e9ronique Jadin (dont on se souvient des courts m\u00e9trages <em>En fanfare, Comme des h\u00e9ros<\/em> et <em>Ingrid fait son cin\u00e9ma<\/em>, et du doc consacr\u00e9 \u00e0 Tsilla Chelton, <em>On est loin d&rsquo;avoir fini<\/em>) passe donc au long avec cette com\u00e9die, co-\u00e9crite avec Nina Vanspranghe et Anouchka Welewyk, qui s&rsquo;annonce f\u00e9roce et d\u00e9jant\u00e9e sur le monde du travail, et plus particuli\u00e8rement sur la place des femmes \u00ab\u00a0d&rsquo;\u00e2ge m\u00fbr\u00a0\u00bb, cette expression qui se colore \u00e9trangement d&rsquo;une connotation n\u00e9gative quand on parle de la moiti\u00e9 de la population, mais qu&rsquo;on prendra ici au sens premier du terme: \u00e2ge auquel l\u2019individu atteint un niveau de d\u00e9veloppement optimal de ses capacit\u00e9s intellectuelles et physiques. Voyons voir ce qu&rsquo;une In\u00e8s au sommet de ses capacit\u00e9s va bien pouvoir d\u00e9ployer pour se sortir de cette situation&#8230;<\/p>\n<p>Face au duo explosif form\u00e9 par Jasmina Douieb et Laetitia Mampaka, on retrouvera Alex Vizorek (qui n&rsquo;en finit plus de tourner, et qui sera bient\u00f4t \u00e0 l&rsquo;affiche de <a href=\"https:\/\/www.cinevox.be\/fr\/sur-le-tournage-de-la-derniere-tentation-des-belges\/\"><em>La Derni\u00e8re Tentation des Belges<\/em><\/a> de Jan Bucquoy), Ingrid Heiderscheidt (l&rsquo;h\u00e9ro\u00efne de <em>Ingrid fait son cin\u00e9ma<\/em> qui retrouve donc ici la r\u00e9alisatrice), Blaise Ludik (que l&rsquo;on a vu notamment dans <em>Ennemi Public<\/em>) et Peter Van den Begin, qui a d\u00e9cid\u00e9ment la c\u00f4te aupr\u00e8s des r\u00e9alisateurs francophones, puisqu&rsquo;apr\u00e8s l&rsquo;avoir vu l&rsquo;ann\u00e9e derni\u00e8re dans <em>Adoration<\/em> de Fabrice du Welz, on l&rsquo;attend bient\u00f4t dans <em>L&rsquo;Ennemi<\/em> de Stephan Streker, et il tourne \u00e9galement dans la nouvelle s\u00e9rie de la RTBF, <em>Pandore<\/em>, r\u00e9alis\u00e9e par Savina Dellicour et Vania Leturcq.<\/p>\n<p>Le film, qui a re\u00e7u une aide \u00e0 la production l\u00e9g\u00e8re du Centre du Cin\u00e9ma, fait la part belle aux com\u00e9dien\u00b7nes belges. Parmi les guests qui croiseront la route des deux employ\u00e9es d\u00e9cha\u00een\u00e9es, on retrouve Achille Ridolfi, Christophe Bourdon, Laurence Bibot, Philippe Grandhenry, Thomas Ancora ou Philippe R\u00e9simont. Un casting qui sent bon la com\u00e9die.<\/p>\n<p>Le tournage aura lieu du 16 septembre au 9 octobre \u00e0 Bruxelles, port\u00e9 par Velvet Films.<\/p>\n<p>&nbsp;<\/p>\n<p>&nbsp;<\/p>\n<\/div>\n<\/div>\n<\/div>\n","protected":false},"excerpt":{"rendered":"<p>C&rsquo;est ce mercredi que d\u00e9butera le tournage de L&rsquo;Employ\u00e9e du mois, premier long m\u00e9trage de la r\u00e9alisatrice V\u00e9ronique Jadin, avec en haut de l&rsquo;affiche un duo r\u00e9jouissant et inattendu: Jasmina Douieb et Laetitia Mampaka.\u00a0 Ine\u0300s (45) a beau se comporter comme l&#8217;employe\u0301e mode\u0300le dans son entreprise de vente de produits nettoyants, elle n&rsquo;a jamais e\u0301te\u0301 &hellip;<\/p>\n","protected":false},"author":343,"featured_media":231682,"comment_status":"closed","ping_status":"closed","sticky":false,"template":"","format":"standard","meta":{"ngg_post_thumbnail":0,"footnotes":""},"categories":[53,11],"tags":[5334,5333,5335,4187,3352],"class_list":["post-231678","post","type-post","status-publish","format-standard","has-post-thumbnail","","category-coming-soon","category-tournages","tag-jasmina-douieb","tag-lemployee-du-mois","tag-laetitia-mampaka","tag-newsletter-fr","tag-veronique-jadin"],"yoast_head":"<!-- This site is optimized with the Yoast SEO plugin v20.4 - https:\/\/yoast.com\/wordpress\/plugins\/seo\/ -->\n<title>J-2 pour le tournage de &quot;L&#039;Employ\u00e9e du mois&quot; de V\u00e9ronique Jadin - We Love Cinema<\/title>\n<meta name=\"robots\" content=\"index, follow, max-snippet:-1, max-image-preview:large, max-video-preview:-1\" \/>\n<link rel=\"canonical\" href=\"https:\/\/welovecinema.be\/fr\/j-2-pour-le-tournage-de-lemployee-du-mois-de-veronique-jadin\/\" \/>\n<meta property=\"og:locale\" content=\"fr_FR\" \/>\n<meta property=\"og:type\" content=\"article\" \/>\n<meta property=\"og:title\" content=\"J-2 pour le tournage de &quot;L&#039;Employ\u00e9e du mois&quot; de V\u00e9ronique Jadin - We Love Cinema\" \/>\n<meta property=\"og:description\" content=\"C&rsquo;est ce mercredi que d\u00e9butera le tournage de L&rsquo;Employ\u00e9e du mois, premier long m\u00e9trage de la r\u00e9alisatrice V\u00e9ronique Jadin, avec en haut de l&rsquo;affiche un duo r\u00e9jouissant et inattendu: Jasmina Douieb et Laetitia Mampaka.\u00a0 Ine\u0300s (45) a beau se comporter comme l&#8217;employe\u0301e mode\u0300le dans son entreprise de vente de produits nettoyants, elle n&rsquo;a jamais e\u0301te\u0301 &hellip;\" \/>\n<meta property=\"og:url\" content=\"https:\/\/welovecinema.be\/fr\/j-2-pour-le-tournage-de-lemployee-du-mois-de-veronique-jadin\/\" \/>\n<meta property=\"og:site_name\" content=\"We Love Cinema\" \/>\n<meta property=\"article:publisher\" content=\"https:\/\/www.facebook.com\/welovecinema.be\" \/>\n<meta property=\"article:published_time\" content=\"2020-09-14T08:33:44+00:00\" \/>\n<meta property=\"article:modified_time\" content=\"2020-09-15T09:22:05+00:00\" \/>\n<meta property=\"og:image\" content=\"https:\/\/welovecinema.be\/wp-content\/uploads\/sites\/2\/2020\/09\/essai-4-light-1.jpg\" \/>\n\t<meta property=\"og:image:width\" content=\"1280\" \/>\n\t<meta property=\"og:image:height\" content=\"600\" \/>\n\t<meta property=\"og:image:type\" content=\"image\/jpeg\" \/>\n<meta name=\"author\" content=\"Aurore Engelen\" \/>\n<meta name=\"twitter:card\" content=\"summary_large_image\" \/>\n<meta name=\"twitter:label1\" content=\"\u00c9crit par\" \/>\n\t<meta name=\"twitter:data1\" content=\"Aurore Engelen\" \/>\n\t<meta name=\"twitter:label2\" content=\"Dur\u00e9e de lecture estim\u00e9e\" \/>\n\t<meta name=\"twitter:data2\" content=\"3 minutes\" \/>\n<script type=\"application\/ld+json\" class=\"yoast-schema-graph\">{\"@context\":\"https:\/\/schema.org\",\"@graph\":[{\"@type\":\"Article\",\"@id\":\"https:\/\/welovecinema.be\/fr\/j-2-pour-le-tournage-de-lemployee-du-mois-de-veronique-jadin\/#article\",\"isPartOf\":{\"@id\":\"https:\/\/welovecinema.be\/fr\/j-2-pour-le-tournage-de-lemployee-du-mois-de-veronique-jadin\/\"},\"author\":{\"name\":\"Aurore Engelen\",\"@id\":\"https:\/\/welovecinema.be\/nl\/#\/schema\/person\/8084b68c6b176142d073695c654dc7cf\"},\"headline\":\"J-2 pour le tournage de \u00ab\u00a0L&rsquo;Employ\u00e9e du mois\u00a0\u00bb de V\u00e9ronique Jadin\",\"datePublished\":\"2020-09-14T08:33:44+00:00\",\"dateModified\":\"2020-09-15T09:22:05+00:00\",\"mainEntityOfPage\":{\"@id\":\"https:\/\/welovecinema.be\/fr\/j-2-pour-le-tournage-de-lemployee-du-mois-de-veronique-jadin\/\"},\"wordCount\":632,\"publisher\":{\"@id\":\"https:\/\/welovecinema.be\/nl\/#organization\"},\"keywords\":[\"Jasmina Douieb\",\"L'Employ\u00e9e du Mois\",\"Laetitia Mampaka\",\"newsletter\",\"Veronique Jadin\"],\"articleSection\":[\"Coming soon\",\"Tournages\"],\"inLanguage\":\"fr-FR\"},{\"@type\":\"WebPage\",\"@id\":\"https:\/\/welovecinema.be\/fr\/j-2-pour-le-tournage-de-lemployee-du-mois-de-veronique-jadin\/\",\"url\":\"https:\/\/welovecinema.be\/fr\/j-2-pour-le-tournage-de-lemployee-du-mois-de-veronique-jadin\/\",\"name\":\"J-2 pour le tournage de \\\"L'Employ\u00e9e du mois\\\" de V\u00e9ronique Jadin - We Love Cinema\",\"isPartOf\":{\"@id\":\"https:\/\/welovecinema.be\/nl\/#website\"},\"datePublished\":\"2020-09-14T08:33:44+00:00\",\"dateModified\":\"2020-09-15T09:22:05+00:00\",\"breadcrumb\":{\"@id\":\"https:\/\/welovecinema.be\/fr\/j-2-pour-le-tournage-de-lemployee-du-mois-de-veronique-jadin\/#breadcrumb\"},\"inLanguage\":\"fr-FR\",\"potentialAction\":[{\"@type\":\"ReadAction\",\"target\":[\"https:\/\/welovecinema.be\/fr\/j-2-pour-le-tournage-de-lemployee-du-mois-de-veronique-jadin\/\"]}]},{\"@type\":\"BreadcrumbList\",\"@id\":\"https:\/\/welovecinema.be\/fr\/j-2-pour-le-tournage-de-lemployee-du-mois-de-veronique-jadin\/#breadcrumb\",\"itemListElement\":[{\"@type\":\"ListItem\",\"position\":1,\"name\":\"Accueil\",\"item\":\"https:\/\/welovecinema.be\/fr\/\"},{\"@type\":\"ListItem\",\"position\":2,\"name\":\"J-2 pour le tournage de \u00ab\u00a0L&rsquo;Employ\u00e9e du mois\u00a0\u00bb de V\u00e9ronique Jadin\"}]},{\"@type\":\"WebSite\",\"@id\":\"https:\/\/welovecinema.be\/nl\/#website\",\"url\":\"https:\/\/welovecinema.be\/nl\/\",\"name\":\"We Love Cinema\",\"description\":\"Toute l\u2019information du cin\u00e9ma en Belgique\",\"publisher\":{\"@id\":\"https:\/\/welovecinema.be\/nl\/#organization\"},\"potentialAction\":[{\"@type\":\"SearchAction\",\"target\":{\"@type\":\"EntryPoint\",\"urlTemplate\":\"https:\/\/welovecinema.be\/nl\/?s={search_term_string}\"},\"query-input\":\"required name=search_term_string\"}],\"inLanguage\":\"fr-FR\"},{\"@type\":\"Organization\",\"@id\":\"https:\/\/welovecinema.be\/nl\/#organization\",\"name\":\"We Love Cinema\",\"url\":\"https:\/\/welovecinema.be\/nl\/\",\"logo\":{\"@type\":\"ImageObject\",\"inLanguage\":\"fr-FR\",\"@id\":\"https:\/\/welovecinema.be\/nl\/#\/schema\/logo\/image\/\",\"url\":\"https:\/\/welovecinema.be\/wp-content\/uploads\/sites\/2\/2023\/03\/Logo-We-Love-Cinema305x128.jpg\",\"contentUrl\":\"https:\/\/welovecinema.be\/wp-content\/uploads\/sites\/2\/2023\/03\/Logo-We-Love-Cinema305x128.jpg\",\"width\":305,\"height\":128,\"caption\":\"We Love Cinema\"},\"image\":{\"@id\":\"https:\/\/welovecinema.be\/nl\/#\/schema\/logo\/image\/\"},\"sameAs\":[\"https:\/\/www.facebook.com\/welovecinema.be\",\"https:\/\/www.youtube.com\/channel\/UCX5LYGVhnKvYauW4Nta4HJA\",\"https:\/\/www.instagram.com\/welovecinema.be\/\"]},{\"@type\":\"Person\",\"@id\":\"https:\/\/welovecinema.be\/nl\/#\/schema\/person\/8084b68c6b176142d073695c654dc7cf\",\"name\":\"Aurore Engelen\",\"url\":\"https:\/\/welovecinema.be\/fr\/author\/aurore-engelen\/\"}]}<\/script>\n<!-- \/ Yoast SEO plugin. -->","yoast_head_json":{"title":"J-2 pour le tournage de \"L'Employ\u00e9e du mois\" de V\u00e9ronique Jadin - We Love Cinema","robots":{"index":"index","follow":"follow","max-snippet":"max-snippet:-1","max-image-preview":"max-image-preview:large","max-video-preview":"max-video-preview:-1"},"canonical":"https:\/\/welovecinema.be\/fr\/j-2-pour-le-tournage-de-lemployee-du-mois-de-veronique-jadin\/","og_locale":"fr_FR","og_type":"article","og_title":"J-2 pour le tournage de \"L'Employ\u00e9e du mois\" de V\u00e9ronique Jadin - We Love Cinema","og_description":"C&rsquo;est ce mercredi que d\u00e9butera le tournage de L&rsquo;Employ\u00e9e du mois, premier long m\u00e9trage de la r\u00e9alisatrice V\u00e9ronique Jadin, avec en haut de l&rsquo;affiche un duo r\u00e9jouissant et inattendu: Jasmina Douieb et Laetitia Mampaka.\u00a0 Ine\u0300s (45) a beau se comporter comme l&#8217;employe\u0301e mode\u0300le dans son entreprise de vente de produits nettoyants, elle n&rsquo;a jamais e\u0301te\u0301 &hellip;","og_url":"https:\/\/welovecinema.be\/fr\/j-2-pour-le-tournage-de-lemployee-du-mois-de-veronique-jadin\/","og_site_name":"We Love Cinema","article_publisher":"https:\/\/www.facebook.com\/welovecinema.be","article_published_time":"2020-09-14T08:33:44+00:00","article_modified_time":"2020-09-15T09:22:05+00:00","og_image":[{"width":1280,"height":600,"url":"https:\/\/welovecinema.be\/wp-content\/uploads\/sites\/2\/2020\/09\/essai-4-light-1.jpg","type":"image\/jpeg"}],"author":"Aurore Engelen","twitter_card":"summary_large_image","twitter_misc":{"\u00c9crit par":"Aurore Engelen","Dur\u00e9e de lecture estim\u00e9e":"3 minutes"},"schema":{"@context":"https:\/\/schema.org","@graph":[{"@type":"Article","@id":"https:\/\/welovecinema.be\/fr\/j-2-pour-le-tournage-de-lemployee-du-mois-de-veronique-jadin\/#article","isPartOf":{"@id":"https:\/\/welovecinema.be\/fr\/j-2-pour-le-tournage-de-lemployee-du-mois-de-veronique-jadin\/"},"author":{"name":"Aurore Engelen","@id":"https:\/\/welovecinema.be\/nl\/#\/schema\/person\/8084b68c6b176142d073695c654dc7cf"},"headline":"J-2 pour le tournage de \u00ab\u00a0L&rsquo;Employ\u00e9e du mois\u00a0\u00bb de V\u00e9ronique Jadin","datePublished":"2020-09-14T08:33:44+00:00","dateModified":"2020-09-15T09:22:05+00:00","mainEntityOfPage":{"@id":"https:\/\/welovecinema.be\/fr\/j-2-pour-le-tournage-de-lemployee-du-mois-de-veronique-jadin\/"},"wordCount":632,"publisher":{"@id":"https:\/\/welovecinema.be\/nl\/#organization"},"keywords":["Jasmina Douieb","L'Employ\u00e9e du Mois","Laetitia Mampaka","newsletter","Veronique Jadin"],"articleSection":["Coming soon","Tournages"],"inLanguage":"fr-FR"},{"@type":"WebPage","@id":"https:\/\/welovecinema.be\/fr\/j-2-pour-le-tournage-de-lemployee-du-mois-de-veronique-jadin\/","url":"https:\/\/welovecinema.be\/fr\/j-2-pour-le-tournage-de-lemployee-du-mois-de-veronique-jadin\/","name":"J-2 pour le tournage de \"L'Employ\u00e9e du mois\" de V\u00e9ronique Jadin - We Love Cinema","isPartOf":{"@id":"https:\/\/welovecinema.be\/nl\/#website"},"datePublished":"2020-09-14T08:33:44+00:00","dateModified":"2020-09-15T09:22:05+00:00","breadcrumb":{"@id":"https:\/\/welovecinema.be\/fr\/j-2-pour-le-tournage-de-lemployee-du-mois-de-veronique-jadin\/#breadcrumb"},"inLanguage":"fr-FR","potentialAction":[{"@type":"ReadAction","target":["https:\/\/welovecinema.be\/fr\/j-2-pour-le-tournage-de-lemployee-du-mois-de-veronique-jadin\/"]}]},{"@type":"BreadcrumbList","@id":"https:\/\/welovecinema.be\/fr\/j-2-pour-le-tournage-de-lemployee-du-mois-de-veronique-jadin\/#breadcrumb","itemListElement":[{"@type":"ListItem","position":1,"name":"Accueil","item":"https:\/\/welovecinema.be\/fr\/"},{"@type":"ListItem","position":2,"name":"J-2 pour le tournage de \u00ab\u00a0L&rsquo;Employ\u00e9e du mois\u00a0\u00bb de V\u00e9ronique Jadin"}]},{"@type":"WebSite","@id":"https:\/\/welovecinema.be\/nl\/#website","url":"https:\/\/welovecinema.be\/nl\/","name":"We Love Cinema","description":"Toute l\u2019information du cin\u00e9ma en Belgique","publisher":{"@id":"https:\/\/welovecinema.be\/nl\/#organization"},"potentialAction":[{"@type":"SearchAction","target":{"@type":"EntryPoint","urlTemplate":"https:\/\/welovecinema.be\/nl\/?s={search_term_string}"},"query-input":"required name=search_term_string"}],"inLanguage":"fr-FR"},{"@type":"Organization","@id":"https:\/\/welovecinema.be\/nl\/#organization","name":"We Love Cinema","url":"https:\/\/welovecinema.be\/nl\/","logo":{"@type":"ImageObject","inLanguage":"fr-FR","@id":"https:\/\/welovecinema.be\/nl\/#\/schema\/logo\/image\/","url":"https:\/\/welovecinema.be\/wp-content\/uploads\/sites\/2\/2023\/03\/Logo-We-Love-Cinema305x128.jpg","contentUrl":"https:\/\/welovecinema.be\/wp-content\/uploads\/sites\/2\/2023\/03\/Logo-We-Love-Cinema305x128.jpg","width":305,"height":128,"caption":"We Love Cinema"},"image":{"@id":"https:\/\/welovecinema.be\/nl\/#\/schema\/logo\/image\/"},"sameAs":["https:\/\/www.facebook.com\/welovecinema.be","https:\/\/www.youtube.com\/channel\/UCX5LYGVhnKvYauW4Nta4HJA","https:\/\/www.instagram.com\/welovecinema.be\/"]},{"@type":"Person","@id":"https:\/\/welovecinema.be\/nl\/#\/schema\/person\/8084b68c6b176142d073695c654dc7cf","name":"Aurore Engelen","url":"https:\/\/welovecinema.be\/fr\/author\/aurore-engelen\/"}]}},"_links":{"self":[{"href":"https:\/\/welovecinema.be\/fr\/wp-json\/wp\/v2\/posts\/231678","targetHints":{"allow":["GET"]}}],"collection":[{"href":"https:\/\/welovecinema.be\/fr\/wp-json\/wp\/v2\/posts"}],"about":[{"href":"https:\/\/welovecinema.be\/fr\/wp-json\/wp\/v2\/types\/post"}],"author":[{"embeddable":true,"href":"https:\/\/welovecinema.be\/fr\/wp-json\/wp\/v2\/users\/343"}],"replies":[{"embeddable":true,"href":"https:\/\/welovecinema.be\/fr\/wp-json\/wp\/v2\/comments?post=231678"}],"version-history":[{"count":0,"href":"https:\/\/welovecinema.be\/fr\/wp-json\/wp\/v2\/posts\/231678\/revisions"}],"wp:featuredmedia":[{"embeddable":true,"href":"https:\/\/welovecinema.be\/fr\/wp-json\/wp\/v2\/media\/231682"}],"wp:attachment":[{"href":"https:\/\/welovecinema.be\/fr\/wp-json\/wp\/v2\/media?parent=231678"}],"wp:term":[{"taxonomy":"category","embeddable":true,"href":"https:\/\/welovecinema.be\/fr\/wp-json\/wp\/v2\/categories?post=231678"},{"taxonomy":"post_tag","embeddable":true,"href":"https:\/\/welovecinema.be\/fr\/wp-json\/wp\/v2\/tags?post=231678"}],"curies":[{"name":"wp","href":"https:\/\/api.w.org\/{rel}","templated":true}]}}