{"id":231403,"date":"2020-09-04T17:20:07","date_gmt":"2020-09-04T15:20:07","guid":{"rendered":"https:\/\/www.cinevox.be\/?p=231403"},"modified":"2020-09-11T15:31:17","modified_gmt":"2020-09-11T13:31:17","slug":"le-kinograph-cherche-un%c2%b7e-charge%c2%b7e-de-communication","status":"publish","type":"post","link":"https:\/\/welovecinema.be\/fr\/le-kinograph-cherche-un%c2%b7e-charge%c2%b7e-de-communication\/","title":{"rendered":"CL\u00d4TUR\u00c9 &#8211; Le Kinograph cherche un\u00b7e charg\u00e9\u00b7e de communication"},"content":{"rendered":"<div class=\"page\" title=\"Page 1\">\n<div class=\"layoutArea\">\n<div class=\"column\">\n<p><strong>Le Kinograph est un cine\u0301ma de quartier installe\u0301 dans les anciennes casernes d&rsquo;Ixelles dans le cadre du projet d&rsquo;occupation transitoire See U. C&rsquo;est un lieu de de\u0301couverte et de partage qui est organise\u0301 sur un mode\u0300le coope\u0301ratif \u00ab horizontal \u00bb.<\/strong><\/p>\n<h4>Pe\u0301riode<\/h4>\n<p>12 mois (prolongation possible) 20h\/semaine<\/p>\n<h4>Statut<\/h4>\n<p>FPI de six mois suivi d\u2019un CDD de min. six mois (prolongation possible)<\/p>\n<h4>Profil recherche\u0301<\/h4>\n<ul>\n<li>Excellentes capacite\u0301s de communication et de re\u0301daction en franc\u0327ais<\/li>\n<li>Atouts : mai\u0302trise du ne\u0301erlandais<\/li>\n<li>Tre\u0300s bonnes connaissances de Facebook et Instagram<\/li>\n<li>Atouts : Indesign\/Photoshop ; Mailchimp<\/li>\n<li>Organise\u0301.e et rigoureux.se<\/li>\n<li>Dynamique, cre\u0301atif.ve, esprit d\u2019initiative<\/li>\n<li>Gou\u0302t pour le contact avec les gens, bonnes capacite\u0301s relationnelles<\/li>\n<li>Inte\u0301re\u0302t pour le cine\u0301ma<\/li>\n<\/ul>\n<h4>Missions du poste<\/h4>\n<ul>\n<li>Imple\u0301mentation d\u2019une strate\u0301gie de communication sur diffe\u0301rents canaux et cre\u0301ation de contenu :<\/li>\n<\/ul>\n<p>&#8211; re\u0301fle\u0301chir a\u0300 des actions ludiques pour promouvoir les e\u0301ve\u0300nements du cine\u0301ma,<\/p>\n<p>&#8211; coordonner la diffusion du programme mensuel,<\/p>\n<p>&#8211; mise a\u0300 jour du site internet,<\/p>\n<p>&#8211; re\u0301daction de newsletter,<\/p>\n<p>&#8211; community management pour nos pages Facebook et Instagram<\/p>\n<ul>\n<li>De\u0301veloppement des contacts presse et des partenariats<\/li>\n<li>Gestion du bon de\u0301roulement des se\u0301ances et e\u0301ve\u0300nements : lancement et suivi projection, accueil des spectateurs, vente des tickets et boissons (1 soir par semaine)<\/li>\n<\/ul>\n<p>Merci d\u2019adresser votre candidature (CV + lettre de motivation + un gif au choix) a\u0300 info@kinograph.brussels<\/p>\n<\/div>\n<\/div>\n<\/div>\n","protected":false},"excerpt":{"rendered":"<p>Le Kinograph est un cine\u0301ma de quartier installe\u0301 dans les anciennes casernes d&rsquo;Ixelles dans le cadre du projet d&rsquo;occupation transitoire See U. C&rsquo;est un lieu de de\u0301couverte et de partage qui est organise\u0301 sur un mode\u0300le coope\u0301ratif \u00ab horizontal \u00bb. Pe\u0301riode 12 mois (prolongation possible) 20h\/semaine Statut FPI de six mois suivi d\u2019un CDD de &hellip;<\/p>\n","protected":false},"author":343,"featured_media":231404,"comment_status":"closed","ping_status":"closed","sticky":false,"template":"","format":"standard","meta":{"ngg_post_thumbnail":0,"footnotes":""},"categories":[20],"tags":[],"class_list":["post-231403","post","type-post","status-publish","format-standard","has-post-thumbnail","","category-cinejobs"],"yoast_head":"<!-- This site is optimized with the Yoast SEO plugin v20.4 - https:\/\/yoast.com\/wordpress\/plugins\/seo\/ -->\n<title>CL\u00d4TUR\u00c9 - Le Kinograph cherche un\u00b7e charg\u00e9\u00b7e de communication - We Love Cinema<\/title>\n<meta name=\"robots\" content=\"index, follow, max-snippet:-1, max-image-preview:large, max-video-preview:-1\" \/>\n<link rel=\"canonical\" href=\"https:\/\/welovecinema.be\/fr\/le-kinograph-cherche-un\u00b7e-charge\u00b7e-de-communication\/\" \/>\n<meta property=\"og:locale\" content=\"fr_FR\" \/>\n<meta property=\"og:type\" content=\"article\" \/>\n<meta property=\"og:title\" content=\"CL\u00d4TUR\u00c9 - Le Kinograph cherche un\u00b7e charg\u00e9\u00b7e de communication - We Love Cinema\" \/>\n<meta property=\"og:description\" content=\"Le Kinograph est un cine\u0301ma de quartier installe\u0301 dans les anciennes casernes d&rsquo;Ixelles dans le cadre du projet d&rsquo;occupation transitoire See U. C&rsquo;est un lieu de de\u0301couverte et de partage qui est organise\u0301 sur un mode\u0300le coope\u0301ratif \u00ab horizontal \u00bb. Pe\u0301riode 12 mois (prolongation possible) 20h\/semaine Statut FPI de six mois suivi d\u2019un CDD de &hellip;\" \/>\n<meta property=\"og:url\" content=\"https:\/\/welovecinema.be\/fr\/le-kinograph-cherche-un\u00b7e-charge\u00b7e-de-communication\/\" \/>\n<meta property=\"og:site_name\" content=\"We Love Cinema\" \/>\n<meta property=\"article:publisher\" content=\"https:\/\/www.facebook.com\/welovecinema.be\" \/>\n<meta property=\"article:published_time\" content=\"2020-09-04T15:20:07+00:00\" \/>\n<meta property=\"article:modified_time\" content=\"2020-09-11T13:31:17+00:00\" \/>\n<meta property=\"og:image\" content=\"https:\/\/welovecinema.be\/wp-content\/uploads\/sites\/2\/2020\/09\/csm_Cinema_Kinograph_7bf293217f.jpg\" \/>\n\t<meta property=\"og:image:width\" content=\"880\" \/>\n\t<meta property=\"og:image:height\" content=\"440\" \/>\n\t<meta property=\"og:image:type\" content=\"image\/jpeg\" \/>\n<meta name=\"author\" content=\"Aurore Engelen\" \/>\n<meta name=\"twitter:card\" content=\"summary_large_image\" \/>\n<meta name=\"twitter:label1\" content=\"\u00c9crit par\" \/>\n\t<meta name=\"twitter:data1\" content=\"Aurore Engelen\" \/>\n\t<meta name=\"twitter:label2\" content=\"Dur\u00e9e de lecture estim\u00e9e\" \/>\n\t<meta name=\"twitter:data2\" content=\"1 minute\" \/>\n<script type=\"application\/ld+json\" class=\"yoast-schema-graph\">{\"@context\":\"https:\/\/schema.org\",\"@graph\":[{\"@type\":\"Article\",\"@id\":\"https:\/\/welovecinema.be\/fr\/le-kinograph-cherche-un%c2%b7e-charge%c2%b7e-de-communication\/#article\",\"isPartOf\":{\"@id\":\"https:\/\/welovecinema.be\/fr\/le-kinograph-cherche-un%c2%b7e-charge%c2%b7e-de-communication\/\"},\"author\":{\"name\":\"Aurore Engelen\",\"@id\":\"https:\/\/welovecinema.be\/nl\/#\/schema\/person\/8084b68c6b176142d073695c654dc7cf\"},\"headline\":\"CL\u00d4TUR\u00c9 &#8211; Le Kinograph cherche un\u00b7e charg\u00e9\u00b7e de communication\",\"datePublished\":\"2020-09-04T15:20:07+00:00\",\"dateModified\":\"2020-09-11T13:31:17+00:00\",\"mainEntityOfPage\":{\"@id\":\"https:\/\/welovecinema.be\/fr\/le-kinograph-cherche-un%c2%b7e-charge%c2%b7e-de-communication\/\"},\"wordCount\":259,\"publisher\":{\"@id\":\"https:\/\/welovecinema.be\/nl\/#organization\"},\"articleSection\":[\"Cinejobs\"],\"inLanguage\":\"fr-FR\"},{\"@type\":\"WebPage\",\"@id\":\"https:\/\/welovecinema.be\/fr\/le-kinograph-cherche-un%c2%b7e-charge%c2%b7e-de-communication\/\",\"url\":\"https:\/\/welovecinema.be\/fr\/le-kinograph-cherche-un%c2%b7e-charge%c2%b7e-de-communication\/\",\"name\":\"CL\u00d4TUR\u00c9 - Le Kinograph cherche un\u00b7e charg\u00e9\u00b7e de communication - We Love Cinema\",\"isPartOf\":{\"@id\":\"https:\/\/welovecinema.be\/nl\/#website\"},\"datePublished\":\"2020-09-04T15:20:07+00:00\",\"dateModified\":\"2020-09-11T13:31:17+00:00\",\"breadcrumb\":{\"@id\":\"https:\/\/welovecinema.be\/fr\/le-kinograph-cherche-un%c2%b7e-charge%c2%b7e-de-communication\/#breadcrumb\"},\"inLanguage\":\"fr-FR\",\"potentialAction\":[{\"@type\":\"ReadAction\",\"target\":[\"https:\/\/welovecinema.be\/fr\/le-kinograph-cherche-un%c2%b7e-charge%c2%b7e-de-communication\/\"]}]},{\"@type\":\"BreadcrumbList\",\"@id\":\"https:\/\/welovecinema.be\/fr\/le-kinograph-cherche-un%c2%b7e-charge%c2%b7e-de-communication\/#breadcrumb\",\"itemListElement\":[{\"@type\":\"ListItem\",\"position\":1,\"name\":\"Accueil\",\"item\":\"https:\/\/welovecinema.be\/fr\/\"},{\"@type\":\"ListItem\",\"position\":2,\"name\":\"CL\u00d4TUR\u00c9 &#8211; Le Kinograph cherche un\u00b7e charg\u00e9\u00b7e de communication\"}]},{\"@type\":\"WebSite\",\"@id\":\"https:\/\/welovecinema.be\/nl\/#website\",\"url\":\"https:\/\/welovecinema.be\/nl\/\",\"name\":\"We Love Cinema\",\"description\":\"Toute l\u2019information du cin\u00e9ma en Belgique\",\"publisher\":{\"@id\":\"https:\/\/welovecinema.be\/nl\/#organization\"},\"potentialAction\":[{\"@type\":\"SearchAction\",\"target\":{\"@type\":\"EntryPoint\",\"urlTemplate\":\"https:\/\/welovecinema.be\/nl\/?s={search_term_string}\"},\"query-input\":\"required name=search_term_string\"}],\"inLanguage\":\"fr-FR\"},{\"@type\":\"Organization\",\"@id\":\"https:\/\/welovecinema.be\/nl\/#organization\",\"name\":\"We Love Cinema\",\"url\":\"https:\/\/welovecinema.be\/nl\/\",\"logo\":{\"@type\":\"ImageObject\",\"inLanguage\":\"fr-FR\",\"@id\":\"https:\/\/welovecinema.be\/nl\/#\/schema\/logo\/image\/\",\"url\":\"https:\/\/welovecinema.be\/wp-content\/uploads\/sites\/2\/2023\/03\/Logo-We-Love-Cinema305x128.jpg\",\"contentUrl\":\"https:\/\/welovecinema.be\/wp-content\/uploads\/sites\/2\/2023\/03\/Logo-We-Love-Cinema305x128.jpg\",\"width\":305,\"height\":128,\"caption\":\"We Love Cinema\"},\"image\":{\"@id\":\"https:\/\/welovecinema.be\/nl\/#\/schema\/logo\/image\/\"},\"sameAs\":[\"https:\/\/www.facebook.com\/welovecinema.be\",\"https:\/\/www.youtube.com\/channel\/UCX5LYGVhnKvYauW4Nta4HJA\",\"https:\/\/www.instagram.com\/welovecinema.be\/\"]},{\"@type\":\"Person\",\"@id\":\"https:\/\/welovecinema.be\/nl\/#\/schema\/person\/8084b68c6b176142d073695c654dc7cf\",\"name\":\"Aurore Engelen\",\"url\":\"https:\/\/welovecinema.be\/fr\/author\/aurore-engelen\/\"}]}<\/script>\n<!-- \/ Yoast SEO plugin. -->","yoast_head_json":{"title":"CL\u00d4TUR\u00c9 - Le Kinograph cherche un\u00b7e charg\u00e9\u00b7e de communication - We Love Cinema","robots":{"index":"index","follow":"follow","max-snippet":"max-snippet:-1","max-image-preview":"max-image-preview:large","max-video-preview":"max-video-preview:-1"},"canonical":"https:\/\/welovecinema.be\/fr\/le-kinograph-cherche-un\u00b7e-charge\u00b7e-de-communication\/","og_locale":"fr_FR","og_type":"article","og_title":"CL\u00d4TUR\u00c9 - Le Kinograph cherche un\u00b7e charg\u00e9\u00b7e de communication - We Love Cinema","og_description":"Le Kinograph est un cine\u0301ma de quartier installe\u0301 dans les anciennes casernes d&rsquo;Ixelles dans le cadre du projet d&rsquo;occupation transitoire See U. C&rsquo;est un lieu de de\u0301couverte et de partage qui est organise\u0301 sur un mode\u0300le coope\u0301ratif \u00ab horizontal \u00bb. Pe\u0301riode 12 mois (prolongation possible) 20h\/semaine Statut FPI de six mois suivi d\u2019un CDD de &hellip;","og_url":"https:\/\/welovecinema.be\/fr\/le-kinograph-cherche-un\u00b7e-charge\u00b7e-de-communication\/","og_site_name":"We Love Cinema","article_publisher":"https:\/\/www.facebook.com\/welovecinema.be","article_published_time":"2020-09-04T15:20:07+00:00","article_modified_time":"2020-09-11T13:31:17+00:00","og_image":[{"width":880,"height":440,"url":"https:\/\/welovecinema.be\/wp-content\/uploads\/sites\/2\/2020\/09\/csm_Cinema_Kinograph_7bf293217f.jpg","type":"image\/jpeg"}],"author":"Aurore Engelen","twitter_card":"summary_large_image","twitter_misc":{"\u00c9crit par":"Aurore Engelen","Dur\u00e9e de lecture estim\u00e9e":"1 minute"},"schema":{"@context":"https:\/\/schema.org","@graph":[{"@type":"Article","@id":"https:\/\/welovecinema.be\/fr\/le-kinograph-cherche-un%c2%b7e-charge%c2%b7e-de-communication\/#article","isPartOf":{"@id":"https:\/\/welovecinema.be\/fr\/le-kinograph-cherche-un%c2%b7e-charge%c2%b7e-de-communication\/"},"author":{"name":"Aurore Engelen","@id":"https:\/\/welovecinema.be\/nl\/#\/schema\/person\/8084b68c6b176142d073695c654dc7cf"},"headline":"CL\u00d4TUR\u00c9 &#8211; Le Kinograph cherche un\u00b7e charg\u00e9\u00b7e de communication","datePublished":"2020-09-04T15:20:07+00:00","dateModified":"2020-09-11T13:31:17+00:00","mainEntityOfPage":{"@id":"https:\/\/welovecinema.be\/fr\/le-kinograph-cherche-un%c2%b7e-charge%c2%b7e-de-communication\/"},"wordCount":259,"publisher":{"@id":"https:\/\/welovecinema.be\/nl\/#organization"},"articleSection":["Cinejobs"],"inLanguage":"fr-FR"},{"@type":"WebPage","@id":"https:\/\/welovecinema.be\/fr\/le-kinograph-cherche-un%c2%b7e-charge%c2%b7e-de-communication\/","url":"https:\/\/welovecinema.be\/fr\/le-kinograph-cherche-un%c2%b7e-charge%c2%b7e-de-communication\/","name":"CL\u00d4TUR\u00c9 - Le Kinograph cherche un\u00b7e charg\u00e9\u00b7e de communication - We Love Cinema","isPartOf":{"@id":"https:\/\/welovecinema.be\/nl\/#website"},"datePublished":"2020-09-04T15:20:07+00:00","dateModified":"2020-09-11T13:31:17+00:00","breadcrumb":{"@id":"https:\/\/welovecinema.be\/fr\/le-kinograph-cherche-un%c2%b7e-charge%c2%b7e-de-communication\/#breadcrumb"},"inLanguage":"fr-FR","potentialAction":[{"@type":"ReadAction","target":["https:\/\/welovecinema.be\/fr\/le-kinograph-cherche-un%c2%b7e-charge%c2%b7e-de-communication\/"]}]},{"@type":"BreadcrumbList","@id":"https:\/\/welovecinema.be\/fr\/le-kinograph-cherche-un%c2%b7e-charge%c2%b7e-de-communication\/#breadcrumb","itemListElement":[{"@type":"ListItem","position":1,"name":"Accueil","item":"https:\/\/welovecinema.be\/fr\/"},{"@type":"ListItem","position":2,"name":"CL\u00d4TUR\u00c9 &#8211; Le Kinograph cherche un\u00b7e charg\u00e9\u00b7e de communication"}]},{"@type":"WebSite","@id":"https:\/\/welovecinema.be\/nl\/#website","url":"https:\/\/welovecinema.be\/nl\/","name":"We Love Cinema","description":"Toute l\u2019information du cin\u00e9ma en Belgique","publisher":{"@id":"https:\/\/welovecinema.be\/nl\/#organization"},"potentialAction":[{"@type":"SearchAction","target":{"@type":"EntryPoint","urlTemplate":"https:\/\/welovecinema.be\/nl\/?s={search_term_string}"},"query-input":"required name=search_term_string"}],"inLanguage":"fr-FR"},{"@type":"Organization","@id":"https:\/\/welovecinema.be\/nl\/#organization","name":"We Love Cinema","url":"https:\/\/welovecinema.be\/nl\/","logo":{"@type":"ImageObject","inLanguage":"fr-FR","@id":"https:\/\/welovecinema.be\/nl\/#\/schema\/logo\/image\/","url":"https:\/\/welovecinema.be\/wp-content\/uploads\/sites\/2\/2023\/03\/Logo-We-Love-Cinema305x128.jpg","contentUrl":"https:\/\/welovecinema.be\/wp-content\/uploads\/sites\/2\/2023\/03\/Logo-We-Love-Cinema305x128.jpg","width":305,"height":128,"caption":"We Love Cinema"},"image":{"@id":"https:\/\/welovecinema.be\/nl\/#\/schema\/logo\/image\/"},"sameAs":["https:\/\/www.facebook.com\/welovecinema.be","https:\/\/www.youtube.com\/channel\/UCX5LYGVhnKvYauW4Nta4HJA","https:\/\/www.instagram.com\/welovecinema.be\/"]},{"@type":"Person","@id":"https:\/\/welovecinema.be\/nl\/#\/schema\/person\/8084b68c6b176142d073695c654dc7cf","name":"Aurore Engelen","url":"https:\/\/welovecinema.be\/fr\/author\/aurore-engelen\/"}]}},"_links":{"self":[{"href":"https:\/\/welovecinema.be\/fr\/wp-json\/wp\/v2\/posts\/231403","targetHints":{"allow":["GET"]}}],"collection":[{"href":"https:\/\/welovecinema.be\/fr\/wp-json\/wp\/v2\/posts"}],"about":[{"href":"https:\/\/welovecinema.be\/fr\/wp-json\/wp\/v2\/types\/post"}],"author":[{"embeddable":true,"href":"https:\/\/welovecinema.be\/fr\/wp-json\/wp\/v2\/users\/343"}],"replies":[{"embeddable":true,"href":"https:\/\/welovecinema.be\/fr\/wp-json\/wp\/v2\/comments?post=231403"}],"version-history":[{"count":0,"href":"https:\/\/welovecinema.be\/fr\/wp-json\/wp\/v2\/posts\/231403\/revisions"}],"wp:featuredmedia":[{"embeddable":true,"href":"https:\/\/welovecinema.be\/fr\/wp-json\/wp\/v2\/media\/231404"}],"wp:attachment":[{"href":"https:\/\/welovecinema.be\/fr\/wp-json\/wp\/v2\/media?parent=231403"}],"wp:term":[{"taxonomy":"category","embeddable":true,"href":"https:\/\/welovecinema.be\/fr\/wp-json\/wp\/v2\/categories?post=231403"},{"taxonomy":"post_tag","embeddable":true,"href":"https:\/\/welovecinema.be\/fr\/wp-json\/wp\/v2\/tags?post=231403"}],"curies":[{"name":"wp","href":"https:\/\/api.w.org\/{rel}","templated":true}]}}