{"id":231375,"date":"2020-09-04T12:25:02","date_gmt":"2020-09-04T10:25:02","guid":{"rendered":"https:\/\/www.cinevox.be\/?p=231375"},"modified":"2020-09-04T12:30:48","modified_gmt":"2020-09-04T10:30:48","slug":"premieres-images-de-mandibules-de-quention-dupieux-avec-romeo-elvis","status":"publish","type":"post","link":"https:\/\/welovecinema.be\/fr\/premieres-images-de-mandibules-de-quention-dupieux-avec-romeo-elvis\/","title":{"rendered":"Premi\u00e8res images de \u00ab\u00a0Mandibules\u00a0\u00bb de Quention Dupieux, avec&#8230; Rom\u00e9o Elvis!"},"content":{"rendered":"<p><strong>La curiosit\u00e9 est de mise \u00e0 propos de <em>Mandibules<\/em> de Quentin Dupieux, qui sera projet\u00e9 en avant-premi\u00e8re \u00e0 la Mostra de Venise, et dont la bande annonce vient d&rsquo;\u00eatre d\u00e9voil\u00e9e.<\/strong><\/p>\n<p>Curiosit\u00e9 d&rsquo;abord, parce que Quentin Dupieux est d\u00e9j\u00e0 de retour apr\u00e8s <em>Au poste<\/em> en 2018 et <em>Le Daim<\/em> en 2019. Curiosit\u00e9 parce qu&rsquo;on attend beaucoup de Gr\u00e9goire Ludig (d\u00e9j\u00e0 \u00e0 l&rsquo;affiche de <a href=\"https:\/\/www.cinevox.be\/fr\/benoit-poelvoorde-etonne-dans-au-poste-le-nouveau-film-de-quentin-dupieux\/\"><em>Au poste<\/em><\/a> aux c\u00f4t\u00e9s de Beno\u00eet Poelvoorde) et David Marsais, les cr\u00e9ateurs du Palmashow. Curiosit\u00e9 parce qu&rsquo;apr\u00e8s le pneu, les steaks d&rsquo;Eric et Ramzy, le manteau de Jean Dujardin (et la permanente d&rsquo;Ana\u00efs Demoustier), il s&rsquo;est mis en t\u00eate d&#8217;embaucher une mouche g\u00e9ante. Curiosit\u00e9 parce qu&rsquo;Ad\u00e8le Exarchopoulos y parle tr\u00e8s fort, et qu&rsquo;elle n&rsquo;est jamais l\u00e0 o\u00f9 on l&rsquo;attend (m\u00eame si on l&rsquo;attend tr\u00e8s fort dans <a href=\"https:\/\/www.cinevox.be\/fr\/clap-de-debut-pour-carpe-diem-le-premier-long-demmanuel-marre\/\"><em>Carpe Diem<\/em><\/a>, le premier long m\u00e9trage d&rsquo;Emmanuel Marre). Curiosit\u00e9 parce qu&rsquo;on retrouve aussi au g\u00e9n\u00e9rique la fantastique India Hair, bient\u00f4t \u00e0 l&rsquo;affiche de <em>Poissonsexe<\/em> d&rsquo;Olivier Babinet. Curiosit\u00e9 enfin parce que le film signe les premiers pas devant la cam\u00e9ra d&rsquo;un Belge qu&rsquo;on aime bien Rom\u00e9o Elvis.<\/p>\n<p>Verdict dans les salles le 2 d\u00e9cembre prochain!<\/p>\n","protected":false},"excerpt":{"rendered":"<p>La curiosit\u00e9 est de mise \u00e0 propos de Mandibules de Quentin Dupieux, qui sera projet\u00e9 en avant-premi\u00e8re \u00e0 la Mostra de Venise, et dont la bande annonce vient d&rsquo;\u00eatre d\u00e9voil\u00e9e. Curiosit\u00e9 d&rsquo;abord, parce que Quentin Dupieux est d\u00e9j\u00e0 de retour apr\u00e8s Au poste en 2018 et Le Daim en 2019. Curiosit\u00e9 parce qu&rsquo;on attend beaucoup &hellip;<\/p>\n","protected":false},"author":343,"featured_media":231376,"comment_status":"closed","ping_status":"closed","sticky":false,"template":"","format":"standard","meta":{"ngg_post_thumbnail":0,"footnotes":""},"categories":[53],"tags":[5299,4187,4493],"class_list":["post-231375","post","type-post","status-publish","format-standard","has-post-thumbnail","","category-coming-soon","tag-mandibules","tag-newsletter-fr","tag-romeo-elvis"],"yoast_head":"<!-- This site is optimized with the Yoast SEO plugin v20.4 - https:\/\/yoast.com\/wordpress\/plugins\/seo\/ -->\n<title>Premi\u00e8res images de &quot;Mandibules&quot; de Quention Dupieux, avec... Rom\u00e9o Elvis! - We Love Cinema<\/title>\n<meta name=\"robots\" content=\"index, follow, max-snippet:-1, max-image-preview:large, max-video-preview:-1\" \/>\n<link rel=\"canonical\" href=\"https:\/\/welovecinema.be\/fr\/premieres-images-de-mandibules-de-quention-dupieux-avec-romeo-elvis\/\" \/>\n<meta property=\"og:locale\" content=\"fr_FR\" \/>\n<meta property=\"og:type\" content=\"article\" \/>\n<meta property=\"og:title\" content=\"Premi\u00e8res images de &quot;Mandibules&quot; de Quention Dupieux, avec... Rom\u00e9o Elvis! - We Love Cinema\" \/>\n<meta property=\"og:description\" content=\"La curiosit\u00e9 est de mise \u00e0 propos de Mandibules de Quentin Dupieux, qui sera projet\u00e9 en avant-premi\u00e8re \u00e0 la Mostra de Venise, et dont la bande annonce vient d&rsquo;\u00eatre d\u00e9voil\u00e9e. Curiosit\u00e9 d&rsquo;abord, parce que Quentin Dupieux est d\u00e9j\u00e0 de retour apr\u00e8s Au poste en 2018 et Le Daim en 2019. Curiosit\u00e9 parce qu&rsquo;on attend beaucoup &hellip;\" \/>\n<meta property=\"og:url\" content=\"https:\/\/welovecinema.be\/fr\/premieres-images-de-mandibules-de-quention-dupieux-avec-romeo-elvis\/\" \/>\n<meta property=\"og:site_name\" content=\"We Love Cinema\" \/>\n<meta property=\"article:publisher\" content=\"https:\/\/www.facebook.com\/welovecinema.be\" \/>\n<meta property=\"article:published_time\" content=\"2020-09-04T10:25:02+00:00\" \/>\n<meta property=\"article:modified_time\" content=\"2020-09-04T10:30:48+00:00\" \/>\n<meta property=\"og:image\" content=\"https:\/\/welovecinema.be\/wp-content\/uploads\/sites\/2\/2020\/09\/mandibules.jpg\" \/>\n\t<meta property=\"og:image:width\" content=\"1280\" \/>\n\t<meta property=\"og:image:height\" content=\"720\" \/>\n\t<meta property=\"og:image:type\" content=\"image\/jpeg\" \/>\n<meta name=\"author\" content=\"Aurore Engelen\" \/>\n<meta name=\"twitter:card\" content=\"summary_large_image\" \/>\n<meta name=\"twitter:label1\" content=\"\u00c9crit par\" \/>\n\t<meta name=\"twitter:data1\" content=\"Aurore Engelen\" \/>\n\t<meta name=\"twitter:label2\" content=\"Dur\u00e9e de lecture estim\u00e9e\" \/>\n\t<meta name=\"twitter:data2\" content=\"1 minute\" \/>\n<script type=\"application\/ld+json\" class=\"yoast-schema-graph\">{\"@context\":\"https:\/\/schema.org\",\"@graph\":[{\"@type\":\"Article\",\"@id\":\"https:\/\/welovecinema.be\/fr\/premieres-images-de-mandibules-de-quention-dupieux-avec-romeo-elvis\/#article\",\"isPartOf\":{\"@id\":\"https:\/\/welovecinema.be\/fr\/premieres-images-de-mandibules-de-quention-dupieux-avec-romeo-elvis\/\"},\"author\":{\"name\":\"Aurore Engelen\",\"@id\":\"https:\/\/welovecinema.be\/nl\/#\/schema\/person\/8084b68c6b176142d073695c654dc7cf\"},\"headline\":\"Premi\u00e8res images de \u00ab\u00a0Mandibules\u00a0\u00bb de Quention Dupieux, avec&#8230; Rom\u00e9o Elvis!\",\"datePublished\":\"2020-09-04T10:25:02+00:00\",\"dateModified\":\"2020-09-04T10:30:48+00:00\",\"mainEntityOfPage\":{\"@id\":\"https:\/\/welovecinema.be\/fr\/premieres-images-de-mandibules-de-quention-dupieux-avec-romeo-elvis\/\"},\"wordCount\":233,\"publisher\":{\"@id\":\"https:\/\/welovecinema.be\/nl\/#organization\"},\"keywords\":[\"Mandibules\",\"newsletter\",\"Romeo Elvis\"],\"articleSection\":[\"Coming soon\"],\"inLanguage\":\"fr-FR\"},{\"@type\":\"WebPage\",\"@id\":\"https:\/\/welovecinema.be\/fr\/premieres-images-de-mandibules-de-quention-dupieux-avec-romeo-elvis\/\",\"url\":\"https:\/\/welovecinema.be\/fr\/premieres-images-de-mandibules-de-quention-dupieux-avec-romeo-elvis\/\",\"name\":\"Premi\u00e8res images de \\\"Mandibules\\\" de Quention Dupieux, avec... Rom\u00e9o Elvis! - We Love Cinema\",\"isPartOf\":{\"@id\":\"https:\/\/welovecinema.be\/nl\/#website\"},\"datePublished\":\"2020-09-04T10:25:02+00:00\",\"dateModified\":\"2020-09-04T10:30:48+00:00\",\"breadcrumb\":{\"@id\":\"https:\/\/welovecinema.be\/fr\/premieres-images-de-mandibules-de-quention-dupieux-avec-romeo-elvis\/#breadcrumb\"},\"inLanguage\":\"fr-FR\",\"potentialAction\":[{\"@type\":\"ReadAction\",\"target\":[\"https:\/\/welovecinema.be\/fr\/premieres-images-de-mandibules-de-quention-dupieux-avec-romeo-elvis\/\"]}]},{\"@type\":\"BreadcrumbList\",\"@id\":\"https:\/\/welovecinema.be\/fr\/premieres-images-de-mandibules-de-quention-dupieux-avec-romeo-elvis\/#breadcrumb\",\"itemListElement\":[{\"@type\":\"ListItem\",\"position\":1,\"name\":\"Accueil\",\"item\":\"https:\/\/welovecinema.be\/fr\/\"},{\"@type\":\"ListItem\",\"position\":2,\"name\":\"Premi\u00e8res images de \u00ab\u00a0Mandibules\u00a0\u00bb de Quention Dupieux, avec&#8230; Rom\u00e9o Elvis!\"}]},{\"@type\":\"WebSite\",\"@id\":\"https:\/\/welovecinema.be\/nl\/#website\",\"url\":\"https:\/\/welovecinema.be\/nl\/\",\"name\":\"We Love Cinema\",\"description\":\"Toute l\u2019information du cin\u00e9ma en Belgique\",\"publisher\":{\"@id\":\"https:\/\/welovecinema.be\/nl\/#organization\"},\"potentialAction\":[{\"@type\":\"SearchAction\",\"target\":{\"@type\":\"EntryPoint\",\"urlTemplate\":\"https:\/\/welovecinema.be\/nl\/?s={search_term_string}\"},\"query-input\":\"required name=search_term_string\"}],\"inLanguage\":\"fr-FR\"},{\"@type\":\"Organization\",\"@id\":\"https:\/\/welovecinema.be\/nl\/#organization\",\"name\":\"We Love Cinema\",\"url\":\"https:\/\/welovecinema.be\/nl\/\",\"logo\":{\"@type\":\"ImageObject\",\"inLanguage\":\"fr-FR\",\"@id\":\"https:\/\/welovecinema.be\/nl\/#\/schema\/logo\/image\/\",\"url\":\"https:\/\/welovecinema.be\/wp-content\/uploads\/sites\/2\/2023\/03\/Logo-We-Love-Cinema305x128.jpg\",\"contentUrl\":\"https:\/\/welovecinema.be\/wp-content\/uploads\/sites\/2\/2023\/03\/Logo-We-Love-Cinema305x128.jpg\",\"width\":305,\"height\":128,\"caption\":\"We Love Cinema\"},\"image\":{\"@id\":\"https:\/\/welovecinema.be\/nl\/#\/schema\/logo\/image\/\"},\"sameAs\":[\"https:\/\/www.facebook.com\/welovecinema.be\",\"https:\/\/www.youtube.com\/channel\/UCX5LYGVhnKvYauW4Nta4HJA\",\"https:\/\/www.instagram.com\/welovecinema.be\/\"]},{\"@type\":\"Person\",\"@id\":\"https:\/\/welovecinema.be\/nl\/#\/schema\/person\/8084b68c6b176142d073695c654dc7cf\",\"name\":\"Aurore Engelen\",\"url\":\"https:\/\/welovecinema.be\/fr\/author\/aurore-engelen\/\"}]}<\/script>\n<!-- \/ Yoast SEO plugin. -->","yoast_head_json":{"title":"Premi\u00e8res images de \"Mandibules\" de Quention Dupieux, avec... Rom\u00e9o Elvis! - We Love Cinema","robots":{"index":"index","follow":"follow","max-snippet":"max-snippet:-1","max-image-preview":"max-image-preview:large","max-video-preview":"max-video-preview:-1"},"canonical":"https:\/\/welovecinema.be\/fr\/premieres-images-de-mandibules-de-quention-dupieux-avec-romeo-elvis\/","og_locale":"fr_FR","og_type":"article","og_title":"Premi\u00e8res images de \"Mandibules\" de Quention Dupieux, avec... Rom\u00e9o Elvis! - We Love Cinema","og_description":"La curiosit\u00e9 est de mise \u00e0 propos de Mandibules de Quentin Dupieux, qui sera projet\u00e9 en avant-premi\u00e8re \u00e0 la Mostra de Venise, et dont la bande annonce vient d&rsquo;\u00eatre d\u00e9voil\u00e9e. Curiosit\u00e9 d&rsquo;abord, parce que Quentin Dupieux est d\u00e9j\u00e0 de retour apr\u00e8s Au poste en 2018 et Le Daim en 2019. Curiosit\u00e9 parce qu&rsquo;on attend beaucoup &hellip;","og_url":"https:\/\/welovecinema.be\/fr\/premieres-images-de-mandibules-de-quention-dupieux-avec-romeo-elvis\/","og_site_name":"We Love Cinema","article_publisher":"https:\/\/www.facebook.com\/welovecinema.be","article_published_time":"2020-09-04T10:25:02+00:00","article_modified_time":"2020-09-04T10:30:48+00:00","og_image":[{"width":1280,"height":720,"url":"https:\/\/welovecinema.be\/wp-content\/uploads\/sites\/2\/2020\/09\/mandibules.jpg","type":"image\/jpeg"}],"author":"Aurore Engelen","twitter_card":"summary_large_image","twitter_misc":{"\u00c9crit par":"Aurore Engelen","Dur\u00e9e de lecture estim\u00e9e":"1 minute"},"schema":{"@context":"https:\/\/schema.org","@graph":[{"@type":"Article","@id":"https:\/\/welovecinema.be\/fr\/premieres-images-de-mandibules-de-quention-dupieux-avec-romeo-elvis\/#article","isPartOf":{"@id":"https:\/\/welovecinema.be\/fr\/premieres-images-de-mandibules-de-quention-dupieux-avec-romeo-elvis\/"},"author":{"name":"Aurore Engelen","@id":"https:\/\/welovecinema.be\/nl\/#\/schema\/person\/8084b68c6b176142d073695c654dc7cf"},"headline":"Premi\u00e8res images de \u00ab\u00a0Mandibules\u00a0\u00bb de Quention Dupieux, avec&#8230; Rom\u00e9o Elvis!","datePublished":"2020-09-04T10:25:02+00:00","dateModified":"2020-09-04T10:30:48+00:00","mainEntityOfPage":{"@id":"https:\/\/welovecinema.be\/fr\/premieres-images-de-mandibules-de-quention-dupieux-avec-romeo-elvis\/"},"wordCount":233,"publisher":{"@id":"https:\/\/welovecinema.be\/nl\/#organization"},"keywords":["Mandibules","newsletter","Romeo Elvis"],"articleSection":["Coming soon"],"inLanguage":"fr-FR"},{"@type":"WebPage","@id":"https:\/\/welovecinema.be\/fr\/premieres-images-de-mandibules-de-quention-dupieux-avec-romeo-elvis\/","url":"https:\/\/welovecinema.be\/fr\/premieres-images-de-mandibules-de-quention-dupieux-avec-romeo-elvis\/","name":"Premi\u00e8res images de \"Mandibules\" de Quention Dupieux, avec... Rom\u00e9o Elvis! - We Love Cinema","isPartOf":{"@id":"https:\/\/welovecinema.be\/nl\/#website"},"datePublished":"2020-09-04T10:25:02+00:00","dateModified":"2020-09-04T10:30:48+00:00","breadcrumb":{"@id":"https:\/\/welovecinema.be\/fr\/premieres-images-de-mandibules-de-quention-dupieux-avec-romeo-elvis\/#breadcrumb"},"inLanguage":"fr-FR","potentialAction":[{"@type":"ReadAction","target":["https:\/\/welovecinema.be\/fr\/premieres-images-de-mandibules-de-quention-dupieux-avec-romeo-elvis\/"]}]},{"@type":"BreadcrumbList","@id":"https:\/\/welovecinema.be\/fr\/premieres-images-de-mandibules-de-quention-dupieux-avec-romeo-elvis\/#breadcrumb","itemListElement":[{"@type":"ListItem","position":1,"name":"Accueil","item":"https:\/\/welovecinema.be\/fr\/"},{"@type":"ListItem","position":2,"name":"Premi\u00e8res images de \u00ab\u00a0Mandibules\u00a0\u00bb de Quention Dupieux, avec&#8230; Rom\u00e9o Elvis!"}]},{"@type":"WebSite","@id":"https:\/\/welovecinema.be\/nl\/#website","url":"https:\/\/welovecinema.be\/nl\/","name":"We Love Cinema","description":"Toute l\u2019information du cin\u00e9ma en Belgique","publisher":{"@id":"https:\/\/welovecinema.be\/nl\/#organization"},"potentialAction":[{"@type":"SearchAction","target":{"@type":"EntryPoint","urlTemplate":"https:\/\/welovecinema.be\/nl\/?s={search_term_string}"},"query-input":"required name=search_term_string"}],"inLanguage":"fr-FR"},{"@type":"Organization","@id":"https:\/\/welovecinema.be\/nl\/#organization","name":"We Love Cinema","url":"https:\/\/welovecinema.be\/nl\/","logo":{"@type":"ImageObject","inLanguage":"fr-FR","@id":"https:\/\/welovecinema.be\/nl\/#\/schema\/logo\/image\/","url":"https:\/\/welovecinema.be\/wp-content\/uploads\/sites\/2\/2023\/03\/Logo-We-Love-Cinema305x128.jpg","contentUrl":"https:\/\/welovecinema.be\/wp-content\/uploads\/sites\/2\/2023\/03\/Logo-We-Love-Cinema305x128.jpg","width":305,"height":128,"caption":"We Love Cinema"},"image":{"@id":"https:\/\/welovecinema.be\/nl\/#\/schema\/logo\/image\/"},"sameAs":["https:\/\/www.facebook.com\/welovecinema.be","https:\/\/www.youtube.com\/channel\/UCX5LYGVhnKvYauW4Nta4HJA","https:\/\/www.instagram.com\/welovecinema.be\/"]},{"@type":"Person","@id":"https:\/\/welovecinema.be\/nl\/#\/schema\/person\/8084b68c6b176142d073695c654dc7cf","name":"Aurore Engelen","url":"https:\/\/welovecinema.be\/fr\/author\/aurore-engelen\/"}]}},"_links":{"self":[{"href":"https:\/\/welovecinema.be\/fr\/wp-json\/wp\/v2\/posts\/231375","targetHints":{"allow":["GET"]}}],"collection":[{"href":"https:\/\/welovecinema.be\/fr\/wp-json\/wp\/v2\/posts"}],"about":[{"href":"https:\/\/welovecinema.be\/fr\/wp-json\/wp\/v2\/types\/post"}],"author":[{"embeddable":true,"href":"https:\/\/welovecinema.be\/fr\/wp-json\/wp\/v2\/users\/343"}],"replies":[{"embeddable":true,"href":"https:\/\/welovecinema.be\/fr\/wp-json\/wp\/v2\/comments?post=231375"}],"version-history":[{"count":0,"href":"https:\/\/welovecinema.be\/fr\/wp-json\/wp\/v2\/posts\/231375\/revisions"}],"wp:featuredmedia":[{"embeddable":true,"href":"https:\/\/welovecinema.be\/fr\/wp-json\/wp\/v2\/media\/231376"}],"wp:attachment":[{"href":"https:\/\/welovecinema.be\/fr\/wp-json\/wp\/v2\/media?parent=231375"}],"wp:term":[{"taxonomy":"category","embeddable":true,"href":"https:\/\/welovecinema.be\/fr\/wp-json\/wp\/v2\/categories?post=231375"},{"taxonomy":"post_tag","embeddable":true,"href":"https:\/\/welovecinema.be\/fr\/wp-json\/wp\/v2\/tags?post=231375"}],"curies":[{"name":"wp","href":"https:\/\/api.w.org\/{rel}","templated":true}]}}