{"id":231274,"date":"2021-09-01T08:35:58","date_gmt":"2021-09-01T06:35:58","guid":{"rendered":"https:\/\/www.cinevox.be\/?p=231274"},"modified":"2021-09-01T15:00:28","modified_gmt":"2021-09-01T13:00:28","slug":"des-hommes-dire-lindicible","status":"publish","type":"post","link":"https:\/\/welovecinema.be\/fr\/des-hommes-dire-lindicible\/","title":{"rendered":"\u00ab\u00a0Des hommes\u00a0\u00bb, dire l&rsquo;indicible"},"content":{"rendered":"<p class=\"p1\"><b>Avec son 11e long m\u00e9trage <i>Des hommes<\/i>, adaptation du roman \u00e9ponyme de Laurent Mauvignier, Lucas Belvaux (<em><a href=\"https:\/\/www.cinevox.be\/fr\/chez-nous-desespoir-urnes\/\">Chez nous<\/a>, <a href=\"https:\/\/www.cinevox.be\/fr\/pas-son-genre-le-notre\/\">Pas son genre<\/a>, <a href=\"https:\/\/www.cinevox.be\/fr\/retour-raison-plus-faible\/\">La Raison du plus faible<\/a><\/em>&#8230;) livre un r\u00e9cit polyphonique bouleversant, redonnant voix \u00e0 une toute une g\u00e9n\u00e9ration d\u2019hommes fran\u00e7ais, ceux qui avaient 20 ans en Alg\u00e9rie.<\/b><\/p>\n<p class=\"p1\">Ca commence avec un feu qui br\u00fble dans une chemin\u00e9e. Une flamme incandescente, qui fait \u00e9cho \u00e0 celle qui consume petit \u00e0 petit le coeur de Bernard, alias Feu-de-bois (G\u00e9rard Depardieu). Bernard enfile sa veste \u00e9lim\u00e9e, ferme la porte de sa vieille ferme insalubre, et enfourche sa mobylette pour se rendre \u00e0 l\u2019anniversaire de sa soeur, Solange (Catherine Frot). Sa pr\u00e9sence mena\u00e7ante fend la foule des villageois r\u00e9unis pour l\u2019occasion, sous leurs regards inquisiteurs. Jusqu\u2019au drame, quand Bernard l\u00e2che ces mots que l\u2019on ne saurait entendre: crouille, bougnoule. <i>\u00ab\u00a0Comme si \u00e7a devait arriver, forc\u00e9ment. Comme si c\u2019\u00e9tait \u00e9crit,\u00a0\u00bb<\/i> ass\u00e8ne Rabut (Jean-Pierre Darroussin).<\/p>\n<p>Retour en Alg\u00e9rie. Quatre d\u00e9cennies plus t\u00f4t, Feu-de-bois, Rabut, F\u00e9vrier et leurs camarades de bataillon ont vingt ans. Le pays les a appel\u00e9s en Alg\u00e9rie. Ils y d\u00e9couvrent un ailleurs, une autre vie, de nouvelles sensations\u2026 Mais ils y trouvent aussi ce qu\u2019on ne peut pas dire, que les mots ne suffisent pas \u00e0 repr\u00e9senter. Et m\u00eame l\u2019inconcevable. L\u2019horreur. L\u2019enfer. Rentr\u00e9s au pays, ils n\u2019ont pas su le dire, on n\u2019a pas voulu les \u00e9couter. Une guerre qui n&rsquo;est pas racont\u00e9e peut-elle jamais s&rsquo;achever? Mais l&rsquo;art, ici le cin\u00e9ma, va prendre en charge l&rsquo;indicible, et produire un discours, cha\u00eenon manquant de la Grande Histoire.<\/p>\n<p><img loading=\"lazy\" decoding=\"async\" class=\"alignnone size-large wp-image-231292\" src=\"https:\/\/www.cinevox.be\/wp-content\/uploads\/sites\/2\/2020\/09\/8649-des-hommes-photo-1-c-synecdoche-artemis-productions-photographe-david-koskas-v2-800x533.jpg\" alt=\"Des-Hommes-Lucas-Belvaux\" width=\"618\" height=\"412\" srcset=\"https:\/\/welovecinema.be\/wp-content\/uploads\/sites\/2\/2020\/09\/8649-des-hommes-photo-1-c-synecdoche-artemis-productions-photographe-david-koskas-v2-800x533.jpg 800w, https:\/\/welovecinema.be\/wp-content\/uploads\/sites\/2\/2020\/09\/8649-des-hommes-photo-1-c-synecdoche-artemis-productions-photographe-david-koskas-v2-405x270.jpg 405w, https:\/\/welovecinema.be\/wp-content\/uploads\/sites\/2\/2020\/09\/8649-des-hommes-photo-1-c-synecdoche-artemis-productions-photographe-david-koskas-v2-768x512.jpg 768w, https:\/\/welovecinema.be\/wp-content\/uploads\/sites\/2\/2020\/09\/8649-des-hommes-photo-1-c-synecdoche-artemis-productions-photographe-david-koskas-v2-1536x1024.jpg 1536w, https:\/\/welovecinema.be\/wp-content\/uploads\/sites\/2\/2020\/09\/8649-des-hommes-photo-1-c-synecdoche-artemis-productions-photographe-david-koskas-v2-2048x1365.jpg 2048w\" sizes=\"auto, (max-width: 618px) 100vw, 618px\" \/><\/p>\n<p><i>Des hommes<\/i>, \u00e0 travers les actes et les paroles de Feu-de-bois, dresse une chronique du racisme ordinaire, et son ancrage profond dans l\u2019histoire de France. <i>\u00ab\u00a0Je croyais qu\u2019\u00e0 force de travailler avec vous, de vivre avec vous, on \u00e9tait pareil. Je m\u2019\u00e9tais tromp\u00e9,\u00a0\u00bb<\/i> confie Sa\u00efd.<\/p>\n<p>C\u2019est l\u2019histoire de la France, aussi, une France d\u00e9chir\u00e9e par les guerres. Trois g\u00e9n\u00e9rations d\u2019hommes, le grand-p\u00e8re \u00e0 Verdun, le p\u00e8re fait prisonnier en 40, le fils affrontant les fellaghas. Cette Histoire qui appelle les interrogations des hommes envoy\u00e9s au front. Finalement, les fellaghas ne sont-ils pas des r\u00e9sistants? <i>\u00ab\u00a0J\u2019avais mauvaise conscience et je ne comprenais pas pourquoi.\u00a0\u00bb<\/i><\/p>\n<p>C\u2019est l\u2019histoire d\u2019une famille aussi, \u00ab\u00a0<i>une famille de fous<\/i> \u00bb, comme le dit Solange, marqu\u00e9e par sa classe, la classe paysanne dont Bernard r\u00eave de s\u2019extraire, marqu\u00e9e aussi par l\u2019emprise du religieux, par les secrets et les trahisons. Pour comprendre Bernard, pour comprendre son geste, ses paroles, le cin\u00e9aste r\u00e9v\u00e8le comme en n\u00e9gatif, \u00e0 travers une multitude de discours, la toile d\u2019araign\u00e9e des nombreuses rancoeurs qui inondent le coeur de Bernard, envers la famille, la classe, l\u2019argent, la religion, la politique.<\/p>\n<p><img loading=\"lazy\" decoding=\"async\" class=\"alignnone size-large wp-image-231294\" src=\"https:\/\/www.cinevox.be\/wp-content\/uploads\/sites\/2\/2020\/09\/DES-HOMMES-Photo-4-\u00a9-Synecdoche-Arte\u0301mis-Productions-1920x804-1-800x469.jpg\" alt=\"Des-Hommes-Lucas-Belvaux\" width=\"618\" height=\"362\" srcset=\"https:\/\/welovecinema.be\/wp-content\/uploads\/sites\/2\/2020\/09\/DES-HOMMES-Photo-4-\u00a9-Synecdoche-Arte\u0301mis-Productions-1920x804-1-800x469.jpg 800w, https:\/\/welovecinema.be\/wp-content\/uploads\/sites\/2\/2020\/09\/DES-HOMMES-Photo-4-\u00a9-Synecdoche-Arte\u0301mis-Productions-1920x804-1-460x270.jpg 460w, https:\/\/welovecinema.be\/wp-content\/uploads\/sites\/2\/2020\/09\/DES-HOMMES-Photo-4-\u00a9-Synecdoche-Arte\u0301mis-Productions-1920x804-1-768x451.jpg 768w, https:\/\/welovecinema.be\/wp-content\/uploads\/sites\/2\/2020\/09\/DES-HOMMES-Photo-4-\u00a9-Synecdoche-Arte\u0301mis-Productions-1920x804-1.jpg 1365w\" sizes=\"auto, (max-width: 618px) 100vw, 618px\" \/><\/p>\n<p>C\u2019est une histoire de voix. Comme un tissage d\u00e9licat et pr\u00e9cieux, le r\u00e9cit se d\u00e9ploie, en off, via un entrem\u00ealement de voix, qui donnent \u00e0 entendre le kal\u00e9idoscope des diff\u00e9rents affects qui s\u2019entrechoquent. La voix de Feu-de-bois bien s\u00fbr, d\u00e9doubl\u00e9e entre celle de Yoann Zimmer, qui incarne Bernard \u00e0 20 ans, et celle de G\u00e9rard Depardieu, mais aussi les voix de Rabut, Solange, Sa\u00efd, celle du harki chez qui va manger Bernard, qui lui raconte sa guerre des tranch\u00e9es, celle de Mireille, celle de F\u00e9vrier\u2026 Autant de points de vue qui illustrent l\u2019incroyable complexit\u00e9 du traumatisme, de la flamme qui consume non seulement le coeur de Feu-de-bois, mais aussi celui de tous ceux qui comme lui, ont v\u00e9cu l\u2019Alg\u00e9rie.<\/p>\n<p>La musicalit\u00e9 de ses voix qui se r\u00e9pondent, \u00e0 travers le temps et l&rsquo;espace, offre autant de contrepoints \u00e0 un r\u00e9cit commun, celui d&rsquo;une g\u00e9n\u00e9ration. Ces monologues int\u00e9rieurs composent un dialogue entre pass\u00e9 et pr\u00e9sent, r\u00e9concilient l&rsquo;impossible, le vieil homme avec le jeune homme qu&rsquo;il a \u00e9t\u00e9, et le jeune homme avec le vieux qu&rsquo;il est devenu.<\/p>\n<p><img loading=\"lazy\" decoding=\"async\" class=\"alignnone size-large wp-image-231296\" src=\"https:\/\/www.cinevox.be\/wp-content\/uploads\/sites\/2\/2020\/09\/DES-HOMMES-Photo-3-\u00a9-Synecdoche-Artemis-Productions-Photographe-David-Koskas-1620x1080-1-800x533.jpg\" alt=\"Des-hommes-Lucas-Belvaux\" width=\"618\" height=\"412\" srcset=\"https:\/\/welovecinema.be\/wp-content\/uploads\/sites\/2\/2020\/09\/DES-HOMMES-Photo-3-\u00a9-Synecdoche-Artemis-Productions-Photographe-David-Koskas-1620x1080-1-800x533.jpg 800w, https:\/\/welovecinema.be\/wp-content\/uploads\/sites\/2\/2020\/09\/DES-HOMMES-Photo-3-\u00a9-Synecdoche-Artemis-Productions-Photographe-David-Koskas-1620x1080-1-405x270.jpg 405w, https:\/\/welovecinema.be\/wp-content\/uploads\/sites\/2\/2020\/09\/DES-HOMMES-Photo-3-\u00a9-Synecdoche-Artemis-Productions-Photographe-David-Koskas-1620x1080-1-768x512.jpg 768w, https:\/\/welovecinema.be\/wp-content\/uploads\/sites\/2\/2020\/09\/DES-HOMMES-Photo-3-\u00a9-Synecdoche-Artemis-Productions-Photographe-David-Koskas-1620x1080-1-1536x1024.jpg 1536w, https:\/\/welovecinema.be\/wp-content\/uploads\/sites\/2\/2020\/09\/DES-HOMMES-Photo-3-\u00a9-Synecdoche-Artemis-Productions-Photographe-David-Koskas-1620x1080-1.jpg 1620w\" sizes=\"auto, (max-width: 618px) 100vw, 618px\" \/><\/p>\n<p class=\"p1\">Enfin, ce sont des hommes. Des hommes alourdis par le poids de la masculinit\u00e9 tragique qui p\u00e8se sur leurs \u00e9paules. Il y a ceux qui violent, ceux qui tuent, ceux qui se taisent, ceux qui se r\u00e9voltent aussi. Il y a cette succession de guerres qui fa\u00e7onnent les hommes depuis des g\u00e9n\u00e9rations, les confrontant au pire sans leur offrir les mots pour panser leurs maux.<\/p>\n<p>Dans le r\u00f4le de Feu-de-bois, on retrouve G\u00e9rard Depardieu, imp\u00e9rial, est comme une b\u00eate bless\u00e9e qui n&rsquo;en finit plus de mourir, \u00e0 petit feu. Pour l&rsquo;incarner \u00e0 20 ans, Lucas Belvaux a choisi le jeune com\u00e9dien belge Yoann Zimmer, acteur et spectateur d&rsquo;une guerre qui le d\u00e9passe, tout en r\u00e9volte \u00e0 peine contenue, fort de l&rsquo;innocence des premi\u00e8res fois. Face \u00e0 Depardieu, Jean-Pierre Darroussin (Rabut) prend en charge le r\u00e9cit avec force et d\u00e9licatesse \u00e0 la fois, tandis que Catherine Fort soutient avec une bienveillance un peu voil\u00e9e son fr\u00e8re, son sang.<\/p>\n<p class=\"p1\">Le temps de cette nuit du souvenir dans laquelle nous entra\u00eene Lucas Belvaux, on comprend un peu mieux ces hommes, ceux qui s\u2019effondrent, et ceux qui se cachent pour souffrir, la guerre apr\u00e8s la guerre, celle qui les d\u00e9truit de l\u2019int\u00e9rieur et les consume \u00e0 petit feu.<\/p>\n<p class=\"p1\">Aur\u00e9ol\u00e9 du label Cannes 2020, <i>Des Hommes <\/i>fait l&rsquo;ouverture ce soir du Brussels International Film Festival, et sortira dans les salles belges le 11 novembre prochain.<\/p>\n","protected":false},"excerpt":{"rendered":"<p>Avec son 11e long m\u00e9trage Des hommes, adaptation du roman \u00e9ponyme de Laurent Mauvignier, Lucas Belvaux (Chez nous, Pas son genre, La Raison du plus faible&#8230;) livre un r\u00e9cit polyphonique bouleversant, redonnant voix \u00e0 une toute une g\u00e9n\u00e9ration d\u2019hommes fran\u00e7ais, ceux qui avaient 20 ans en Alg\u00e9rie. Ca commence avec un feu qui br\u00fble dans &hellip;<\/p>\n","protected":false},"author":343,"featured_media":228944,"comment_status":"closed","ping_status":"closed","sticky":false,"template":"","format":"standard","meta":{"ngg_post_thumbnail":0,"footnotes":""},"categories":[10],"tags":[4129,4130,4187],"class_list":["post-231274","post","type-post","status-publish","format-standard","has-post-thumbnail","","category-a-l-affiche","tag-des-hommes","tag-lucas-belvaux-2","tag-newsletter-fr"],"yoast_head":"<!-- This site is optimized with the Yoast SEO plugin v20.4 - https:\/\/yoast.com\/wordpress\/plugins\/seo\/ -->\n<title>&quot;Des hommes&quot;, dire l&#039;indicible - We Love Cinema<\/title>\n<meta name=\"robots\" content=\"index, follow, max-snippet:-1, max-image-preview:large, max-video-preview:-1\" \/>\n<link rel=\"canonical\" href=\"https:\/\/welovecinema.be\/fr\/des-hommes-dire-lindicible\/\" \/>\n<meta property=\"og:locale\" content=\"fr_FR\" \/>\n<meta property=\"og:type\" content=\"article\" \/>\n<meta property=\"og:title\" content=\"&quot;Des hommes&quot;, dire l&#039;indicible - We Love Cinema\" \/>\n<meta property=\"og:description\" content=\"Avec son 11e long m\u00e9trage Des hommes, adaptation du roman \u00e9ponyme de Laurent Mauvignier, Lucas Belvaux (Chez nous, Pas son genre, La Raison du plus faible&#8230;) livre un r\u00e9cit polyphonique bouleversant, redonnant voix \u00e0 une toute une g\u00e9n\u00e9ration d\u2019hommes fran\u00e7ais, ceux qui avaient 20 ans en Alg\u00e9rie. Ca commence avec un feu qui br\u00fble dans &hellip;\" \/>\n<meta property=\"og:url\" content=\"https:\/\/welovecinema.be\/fr\/des-hommes-dire-lindicible\/\" \/>\n<meta property=\"og:site_name\" content=\"We Love Cinema\" \/>\n<meta property=\"article:publisher\" content=\"https:\/\/www.facebook.com\/welovecinema.be\" \/>\n<meta property=\"article:published_time\" content=\"2021-09-01T06:35:58+00:00\" \/>\n<meta property=\"article:modified_time\" content=\"2021-09-01T13:00:28+00:00\" \/>\n<meta property=\"og:image\" content=\"https:\/\/welovecinema.be\/wp-content\/uploads\/sites\/2\/2020\/06\/des_hommes\u00a9Photogrphe_David_Koskas-Synecdoche_Artemis_Productions.jpg\" \/>\n\t<meta property=\"og:image:width\" content=\"1360\" \/>\n\t<meta property=\"og:image:height\" content=\"907\" \/>\n\t<meta property=\"og:image:type\" content=\"image\/jpeg\" \/>\n<meta name=\"author\" content=\"Aurore Engelen\" \/>\n<meta name=\"twitter:card\" content=\"summary_large_image\" \/>\n<meta name=\"twitter:label1\" content=\"\u00c9crit par\" \/>\n\t<meta name=\"twitter:data1\" content=\"Aurore Engelen\" \/>\n\t<meta name=\"twitter:label2\" content=\"Dur\u00e9e de lecture estim\u00e9e\" \/>\n\t<meta name=\"twitter:data2\" content=\"5 minutes\" \/>\n<script type=\"application\/ld+json\" class=\"yoast-schema-graph\">{\"@context\":\"https:\/\/schema.org\",\"@graph\":[{\"@type\":\"Article\",\"@id\":\"https:\/\/welovecinema.be\/fr\/des-hommes-dire-lindicible\/#article\",\"isPartOf\":{\"@id\":\"https:\/\/welovecinema.be\/fr\/des-hommes-dire-lindicible\/\"},\"author\":{\"name\":\"Aurore Engelen\",\"@id\":\"https:\/\/welovecinema.be\/nl\/#\/schema\/person\/8084b68c6b176142d073695c654dc7cf\"},\"headline\":\"\u00ab\u00a0Des hommes\u00a0\u00bb, dire l&rsquo;indicible\",\"datePublished\":\"2021-09-01T06:35:58+00:00\",\"dateModified\":\"2021-09-01T13:00:28+00:00\",\"mainEntityOfPage\":{\"@id\":\"https:\/\/welovecinema.be\/fr\/des-hommes-dire-lindicible\/\"},\"wordCount\":960,\"publisher\":{\"@id\":\"https:\/\/welovecinema.be\/nl\/#organization\"},\"keywords\":[\"Des hommes\",\"Lucas Belvaux\",\"newsletter\"],\"articleSection\":[\"A l'affiche\"],\"inLanguage\":\"fr-FR\"},{\"@type\":\"WebPage\",\"@id\":\"https:\/\/welovecinema.be\/fr\/des-hommes-dire-lindicible\/\",\"url\":\"https:\/\/welovecinema.be\/fr\/des-hommes-dire-lindicible\/\",\"name\":\"\\\"Des hommes\\\", dire l'indicible - We Love Cinema\",\"isPartOf\":{\"@id\":\"https:\/\/welovecinema.be\/nl\/#website\"},\"datePublished\":\"2021-09-01T06:35:58+00:00\",\"dateModified\":\"2021-09-01T13:00:28+00:00\",\"breadcrumb\":{\"@id\":\"https:\/\/welovecinema.be\/fr\/des-hommes-dire-lindicible\/#breadcrumb\"},\"inLanguage\":\"fr-FR\",\"potentialAction\":[{\"@type\":\"ReadAction\",\"target\":[\"https:\/\/welovecinema.be\/fr\/des-hommes-dire-lindicible\/\"]}]},{\"@type\":\"BreadcrumbList\",\"@id\":\"https:\/\/welovecinema.be\/fr\/des-hommes-dire-lindicible\/#breadcrumb\",\"itemListElement\":[{\"@type\":\"ListItem\",\"position\":1,\"name\":\"Accueil\",\"item\":\"https:\/\/welovecinema.be\/fr\/\"},{\"@type\":\"ListItem\",\"position\":2,\"name\":\"\u00ab\u00a0Des hommes\u00a0\u00bb, dire l&rsquo;indicible\"}]},{\"@type\":\"WebSite\",\"@id\":\"https:\/\/welovecinema.be\/nl\/#website\",\"url\":\"https:\/\/welovecinema.be\/nl\/\",\"name\":\"We Love Cinema\",\"description\":\"Toute l\u2019information du cin\u00e9ma en Belgique\",\"publisher\":{\"@id\":\"https:\/\/welovecinema.be\/nl\/#organization\"},\"potentialAction\":[{\"@type\":\"SearchAction\",\"target\":{\"@type\":\"EntryPoint\",\"urlTemplate\":\"https:\/\/welovecinema.be\/nl\/?s={search_term_string}\"},\"query-input\":\"required name=search_term_string\"}],\"inLanguage\":\"fr-FR\"},{\"@type\":\"Organization\",\"@id\":\"https:\/\/welovecinema.be\/nl\/#organization\",\"name\":\"We Love Cinema\",\"url\":\"https:\/\/welovecinema.be\/nl\/\",\"logo\":{\"@type\":\"ImageObject\",\"inLanguage\":\"fr-FR\",\"@id\":\"https:\/\/welovecinema.be\/nl\/#\/schema\/logo\/image\/\",\"url\":\"https:\/\/welovecinema.be\/wp-content\/uploads\/sites\/2\/2023\/03\/Logo-We-Love-Cinema305x128.jpg\",\"contentUrl\":\"https:\/\/welovecinema.be\/wp-content\/uploads\/sites\/2\/2023\/03\/Logo-We-Love-Cinema305x128.jpg\",\"width\":305,\"height\":128,\"caption\":\"We Love Cinema\"},\"image\":{\"@id\":\"https:\/\/welovecinema.be\/nl\/#\/schema\/logo\/image\/\"},\"sameAs\":[\"https:\/\/www.facebook.com\/welovecinema.be\",\"https:\/\/www.youtube.com\/channel\/UCX5LYGVhnKvYauW4Nta4HJA\",\"https:\/\/www.instagram.com\/welovecinema.be\/\"]},{\"@type\":\"Person\",\"@id\":\"https:\/\/welovecinema.be\/nl\/#\/schema\/person\/8084b68c6b176142d073695c654dc7cf\",\"name\":\"Aurore Engelen\",\"url\":\"https:\/\/welovecinema.be\/fr\/author\/aurore-engelen\/\"}]}<\/script>\n<!-- \/ Yoast SEO plugin. -->","yoast_head_json":{"title":"\"Des hommes\", dire l'indicible - We Love Cinema","robots":{"index":"index","follow":"follow","max-snippet":"max-snippet:-1","max-image-preview":"max-image-preview:large","max-video-preview":"max-video-preview:-1"},"canonical":"https:\/\/welovecinema.be\/fr\/des-hommes-dire-lindicible\/","og_locale":"fr_FR","og_type":"article","og_title":"\"Des hommes\", dire l'indicible - We Love Cinema","og_description":"Avec son 11e long m\u00e9trage Des hommes, adaptation du roman \u00e9ponyme de Laurent Mauvignier, Lucas Belvaux (Chez nous, Pas son genre, La Raison du plus faible&#8230;) livre un r\u00e9cit polyphonique bouleversant, redonnant voix \u00e0 une toute une g\u00e9n\u00e9ration d\u2019hommes fran\u00e7ais, ceux qui avaient 20 ans en Alg\u00e9rie. Ca commence avec un feu qui br\u00fble dans &hellip;","og_url":"https:\/\/welovecinema.be\/fr\/des-hommes-dire-lindicible\/","og_site_name":"We Love Cinema","article_publisher":"https:\/\/www.facebook.com\/welovecinema.be","article_published_time":"2021-09-01T06:35:58+00:00","article_modified_time":"2021-09-01T13:00:28+00:00","og_image":[{"width":1360,"height":907,"url":"https:\/\/welovecinema.be\/wp-content\/uploads\/sites\/2\/2020\/06\/des_hommes\u00a9Photogrphe_David_Koskas-Synecdoche_Artemis_Productions.jpg","type":"image\/jpeg"}],"author":"Aurore Engelen","twitter_card":"summary_large_image","twitter_misc":{"\u00c9crit par":"Aurore Engelen","Dur\u00e9e de lecture estim\u00e9e":"5 minutes"},"schema":{"@context":"https:\/\/schema.org","@graph":[{"@type":"Article","@id":"https:\/\/welovecinema.be\/fr\/des-hommes-dire-lindicible\/#article","isPartOf":{"@id":"https:\/\/welovecinema.be\/fr\/des-hommes-dire-lindicible\/"},"author":{"name":"Aurore Engelen","@id":"https:\/\/welovecinema.be\/nl\/#\/schema\/person\/8084b68c6b176142d073695c654dc7cf"},"headline":"\u00ab\u00a0Des hommes\u00a0\u00bb, dire l&rsquo;indicible","datePublished":"2021-09-01T06:35:58+00:00","dateModified":"2021-09-01T13:00:28+00:00","mainEntityOfPage":{"@id":"https:\/\/welovecinema.be\/fr\/des-hommes-dire-lindicible\/"},"wordCount":960,"publisher":{"@id":"https:\/\/welovecinema.be\/nl\/#organization"},"keywords":["Des hommes","Lucas Belvaux","newsletter"],"articleSection":["A l'affiche"],"inLanguage":"fr-FR"},{"@type":"WebPage","@id":"https:\/\/welovecinema.be\/fr\/des-hommes-dire-lindicible\/","url":"https:\/\/welovecinema.be\/fr\/des-hommes-dire-lindicible\/","name":"\"Des hommes\", dire l'indicible - We Love Cinema","isPartOf":{"@id":"https:\/\/welovecinema.be\/nl\/#website"},"datePublished":"2021-09-01T06:35:58+00:00","dateModified":"2021-09-01T13:00:28+00:00","breadcrumb":{"@id":"https:\/\/welovecinema.be\/fr\/des-hommes-dire-lindicible\/#breadcrumb"},"inLanguage":"fr-FR","potentialAction":[{"@type":"ReadAction","target":["https:\/\/welovecinema.be\/fr\/des-hommes-dire-lindicible\/"]}]},{"@type":"BreadcrumbList","@id":"https:\/\/welovecinema.be\/fr\/des-hommes-dire-lindicible\/#breadcrumb","itemListElement":[{"@type":"ListItem","position":1,"name":"Accueil","item":"https:\/\/welovecinema.be\/fr\/"},{"@type":"ListItem","position":2,"name":"\u00ab\u00a0Des hommes\u00a0\u00bb, dire l&rsquo;indicible"}]},{"@type":"WebSite","@id":"https:\/\/welovecinema.be\/nl\/#website","url":"https:\/\/welovecinema.be\/nl\/","name":"We Love Cinema","description":"Toute l\u2019information du cin\u00e9ma en Belgique","publisher":{"@id":"https:\/\/welovecinema.be\/nl\/#organization"},"potentialAction":[{"@type":"SearchAction","target":{"@type":"EntryPoint","urlTemplate":"https:\/\/welovecinema.be\/nl\/?s={search_term_string}"},"query-input":"required name=search_term_string"}],"inLanguage":"fr-FR"},{"@type":"Organization","@id":"https:\/\/welovecinema.be\/nl\/#organization","name":"We Love Cinema","url":"https:\/\/welovecinema.be\/nl\/","logo":{"@type":"ImageObject","inLanguage":"fr-FR","@id":"https:\/\/welovecinema.be\/nl\/#\/schema\/logo\/image\/","url":"https:\/\/welovecinema.be\/wp-content\/uploads\/sites\/2\/2023\/03\/Logo-We-Love-Cinema305x128.jpg","contentUrl":"https:\/\/welovecinema.be\/wp-content\/uploads\/sites\/2\/2023\/03\/Logo-We-Love-Cinema305x128.jpg","width":305,"height":128,"caption":"We Love Cinema"},"image":{"@id":"https:\/\/welovecinema.be\/nl\/#\/schema\/logo\/image\/"},"sameAs":["https:\/\/www.facebook.com\/welovecinema.be","https:\/\/www.youtube.com\/channel\/UCX5LYGVhnKvYauW4Nta4HJA","https:\/\/www.instagram.com\/welovecinema.be\/"]},{"@type":"Person","@id":"https:\/\/welovecinema.be\/nl\/#\/schema\/person\/8084b68c6b176142d073695c654dc7cf","name":"Aurore Engelen","url":"https:\/\/welovecinema.be\/fr\/author\/aurore-engelen\/"}]}},"_links":{"self":[{"href":"https:\/\/welovecinema.be\/fr\/wp-json\/wp\/v2\/posts\/231274","targetHints":{"allow":["GET"]}}],"collection":[{"href":"https:\/\/welovecinema.be\/fr\/wp-json\/wp\/v2\/posts"}],"about":[{"href":"https:\/\/welovecinema.be\/fr\/wp-json\/wp\/v2\/types\/post"}],"author":[{"embeddable":true,"href":"https:\/\/welovecinema.be\/fr\/wp-json\/wp\/v2\/users\/343"}],"replies":[{"embeddable":true,"href":"https:\/\/welovecinema.be\/fr\/wp-json\/wp\/v2\/comments?post=231274"}],"version-history":[{"count":0,"href":"https:\/\/welovecinema.be\/fr\/wp-json\/wp\/v2\/posts\/231274\/revisions"}],"wp:featuredmedia":[{"embeddable":true,"href":"https:\/\/welovecinema.be\/fr\/wp-json\/wp\/v2\/media\/228944"}],"wp:attachment":[{"href":"https:\/\/welovecinema.be\/fr\/wp-json\/wp\/v2\/media?parent=231274"}],"wp:term":[{"taxonomy":"category","embeddable":true,"href":"https:\/\/welovecinema.be\/fr\/wp-json\/wp\/v2\/categories?post=231274"},{"taxonomy":"post_tag","embeddable":true,"href":"https:\/\/welovecinema.be\/fr\/wp-json\/wp\/v2\/tags?post=231274"}],"curies":[{"name":"wp","href":"https:\/\/api.w.org\/{rel}","templated":true}]}}