{"id":23126,"date":"2012-06-05T07:59:26","date_gmt":"2012-06-05T07:59:26","guid":{"rendered":"http:\/\/www.cinevox.be\/?p=23126"},"modified":"2012-06-05T11:34:28","modified_gmt":"2012-06-05T11:34:28","slug":"punks-not-dead","status":"publish","type":"post","link":"https:\/\/welovecinema.be\/fr\/punks-not-dead\/","title":{"rendered":"Punk&rsquo;s not dead !"},"content":{"rendered":"<p><a href=\"http:\/\/www.cinevox.be\/le-grand-soir-decouvrez-la-bande-annonce\/\" target=\"_blank\"><em>Le Grand Soir<\/em> <\/a>excite les imaginations. Le film, mettant en sc\u00e8ne Benoit Poelvoorde et Albert Dupontel, mais aussi Bouli Lanners, Brigitte Fontaine et Yolande Moreau, est tellement d\u00e9jant\u00e9 que tout ce qui tourne autour de la promo est \u00e9videmment sujet aux d\u00e9lires les plus amusants. No future?<!--more--><\/p>\n<p>&nbsp;<\/p>\n<p>&nbsp;<\/p>\n<p><a rel=\"attachment wp-att-23135\" href=\"http:\/\/www.cinevox.be\/punks-not-dead\/182133_241332522643960_124190051_n-2\/\"><img loading=\"lazy\" decoding=\"async\" class=\"alignright size-medium wp-image-23135\" title=\"182133_241332522643960_124190051_n\" src=\"http:\/\/www.cinevox.be\/wp-content\/uploads\/sites\/2\/2012\/06\/182133_241332522643960_124190051_n1-218x270.jpg\" alt=\"\" width=\"218\" height=\"270\" srcset=\"https:\/\/welovecinema.be\/wp-content\/uploads\/sites\/2\/2012\/06\/182133_241332522643960_124190051_n1-218x270.jpg 218w, https:\/\/welovecinema.be\/wp-content\/uploads\/sites\/2\/2012\/06\/182133_241332522643960_124190051_n1-486x600.jpg 486w, https:\/\/welovecinema.be\/wp-content\/uploads\/sites\/2\/2012\/06\/182133_241332522643960_124190051_n1.jpg 539w\" sizes=\"auto, (max-width: 218px) 100vw, 218px\" \/><\/a>On ne sait pas encore trop ce que nous r\u00e9servent les deux avant-premi\u00e8res programm\u00e9es le 7 juin \u00e0 Toison d&rsquo;Or d\u00e8s 19h et le vendredi 8 au Sauveni\u00e8re (Li\u00e8ge) \u00e0 19h30, mais ce qui est certain c&rsquo;est que les rues sont d\u00e9j\u00e0 tr\u00e8s anim\u00e9es.<\/p>\n<p>&nbsp;<\/p>\n<p>Vous l&rsquo;avez crois\u00e9e, l&rsquo;\u00e9quipe de joyeux Punks qui a r\u00e9cemment arpent\u00e9 les art\u00e8res de Bruxelles, Li\u00e8ge et Namur? De vrais punks estampill\u00e9s 2012 avec le caddy vintage, la coiffure ad hoc et les piercings de rigueur. Objectif: attirer l&rsquo;attention du passant sur l&rsquo;imminente arriv\u00e9e du film francophone le plus destroy de l&rsquo;ann\u00e9e et amorcer le gros \u00e9v\u00e9nement pr\u00e9vu ce vendredi \u2026 au Parc Royal devant le Palais Royal.<\/p>\n<p>&nbsp;<\/p>\n<p>Bruxelles, le roi, la libert\u00e9, le grand Soir? Quel est le rapport? Les ap\u00e9ros urbains, bien s\u00fbr ! Le dernier a drain\u00e9 plus de 6000 personnes. On ose \u00e0 peine imaginer ce qu&rsquo;il en sera cette semaine puisque l&rsquo;\u00e9quipe du film sera pr\u00e9sente pour dynamiter la manifestation. Pump up the volume, it&rsquo;s anarchy in Belgium.<\/p>\n<p>&nbsp;<\/p>\n<p>Pour le lancement du film, les organisateurs vous invitent \u00e0 \u00eatre les acteurs d&rsquo;un Ap\u00e9ro Urbain compl\u00e8tement d\u00e9jant\u00e9, compl\u00e8tement punk, compl\u00e8tement rebelle. Yell !<\/p>\n<p>&nbsp;<\/p>\n<p style=\"text-align: left;\"><a rel=\"attachment wp-att-23139\" href=\"http:\/\/www.cinevox.be\/punks-not-dead\/522384_239810576129488_663080755_n-1-2\/\"><img loading=\"lazy\" decoding=\"async\" class=\"aligncenter size-full wp-image-23139\" title=\"522384_239810576129488_663080755_n (1)\" src=\"http:\/\/www.cinevox.be\/wp-content\/uploads\/sites\/2\/2012\/06\/522384_239810576129488_663080755_n-11.jpg\" alt=\"\" width=\"960\" height=\"675\" srcset=\"https:\/\/welovecinema.be\/wp-content\/uploads\/sites\/2\/2012\/06\/522384_239810576129488_663080755_n-11.jpg 960w, https:\/\/welovecinema.be\/wp-content\/uploads\/sites\/2\/2012\/06\/522384_239810576129488_663080755_n-11-384x270.jpg 384w, https:\/\/welovecinema.be\/wp-content\/uploads\/sites\/2\/2012\/06\/522384_239810576129488_663080755_n-11-800x562.jpg 800w\" sizes=\"auto, (max-width: 960px) 100vw, 960px\" \/><\/a><\/p>\n<p>&nbsp;<\/p>\n<p>Avec Beno\u00eet Delepine, Albert Dupontel et Beno\u00eet Poelvoorde, vous participerez \u00e0 un concours de grimage. Ne soyez pas timides ! Il suffit de vous pr\u00e9senter devant le jury, grim\u00e9 de votre plus PUNK ATTITUDE, de votre tenue la plus \u00ab\u00a0London 80&rsquo;ies\u00a0\u00bb. Sur place les plus aventureux d\u00e9couvriront m\u00eame une maquilleuse et une coiffeuse qui se propose de vous relooker fa\u00e7on Sex Pistols, PIL ou Generation X.<\/p>\n<p>&nbsp;<\/p>\n<p>De 17h \u00e0 23h30, la f\u00eate battra son plein dans le parc avec The KLAXX, TangE et Jean Montevideo pour assurer l&rsquo;ambiance musicale. Non, pas de concert pr\u00e9vu des Sexy Bollocks, comme c&rsquo;est dommage. \u00a0Apr\u00e8s quoi tout le monde pourra se rabattre vers un des deux clubs qui accueilleront les rescap\u00e9s, soit Wood et Mr Wong. L&rsquo;entr\u00e9e y sera gratuite avec la carte Ap\u00e9ros VIP Friends ou exceptionnellement avec un des badges Punk du film qui seront distribu\u00e9s dans les bars des Ap\u00e9ros Urbains.<\/p>\n<p>&nbsp;<\/p>\n<p><a rel=\"attachment wp-att-23140\" href=\"http:\/\/www.cinevox.be\/punks-not-dead\/205312_241332915977254_1788792875_n\/\"><img loading=\"lazy\" decoding=\"async\" class=\"aligncenter size-full wp-image-23140\" title=\"205312_241332915977254_1788792875_n\" src=\"http:\/\/www.cinevox.be\/wp-content\/uploads\/sites\/2\/2012\/06\/205312_241332915977254_1788792875_n.jpg\" alt=\"\" width=\"960\" height=\"539\" srcset=\"https:\/\/welovecinema.be\/wp-content\/uploads\/sites\/2\/2012\/06\/205312_241332915977254_1788792875_n.jpg 960w, https:\/\/welovecinema.be\/wp-content\/uploads\/sites\/2\/2012\/06\/205312_241332915977254_1788792875_n-200x113.jpg 200w, https:\/\/welovecinema.be\/wp-content\/uploads\/sites\/2\/2012\/06\/205312_241332915977254_1788792875_n-480x270.jpg 480w, https:\/\/welovecinema.be\/wp-content\/uploads\/sites\/2\/2012\/06\/205312_241332915977254_1788792875_n-800x449.jpg 800w, https:\/\/welovecinema.be\/wp-content\/uploads\/sites\/2\/2012\/06\/205312_241332915977254_1788792875_n-300x169.jpg 300w\" sizes=\"auto, (max-width: 960px) 100vw, 960px\" \/><\/a><\/p>\n<p>&nbsp;<\/p>\n<p>Chaud, non? Si vous voulez participer \u00e0 l&rsquo;\u00e9v\u00e8nement, vous pouvez vous inscrire sur la <a href=\"http:\/\/www.facebook.com\/events\/289509054478673\/\">page Facebook<\/a>. Mais gardez des forces pour le 13 juin, quand sortira <a href=\"http:\/\/www.cinevox.be\/le-tres-grand-soir\/\" target=\"_blank\">le film <\/a>en salles.Un d\u00e9lire qui se pr\u00e9sente comme un exutoire id\u00e9al pour les \u00e9tudiants qui en auront termin\u00e9 avec leurs examens. \u00c7a, c&rsquo;est de la bonne programmation !<\/p>\n<p>&nbsp;<\/p>\n<p style=\"text-align: right;\"><em>[toutes les photos &#8211;\u00a0copyright: O&rsquo;Brother Distribution.]<\/em><\/p>\n","protected":false},"excerpt":{"rendered":"<p>Le Grand Soir excite les imaginations. Le film, mettant en sc\u00e8ne Benoit Poelvoorde et Albert Dupontel, mais aussi Bouli Lanners, Brigitte Fontaine et Yolande Moreau, est tellement d\u00e9jant\u00e9 que tout ce qui tourne autour de la promo est \u00e9videmment sujet aux d\u00e9lires les plus amusants. No future?<\/p>\n","protected":false},"author":7,"featured_media":23129,"comment_status":"closed","ping_status":"closed","sticky":false,"template":"","format":"standard","meta":{"ngg_post_thumbnail":0,"footnotes":""},"categories":[53,7],"tags":[],"class_list":["post-23126","post","type-post","status-publish","format-standard","has-post-thumbnail","","category-coming-soon","category-actualites"],"yoast_head":"<!-- This site is optimized with the Yoast SEO plugin v20.4 - https:\/\/yoast.com\/wordpress\/plugins\/seo\/ -->\n<title>Punk&#039;s not dead ! - We Love Cinema<\/title>\n<meta name=\"robots\" content=\"index, follow, max-snippet:-1, max-image-preview:large, max-video-preview:-1\" \/>\n<link rel=\"canonical\" href=\"https:\/\/welovecinema.be\/fr\/punks-not-dead\/\" \/>\n<meta property=\"og:locale\" content=\"fr_FR\" \/>\n<meta property=\"og:type\" content=\"article\" \/>\n<meta property=\"og:title\" content=\"Punk&#039;s not dead ! - We Love Cinema\" \/>\n<meta property=\"og:description\" content=\"Le Grand Soir excite les imaginations. Le film, mettant en sc\u00e8ne Benoit Poelvoorde et Albert Dupontel, mais aussi Bouli Lanners, Brigitte Fontaine et Yolande Moreau, est tellement d\u00e9jant\u00e9 que tout ce qui tourne autour de la promo est \u00e9videmment sujet aux d\u00e9lires les plus amusants. No future?\" \/>\n<meta property=\"og:url\" content=\"https:\/\/welovecinema.be\/fr\/punks-not-dead\/\" \/>\n<meta property=\"og:site_name\" content=\"We Love Cinema\" \/>\n<meta property=\"article:publisher\" content=\"https:\/\/www.facebook.com\/welovecinema.be\" \/>\n<meta property=\"article:published_time\" content=\"2012-06-05T07:59:26+00:00\" \/>\n<meta property=\"article:modified_time\" content=\"2012-06-05T11:34:28+00:00\" \/>\n<meta property=\"og:image\" content=\"https:\/\/welovecinema.be\/wp-content\/uploads\/sites\/2\/2012\/06\/185007_241332735977272_640816211_n.jpg\" \/>\n\t<meta property=\"og:image:width\" content=\"960\" \/>\n\t<meta property=\"og:image:height\" content=\"539\" \/>\n\t<meta property=\"og:image:type\" content=\"image\/jpeg\" \/>\n<meta name=\"author\" content=\"Philippe.Pierquin\" \/>\n<meta name=\"twitter:card\" content=\"summary_large_image\" \/>\n<meta name=\"twitter:label1\" content=\"\u00c9crit par\" \/>\n\t<meta name=\"twitter:data1\" content=\"Philippe.Pierquin\" \/>\n\t<meta name=\"twitter:label2\" content=\"Dur\u00e9e de lecture estim\u00e9e\" \/>\n\t<meta name=\"twitter:data2\" content=\"2 minutes\" \/>\n<script type=\"application\/ld+json\" class=\"yoast-schema-graph\">{\"@context\":\"https:\/\/schema.org\",\"@graph\":[{\"@type\":\"Article\",\"@id\":\"https:\/\/welovecinema.be\/fr\/punks-not-dead\/#article\",\"isPartOf\":{\"@id\":\"https:\/\/welovecinema.be\/fr\/punks-not-dead\/\"},\"author\":{\"name\":\"Philippe.Pierquin\",\"@id\":\"https:\/\/welovecinema.be\/nl\/#\/schema\/person\/4b9b1d857f0943453a38a7c2859ef756\"},\"headline\":\"Punk&rsquo;s not dead !\",\"datePublished\":\"2012-06-05T07:59:26+00:00\",\"dateModified\":\"2012-06-05T11:34:28+00:00\",\"mainEntityOfPage\":{\"@id\":\"https:\/\/welovecinema.be\/fr\/punks-not-dead\/\"},\"wordCount\":513,\"publisher\":{\"@id\":\"https:\/\/welovecinema.be\/nl\/#organization\"},\"articleSection\":[\"Coming soon\",\"News\"],\"inLanguage\":\"fr-FR\"},{\"@type\":\"WebPage\",\"@id\":\"https:\/\/welovecinema.be\/fr\/punks-not-dead\/\",\"url\":\"https:\/\/welovecinema.be\/fr\/punks-not-dead\/\",\"name\":\"Punk's not dead ! - We Love Cinema\",\"isPartOf\":{\"@id\":\"https:\/\/welovecinema.be\/nl\/#website\"},\"datePublished\":\"2012-06-05T07:59:26+00:00\",\"dateModified\":\"2012-06-05T11:34:28+00:00\",\"breadcrumb\":{\"@id\":\"https:\/\/welovecinema.be\/fr\/punks-not-dead\/#breadcrumb\"},\"inLanguage\":\"fr-FR\",\"potentialAction\":[{\"@type\":\"ReadAction\",\"target\":[\"https:\/\/welovecinema.be\/fr\/punks-not-dead\/\"]}]},{\"@type\":\"BreadcrumbList\",\"@id\":\"https:\/\/welovecinema.be\/fr\/punks-not-dead\/#breadcrumb\",\"itemListElement\":[{\"@type\":\"ListItem\",\"position\":1,\"name\":\"Accueil\",\"item\":\"https:\/\/welovecinema.be\/fr\/\"},{\"@type\":\"ListItem\",\"position\":2,\"name\":\"Punk&rsquo;s not dead !\"}]},{\"@type\":\"WebSite\",\"@id\":\"https:\/\/welovecinema.be\/nl\/#website\",\"url\":\"https:\/\/welovecinema.be\/nl\/\",\"name\":\"We Love Cinema\",\"description\":\"Toute l\u2019information du cin\u00e9ma en Belgique\",\"publisher\":{\"@id\":\"https:\/\/welovecinema.be\/nl\/#organization\"},\"potentialAction\":[{\"@type\":\"SearchAction\",\"target\":{\"@type\":\"EntryPoint\",\"urlTemplate\":\"https:\/\/welovecinema.be\/nl\/?s={search_term_string}\"},\"query-input\":\"required name=search_term_string\"}],\"inLanguage\":\"fr-FR\"},{\"@type\":\"Organization\",\"@id\":\"https:\/\/welovecinema.be\/nl\/#organization\",\"name\":\"We Love Cinema\",\"url\":\"https:\/\/welovecinema.be\/nl\/\",\"logo\":{\"@type\":\"ImageObject\",\"inLanguage\":\"fr-FR\",\"@id\":\"https:\/\/welovecinema.be\/nl\/#\/schema\/logo\/image\/\",\"url\":\"https:\/\/welovecinema.be\/wp-content\/uploads\/sites\/2\/2023\/03\/Logo-We-Love-Cinema305x128.jpg\",\"contentUrl\":\"https:\/\/welovecinema.be\/wp-content\/uploads\/sites\/2\/2023\/03\/Logo-We-Love-Cinema305x128.jpg\",\"width\":305,\"height\":128,\"caption\":\"We Love Cinema\"},\"image\":{\"@id\":\"https:\/\/welovecinema.be\/nl\/#\/schema\/logo\/image\/\"},\"sameAs\":[\"https:\/\/www.facebook.com\/welovecinema.be\",\"https:\/\/www.youtube.com\/channel\/UCX5LYGVhnKvYauW4Nta4HJA\",\"https:\/\/www.instagram.com\/welovecinema.be\/\"]},{\"@type\":\"Person\",\"@id\":\"https:\/\/welovecinema.be\/nl\/#\/schema\/person\/4b9b1d857f0943453a38a7c2859ef756\",\"name\":\"Philippe.Pierquin\",\"url\":\"https:\/\/welovecinema.be\/fr\/author\/philippe-pierquin\/\"}]}<\/script>\n<!-- \/ Yoast SEO plugin. -->","yoast_head_json":{"title":"Punk's not dead ! - We Love Cinema","robots":{"index":"index","follow":"follow","max-snippet":"max-snippet:-1","max-image-preview":"max-image-preview:large","max-video-preview":"max-video-preview:-1"},"canonical":"https:\/\/welovecinema.be\/fr\/punks-not-dead\/","og_locale":"fr_FR","og_type":"article","og_title":"Punk's not dead ! - We Love Cinema","og_description":"Le Grand Soir excite les imaginations. Le film, mettant en sc\u00e8ne Benoit Poelvoorde et Albert Dupontel, mais aussi Bouli Lanners, Brigitte Fontaine et Yolande Moreau, est tellement d\u00e9jant\u00e9 que tout ce qui tourne autour de la promo est \u00e9videmment sujet aux d\u00e9lires les plus amusants. No future?","og_url":"https:\/\/welovecinema.be\/fr\/punks-not-dead\/","og_site_name":"We Love Cinema","article_publisher":"https:\/\/www.facebook.com\/welovecinema.be","article_published_time":"2012-06-05T07:59:26+00:00","article_modified_time":"2012-06-05T11:34:28+00:00","og_image":[{"width":"960","height":"539","url":"https:\/\/welovecinema.be\/wp-content\/uploads\/sites\/2\/2012\/06\/185007_241332735977272_640816211_n.jpg","type":"image\/jpeg"}],"author":"Philippe.Pierquin","twitter_card":"summary_large_image","twitter_misc":{"\u00c9crit par":"Philippe.Pierquin","Dur\u00e9e de lecture estim\u00e9e":"2 minutes"},"schema":{"@context":"https:\/\/schema.org","@graph":[{"@type":"Article","@id":"https:\/\/welovecinema.be\/fr\/punks-not-dead\/#article","isPartOf":{"@id":"https:\/\/welovecinema.be\/fr\/punks-not-dead\/"},"author":{"name":"Philippe.Pierquin","@id":"https:\/\/welovecinema.be\/nl\/#\/schema\/person\/4b9b1d857f0943453a38a7c2859ef756"},"headline":"Punk&rsquo;s not dead !","datePublished":"2012-06-05T07:59:26+00:00","dateModified":"2012-06-05T11:34:28+00:00","mainEntityOfPage":{"@id":"https:\/\/welovecinema.be\/fr\/punks-not-dead\/"},"wordCount":513,"publisher":{"@id":"https:\/\/welovecinema.be\/nl\/#organization"},"articleSection":["Coming soon","News"],"inLanguage":"fr-FR"},{"@type":"WebPage","@id":"https:\/\/welovecinema.be\/fr\/punks-not-dead\/","url":"https:\/\/welovecinema.be\/fr\/punks-not-dead\/","name":"Punk's not dead ! - We Love Cinema","isPartOf":{"@id":"https:\/\/welovecinema.be\/nl\/#website"},"datePublished":"2012-06-05T07:59:26+00:00","dateModified":"2012-06-05T11:34:28+00:00","breadcrumb":{"@id":"https:\/\/welovecinema.be\/fr\/punks-not-dead\/#breadcrumb"},"inLanguage":"fr-FR","potentialAction":[{"@type":"ReadAction","target":["https:\/\/welovecinema.be\/fr\/punks-not-dead\/"]}]},{"@type":"BreadcrumbList","@id":"https:\/\/welovecinema.be\/fr\/punks-not-dead\/#breadcrumb","itemListElement":[{"@type":"ListItem","position":1,"name":"Accueil","item":"https:\/\/welovecinema.be\/fr\/"},{"@type":"ListItem","position":2,"name":"Punk&rsquo;s not dead !"}]},{"@type":"WebSite","@id":"https:\/\/welovecinema.be\/nl\/#website","url":"https:\/\/welovecinema.be\/nl\/","name":"We Love Cinema","description":"Toute l\u2019information du cin\u00e9ma en Belgique","publisher":{"@id":"https:\/\/welovecinema.be\/nl\/#organization"},"potentialAction":[{"@type":"SearchAction","target":{"@type":"EntryPoint","urlTemplate":"https:\/\/welovecinema.be\/nl\/?s={search_term_string}"},"query-input":"required name=search_term_string"}],"inLanguage":"fr-FR"},{"@type":"Organization","@id":"https:\/\/welovecinema.be\/nl\/#organization","name":"We Love Cinema","url":"https:\/\/welovecinema.be\/nl\/","logo":{"@type":"ImageObject","inLanguage":"fr-FR","@id":"https:\/\/welovecinema.be\/nl\/#\/schema\/logo\/image\/","url":"https:\/\/welovecinema.be\/wp-content\/uploads\/sites\/2\/2023\/03\/Logo-We-Love-Cinema305x128.jpg","contentUrl":"https:\/\/welovecinema.be\/wp-content\/uploads\/sites\/2\/2023\/03\/Logo-We-Love-Cinema305x128.jpg","width":305,"height":128,"caption":"We Love Cinema"},"image":{"@id":"https:\/\/welovecinema.be\/nl\/#\/schema\/logo\/image\/"},"sameAs":["https:\/\/www.facebook.com\/welovecinema.be","https:\/\/www.youtube.com\/channel\/UCX5LYGVhnKvYauW4Nta4HJA","https:\/\/www.instagram.com\/welovecinema.be\/"]},{"@type":"Person","@id":"https:\/\/welovecinema.be\/nl\/#\/schema\/person\/4b9b1d857f0943453a38a7c2859ef756","name":"Philippe.Pierquin","url":"https:\/\/welovecinema.be\/fr\/author\/philippe-pierquin\/"}]}},"_links":{"self":[{"href":"https:\/\/welovecinema.be\/fr\/wp-json\/wp\/v2\/posts\/23126","targetHints":{"allow":["GET"]}}],"collection":[{"href":"https:\/\/welovecinema.be\/fr\/wp-json\/wp\/v2\/posts"}],"about":[{"href":"https:\/\/welovecinema.be\/fr\/wp-json\/wp\/v2\/types\/post"}],"author":[{"embeddable":true,"href":"https:\/\/welovecinema.be\/fr\/wp-json\/wp\/v2\/users\/7"}],"replies":[{"embeddable":true,"href":"https:\/\/welovecinema.be\/fr\/wp-json\/wp\/v2\/comments?post=23126"}],"version-history":[{"count":0,"href":"https:\/\/welovecinema.be\/fr\/wp-json\/wp\/v2\/posts\/23126\/revisions"}],"wp:featuredmedia":[{"embeddable":true,"href":"https:\/\/welovecinema.be\/fr\/wp-json\/wp\/v2\/media\/23129"}],"wp:attachment":[{"href":"https:\/\/welovecinema.be\/fr\/wp-json\/wp\/v2\/media?parent=23126"}],"wp:term":[{"taxonomy":"category","embeddable":true,"href":"https:\/\/welovecinema.be\/fr\/wp-json\/wp\/v2\/categories?post=23126"},{"taxonomy":"post_tag","embeddable":true,"href":"https:\/\/welovecinema.be\/fr\/wp-json\/wp\/v2\/tags?post=23126"}],"curies":[{"name":"wp","href":"https:\/\/api.w.org\/{rel}","templated":true}]}}