{"id":23123,"date":"2012-07-30T17:55:10","date_gmt":"2012-07-30T17:55:10","guid":{"rendered":"http:\/\/www.cinevox.be\/?p=23123"},"modified":"2013-04-24T12:41:43","modified_gmt":"2013-04-24T12:41:43","slug":"couleur-de-peau-miel","status":"publish","type":"post","link":"https:\/\/welovecinema.be\/fr\/couleur-de-peau-miel\/","title":{"rendered":"Couleur de Peau : Miel"},"content":{"rendered":"<p>Ils sont 200 000 enfants cor\u00e9ens diss\u00e9min\u00e9s \u00e0 travers le monde depuis la fin de la guerre de Cor\u00e9e.<\/p>\n<p>N\u00e9 en 1965 \u00e0 S\u00e9oul et adopt\u00e9 en 1971 par une famille belge, Jung est l\u2019un d\u2019entre eux.<\/p>\n<p>Adapt\u00e9 du roman graphique Couleur de peau : Miel, le film revient sur quelques moments cl\u00e9s de la vie de Jung : l\u2019orphelinat, l\u2019arriv\u00e9e en Belgique, la vie de famille, l\u2019adolescence difficile&#8230; Il nous raconte les \u00e9v\u00e9nements qui l\u2019ont conduit \u00e0 accepter ses mixit\u00e9s. Le d\u00e9racinement, l\u2019identit\u00e9, l\u2019int\u00e9gration, l\u2019amour maternel, tout comme la famille recompos\u00e9e et m\u00e9tiss\u00e9e, sont autant de th\u00e8mes abord\u00e9s avec po\u00e9sie, humour et \u00e9motion&#8230;<\/p>\n<p>R\u00e9alis\u00e9 dans un \u00e9tonnant m\u00e9lange d\u2019images r\u00e9elles et dessin\u00e9es, entre pr\u00e9sent et souvenirs, utilisant \u00e0 l\u2019occasion des archives historiques et familiales, \u00ab\u00a0Couleur de peau : Miel\u00a0\u00bb est un r\u00e9cit autobiographique d\u2019animation qui explore des terres nouvelles.<\/p>\n","protected":false},"excerpt":{"rendered":"<p>Ils sont 200 000 enfants cor\u00e9ens diss\u00e9min\u00e9s \u00e0 travers le monde depuis la fin de la guerre de Cor\u00e9e. N\u00e9 en 1965 \u00e0 S\u00e9oul et adopt\u00e9 en 1971 par une famille belge, Jung est l\u2019un d\u2019entre eux. Adapt\u00e9 du roman graphique Couleur de peau : Miel, le film revient sur quelques moments cl\u00e9s de la &hellip;<\/p>\n","protected":false},"author":7,"featured_media":23124,"comment_status":"closed","ping_status":"closed","sticky":false,"template":"","format":"standard","meta":{"ngg_post_thumbnail":0,"footnotes":""},"categories":[53],"tags":[],"class_list":["post-23123","post","type-post","status-publish","format-standard","has-post-thumbnail","","category-coming-soon"],"yoast_head":"<!-- This site is optimized with the Yoast SEO plugin v20.4 - https:\/\/yoast.com\/wordpress\/plugins\/seo\/ -->\n<title>Couleur de Peau : Miel  - We Love Cinema<\/title>\n<meta name=\"robots\" content=\"index, follow, max-snippet:-1, max-image-preview:large, max-video-preview:-1\" \/>\n<link rel=\"canonical\" href=\"https:\/\/welovecinema.be\/fr\/couleur-de-peau-miel\/\" \/>\n<meta property=\"og:locale\" content=\"fr_FR\" \/>\n<meta property=\"og:type\" content=\"article\" \/>\n<meta property=\"og:title\" content=\"Couleur de Peau : Miel  - We Love Cinema\" \/>\n<meta property=\"og:description\" content=\"Ils sont 200 000 enfants cor\u00e9ens diss\u00e9min\u00e9s \u00e0 travers le monde depuis la fin de la guerre de Cor\u00e9e. N\u00e9 en 1965 \u00e0 S\u00e9oul et adopt\u00e9 en 1971 par une famille belge, Jung est l\u2019un d\u2019entre eux. Adapt\u00e9 du roman graphique Couleur de peau : Miel, le film revient sur quelques moments cl\u00e9s de la &hellip;\" \/>\n<meta property=\"og:url\" content=\"https:\/\/welovecinema.be\/fr\/couleur-de-peau-miel\/\" \/>\n<meta property=\"og:site_name\" content=\"We Love Cinema\" \/>\n<meta property=\"article:publisher\" content=\"https:\/\/www.facebook.com\/welovecinema.be\" \/>\n<meta property=\"article:published_time\" content=\"2012-07-30T17:55:10+00:00\" \/>\n<meta property=\"article:modified_time\" content=\"2013-04-24T12:41:43+00:00\" \/>\n<meta property=\"og:image\" content=\"https:\/\/welovecinema.be\/wp-content\/uploads\/sites\/2\/2012\/06\/afa_1.2.5.T.jpg\" \/>\n\t<meta property=\"og:image:width\" content=\"749\" \/>\n\t<meta property=\"og:image:height\" content=\"405\" \/>\n\t<meta property=\"og:image:type\" content=\"image\/jpeg\" \/>\n<meta name=\"author\" content=\"Philippe.Pierquin\" \/>\n<meta name=\"twitter:card\" content=\"summary_large_image\" \/>\n<meta name=\"twitter:label1\" content=\"\u00c9crit par\" \/>\n\t<meta name=\"twitter:data1\" content=\"Philippe.Pierquin\" \/>\n\t<meta name=\"twitter:label2\" content=\"Dur\u00e9e de lecture estim\u00e9e\" \/>\n\t<meta name=\"twitter:data2\" content=\"1 minute\" \/>\n<script type=\"application\/ld+json\" class=\"yoast-schema-graph\">{\"@context\":\"https:\/\/schema.org\",\"@graph\":[{\"@type\":\"Article\",\"@id\":\"https:\/\/welovecinema.be\/fr\/couleur-de-peau-miel\/#article\",\"isPartOf\":{\"@id\":\"https:\/\/welovecinema.be\/fr\/couleur-de-peau-miel\/\"},\"author\":{\"name\":\"Philippe.Pierquin\",\"@id\":\"https:\/\/welovecinema.be\/nl\/#\/schema\/person\/4b9b1d857f0943453a38a7c2859ef756\"},\"headline\":\"Couleur de Peau : Miel\",\"datePublished\":\"2012-07-30T17:55:10+00:00\",\"dateModified\":\"2013-04-24T12:41:43+00:00\",\"mainEntityOfPage\":{\"@id\":\"https:\/\/welovecinema.be\/fr\/couleur-de-peau-miel\/\"},\"wordCount\":168,\"publisher\":{\"@id\":\"https:\/\/welovecinema.be\/nl\/#organization\"},\"articleSection\":[\"Coming soon\"],\"inLanguage\":\"fr-FR\"},{\"@type\":\"WebPage\",\"@id\":\"https:\/\/welovecinema.be\/fr\/couleur-de-peau-miel\/\",\"url\":\"https:\/\/welovecinema.be\/fr\/couleur-de-peau-miel\/\",\"name\":\"Couleur de Peau : Miel - We Love Cinema\",\"isPartOf\":{\"@id\":\"https:\/\/welovecinema.be\/nl\/#website\"},\"datePublished\":\"2012-07-30T17:55:10+00:00\",\"dateModified\":\"2013-04-24T12:41:43+00:00\",\"breadcrumb\":{\"@id\":\"https:\/\/welovecinema.be\/fr\/couleur-de-peau-miel\/#breadcrumb\"},\"inLanguage\":\"fr-FR\",\"potentialAction\":[{\"@type\":\"ReadAction\",\"target\":[\"https:\/\/welovecinema.be\/fr\/couleur-de-peau-miel\/\"]}]},{\"@type\":\"BreadcrumbList\",\"@id\":\"https:\/\/welovecinema.be\/fr\/couleur-de-peau-miel\/#breadcrumb\",\"itemListElement\":[{\"@type\":\"ListItem\",\"position\":1,\"name\":\"Accueil\",\"item\":\"https:\/\/welovecinema.be\/fr\/\"},{\"@type\":\"ListItem\",\"position\":2,\"name\":\"Couleur de Peau : Miel\"}]},{\"@type\":\"WebSite\",\"@id\":\"https:\/\/welovecinema.be\/nl\/#website\",\"url\":\"https:\/\/welovecinema.be\/nl\/\",\"name\":\"We Love Cinema\",\"description\":\"Toute l\u2019information du cin\u00e9ma en Belgique\",\"publisher\":{\"@id\":\"https:\/\/welovecinema.be\/nl\/#organization\"},\"potentialAction\":[{\"@type\":\"SearchAction\",\"target\":{\"@type\":\"EntryPoint\",\"urlTemplate\":\"https:\/\/welovecinema.be\/nl\/?s={search_term_string}\"},\"query-input\":\"required name=search_term_string\"}],\"inLanguage\":\"fr-FR\"},{\"@type\":\"Organization\",\"@id\":\"https:\/\/welovecinema.be\/nl\/#organization\",\"name\":\"We Love Cinema\",\"url\":\"https:\/\/welovecinema.be\/nl\/\",\"logo\":{\"@type\":\"ImageObject\",\"inLanguage\":\"fr-FR\",\"@id\":\"https:\/\/welovecinema.be\/nl\/#\/schema\/logo\/image\/\",\"url\":\"https:\/\/welovecinema.be\/wp-content\/uploads\/sites\/2\/2023\/03\/Logo-We-Love-Cinema305x128.jpg\",\"contentUrl\":\"https:\/\/welovecinema.be\/wp-content\/uploads\/sites\/2\/2023\/03\/Logo-We-Love-Cinema305x128.jpg\",\"width\":305,\"height\":128,\"caption\":\"We Love Cinema\"},\"image\":{\"@id\":\"https:\/\/welovecinema.be\/nl\/#\/schema\/logo\/image\/\"},\"sameAs\":[\"https:\/\/www.facebook.com\/welovecinema.be\",\"https:\/\/www.youtube.com\/channel\/UCX5LYGVhnKvYauW4Nta4HJA\",\"https:\/\/www.instagram.com\/welovecinema.be\/\"]},{\"@type\":\"Person\",\"@id\":\"https:\/\/welovecinema.be\/nl\/#\/schema\/person\/4b9b1d857f0943453a38a7c2859ef756\",\"name\":\"Philippe.Pierquin\",\"url\":\"https:\/\/welovecinema.be\/fr\/author\/philippe-pierquin\/\"}]}<\/script>\n<!-- \/ Yoast SEO plugin. -->","yoast_head_json":{"title":"Couleur de Peau : Miel  - We Love Cinema","robots":{"index":"index","follow":"follow","max-snippet":"max-snippet:-1","max-image-preview":"max-image-preview:large","max-video-preview":"max-video-preview:-1"},"canonical":"https:\/\/welovecinema.be\/fr\/couleur-de-peau-miel\/","og_locale":"fr_FR","og_type":"article","og_title":"Couleur de Peau : Miel  - We Love Cinema","og_description":"Ils sont 200 000 enfants cor\u00e9ens diss\u00e9min\u00e9s \u00e0 travers le monde depuis la fin de la guerre de Cor\u00e9e. N\u00e9 en 1965 \u00e0 S\u00e9oul et adopt\u00e9 en 1971 par une famille belge, Jung est l\u2019un d\u2019entre eux. Adapt\u00e9 du roman graphique Couleur de peau : Miel, le film revient sur quelques moments cl\u00e9s de la &hellip;","og_url":"https:\/\/welovecinema.be\/fr\/couleur-de-peau-miel\/","og_site_name":"We Love Cinema","article_publisher":"https:\/\/www.facebook.com\/welovecinema.be","article_published_time":"2012-07-30T17:55:10+00:00","article_modified_time":"2013-04-24T12:41:43+00:00","og_image":[{"width":"749","height":"405","url":"https:\/\/welovecinema.be\/wp-content\/uploads\/sites\/2\/2012\/06\/afa_1.2.5.T.jpg","type":"image\/jpeg"}],"author":"Philippe.Pierquin","twitter_card":"summary_large_image","twitter_misc":{"\u00c9crit par":"Philippe.Pierquin","Dur\u00e9e de lecture estim\u00e9e":"1 minute"},"schema":{"@context":"https:\/\/schema.org","@graph":[{"@type":"Article","@id":"https:\/\/welovecinema.be\/fr\/couleur-de-peau-miel\/#article","isPartOf":{"@id":"https:\/\/welovecinema.be\/fr\/couleur-de-peau-miel\/"},"author":{"name":"Philippe.Pierquin","@id":"https:\/\/welovecinema.be\/nl\/#\/schema\/person\/4b9b1d857f0943453a38a7c2859ef756"},"headline":"Couleur de Peau : Miel","datePublished":"2012-07-30T17:55:10+00:00","dateModified":"2013-04-24T12:41:43+00:00","mainEntityOfPage":{"@id":"https:\/\/welovecinema.be\/fr\/couleur-de-peau-miel\/"},"wordCount":168,"publisher":{"@id":"https:\/\/welovecinema.be\/nl\/#organization"},"articleSection":["Coming soon"],"inLanguage":"fr-FR"},{"@type":"WebPage","@id":"https:\/\/welovecinema.be\/fr\/couleur-de-peau-miel\/","url":"https:\/\/welovecinema.be\/fr\/couleur-de-peau-miel\/","name":"Couleur de Peau : Miel - We Love Cinema","isPartOf":{"@id":"https:\/\/welovecinema.be\/nl\/#website"},"datePublished":"2012-07-30T17:55:10+00:00","dateModified":"2013-04-24T12:41:43+00:00","breadcrumb":{"@id":"https:\/\/welovecinema.be\/fr\/couleur-de-peau-miel\/#breadcrumb"},"inLanguage":"fr-FR","potentialAction":[{"@type":"ReadAction","target":["https:\/\/welovecinema.be\/fr\/couleur-de-peau-miel\/"]}]},{"@type":"BreadcrumbList","@id":"https:\/\/welovecinema.be\/fr\/couleur-de-peau-miel\/#breadcrumb","itemListElement":[{"@type":"ListItem","position":1,"name":"Accueil","item":"https:\/\/welovecinema.be\/fr\/"},{"@type":"ListItem","position":2,"name":"Couleur de Peau : Miel"}]},{"@type":"WebSite","@id":"https:\/\/welovecinema.be\/nl\/#website","url":"https:\/\/welovecinema.be\/nl\/","name":"We Love Cinema","description":"Toute l\u2019information du cin\u00e9ma en Belgique","publisher":{"@id":"https:\/\/welovecinema.be\/nl\/#organization"},"potentialAction":[{"@type":"SearchAction","target":{"@type":"EntryPoint","urlTemplate":"https:\/\/welovecinema.be\/nl\/?s={search_term_string}"},"query-input":"required name=search_term_string"}],"inLanguage":"fr-FR"},{"@type":"Organization","@id":"https:\/\/welovecinema.be\/nl\/#organization","name":"We Love Cinema","url":"https:\/\/welovecinema.be\/nl\/","logo":{"@type":"ImageObject","inLanguage":"fr-FR","@id":"https:\/\/welovecinema.be\/nl\/#\/schema\/logo\/image\/","url":"https:\/\/welovecinema.be\/wp-content\/uploads\/sites\/2\/2023\/03\/Logo-We-Love-Cinema305x128.jpg","contentUrl":"https:\/\/welovecinema.be\/wp-content\/uploads\/sites\/2\/2023\/03\/Logo-We-Love-Cinema305x128.jpg","width":305,"height":128,"caption":"We Love Cinema"},"image":{"@id":"https:\/\/welovecinema.be\/nl\/#\/schema\/logo\/image\/"},"sameAs":["https:\/\/www.facebook.com\/welovecinema.be","https:\/\/www.youtube.com\/channel\/UCX5LYGVhnKvYauW4Nta4HJA","https:\/\/www.instagram.com\/welovecinema.be\/"]},{"@type":"Person","@id":"https:\/\/welovecinema.be\/nl\/#\/schema\/person\/4b9b1d857f0943453a38a7c2859ef756","name":"Philippe.Pierquin","url":"https:\/\/welovecinema.be\/fr\/author\/philippe-pierquin\/"}]}},"_links":{"self":[{"href":"https:\/\/welovecinema.be\/fr\/wp-json\/wp\/v2\/posts\/23123","targetHints":{"allow":["GET"]}}],"collection":[{"href":"https:\/\/welovecinema.be\/fr\/wp-json\/wp\/v2\/posts"}],"about":[{"href":"https:\/\/welovecinema.be\/fr\/wp-json\/wp\/v2\/types\/post"}],"author":[{"embeddable":true,"href":"https:\/\/welovecinema.be\/fr\/wp-json\/wp\/v2\/users\/7"}],"replies":[{"embeddable":true,"href":"https:\/\/welovecinema.be\/fr\/wp-json\/wp\/v2\/comments?post=23123"}],"version-history":[{"count":0,"href":"https:\/\/welovecinema.be\/fr\/wp-json\/wp\/v2\/posts\/23123\/revisions"}],"wp:featuredmedia":[{"embeddable":true,"href":"https:\/\/welovecinema.be\/fr\/wp-json\/wp\/v2\/media\/23124"}],"wp:attachment":[{"href":"https:\/\/welovecinema.be\/fr\/wp-json\/wp\/v2\/media?parent=23123"}],"wp:term":[{"taxonomy":"category","embeddable":true,"href":"https:\/\/welovecinema.be\/fr\/wp-json\/wp\/v2\/categories?post=23123"},{"taxonomy":"post_tag","embeddable":true,"href":"https:\/\/welovecinema.be\/fr\/wp-json\/wp\/v2\/tags?post=23123"}],"curies":[{"name":"wp","href":"https:\/\/api.w.org\/{rel}","templated":true}]}}