{"id":231159,"date":"2020-08-31T10:14:13","date_gmt":"2020-08-31T08:14:13","guid":{"rendered":"https:\/\/www.cinevox.be\/?p=231159"},"modified":"2020-09-01T09:50:03","modified_gmt":"2020-09-01T07:50:03","slug":"bande-annonce-adieu-les-cons-avec-virginie-efira-de-avec-albert-dupontel","status":"publish","type":"post","link":"https:\/\/welovecinema.be\/fr\/bande-annonce-adieu-les-cons-avec-virginie-efira-de-avec-albert-dupontel\/","title":{"rendered":"Bande-annonce: \u00ab\u00a0Adieu les cons\u00a0\u00bb avec Virginie Efira, de &#038; avec Albert Dupontel"},"content":{"rendered":"<p><strong>La bande-annonce d&rsquo;<em>Adieu les cons<\/em>, le nouveau film d&rsquo;Albert Dupontel, l\u00e8ve le voile sur le ton et l&rsquo;ambiance du nouveau film du r\u00e9alisateur et com\u00e9dien fran\u00e7ais, mais aussi sur l&rsquo;histoire!<\/strong><\/p>\n<p>Lorsque Suze Trappet apprend \u00e0 43 ans qu\u2019elle est s\u00e9rieusement malade, elle d\u00e9cide de partir \u00e0 la recherche de l&rsquo;enfant qu\u2019elle a \u00e9t\u00e9 forc\u00e9e d&rsquo;abandonner quand elle avait 15 ans. Sa qu\u00eate administrative va lui faire croiser JB, quinquag\u00e9naire en plein burn out, et M. Blin, archiviste aveugle d\u2019un enthousiasme impressionnant. \u00c0 eux trois, ils se lancent dans une qu\u00eate aussi spectaculaire qu\u2019improbable.<\/p>\n<p>Sortie le 21 octobre prochain, et d&rsquo;ici l\u00e0, on retrouvera Virginie Efira d\u00e8s ce mercredi dans <em>Police<\/em> d&rsquo;Anne Fontaine. On en reparle tr\u00e8s vite!<\/p>\n","protected":false},"excerpt":{"rendered":"<p>La bande-annonce d&rsquo;Adieu les cons, le nouveau film d&rsquo;Albert Dupontel, l\u00e8ve le voile sur le ton et l&rsquo;ambiance du nouveau film du r\u00e9alisateur et com\u00e9dien fran\u00e7ais, mais aussi sur l&rsquo;histoire! Lorsque Suze Trappet apprend \u00e0 43 ans qu\u2019elle est s\u00e9rieusement malade, elle d\u00e9cide de partir \u00e0 la recherche de l&rsquo;enfant qu\u2019elle a \u00e9t\u00e9 forc\u00e9e d&rsquo;abandonner &hellip;<\/p>\n","protected":false},"author":343,"featured_media":231160,"comment_status":"closed","ping_status":"closed","sticky":false,"template":"","format":"standard","meta":{"ngg_post_thumbnail":0,"footnotes":""},"categories":[53],"tags":[4187,1904],"class_list":["post-231159","post","type-post","status-publish","format-standard","has-post-thumbnail","","category-coming-soon","tag-newsletter-fr","tag-virginie-efira"],"yoast_head":"<!-- This site is optimized with the Yoast SEO plugin v20.4 - https:\/\/yoast.com\/wordpress\/plugins\/seo\/ -->\n<title>Bande-annonce: &quot;Adieu les cons&quot; avec Virginie Efira, de &amp; avec Albert Dupontel - We Love Cinema<\/title>\n<meta name=\"robots\" content=\"index, follow, max-snippet:-1, max-image-preview:large, max-video-preview:-1\" \/>\n<link rel=\"canonical\" href=\"https:\/\/welovecinema.be\/fr\/bande-annonce-adieu-les-cons-avec-virginie-efira-de-avec-albert-dupontel\/\" \/>\n<meta property=\"og:locale\" content=\"fr_FR\" \/>\n<meta property=\"og:type\" content=\"article\" \/>\n<meta property=\"og:title\" content=\"Bande-annonce: &quot;Adieu les cons&quot; avec Virginie Efira, de &amp; avec Albert Dupontel - We Love Cinema\" \/>\n<meta property=\"og:description\" content=\"La bande-annonce d&rsquo;Adieu les cons, le nouveau film d&rsquo;Albert Dupontel, l\u00e8ve le voile sur le ton et l&rsquo;ambiance du nouveau film du r\u00e9alisateur et com\u00e9dien fran\u00e7ais, mais aussi sur l&rsquo;histoire! Lorsque Suze Trappet apprend \u00e0 43 ans qu\u2019elle est s\u00e9rieusement malade, elle d\u00e9cide de partir \u00e0 la recherche de l&rsquo;enfant qu\u2019elle a \u00e9t\u00e9 forc\u00e9e d&rsquo;abandonner &hellip;\" \/>\n<meta property=\"og:url\" content=\"https:\/\/welovecinema.be\/fr\/bande-annonce-adieu-les-cons-avec-virginie-efira-de-avec-albert-dupontel\/\" \/>\n<meta property=\"og:site_name\" content=\"We Love Cinema\" \/>\n<meta property=\"article:publisher\" content=\"https:\/\/www.facebook.com\/welovecinema.be\" \/>\n<meta property=\"article:published_time\" content=\"2020-08-31T08:14:13+00:00\" \/>\n<meta property=\"article:modified_time\" content=\"2020-09-01T07:50:03+00:00\" \/>\n<meta property=\"og:image\" content=\"https:\/\/welovecinema.be\/wp-content\/uploads\/sites\/2\/2020\/08\/640_adieu-les-cons_dossier-de-presse_ok_page_13.jpg\" \/>\n\t<meta property=\"og:image:width\" content=\"640\" \/>\n\t<meta property=\"og:image:height\" content=\"449\" \/>\n\t<meta property=\"og:image:type\" content=\"image\/jpeg\" \/>\n<meta name=\"author\" content=\"Aurore Engelen\" \/>\n<meta name=\"twitter:card\" content=\"summary_large_image\" \/>\n<meta name=\"twitter:label1\" content=\"\u00c9crit par\" \/>\n\t<meta name=\"twitter:data1\" content=\"Aurore Engelen\" \/>\n\t<meta name=\"twitter:label2\" content=\"Dur\u00e9e de lecture estim\u00e9e\" \/>\n\t<meta name=\"twitter:data2\" content=\"1 minute\" \/>\n<script type=\"application\/ld+json\" class=\"yoast-schema-graph\">{\"@context\":\"https:\/\/schema.org\",\"@graph\":[{\"@type\":\"Article\",\"@id\":\"https:\/\/welovecinema.be\/fr\/bande-annonce-adieu-les-cons-avec-virginie-efira-de-avec-albert-dupontel\/#article\",\"isPartOf\":{\"@id\":\"https:\/\/welovecinema.be\/fr\/bande-annonce-adieu-les-cons-avec-virginie-efira-de-avec-albert-dupontel\/\"},\"author\":{\"name\":\"Aurore Engelen\",\"@id\":\"https:\/\/welovecinema.be\/nl\/#\/schema\/person\/8084b68c6b176142d073695c654dc7cf\"},\"headline\":\"Bande-annonce: \u00ab\u00a0Adieu les cons\u00a0\u00bb avec Virginie Efira, de &#038; avec Albert Dupontel\",\"datePublished\":\"2020-08-31T08:14:13+00:00\",\"dateModified\":\"2020-09-01T07:50:03+00:00\",\"mainEntityOfPage\":{\"@id\":\"https:\/\/welovecinema.be\/fr\/bande-annonce-adieu-les-cons-avec-virginie-efira-de-avec-albert-dupontel\/\"},\"wordCount\":146,\"publisher\":{\"@id\":\"https:\/\/welovecinema.be\/nl\/#organization\"},\"keywords\":[\"newsletter\",\"Virginie Efira\"],\"articleSection\":[\"Coming soon\"],\"inLanguage\":\"fr-FR\"},{\"@type\":\"WebPage\",\"@id\":\"https:\/\/welovecinema.be\/fr\/bande-annonce-adieu-les-cons-avec-virginie-efira-de-avec-albert-dupontel\/\",\"url\":\"https:\/\/welovecinema.be\/fr\/bande-annonce-adieu-les-cons-avec-virginie-efira-de-avec-albert-dupontel\/\",\"name\":\"Bande-annonce: \\\"Adieu les cons\\\" avec Virginie Efira, de & avec Albert Dupontel - We Love Cinema\",\"isPartOf\":{\"@id\":\"https:\/\/welovecinema.be\/nl\/#website\"},\"datePublished\":\"2020-08-31T08:14:13+00:00\",\"dateModified\":\"2020-09-01T07:50:03+00:00\",\"breadcrumb\":{\"@id\":\"https:\/\/welovecinema.be\/fr\/bande-annonce-adieu-les-cons-avec-virginie-efira-de-avec-albert-dupontel\/#breadcrumb\"},\"inLanguage\":\"fr-FR\",\"potentialAction\":[{\"@type\":\"ReadAction\",\"target\":[\"https:\/\/welovecinema.be\/fr\/bande-annonce-adieu-les-cons-avec-virginie-efira-de-avec-albert-dupontel\/\"]}]},{\"@type\":\"BreadcrumbList\",\"@id\":\"https:\/\/welovecinema.be\/fr\/bande-annonce-adieu-les-cons-avec-virginie-efira-de-avec-albert-dupontel\/#breadcrumb\",\"itemListElement\":[{\"@type\":\"ListItem\",\"position\":1,\"name\":\"Accueil\",\"item\":\"https:\/\/welovecinema.be\/fr\/\"},{\"@type\":\"ListItem\",\"position\":2,\"name\":\"Bande-annonce: \u00ab\u00a0Adieu les cons\u00a0\u00bb avec Virginie Efira, de &#038; avec Albert Dupontel\"}]},{\"@type\":\"WebSite\",\"@id\":\"https:\/\/welovecinema.be\/nl\/#website\",\"url\":\"https:\/\/welovecinema.be\/nl\/\",\"name\":\"We Love Cinema\",\"description\":\"Toute l\u2019information du cin\u00e9ma en Belgique\",\"publisher\":{\"@id\":\"https:\/\/welovecinema.be\/nl\/#organization\"},\"potentialAction\":[{\"@type\":\"SearchAction\",\"target\":{\"@type\":\"EntryPoint\",\"urlTemplate\":\"https:\/\/welovecinema.be\/nl\/?s={search_term_string}\"},\"query-input\":\"required name=search_term_string\"}],\"inLanguage\":\"fr-FR\"},{\"@type\":\"Organization\",\"@id\":\"https:\/\/welovecinema.be\/nl\/#organization\",\"name\":\"We Love Cinema\",\"url\":\"https:\/\/welovecinema.be\/nl\/\",\"logo\":{\"@type\":\"ImageObject\",\"inLanguage\":\"fr-FR\",\"@id\":\"https:\/\/welovecinema.be\/nl\/#\/schema\/logo\/image\/\",\"url\":\"https:\/\/welovecinema.be\/wp-content\/uploads\/sites\/2\/2023\/03\/Logo-We-Love-Cinema305x128.jpg\",\"contentUrl\":\"https:\/\/welovecinema.be\/wp-content\/uploads\/sites\/2\/2023\/03\/Logo-We-Love-Cinema305x128.jpg\",\"width\":305,\"height\":128,\"caption\":\"We Love Cinema\"},\"image\":{\"@id\":\"https:\/\/welovecinema.be\/nl\/#\/schema\/logo\/image\/\"},\"sameAs\":[\"https:\/\/www.facebook.com\/welovecinema.be\",\"https:\/\/www.youtube.com\/channel\/UCX5LYGVhnKvYauW4Nta4HJA\",\"https:\/\/www.instagram.com\/welovecinema.be\/\"]},{\"@type\":\"Person\",\"@id\":\"https:\/\/welovecinema.be\/nl\/#\/schema\/person\/8084b68c6b176142d073695c654dc7cf\",\"name\":\"Aurore Engelen\",\"url\":\"https:\/\/welovecinema.be\/fr\/author\/aurore-engelen\/\"}]}<\/script>\n<!-- \/ Yoast SEO plugin. -->","yoast_head_json":{"title":"Bande-annonce: \"Adieu les cons\" avec Virginie Efira, de & avec Albert Dupontel - We Love Cinema","robots":{"index":"index","follow":"follow","max-snippet":"max-snippet:-1","max-image-preview":"max-image-preview:large","max-video-preview":"max-video-preview:-1"},"canonical":"https:\/\/welovecinema.be\/fr\/bande-annonce-adieu-les-cons-avec-virginie-efira-de-avec-albert-dupontel\/","og_locale":"fr_FR","og_type":"article","og_title":"Bande-annonce: \"Adieu les cons\" avec Virginie Efira, de & avec Albert Dupontel - We Love Cinema","og_description":"La bande-annonce d&rsquo;Adieu les cons, le nouveau film d&rsquo;Albert Dupontel, l\u00e8ve le voile sur le ton et l&rsquo;ambiance du nouveau film du r\u00e9alisateur et com\u00e9dien fran\u00e7ais, mais aussi sur l&rsquo;histoire! Lorsque Suze Trappet apprend \u00e0 43 ans qu\u2019elle est s\u00e9rieusement malade, elle d\u00e9cide de partir \u00e0 la recherche de l&rsquo;enfant qu\u2019elle a \u00e9t\u00e9 forc\u00e9e d&rsquo;abandonner &hellip;","og_url":"https:\/\/welovecinema.be\/fr\/bande-annonce-adieu-les-cons-avec-virginie-efira-de-avec-albert-dupontel\/","og_site_name":"We Love Cinema","article_publisher":"https:\/\/www.facebook.com\/welovecinema.be","article_published_time":"2020-08-31T08:14:13+00:00","article_modified_time":"2020-09-01T07:50:03+00:00","og_image":[{"width":640,"height":449,"url":"https:\/\/welovecinema.be\/wp-content\/uploads\/sites\/2\/2020\/08\/640_adieu-les-cons_dossier-de-presse_ok_page_13.jpg","type":"image\/jpeg"}],"author":"Aurore Engelen","twitter_card":"summary_large_image","twitter_misc":{"\u00c9crit par":"Aurore Engelen","Dur\u00e9e de lecture estim\u00e9e":"1 minute"},"schema":{"@context":"https:\/\/schema.org","@graph":[{"@type":"Article","@id":"https:\/\/welovecinema.be\/fr\/bande-annonce-adieu-les-cons-avec-virginie-efira-de-avec-albert-dupontel\/#article","isPartOf":{"@id":"https:\/\/welovecinema.be\/fr\/bande-annonce-adieu-les-cons-avec-virginie-efira-de-avec-albert-dupontel\/"},"author":{"name":"Aurore Engelen","@id":"https:\/\/welovecinema.be\/nl\/#\/schema\/person\/8084b68c6b176142d073695c654dc7cf"},"headline":"Bande-annonce: \u00ab\u00a0Adieu les cons\u00a0\u00bb avec Virginie Efira, de &#038; avec Albert Dupontel","datePublished":"2020-08-31T08:14:13+00:00","dateModified":"2020-09-01T07:50:03+00:00","mainEntityOfPage":{"@id":"https:\/\/welovecinema.be\/fr\/bande-annonce-adieu-les-cons-avec-virginie-efira-de-avec-albert-dupontel\/"},"wordCount":146,"publisher":{"@id":"https:\/\/welovecinema.be\/nl\/#organization"},"keywords":["newsletter","Virginie Efira"],"articleSection":["Coming soon"],"inLanguage":"fr-FR"},{"@type":"WebPage","@id":"https:\/\/welovecinema.be\/fr\/bande-annonce-adieu-les-cons-avec-virginie-efira-de-avec-albert-dupontel\/","url":"https:\/\/welovecinema.be\/fr\/bande-annonce-adieu-les-cons-avec-virginie-efira-de-avec-albert-dupontel\/","name":"Bande-annonce: \"Adieu les cons\" avec Virginie Efira, de & avec Albert Dupontel - We Love Cinema","isPartOf":{"@id":"https:\/\/welovecinema.be\/nl\/#website"},"datePublished":"2020-08-31T08:14:13+00:00","dateModified":"2020-09-01T07:50:03+00:00","breadcrumb":{"@id":"https:\/\/welovecinema.be\/fr\/bande-annonce-adieu-les-cons-avec-virginie-efira-de-avec-albert-dupontel\/#breadcrumb"},"inLanguage":"fr-FR","potentialAction":[{"@type":"ReadAction","target":["https:\/\/welovecinema.be\/fr\/bande-annonce-adieu-les-cons-avec-virginie-efira-de-avec-albert-dupontel\/"]}]},{"@type":"BreadcrumbList","@id":"https:\/\/welovecinema.be\/fr\/bande-annonce-adieu-les-cons-avec-virginie-efira-de-avec-albert-dupontel\/#breadcrumb","itemListElement":[{"@type":"ListItem","position":1,"name":"Accueil","item":"https:\/\/welovecinema.be\/fr\/"},{"@type":"ListItem","position":2,"name":"Bande-annonce: \u00ab\u00a0Adieu les cons\u00a0\u00bb avec Virginie Efira, de &#038; avec Albert Dupontel"}]},{"@type":"WebSite","@id":"https:\/\/welovecinema.be\/nl\/#website","url":"https:\/\/welovecinema.be\/nl\/","name":"We Love Cinema","description":"Toute l\u2019information du cin\u00e9ma en Belgique","publisher":{"@id":"https:\/\/welovecinema.be\/nl\/#organization"},"potentialAction":[{"@type":"SearchAction","target":{"@type":"EntryPoint","urlTemplate":"https:\/\/welovecinema.be\/nl\/?s={search_term_string}"},"query-input":"required name=search_term_string"}],"inLanguage":"fr-FR"},{"@type":"Organization","@id":"https:\/\/welovecinema.be\/nl\/#organization","name":"We Love Cinema","url":"https:\/\/welovecinema.be\/nl\/","logo":{"@type":"ImageObject","inLanguage":"fr-FR","@id":"https:\/\/welovecinema.be\/nl\/#\/schema\/logo\/image\/","url":"https:\/\/welovecinema.be\/wp-content\/uploads\/sites\/2\/2023\/03\/Logo-We-Love-Cinema305x128.jpg","contentUrl":"https:\/\/welovecinema.be\/wp-content\/uploads\/sites\/2\/2023\/03\/Logo-We-Love-Cinema305x128.jpg","width":305,"height":128,"caption":"We Love Cinema"},"image":{"@id":"https:\/\/welovecinema.be\/nl\/#\/schema\/logo\/image\/"},"sameAs":["https:\/\/www.facebook.com\/welovecinema.be","https:\/\/www.youtube.com\/channel\/UCX5LYGVhnKvYauW4Nta4HJA","https:\/\/www.instagram.com\/welovecinema.be\/"]},{"@type":"Person","@id":"https:\/\/welovecinema.be\/nl\/#\/schema\/person\/8084b68c6b176142d073695c654dc7cf","name":"Aurore Engelen","url":"https:\/\/welovecinema.be\/fr\/author\/aurore-engelen\/"}]}},"_links":{"self":[{"href":"https:\/\/welovecinema.be\/fr\/wp-json\/wp\/v2\/posts\/231159","targetHints":{"allow":["GET"]}}],"collection":[{"href":"https:\/\/welovecinema.be\/fr\/wp-json\/wp\/v2\/posts"}],"about":[{"href":"https:\/\/welovecinema.be\/fr\/wp-json\/wp\/v2\/types\/post"}],"author":[{"embeddable":true,"href":"https:\/\/welovecinema.be\/fr\/wp-json\/wp\/v2\/users\/343"}],"replies":[{"embeddable":true,"href":"https:\/\/welovecinema.be\/fr\/wp-json\/wp\/v2\/comments?post=231159"}],"version-history":[{"count":0,"href":"https:\/\/welovecinema.be\/fr\/wp-json\/wp\/v2\/posts\/231159\/revisions"}],"wp:featuredmedia":[{"embeddable":true,"href":"https:\/\/welovecinema.be\/fr\/wp-json\/wp\/v2\/media\/231160"}],"wp:attachment":[{"href":"https:\/\/welovecinema.be\/fr\/wp-json\/wp\/v2\/media?parent=231159"}],"wp:term":[{"taxonomy":"category","embeddable":true,"href":"https:\/\/welovecinema.be\/fr\/wp-json\/wp\/v2\/categories?post=231159"},{"taxonomy":"post_tag","embeddable":true,"href":"https:\/\/welovecinema.be\/fr\/wp-json\/wp\/v2\/tags?post=231159"}],"curies":[{"name":"wp","href":"https:\/\/api.w.org\/{rel}","templated":true}]}}