{"id":231113,"date":"2020-08-28T11:03:50","date_gmt":"2020-08-28T09:03:50","guid":{"rendered":"https:\/\/www.cinevox.be\/?p=231113"},"modified":"2020-08-31T10:15:08","modified_gmt":"2020-08-31T08:15:08","slug":"lennemi-le-nouveau-stephan-streker-en-competition-a-angouleme","status":"publish","type":"post","link":"https:\/\/welovecinema.be\/fr\/lennemi-le-nouveau-stephan-streker-en-competition-a-angouleme\/","title":{"rendered":"\u00ab\u00a0L&rsquo;Ennemi\u00a0\u00bb, le nouveau Stephan Streker, en comp\u00e9tition \u00e0 Angoul\u00eame"},"content":{"rendered":"<p><strong>Demain samedi 29 ao\u00fbt sera projet\u00e9 en Comp\u00e9tition officielle au Festival du Film Francophone d&rsquo;Angoul\u00eame\u00a0 <em>L&rsquo;Ennemi<\/em>, le nouveau film de Stephan Streker, avec J\u00e9r\u00e9mie Renier et Alma Jodorowsky.<\/strong><\/p>\n<p>Quelques jours avant le BRIFF et la Mostra de Venise, le FFA est l&rsquo;un des premiers festivals internationaux \u00e0 se tenir \u00ab\u00a0dans la vraie vie\u00a0\u00bb depuis le d\u00e9but de la crise sanitaire. Il y a quatre ans, <em>Noces<\/em>, le pr\u00e9c\u00e9dent film de Stephan Streker, y avait commenc\u00e9 sa belle carri\u00e8re internationale, y remportant le Prix d\u2019Interpr\u00e9tation F\u00e9minine (Lina El Arabi) et Masculine (S\u00e9bastien Houbani), avant de rencontrer un beau succ\u00e8s en salle et d&rsquo;obtenir une nomination du Meilleur Film Etranger aux C\u00e9sar 2018.<\/p>\n<p>Le myst\u00e8re couvait autour du film, on peut d\u00e9sormais lever le voile. Tr\u00e8s librement inspir\u00e9 de faits r\u00e9els que d&rsquo;aucuns reconna\u00eetront, <em>L&rsquo;Ennemi<\/em> suit le parcours d&rsquo;un c\u00e9l\u00e8bre homme politique accus\u00e9 du meurtre de son \u00e9pouse, retrouv\u00e9e morte, une nuit, dans leur chambre d\u2019h\u00f4tel \u00e0 la Mer du Nord. Est-il coupable ou innocent ? Personne ne le sait. Et peut-\u00eatre lui non plus.<\/p>\n<p>L&rsquo;affaire Wesphael a boulevers\u00e9 et fascin\u00e9 la Belgique. A travers ce myst\u00e8re, Stephan Streker compte susciter la r\u00e9flexion, et non bien s\u00fbr ass\u00e9ner la v\u00e9rit\u00e9. Plut\u00f4t d\u00e9cortiquer les m\u00e9canismes \u00e0 l&rsquo;oeuvre derri\u00e8re ce drame intime, \u00e0 la caisse de r\u00e9sonance publique.<\/p>\n<p><u><\/u><u><\/u>Pour incarner ce r\u00f4le aux r\u00e9miniscences fortes dans l&rsquo;inconscient collectif belge, Stephan Streker s&rsquo;est tourn\u00e9 vers l&rsquo;un des acteurs belges majeurs de sa g\u00e9n\u00e9ration, J\u00e9r\u00e9mie Renier. Une rencontre artistique qui promet de faire des \u00e9tincelles.<\/p>\n<p><img loading=\"lazy\" decoding=\"async\" class=\"alignnone size-large wp-image-231116\" src=\"https:\/\/www.cinevox.be\/wp-content\/uploads\/sites\/2\/2020\/08\/1_Affiche-_Lennemi_-420x600.jpg\" alt=\"\" width=\"420\" height=\"600\" srcset=\"https:\/\/welovecinema.be\/wp-content\/uploads\/sites\/2\/2020\/08\/1_Affiche-_Lennemi_-420x600.jpg 420w, https:\/\/welovecinema.be\/wp-content\/uploads\/sites\/2\/2020\/08\/1_Affiche-_Lennemi_-189x270.jpg 189w, https:\/\/welovecinema.be\/wp-content\/uploads\/sites\/2\/2020\/08\/1_Affiche-_Lennemi_-768x1097.jpg 768w, https:\/\/welovecinema.be\/wp-content\/uploads\/sites\/2\/2020\/08\/1_Affiche-_Lennemi_-1075x1536.jpg 1075w, https:\/\/welovecinema.be\/wp-content\/uploads\/sites\/2\/2020\/08\/1_Affiche-_Lennemi_-1434x2048.jpg 1434w, https:\/\/welovecinema.be\/wp-content\/uploads\/sites\/2\/2020\/08\/1_Affiche-_Lennemi_-scaled.jpg 1792w\" sizes=\"auto, (max-width: 420px) 100vw, 420px\" \/><\/p>\n<p>Aux c\u00f4t\u00e9s de J\u00e9r\u00e9mie Renier, on retrouvera un brillant casting men\u00e9 par Alma Jodoroswky (jeune com\u00e9dienne fran\u00e7aise \u00e0 la glorieuse ascendance, petite-fille du cin\u00e9naste chilien culte Alejandro Jodorowsky, on l&rsquo;a vue dans <em>La Vie devant elles<\/em>, <em>Juillet Ao\u00fbt<\/em> ou encore <em>Le Choc du Futur<\/em>), Emmanuelle Bercot (vue r\u00e9cemment aimante mais d\u00e9pass\u00e9e dans <em>Jumbo<\/em>), F\u00e9lix Maritaud (h\u00e9ros de <em>Sauvage<\/em>, remarqu\u00e9 dans <em>120 battements par minute<\/em>), Zacharie Chasseriaud (qui tourne actuellement dans la saison 2 d&rsquo;<em>Hippocrate<\/em> aux c\u00f4t\u00e9s de Bouli Lanners, qui le r\u00e9v\u00e9la dans <em>Les G\u00e9ants<\/em>), Sam Louwyck (qui retrouve ainsi Emmanuelle Bercot, sa partenaire dans <em>Jumbo<\/em>), Peter Van den Begin (inoubliable <em>King of the Belgians, Barefoot Emperor<\/em>), Bruno Vanden Broecke (figure bien connue du th\u00e9\u00e2tre et de la t\u00e9l\u00e9vision flamande, d\u00e9couvert dans <em>Loft<\/em> et vu r\u00e9cemment dans <em>Trio<\/em>) et enfin Jeroen Perceval (h\u00e9ros du puissant <em>D&rsquo;Ardennen<\/em> de Robin Pront, et qui vient d&rsquo;achever le tournage de son premier film en tant que r\u00e9alisateur).<\/p>\n<p>Le film sortira dans les salles de cin\u00e9ma en Belgique avant la fin de l&rsquo;ann\u00e9e 2020. C&rsquo;est peu dire qu&rsquo;on a h\u00e2te.<\/p>\n","protected":false},"excerpt":{"rendered":"<p>Demain samedi 29 ao\u00fbt sera projet\u00e9 en Comp\u00e9tition officielle au Festival du Film Francophone d&rsquo;Angoul\u00eame\u00a0 L&rsquo;Ennemi, le nouveau film de Stephan Streker, avec J\u00e9r\u00e9mie Renier et Alma Jodorowsky. Quelques jours avant le BRIFF et la Mostra de Venise, le FFA est l&rsquo;un des premiers festivals internationaux \u00e0 se tenir \u00ab\u00a0dans la vraie vie\u00a0\u00bb depuis le &hellip;<\/p>\n","protected":false},"author":343,"featured_media":231118,"comment_status":"closed","ping_status":"closed","sticky":false,"template":"","format":"standard","meta":{"ngg_post_thumbnail":0,"footnotes":""},"categories":[12],"tags":[4292,5262,4187,4917],"class_list":["post-231113","post","type-post","status-publish","format-standard","has-post-thumbnail","","category-awards","tag-jeremie-renier-2","tag-lennemi","tag-newsletter-fr","tag-stephan-streker-2"],"yoast_head":"<!-- This site is optimized with the Yoast SEO plugin v20.4 - https:\/\/yoast.com\/wordpress\/plugins\/seo\/ -->\n<title>&quot;L&#039;Ennemi&quot;, le nouveau Stephan Streker, en comp\u00e9tition \u00e0 Angoul\u00eame - We Love Cinema<\/title>\n<meta name=\"robots\" content=\"index, follow, max-snippet:-1, max-image-preview:large, max-video-preview:-1\" \/>\n<link rel=\"canonical\" href=\"https:\/\/welovecinema.be\/fr\/lennemi-le-nouveau-stephan-streker-en-competition-a-angouleme\/\" \/>\n<meta property=\"og:locale\" content=\"fr_FR\" \/>\n<meta property=\"og:type\" content=\"article\" \/>\n<meta property=\"og:title\" content=\"&quot;L&#039;Ennemi&quot;, le nouveau Stephan Streker, en comp\u00e9tition \u00e0 Angoul\u00eame - We Love Cinema\" \/>\n<meta property=\"og:description\" content=\"Demain samedi 29 ao\u00fbt sera projet\u00e9 en Comp\u00e9tition officielle au Festival du Film Francophone d&rsquo;Angoul\u00eame\u00a0 L&rsquo;Ennemi, le nouveau film de Stephan Streker, avec J\u00e9r\u00e9mie Renier et Alma Jodorowsky. Quelques jours avant le BRIFF et la Mostra de Venise, le FFA est l&rsquo;un des premiers festivals internationaux \u00e0 se tenir \u00ab\u00a0dans la vraie vie\u00a0\u00bb depuis le &hellip;\" \/>\n<meta property=\"og:url\" content=\"https:\/\/welovecinema.be\/fr\/lennemi-le-nouveau-stephan-streker-en-competition-a-angouleme\/\" \/>\n<meta property=\"og:site_name\" content=\"We Love Cinema\" \/>\n<meta property=\"article:publisher\" content=\"https:\/\/www.facebook.com\/welovecinema.be\" \/>\n<meta property=\"article:published_time\" content=\"2020-08-28T09:03:50+00:00\" \/>\n<meta property=\"article:modified_time\" content=\"2020-08-31T08:15:08+00:00\" \/>\n<meta property=\"og:image\" content=\"https:\/\/welovecinema.be\/wp-content\/uploads\/sites\/2\/2020\/08\/4_Je\u0301re\u0301mie-Renier-dans-22Lennemi22-de-Stephan-Streker-scaled.jpg\" \/>\n\t<meta property=\"og:image:width\" content=\"2560\" \/>\n\t<meta property=\"og:image:height\" content=\"960\" \/>\n\t<meta property=\"og:image:type\" content=\"image\/jpeg\" \/>\n<meta name=\"author\" content=\"Aurore Engelen\" \/>\n<meta name=\"twitter:card\" content=\"summary_large_image\" \/>\n<meta name=\"twitter:label1\" content=\"\u00c9crit par\" \/>\n\t<meta name=\"twitter:data1\" content=\"Aurore Engelen\" \/>\n\t<meta name=\"twitter:label2\" content=\"Dur\u00e9e de lecture estim\u00e9e\" \/>\n\t<meta name=\"twitter:data2\" content=\"2 minutes\" \/>\n<script type=\"application\/ld+json\" class=\"yoast-schema-graph\">{\"@context\":\"https:\/\/schema.org\",\"@graph\":[{\"@type\":\"Article\",\"@id\":\"https:\/\/welovecinema.be\/fr\/lennemi-le-nouveau-stephan-streker-en-competition-a-angouleme\/#article\",\"isPartOf\":{\"@id\":\"https:\/\/welovecinema.be\/fr\/lennemi-le-nouveau-stephan-streker-en-competition-a-angouleme\/\"},\"author\":{\"name\":\"Aurore Engelen\",\"@id\":\"https:\/\/welovecinema.be\/nl\/#\/schema\/person\/8084b68c6b176142d073695c654dc7cf\"},\"headline\":\"\u00ab\u00a0L&rsquo;Ennemi\u00a0\u00bb, le nouveau Stephan Streker, en comp\u00e9tition \u00e0 Angoul\u00eame\",\"datePublished\":\"2020-08-28T09:03:50+00:00\",\"dateModified\":\"2020-08-31T08:15:08+00:00\",\"mainEntityOfPage\":{\"@id\":\"https:\/\/welovecinema.be\/fr\/lennemi-le-nouveau-stephan-streker-en-competition-a-angouleme\/\"},\"wordCount\":513,\"publisher\":{\"@id\":\"https:\/\/welovecinema.be\/nl\/#organization\"},\"keywords\":[\"jeremie renier\",\"L'Ennemi\",\"newsletter\",\"Stephan Streker\"],\"articleSection\":[\"Evenements\"],\"inLanguage\":\"fr-FR\"},{\"@type\":\"WebPage\",\"@id\":\"https:\/\/welovecinema.be\/fr\/lennemi-le-nouveau-stephan-streker-en-competition-a-angouleme\/\",\"url\":\"https:\/\/welovecinema.be\/fr\/lennemi-le-nouveau-stephan-streker-en-competition-a-angouleme\/\",\"name\":\"\\\"L'Ennemi\\\", le nouveau Stephan Streker, en comp\u00e9tition \u00e0 Angoul\u00eame - We Love Cinema\",\"isPartOf\":{\"@id\":\"https:\/\/welovecinema.be\/nl\/#website\"},\"datePublished\":\"2020-08-28T09:03:50+00:00\",\"dateModified\":\"2020-08-31T08:15:08+00:00\",\"breadcrumb\":{\"@id\":\"https:\/\/welovecinema.be\/fr\/lennemi-le-nouveau-stephan-streker-en-competition-a-angouleme\/#breadcrumb\"},\"inLanguage\":\"fr-FR\",\"potentialAction\":[{\"@type\":\"ReadAction\",\"target\":[\"https:\/\/welovecinema.be\/fr\/lennemi-le-nouveau-stephan-streker-en-competition-a-angouleme\/\"]}]},{\"@type\":\"BreadcrumbList\",\"@id\":\"https:\/\/welovecinema.be\/fr\/lennemi-le-nouveau-stephan-streker-en-competition-a-angouleme\/#breadcrumb\",\"itemListElement\":[{\"@type\":\"ListItem\",\"position\":1,\"name\":\"Accueil\",\"item\":\"https:\/\/welovecinema.be\/fr\/\"},{\"@type\":\"ListItem\",\"position\":2,\"name\":\"\u00ab\u00a0L&rsquo;Ennemi\u00a0\u00bb, le nouveau Stephan Streker, en comp\u00e9tition \u00e0 Angoul\u00eame\"}]},{\"@type\":\"WebSite\",\"@id\":\"https:\/\/welovecinema.be\/nl\/#website\",\"url\":\"https:\/\/welovecinema.be\/nl\/\",\"name\":\"We Love Cinema\",\"description\":\"Toute l\u2019information du cin\u00e9ma en Belgique\",\"publisher\":{\"@id\":\"https:\/\/welovecinema.be\/nl\/#organization\"},\"potentialAction\":[{\"@type\":\"SearchAction\",\"target\":{\"@type\":\"EntryPoint\",\"urlTemplate\":\"https:\/\/welovecinema.be\/nl\/?s={search_term_string}\"},\"query-input\":\"required name=search_term_string\"}],\"inLanguage\":\"fr-FR\"},{\"@type\":\"Organization\",\"@id\":\"https:\/\/welovecinema.be\/nl\/#organization\",\"name\":\"We Love Cinema\",\"url\":\"https:\/\/welovecinema.be\/nl\/\",\"logo\":{\"@type\":\"ImageObject\",\"inLanguage\":\"fr-FR\",\"@id\":\"https:\/\/welovecinema.be\/nl\/#\/schema\/logo\/image\/\",\"url\":\"https:\/\/welovecinema.be\/wp-content\/uploads\/sites\/2\/2023\/03\/Logo-We-Love-Cinema305x128.jpg\",\"contentUrl\":\"https:\/\/welovecinema.be\/wp-content\/uploads\/sites\/2\/2023\/03\/Logo-We-Love-Cinema305x128.jpg\",\"width\":305,\"height\":128,\"caption\":\"We Love Cinema\"},\"image\":{\"@id\":\"https:\/\/welovecinema.be\/nl\/#\/schema\/logo\/image\/\"},\"sameAs\":[\"https:\/\/www.facebook.com\/welovecinema.be\",\"https:\/\/www.youtube.com\/channel\/UCX5LYGVhnKvYauW4Nta4HJA\",\"https:\/\/www.instagram.com\/welovecinema.be\/\"]},{\"@type\":\"Person\",\"@id\":\"https:\/\/welovecinema.be\/nl\/#\/schema\/person\/8084b68c6b176142d073695c654dc7cf\",\"name\":\"Aurore Engelen\",\"url\":\"https:\/\/welovecinema.be\/fr\/author\/aurore-engelen\/\"}]}<\/script>\n<!-- \/ Yoast SEO plugin. -->","yoast_head_json":{"title":"\"L'Ennemi\", le nouveau Stephan Streker, en comp\u00e9tition \u00e0 Angoul\u00eame - We Love Cinema","robots":{"index":"index","follow":"follow","max-snippet":"max-snippet:-1","max-image-preview":"max-image-preview:large","max-video-preview":"max-video-preview:-1"},"canonical":"https:\/\/welovecinema.be\/fr\/lennemi-le-nouveau-stephan-streker-en-competition-a-angouleme\/","og_locale":"fr_FR","og_type":"article","og_title":"\"L'Ennemi\", le nouveau Stephan Streker, en comp\u00e9tition \u00e0 Angoul\u00eame - We Love Cinema","og_description":"Demain samedi 29 ao\u00fbt sera projet\u00e9 en Comp\u00e9tition officielle au Festival du Film Francophone d&rsquo;Angoul\u00eame\u00a0 L&rsquo;Ennemi, le nouveau film de Stephan Streker, avec J\u00e9r\u00e9mie Renier et Alma Jodorowsky. Quelques jours avant le BRIFF et la Mostra de Venise, le FFA est l&rsquo;un des premiers festivals internationaux \u00e0 se tenir \u00ab\u00a0dans la vraie vie\u00a0\u00bb depuis le &hellip;","og_url":"https:\/\/welovecinema.be\/fr\/lennemi-le-nouveau-stephan-streker-en-competition-a-angouleme\/","og_site_name":"We Love Cinema","article_publisher":"https:\/\/www.facebook.com\/welovecinema.be","article_published_time":"2020-08-28T09:03:50+00:00","article_modified_time":"2020-08-31T08:15:08+00:00","og_image":[{"width":2560,"height":960,"url":"https:\/\/welovecinema.be\/wp-content\/uploads\/sites\/2\/2020\/08\/4_Je\u0301re\u0301mie-Renier-dans-22Lennemi22-de-Stephan-Streker-scaled.jpg","type":"image\/jpeg"}],"author":"Aurore Engelen","twitter_card":"summary_large_image","twitter_misc":{"\u00c9crit par":"Aurore Engelen","Dur\u00e9e de lecture estim\u00e9e":"2 minutes"},"schema":{"@context":"https:\/\/schema.org","@graph":[{"@type":"Article","@id":"https:\/\/welovecinema.be\/fr\/lennemi-le-nouveau-stephan-streker-en-competition-a-angouleme\/#article","isPartOf":{"@id":"https:\/\/welovecinema.be\/fr\/lennemi-le-nouveau-stephan-streker-en-competition-a-angouleme\/"},"author":{"name":"Aurore Engelen","@id":"https:\/\/welovecinema.be\/nl\/#\/schema\/person\/8084b68c6b176142d073695c654dc7cf"},"headline":"\u00ab\u00a0L&rsquo;Ennemi\u00a0\u00bb, le nouveau Stephan Streker, en comp\u00e9tition \u00e0 Angoul\u00eame","datePublished":"2020-08-28T09:03:50+00:00","dateModified":"2020-08-31T08:15:08+00:00","mainEntityOfPage":{"@id":"https:\/\/welovecinema.be\/fr\/lennemi-le-nouveau-stephan-streker-en-competition-a-angouleme\/"},"wordCount":513,"publisher":{"@id":"https:\/\/welovecinema.be\/nl\/#organization"},"keywords":["jeremie renier","L'Ennemi","newsletter","Stephan Streker"],"articleSection":["Evenements"],"inLanguage":"fr-FR"},{"@type":"WebPage","@id":"https:\/\/welovecinema.be\/fr\/lennemi-le-nouveau-stephan-streker-en-competition-a-angouleme\/","url":"https:\/\/welovecinema.be\/fr\/lennemi-le-nouveau-stephan-streker-en-competition-a-angouleme\/","name":"\"L'Ennemi\", le nouveau Stephan Streker, en comp\u00e9tition \u00e0 Angoul\u00eame - We Love Cinema","isPartOf":{"@id":"https:\/\/welovecinema.be\/nl\/#website"},"datePublished":"2020-08-28T09:03:50+00:00","dateModified":"2020-08-31T08:15:08+00:00","breadcrumb":{"@id":"https:\/\/welovecinema.be\/fr\/lennemi-le-nouveau-stephan-streker-en-competition-a-angouleme\/#breadcrumb"},"inLanguage":"fr-FR","potentialAction":[{"@type":"ReadAction","target":["https:\/\/welovecinema.be\/fr\/lennemi-le-nouveau-stephan-streker-en-competition-a-angouleme\/"]}]},{"@type":"BreadcrumbList","@id":"https:\/\/welovecinema.be\/fr\/lennemi-le-nouveau-stephan-streker-en-competition-a-angouleme\/#breadcrumb","itemListElement":[{"@type":"ListItem","position":1,"name":"Accueil","item":"https:\/\/welovecinema.be\/fr\/"},{"@type":"ListItem","position":2,"name":"\u00ab\u00a0L&rsquo;Ennemi\u00a0\u00bb, le nouveau Stephan Streker, en comp\u00e9tition \u00e0 Angoul\u00eame"}]},{"@type":"WebSite","@id":"https:\/\/welovecinema.be\/nl\/#website","url":"https:\/\/welovecinema.be\/nl\/","name":"We Love Cinema","description":"Toute l\u2019information du cin\u00e9ma en Belgique","publisher":{"@id":"https:\/\/welovecinema.be\/nl\/#organization"},"potentialAction":[{"@type":"SearchAction","target":{"@type":"EntryPoint","urlTemplate":"https:\/\/welovecinema.be\/nl\/?s={search_term_string}"},"query-input":"required name=search_term_string"}],"inLanguage":"fr-FR"},{"@type":"Organization","@id":"https:\/\/welovecinema.be\/nl\/#organization","name":"We Love Cinema","url":"https:\/\/welovecinema.be\/nl\/","logo":{"@type":"ImageObject","inLanguage":"fr-FR","@id":"https:\/\/welovecinema.be\/nl\/#\/schema\/logo\/image\/","url":"https:\/\/welovecinema.be\/wp-content\/uploads\/sites\/2\/2023\/03\/Logo-We-Love-Cinema305x128.jpg","contentUrl":"https:\/\/welovecinema.be\/wp-content\/uploads\/sites\/2\/2023\/03\/Logo-We-Love-Cinema305x128.jpg","width":305,"height":128,"caption":"We Love Cinema"},"image":{"@id":"https:\/\/welovecinema.be\/nl\/#\/schema\/logo\/image\/"},"sameAs":["https:\/\/www.facebook.com\/welovecinema.be","https:\/\/www.youtube.com\/channel\/UCX5LYGVhnKvYauW4Nta4HJA","https:\/\/www.instagram.com\/welovecinema.be\/"]},{"@type":"Person","@id":"https:\/\/welovecinema.be\/nl\/#\/schema\/person\/8084b68c6b176142d073695c654dc7cf","name":"Aurore Engelen","url":"https:\/\/welovecinema.be\/fr\/author\/aurore-engelen\/"}]}},"_links":{"self":[{"href":"https:\/\/welovecinema.be\/fr\/wp-json\/wp\/v2\/posts\/231113","targetHints":{"allow":["GET"]}}],"collection":[{"href":"https:\/\/welovecinema.be\/fr\/wp-json\/wp\/v2\/posts"}],"about":[{"href":"https:\/\/welovecinema.be\/fr\/wp-json\/wp\/v2\/types\/post"}],"author":[{"embeddable":true,"href":"https:\/\/welovecinema.be\/fr\/wp-json\/wp\/v2\/users\/343"}],"replies":[{"embeddable":true,"href":"https:\/\/welovecinema.be\/fr\/wp-json\/wp\/v2\/comments?post=231113"}],"version-history":[{"count":0,"href":"https:\/\/welovecinema.be\/fr\/wp-json\/wp\/v2\/posts\/231113\/revisions"}],"wp:featuredmedia":[{"embeddable":true,"href":"https:\/\/welovecinema.be\/fr\/wp-json\/wp\/v2\/media\/231118"}],"wp:attachment":[{"href":"https:\/\/welovecinema.be\/fr\/wp-json\/wp\/v2\/media?parent=231113"}],"wp:term":[{"taxonomy":"category","embeddable":true,"href":"https:\/\/welovecinema.be\/fr\/wp-json\/wp\/v2\/categories?post=231113"},{"taxonomy":"post_tag","embeddable":true,"href":"https:\/\/welovecinema.be\/fr\/wp-json\/wp\/v2\/tags?post=231113"}],"curies":[{"name":"wp","href":"https:\/\/api.w.org\/{rel}","templated":true}]}}