{"id":231091,"date":"2020-08-26T17:41:08","date_gmt":"2020-08-26T15:41:08","guid":{"rendered":"https:\/\/www.cinevox.be\/?p=231091"},"modified":"2020-08-27T17:06:19","modified_gmt":"2020-08-27T15:06:19","slug":"rendez-vous-au-brif-et-au-bsff","status":"publish","type":"post","link":"https:\/\/welovecinema.be\/fr\/rendez-vous-au-brif-et-au-bsff\/","title":{"rendered":"Rendez-vous au BRIFF et au BSFF!"},"content":{"rendered":"<p><strong>L&rsquo;asbl Un soir un grain, organisatrice du Brussels International Film Festival et du Brussels Short Film Festival tenait ce matin une conf\u00e9rence de presse visant \u00e0 pr\u00e9senter le programme de ces deux festivals, qui se tiendront du 2 au 13 septembre prochains, envers et contre tout!<\/strong><\/p>\n<p>A situations exceptionnelle, mesures exceptionnelles. Apr\u00e8s les diff\u00e9rentes initiatives de l&rsquo;\u00e9t\u00e9 (notamment le Pop-Up Mills ou le festival de cin\u00e9ma En ville!), Le BRIFF et le BSFF essuient les pl\u00e2tres de cette rentr\u00e9e culturelle qui s&rsquo;annonce sous des auspices pas forc\u00e9ment r\u00e9jouissants, devant faire leurs les consignes sanitaires en cours (et en constante \u00e9volution&#8230;) tout en restant attractifs pour le public, plus que jamais invit\u00e9 \u00e0 soutenir le secteur culturel par sa participation. Fini le home cinema, vive le cin\u00e9ma en salles.<\/p>\n<p>Si les deux festivals ont d\u00fb voyager dans le temps (d&rsquo;abord pr\u00e9vu en mai, le BSFF a ensuite \u00e9t\u00e9 d\u00e9plac\u00e9 en juin, puis finalement en septembre), et si l&rsquo;organisation est particuli\u00e8rement compliqu\u00e9e, d&rsquo;autant qu&rsquo;elle doit tenir compte de l&rsquo;\u00e9volution perp\u00e9tuelle de la situation, les organisateur\u00b7rices ont tenu bon pour proposer au public de faire malgr\u00e9 tout la f\u00eate aux cin\u00e9mas, de tous genres et de tous formats.<\/p>\n<p>C\u00f4t\u00e9 Brussels Short, la Comp\u00e9tition Internationale ayant \u00e9t\u00e9 remise \u00e0 2021, on retrouvera pas moins de 157 films, dont 54 courts m\u00e9trages belges en comp\u00e9tition dans les sections Comp\u00e9tition Internationale et Next Generation (on vous dit tout sur les films en lice <a href=\"https:\/\/www.cinevox.be\/fr\/les-courts-belges-du-bsff-2020\/\">ici<\/a>). De quoi c\u00e9l\u00e9brer le cin\u00e9ma noir jaune rouge, se r\u00e9jouir de retrouver les valeurs s\u00fbres du court m\u00e9trage belge actuel et les espoirs de demain.<\/p>\n<p><img loading=\"lazy\" decoding=\"async\" class=\"alignnone size-large wp-image-231095\" src=\"https:\/\/www.cinevox.be\/wp-content\/uploads\/sites\/2\/2020\/08\/bsff.-grande-800x444.jpg\" alt=\"\" width=\"618\" height=\"343\" srcset=\"https:\/\/welovecinema.be\/wp-content\/uploads\/sites\/2\/2020\/08\/bsff.-grande-800x444.jpg 800w, https:\/\/welovecinema.be\/wp-content\/uploads\/sites\/2\/2020\/08\/bsff.-grande-480x267.jpg 480w, https:\/\/welovecinema.be\/wp-content\/uploads\/sites\/2\/2020\/08\/bsff.-grande-768x427.jpg 768w, https:\/\/welovecinema.be\/wp-content\/uploads\/sites\/2\/2020\/08\/bsff.-grande.jpg 900w\" sizes=\"auto, (max-width: 618px) 100vw, 618px\" \/><\/p>\n<p>C\u00f4t\u00e9 Brussels International Film Festival, on retiendra la belle ouverture, \u00e0 l&rsquo;occasion de laquelle <em>Des hommes<\/em> du r\u00e9alisateur belge Lucas Belvaux (<em>La Raison du plus faible, Pas son genre, Chez nous<\/em>) sera projet\u00e9 dans pas moins de trois salles, en pr\u00e9sence du cin\u00e9aste, et de deux ses h\u00e9ros, Jean-Pierre Darroussin et Yoan Zimmer, mais aussi l&rsquo;invitation lanc\u00e9e \u00e0 Costa-Gavras, qui viendra donner une master-class, et pr\u00e9senter deux des 6 films de l&rsquo;hommage qui lui sera rendu, et la mise en lumi\u00e8re des trois comp\u00e9titions du Festival, la Comp\u00e9tition Internationale, la Comp\u00e9tition Nationale (on vous en parle <a href=\"https:\/\/www.cinevox.be\/fr\/la-competition-%f0%9f%87%a7%f0%9f%87%aa-du-briff\/\">ici<\/a>) et la Director&rsquo;s Week.<\/p>\n<p>Et la convivialit\u00e9 dans tout \u00e7a? Les s\u00e9ances se tiendront au Vend\u00f4me et \u00e0 Flagey pour le BSFF (du 2 au 12 septembre), \u00e0 l&rsquo;UGC, \u00e0 Bozar, au Palace et aux Galeries pour le BRIFF (du 3 au 13 septembre), dans le respect des consignes sanitaires bien s\u00fbr. Des s\u00e9ances en plein air auront lieu au Mont des Arts, deux s\u00e9ances consacr\u00e9es au court m\u00e9trage, ainsi que des projections grand public de <em>Qui veut la peau de Roger Rabbit?<\/em> et <em>Indiana Jones<\/em>. Un chapiteau (avec places assises) sera \u00e9galement install\u00e9 Place de la Monnaie.<\/p>\n<p>Rendez-vous est donc pris \u00e0 Bruxelles et Ixelles du 2 au 13 septembre prochains!<\/p>\n","protected":false},"excerpt":{"rendered":"<p>L&rsquo;asbl Un soir un grain, organisatrice du Brussels International Film Festival et du Brussels Short Film Festival tenait ce matin une conf\u00e9rence de presse visant \u00e0 pr\u00e9senter le programme de ces deux festivals, qui se tiendront du 2 au 13 septembre prochains, envers et contre tout! A situations exceptionnelle, mesures exceptionnelles. Apr\u00e8s les diff\u00e9rentes initiatives &hellip;<\/p>\n","protected":false},"author":343,"featured_media":231093,"comment_status":"closed","ping_status":"closed","sticky":false,"template":"","format":"standard","meta":{"ngg_post_thumbnail":0,"footnotes":""},"categories":[12],"tags":[4182,5260,4187],"class_list":["post-231091","post","type-post","status-publish","format-standard","has-post-thumbnail","","category-awards","tag-briff-2","tag-bsff-2","tag-newsletter-fr"],"yoast_head":"<!-- This site is optimized with the Yoast SEO plugin v20.4 - https:\/\/yoast.com\/wordpress\/plugins\/seo\/ -->\n<title>Rendez-vous au BRIFF et au BSFF! - We Love Cinema<\/title>\n<meta name=\"robots\" content=\"index, follow, max-snippet:-1, max-image-preview:large, max-video-preview:-1\" \/>\n<link rel=\"canonical\" href=\"https:\/\/welovecinema.be\/fr\/rendez-vous-au-brif-et-au-bsff\/\" \/>\n<meta property=\"og:locale\" content=\"fr_FR\" \/>\n<meta property=\"og:type\" content=\"article\" \/>\n<meta property=\"og:title\" content=\"Rendez-vous au BRIFF et au BSFF! - We Love Cinema\" \/>\n<meta property=\"og:description\" content=\"L&rsquo;asbl Un soir un grain, organisatrice du Brussels International Film Festival et du Brussels Short Film Festival tenait ce matin une conf\u00e9rence de presse visant \u00e0 pr\u00e9senter le programme de ces deux festivals, qui se tiendront du 2 au 13 septembre prochains, envers et contre tout! A situations exceptionnelle, mesures exceptionnelles. Apr\u00e8s les diff\u00e9rentes initiatives &hellip;\" \/>\n<meta property=\"og:url\" content=\"https:\/\/welovecinema.be\/fr\/rendez-vous-au-brif-et-au-bsff\/\" \/>\n<meta property=\"og:site_name\" content=\"We Love Cinema\" \/>\n<meta property=\"article:publisher\" content=\"https:\/\/www.facebook.com\/welovecinema.be\" \/>\n<meta property=\"article:published_time\" content=\"2020-08-26T15:41:08+00:00\" \/>\n<meta property=\"article:modified_time\" content=\"2020-08-27T15:06:19+00:00\" \/>\n<meta property=\"og:image\" content=\"https:\/\/welovecinema.be\/wp-content\/uploads\/sites\/2\/2020\/08\/65283906_1232023520308371_4945894925720879104_o_1232023513641705.jpg\" \/>\n\t<meta property=\"og:image:width\" content=\"1380\" \/>\n\t<meta property=\"og:image:height\" content=\"920\" \/>\n\t<meta property=\"og:image:type\" content=\"image\/jpeg\" \/>\n<meta name=\"author\" content=\"Aurore Engelen\" \/>\n<meta name=\"twitter:card\" content=\"summary_large_image\" \/>\n<meta name=\"twitter:label1\" content=\"\u00c9crit par\" \/>\n\t<meta name=\"twitter:data1\" content=\"Aurore Engelen\" \/>\n\t<meta name=\"twitter:label2\" content=\"Dur\u00e9e de lecture estim\u00e9e\" \/>\n\t<meta name=\"twitter:data2\" content=\"3 minutes\" \/>\n<script type=\"application\/ld+json\" class=\"yoast-schema-graph\">{\"@context\":\"https:\/\/schema.org\",\"@graph\":[{\"@type\":\"Article\",\"@id\":\"https:\/\/welovecinema.be\/fr\/rendez-vous-au-brif-et-au-bsff\/#article\",\"isPartOf\":{\"@id\":\"https:\/\/welovecinema.be\/fr\/rendez-vous-au-brif-et-au-bsff\/\"},\"author\":{\"name\":\"Aurore Engelen\",\"@id\":\"https:\/\/welovecinema.be\/nl\/#\/schema\/person\/8084b68c6b176142d073695c654dc7cf\"},\"headline\":\"Rendez-vous au BRIFF et au BSFF!\",\"datePublished\":\"2020-08-26T15:41:08+00:00\",\"dateModified\":\"2020-08-27T15:06:19+00:00\",\"mainEntityOfPage\":{\"@id\":\"https:\/\/welovecinema.be\/fr\/rendez-vous-au-brif-et-au-bsff\/\"},\"wordCount\":517,\"publisher\":{\"@id\":\"https:\/\/welovecinema.be\/nl\/#organization\"},\"keywords\":[\"BRIFF\",\"BSFF\",\"newsletter\"],\"articleSection\":[\"Evenements\"],\"inLanguage\":\"fr-FR\"},{\"@type\":\"WebPage\",\"@id\":\"https:\/\/welovecinema.be\/fr\/rendez-vous-au-brif-et-au-bsff\/\",\"url\":\"https:\/\/welovecinema.be\/fr\/rendez-vous-au-brif-et-au-bsff\/\",\"name\":\"Rendez-vous au BRIFF et au BSFF! - We Love Cinema\",\"isPartOf\":{\"@id\":\"https:\/\/welovecinema.be\/nl\/#website\"},\"datePublished\":\"2020-08-26T15:41:08+00:00\",\"dateModified\":\"2020-08-27T15:06:19+00:00\",\"breadcrumb\":{\"@id\":\"https:\/\/welovecinema.be\/fr\/rendez-vous-au-brif-et-au-bsff\/#breadcrumb\"},\"inLanguage\":\"fr-FR\",\"potentialAction\":[{\"@type\":\"ReadAction\",\"target\":[\"https:\/\/welovecinema.be\/fr\/rendez-vous-au-brif-et-au-bsff\/\"]}]},{\"@type\":\"BreadcrumbList\",\"@id\":\"https:\/\/welovecinema.be\/fr\/rendez-vous-au-brif-et-au-bsff\/#breadcrumb\",\"itemListElement\":[{\"@type\":\"ListItem\",\"position\":1,\"name\":\"Accueil\",\"item\":\"https:\/\/welovecinema.be\/fr\/\"},{\"@type\":\"ListItem\",\"position\":2,\"name\":\"Rendez-vous au BRIFF et au BSFF!\"}]},{\"@type\":\"WebSite\",\"@id\":\"https:\/\/welovecinema.be\/nl\/#website\",\"url\":\"https:\/\/welovecinema.be\/nl\/\",\"name\":\"We Love Cinema\",\"description\":\"Toute l\u2019information du cin\u00e9ma en Belgique\",\"publisher\":{\"@id\":\"https:\/\/welovecinema.be\/nl\/#organization\"},\"potentialAction\":[{\"@type\":\"SearchAction\",\"target\":{\"@type\":\"EntryPoint\",\"urlTemplate\":\"https:\/\/welovecinema.be\/nl\/?s={search_term_string}\"},\"query-input\":\"required name=search_term_string\"}],\"inLanguage\":\"fr-FR\"},{\"@type\":\"Organization\",\"@id\":\"https:\/\/welovecinema.be\/nl\/#organization\",\"name\":\"We Love Cinema\",\"url\":\"https:\/\/welovecinema.be\/nl\/\",\"logo\":{\"@type\":\"ImageObject\",\"inLanguage\":\"fr-FR\",\"@id\":\"https:\/\/welovecinema.be\/nl\/#\/schema\/logo\/image\/\",\"url\":\"https:\/\/welovecinema.be\/wp-content\/uploads\/sites\/2\/2023\/03\/Logo-We-Love-Cinema305x128.jpg\",\"contentUrl\":\"https:\/\/welovecinema.be\/wp-content\/uploads\/sites\/2\/2023\/03\/Logo-We-Love-Cinema305x128.jpg\",\"width\":305,\"height\":128,\"caption\":\"We Love Cinema\"},\"image\":{\"@id\":\"https:\/\/welovecinema.be\/nl\/#\/schema\/logo\/image\/\"},\"sameAs\":[\"https:\/\/www.facebook.com\/welovecinema.be\",\"https:\/\/www.youtube.com\/channel\/UCX5LYGVhnKvYauW4Nta4HJA\",\"https:\/\/www.instagram.com\/welovecinema.be\/\"]},{\"@type\":\"Person\",\"@id\":\"https:\/\/welovecinema.be\/nl\/#\/schema\/person\/8084b68c6b176142d073695c654dc7cf\",\"name\":\"Aurore Engelen\",\"url\":\"https:\/\/welovecinema.be\/fr\/author\/aurore-engelen\/\"}]}<\/script>\n<!-- \/ Yoast SEO plugin. -->","yoast_head_json":{"title":"Rendez-vous au BRIFF et au BSFF! - We Love Cinema","robots":{"index":"index","follow":"follow","max-snippet":"max-snippet:-1","max-image-preview":"max-image-preview:large","max-video-preview":"max-video-preview:-1"},"canonical":"https:\/\/welovecinema.be\/fr\/rendez-vous-au-brif-et-au-bsff\/","og_locale":"fr_FR","og_type":"article","og_title":"Rendez-vous au BRIFF et au BSFF! - We Love Cinema","og_description":"L&rsquo;asbl Un soir un grain, organisatrice du Brussels International Film Festival et du Brussels Short Film Festival tenait ce matin une conf\u00e9rence de presse visant \u00e0 pr\u00e9senter le programme de ces deux festivals, qui se tiendront du 2 au 13 septembre prochains, envers et contre tout! A situations exceptionnelle, mesures exceptionnelles. Apr\u00e8s les diff\u00e9rentes initiatives &hellip;","og_url":"https:\/\/welovecinema.be\/fr\/rendez-vous-au-brif-et-au-bsff\/","og_site_name":"We Love Cinema","article_publisher":"https:\/\/www.facebook.com\/welovecinema.be","article_published_time":"2020-08-26T15:41:08+00:00","article_modified_time":"2020-08-27T15:06:19+00:00","og_image":[{"width":1380,"height":920,"url":"https:\/\/welovecinema.be\/wp-content\/uploads\/sites\/2\/2020\/08\/65283906_1232023520308371_4945894925720879104_o_1232023513641705.jpg","type":"image\/jpeg"}],"author":"Aurore Engelen","twitter_card":"summary_large_image","twitter_misc":{"\u00c9crit par":"Aurore Engelen","Dur\u00e9e de lecture estim\u00e9e":"3 minutes"},"schema":{"@context":"https:\/\/schema.org","@graph":[{"@type":"Article","@id":"https:\/\/welovecinema.be\/fr\/rendez-vous-au-brif-et-au-bsff\/#article","isPartOf":{"@id":"https:\/\/welovecinema.be\/fr\/rendez-vous-au-brif-et-au-bsff\/"},"author":{"name":"Aurore Engelen","@id":"https:\/\/welovecinema.be\/nl\/#\/schema\/person\/8084b68c6b176142d073695c654dc7cf"},"headline":"Rendez-vous au BRIFF et au BSFF!","datePublished":"2020-08-26T15:41:08+00:00","dateModified":"2020-08-27T15:06:19+00:00","mainEntityOfPage":{"@id":"https:\/\/welovecinema.be\/fr\/rendez-vous-au-brif-et-au-bsff\/"},"wordCount":517,"publisher":{"@id":"https:\/\/welovecinema.be\/nl\/#organization"},"keywords":["BRIFF","BSFF","newsletter"],"articleSection":["Evenements"],"inLanguage":"fr-FR"},{"@type":"WebPage","@id":"https:\/\/welovecinema.be\/fr\/rendez-vous-au-brif-et-au-bsff\/","url":"https:\/\/welovecinema.be\/fr\/rendez-vous-au-brif-et-au-bsff\/","name":"Rendez-vous au BRIFF et au BSFF! - We Love Cinema","isPartOf":{"@id":"https:\/\/welovecinema.be\/nl\/#website"},"datePublished":"2020-08-26T15:41:08+00:00","dateModified":"2020-08-27T15:06:19+00:00","breadcrumb":{"@id":"https:\/\/welovecinema.be\/fr\/rendez-vous-au-brif-et-au-bsff\/#breadcrumb"},"inLanguage":"fr-FR","potentialAction":[{"@type":"ReadAction","target":["https:\/\/welovecinema.be\/fr\/rendez-vous-au-brif-et-au-bsff\/"]}]},{"@type":"BreadcrumbList","@id":"https:\/\/welovecinema.be\/fr\/rendez-vous-au-brif-et-au-bsff\/#breadcrumb","itemListElement":[{"@type":"ListItem","position":1,"name":"Accueil","item":"https:\/\/welovecinema.be\/fr\/"},{"@type":"ListItem","position":2,"name":"Rendez-vous au BRIFF et au BSFF!"}]},{"@type":"WebSite","@id":"https:\/\/welovecinema.be\/nl\/#website","url":"https:\/\/welovecinema.be\/nl\/","name":"We Love Cinema","description":"Toute l\u2019information du cin\u00e9ma en Belgique","publisher":{"@id":"https:\/\/welovecinema.be\/nl\/#organization"},"potentialAction":[{"@type":"SearchAction","target":{"@type":"EntryPoint","urlTemplate":"https:\/\/welovecinema.be\/nl\/?s={search_term_string}"},"query-input":"required name=search_term_string"}],"inLanguage":"fr-FR"},{"@type":"Organization","@id":"https:\/\/welovecinema.be\/nl\/#organization","name":"We Love Cinema","url":"https:\/\/welovecinema.be\/nl\/","logo":{"@type":"ImageObject","inLanguage":"fr-FR","@id":"https:\/\/welovecinema.be\/nl\/#\/schema\/logo\/image\/","url":"https:\/\/welovecinema.be\/wp-content\/uploads\/sites\/2\/2023\/03\/Logo-We-Love-Cinema305x128.jpg","contentUrl":"https:\/\/welovecinema.be\/wp-content\/uploads\/sites\/2\/2023\/03\/Logo-We-Love-Cinema305x128.jpg","width":305,"height":128,"caption":"We Love Cinema"},"image":{"@id":"https:\/\/welovecinema.be\/nl\/#\/schema\/logo\/image\/"},"sameAs":["https:\/\/www.facebook.com\/welovecinema.be","https:\/\/www.youtube.com\/channel\/UCX5LYGVhnKvYauW4Nta4HJA","https:\/\/www.instagram.com\/welovecinema.be\/"]},{"@type":"Person","@id":"https:\/\/welovecinema.be\/nl\/#\/schema\/person\/8084b68c6b176142d073695c654dc7cf","name":"Aurore Engelen","url":"https:\/\/welovecinema.be\/fr\/author\/aurore-engelen\/"}]}},"_links":{"self":[{"href":"https:\/\/welovecinema.be\/fr\/wp-json\/wp\/v2\/posts\/231091","targetHints":{"allow":["GET"]}}],"collection":[{"href":"https:\/\/welovecinema.be\/fr\/wp-json\/wp\/v2\/posts"}],"about":[{"href":"https:\/\/welovecinema.be\/fr\/wp-json\/wp\/v2\/types\/post"}],"author":[{"embeddable":true,"href":"https:\/\/welovecinema.be\/fr\/wp-json\/wp\/v2\/users\/343"}],"replies":[{"embeddable":true,"href":"https:\/\/welovecinema.be\/fr\/wp-json\/wp\/v2\/comments?post=231091"}],"version-history":[{"count":0,"href":"https:\/\/welovecinema.be\/fr\/wp-json\/wp\/v2\/posts\/231091\/revisions"}],"wp:featuredmedia":[{"embeddable":true,"href":"https:\/\/welovecinema.be\/fr\/wp-json\/wp\/v2\/media\/231093"}],"wp:attachment":[{"href":"https:\/\/welovecinema.be\/fr\/wp-json\/wp\/v2\/media?parent=231091"}],"wp:term":[{"taxonomy":"category","embeddable":true,"href":"https:\/\/welovecinema.be\/fr\/wp-json\/wp\/v2\/categories?post=231091"},{"taxonomy":"post_tag","embeddable":true,"href":"https:\/\/welovecinema.be\/fr\/wp-json\/wp\/v2\/tags?post=231091"}],"curies":[{"name":"wp","href":"https:\/\/api.w.org\/{rel}","templated":true}]}}