{"id":230974,"date":"2020-08-24T10:44:03","date_gmt":"2020-08-24T08:44:03","guid":{"rendered":"https:\/\/www.cinevox.be\/?p=230974"},"modified":"2020-08-25T08:35:55","modified_gmt":"2020-08-25T06:35:55","slug":"carole-x-jean-jacques-x-les-enfants-1-semaine-sur-2","status":"publish","type":"post","link":"https:\/\/welovecinema.be\/fr\/carole-x-jean-jacques-x-les-enfants-1-semaine-sur-2\/","title":{"rendered":"Carole x Jean-Jacques x les enfants = \u00ab\u00a01 semaine sur 2\u00a0\u00bb"},"content":{"rendered":"<p><strong>Carole Matagne et Jean-Jacques Rausin tournent actuellement <em>1 semaine sur 2<\/em>, programme court pour la RTBF, r\u00e9alis\u00e9 par Gr\u00e9gory Beghin.<\/strong><\/p>\n<p>Carole Matagne est une pro de l&rsquo;impro, membre de la Ligue d&rsquo;Improvisation Professionnelle Belge, et accro des planches. En 2018, elle monte son premier seule-en-sc\u00e8ne, <em>One Belle-M\u00e8re Show<\/em>, co-\u00e9crit avec Mathieu Debaty, h\u00e9ros de la webs\u00e9rie <em>Euh<\/em>. Le spectacle rencontre un joli succ\u00e8s, et se mue aujourd&rsquo;hui en une s\u00e9rie de 50 courtes capsules humoristiques autour de la m\u00eame th\u00e9matique, r\u00e9alis\u00e9es par Gr\u00e9gory Beghin, d\u00e9j\u00e0 \u00e0 l&rsquo;origine de <em>Euh<\/em>, et qui a r\u00e9cemment co-r\u00e9alis\u00e9 <em>Losers Revolution<\/em> de Thomas Ancora!<\/p>\n<p>Mais c&rsquo;est quoi le pitch? Carole vient d\u2019emme\u0301nager avec Jean-Jacques. Ils sont tre\u0300s amoureux. Le proble\u0300me, c\u2019est que Jean-Jacques a de\u0301ja\u0300 3 enfants et Carole, les enfants, c\u2019est pas vraiment son truc. <em>1 semaine sur 2<\/em>, c\u2019est l\u2019histoire quotidienne de cette famille recompose\u0301e dans laquelle chacun essaie de trouver sa place.<\/p>\n<p>Pour Carole, c&rsquo;\u00e9tait tout trouv\u00e9, c&rsquo;est donc Carole Matagne qui s&rsquo;y colle. Mais pour Jean-Jacques? L&rsquo;\u00e9quipe a fait appel \u00e0 Jean-Jacques Rausin, inoubliable h\u00e9ros hypocondriaque de <em>Je me tue \u00e0 le dire<\/em> de Xavier Seron (qui lui a d&rsquo;ailleurs valu le Magritte du Meilleur acteur), et bien connu des spectateurs de la RTBF pour son r\u00f4le de Micha\u00ebl Charlier dans <em>Ennemi Public<\/em>, saisons 1 et 2.<\/p>\n<p>Actuellement en tournage, ce court programme (3&prime;) produit par la RTBF et Artemis Productions devrait \u00eatre diffus\u00e9 juste apr\u00e8s le JT sur La Une. Rendez-vous cet automne?<\/p>\n","protected":false},"excerpt":{"rendered":"<p>Carole Matagne et Jean-Jacques Rausin tournent actuellement 1 semaine sur 2, programme court pour la RTBF, r\u00e9alis\u00e9 par Gr\u00e9gory Beghin. Carole Matagne est une pro de l&rsquo;impro, membre de la Ligue d&rsquo;Improvisation Professionnelle Belge, et accro des planches. En 2018, elle monte son premier seule-en-sc\u00e8ne, One Belle-M\u00e8re Show, co-\u00e9crit avec Mathieu Debaty, h\u00e9ros de la &hellip;<\/p>\n","protected":false},"author":343,"featured_media":230975,"comment_status":"closed","ping_status":"closed","sticky":false,"template":"","format":"standard","meta":{"ngg_post_thumbnail":0,"footnotes":""},"categories":[53,14,11],"tags":[5245,5246,4116,4187],"class_list":["post-230974","post","type-post","status-publish","format-standard","has-post-thumbnail","","category-coming-soon","category-home-cinema","category-tournages","tag-1-semaine-sur-2","tag-carole-matagne","tag-jean-jacques-rausin-2","tag-newsletter-fr"],"yoast_head":"<!-- This site is optimized with the Yoast SEO plugin v20.4 - https:\/\/yoast.com\/wordpress\/plugins\/seo\/ -->\n<title>Carole x Jean-Jacques x les enfants = &quot;1 semaine sur 2&quot; - We Love Cinema<\/title>\n<meta name=\"robots\" content=\"index, follow, max-snippet:-1, max-image-preview:large, max-video-preview:-1\" \/>\n<link rel=\"canonical\" href=\"https:\/\/welovecinema.be\/fr\/carole-x-jean-jacques-x-les-enfants-1-semaine-sur-2\/\" \/>\n<meta property=\"og:locale\" content=\"fr_FR\" \/>\n<meta property=\"og:type\" content=\"article\" \/>\n<meta property=\"og:title\" content=\"Carole x Jean-Jacques x les enfants = &quot;1 semaine sur 2&quot; - We Love Cinema\" \/>\n<meta property=\"og:description\" content=\"Carole Matagne et Jean-Jacques Rausin tournent actuellement 1 semaine sur 2, programme court pour la RTBF, r\u00e9alis\u00e9 par Gr\u00e9gory Beghin. Carole Matagne est une pro de l&rsquo;impro, membre de la Ligue d&rsquo;Improvisation Professionnelle Belge, et accro des planches. En 2018, elle monte son premier seule-en-sc\u00e8ne, One Belle-M\u00e8re Show, co-\u00e9crit avec Mathieu Debaty, h\u00e9ros de la &hellip;\" \/>\n<meta property=\"og:url\" content=\"https:\/\/welovecinema.be\/fr\/carole-x-jean-jacques-x-les-enfants-1-semaine-sur-2\/\" \/>\n<meta property=\"og:site_name\" content=\"We Love Cinema\" \/>\n<meta property=\"article:publisher\" content=\"https:\/\/www.facebook.com\/welovecinema.be\" \/>\n<meta property=\"article:published_time\" content=\"2020-08-24T08:44:03+00:00\" \/>\n<meta property=\"article:modified_time\" content=\"2020-08-25T06:35:55+00:00\" \/>\n<meta property=\"og:image\" content=\"https:\/\/welovecinema.be\/wp-content\/uploads\/sites\/2\/2020\/08\/1-semaine-sur-2-scaled.jpg\" \/>\n\t<meta property=\"og:image:width\" content=\"2560\" \/>\n\t<meta property=\"og:image:height\" content=\"1440\" \/>\n\t<meta property=\"og:image:type\" content=\"image\/jpeg\" \/>\n<meta name=\"author\" content=\"Aurore Engelen\" \/>\n<meta name=\"twitter:card\" content=\"summary_large_image\" \/>\n<meta name=\"twitter:label1\" content=\"\u00c9crit par\" \/>\n\t<meta name=\"twitter:data1\" content=\"Aurore Engelen\" \/>\n\t<meta name=\"twitter:label2\" content=\"Dur\u00e9e de lecture estim\u00e9e\" \/>\n\t<meta name=\"twitter:data2\" content=\"1 minute\" \/>\n<script type=\"application\/ld+json\" class=\"yoast-schema-graph\">{\"@context\":\"https:\/\/schema.org\",\"@graph\":[{\"@type\":\"Article\",\"@id\":\"https:\/\/welovecinema.be\/fr\/carole-x-jean-jacques-x-les-enfants-1-semaine-sur-2\/#article\",\"isPartOf\":{\"@id\":\"https:\/\/welovecinema.be\/fr\/carole-x-jean-jacques-x-les-enfants-1-semaine-sur-2\/\"},\"author\":{\"name\":\"Aurore Engelen\",\"@id\":\"https:\/\/welovecinema.be\/nl\/#\/schema\/person\/8084b68c6b176142d073695c654dc7cf\"},\"headline\":\"Carole x Jean-Jacques x les enfants = \u00ab\u00a01 semaine sur 2\u00a0\u00bb\",\"datePublished\":\"2020-08-24T08:44:03+00:00\",\"dateModified\":\"2020-08-25T06:35:55+00:00\",\"mainEntityOfPage\":{\"@id\":\"https:\/\/welovecinema.be\/fr\/carole-x-jean-jacques-x-les-enfants-1-semaine-sur-2\/\"},\"wordCount\":279,\"publisher\":{\"@id\":\"https:\/\/welovecinema.be\/nl\/#organization\"},\"keywords\":[\"1 semaine sur 2\",\"Carole Matagne\",\"Jean-Jacques Rausin\",\"newsletter\"],\"articleSection\":[\"Coming soon\",\"Plateau t\u00e9l\u00e9\",\"Tournages\"],\"inLanguage\":\"fr-FR\"},{\"@type\":\"WebPage\",\"@id\":\"https:\/\/welovecinema.be\/fr\/carole-x-jean-jacques-x-les-enfants-1-semaine-sur-2\/\",\"url\":\"https:\/\/welovecinema.be\/fr\/carole-x-jean-jacques-x-les-enfants-1-semaine-sur-2\/\",\"name\":\"Carole x Jean-Jacques x les enfants = \\\"1 semaine sur 2\\\" - We Love Cinema\",\"isPartOf\":{\"@id\":\"https:\/\/welovecinema.be\/nl\/#website\"},\"datePublished\":\"2020-08-24T08:44:03+00:00\",\"dateModified\":\"2020-08-25T06:35:55+00:00\",\"breadcrumb\":{\"@id\":\"https:\/\/welovecinema.be\/fr\/carole-x-jean-jacques-x-les-enfants-1-semaine-sur-2\/#breadcrumb\"},\"inLanguage\":\"fr-FR\",\"potentialAction\":[{\"@type\":\"ReadAction\",\"target\":[\"https:\/\/welovecinema.be\/fr\/carole-x-jean-jacques-x-les-enfants-1-semaine-sur-2\/\"]}]},{\"@type\":\"BreadcrumbList\",\"@id\":\"https:\/\/welovecinema.be\/fr\/carole-x-jean-jacques-x-les-enfants-1-semaine-sur-2\/#breadcrumb\",\"itemListElement\":[{\"@type\":\"ListItem\",\"position\":1,\"name\":\"Accueil\",\"item\":\"https:\/\/welovecinema.be\/fr\/\"},{\"@type\":\"ListItem\",\"position\":2,\"name\":\"Carole x Jean-Jacques x les enfants = \u00ab\u00a01 semaine sur 2\u00a0\u00bb\"}]},{\"@type\":\"WebSite\",\"@id\":\"https:\/\/welovecinema.be\/nl\/#website\",\"url\":\"https:\/\/welovecinema.be\/nl\/\",\"name\":\"We Love Cinema\",\"description\":\"Toute l\u2019information du cin\u00e9ma en Belgique\",\"publisher\":{\"@id\":\"https:\/\/welovecinema.be\/nl\/#organization\"},\"potentialAction\":[{\"@type\":\"SearchAction\",\"target\":{\"@type\":\"EntryPoint\",\"urlTemplate\":\"https:\/\/welovecinema.be\/nl\/?s={search_term_string}\"},\"query-input\":\"required name=search_term_string\"}],\"inLanguage\":\"fr-FR\"},{\"@type\":\"Organization\",\"@id\":\"https:\/\/welovecinema.be\/nl\/#organization\",\"name\":\"We Love Cinema\",\"url\":\"https:\/\/welovecinema.be\/nl\/\",\"logo\":{\"@type\":\"ImageObject\",\"inLanguage\":\"fr-FR\",\"@id\":\"https:\/\/welovecinema.be\/nl\/#\/schema\/logo\/image\/\",\"url\":\"https:\/\/welovecinema.be\/wp-content\/uploads\/sites\/2\/2023\/03\/Logo-We-Love-Cinema305x128.jpg\",\"contentUrl\":\"https:\/\/welovecinema.be\/wp-content\/uploads\/sites\/2\/2023\/03\/Logo-We-Love-Cinema305x128.jpg\",\"width\":305,\"height\":128,\"caption\":\"We Love Cinema\"},\"image\":{\"@id\":\"https:\/\/welovecinema.be\/nl\/#\/schema\/logo\/image\/\"},\"sameAs\":[\"https:\/\/www.facebook.com\/welovecinema.be\",\"https:\/\/www.youtube.com\/channel\/UCX5LYGVhnKvYauW4Nta4HJA\",\"https:\/\/www.instagram.com\/welovecinema.be\/\"]},{\"@type\":\"Person\",\"@id\":\"https:\/\/welovecinema.be\/nl\/#\/schema\/person\/8084b68c6b176142d073695c654dc7cf\",\"name\":\"Aurore Engelen\",\"url\":\"https:\/\/welovecinema.be\/fr\/author\/aurore-engelen\/\"}]}<\/script>\n<!-- \/ Yoast SEO plugin. -->","yoast_head_json":{"title":"Carole x Jean-Jacques x les enfants = \"1 semaine sur 2\" - We Love Cinema","robots":{"index":"index","follow":"follow","max-snippet":"max-snippet:-1","max-image-preview":"max-image-preview:large","max-video-preview":"max-video-preview:-1"},"canonical":"https:\/\/welovecinema.be\/fr\/carole-x-jean-jacques-x-les-enfants-1-semaine-sur-2\/","og_locale":"fr_FR","og_type":"article","og_title":"Carole x Jean-Jacques x les enfants = \"1 semaine sur 2\" - We Love Cinema","og_description":"Carole Matagne et Jean-Jacques Rausin tournent actuellement 1 semaine sur 2, programme court pour la RTBF, r\u00e9alis\u00e9 par Gr\u00e9gory Beghin. Carole Matagne est une pro de l&rsquo;impro, membre de la Ligue d&rsquo;Improvisation Professionnelle Belge, et accro des planches. En 2018, elle monte son premier seule-en-sc\u00e8ne, One Belle-M\u00e8re Show, co-\u00e9crit avec Mathieu Debaty, h\u00e9ros de la &hellip;","og_url":"https:\/\/welovecinema.be\/fr\/carole-x-jean-jacques-x-les-enfants-1-semaine-sur-2\/","og_site_name":"We Love Cinema","article_publisher":"https:\/\/www.facebook.com\/welovecinema.be","article_published_time":"2020-08-24T08:44:03+00:00","article_modified_time":"2020-08-25T06:35:55+00:00","og_image":[{"width":2560,"height":1440,"url":"https:\/\/welovecinema.be\/wp-content\/uploads\/sites\/2\/2020\/08\/1-semaine-sur-2-scaled.jpg","type":"image\/jpeg"}],"author":"Aurore Engelen","twitter_card":"summary_large_image","twitter_misc":{"\u00c9crit par":"Aurore Engelen","Dur\u00e9e de lecture estim\u00e9e":"1 minute"},"schema":{"@context":"https:\/\/schema.org","@graph":[{"@type":"Article","@id":"https:\/\/welovecinema.be\/fr\/carole-x-jean-jacques-x-les-enfants-1-semaine-sur-2\/#article","isPartOf":{"@id":"https:\/\/welovecinema.be\/fr\/carole-x-jean-jacques-x-les-enfants-1-semaine-sur-2\/"},"author":{"name":"Aurore Engelen","@id":"https:\/\/welovecinema.be\/nl\/#\/schema\/person\/8084b68c6b176142d073695c654dc7cf"},"headline":"Carole x Jean-Jacques x les enfants = \u00ab\u00a01 semaine sur 2\u00a0\u00bb","datePublished":"2020-08-24T08:44:03+00:00","dateModified":"2020-08-25T06:35:55+00:00","mainEntityOfPage":{"@id":"https:\/\/welovecinema.be\/fr\/carole-x-jean-jacques-x-les-enfants-1-semaine-sur-2\/"},"wordCount":279,"publisher":{"@id":"https:\/\/welovecinema.be\/nl\/#organization"},"keywords":["1 semaine sur 2","Carole Matagne","Jean-Jacques Rausin","newsletter"],"articleSection":["Coming soon","Plateau t\u00e9l\u00e9","Tournages"],"inLanguage":"fr-FR"},{"@type":"WebPage","@id":"https:\/\/welovecinema.be\/fr\/carole-x-jean-jacques-x-les-enfants-1-semaine-sur-2\/","url":"https:\/\/welovecinema.be\/fr\/carole-x-jean-jacques-x-les-enfants-1-semaine-sur-2\/","name":"Carole x Jean-Jacques x les enfants = \"1 semaine sur 2\" - We Love Cinema","isPartOf":{"@id":"https:\/\/welovecinema.be\/nl\/#website"},"datePublished":"2020-08-24T08:44:03+00:00","dateModified":"2020-08-25T06:35:55+00:00","breadcrumb":{"@id":"https:\/\/welovecinema.be\/fr\/carole-x-jean-jacques-x-les-enfants-1-semaine-sur-2\/#breadcrumb"},"inLanguage":"fr-FR","potentialAction":[{"@type":"ReadAction","target":["https:\/\/welovecinema.be\/fr\/carole-x-jean-jacques-x-les-enfants-1-semaine-sur-2\/"]}]},{"@type":"BreadcrumbList","@id":"https:\/\/welovecinema.be\/fr\/carole-x-jean-jacques-x-les-enfants-1-semaine-sur-2\/#breadcrumb","itemListElement":[{"@type":"ListItem","position":1,"name":"Accueil","item":"https:\/\/welovecinema.be\/fr\/"},{"@type":"ListItem","position":2,"name":"Carole x Jean-Jacques x les enfants = \u00ab\u00a01 semaine sur 2\u00a0\u00bb"}]},{"@type":"WebSite","@id":"https:\/\/welovecinema.be\/nl\/#website","url":"https:\/\/welovecinema.be\/nl\/","name":"We Love Cinema","description":"Toute l\u2019information du cin\u00e9ma en Belgique","publisher":{"@id":"https:\/\/welovecinema.be\/nl\/#organization"},"potentialAction":[{"@type":"SearchAction","target":{"@type":"EntryPoint","urlTemplate":"https:\/\/welovecinema.be\/nl\/?s={search_term_string}"},"query-input":"required name=search_term_string"}],"inLanguage":"fr-FR"},{"@type":"Organization","@id":"https:\/\/welovecinema.be\/nl\/#organization","name":"We Love Cinema","url":"https:\/\/welovecinema.be\/nl\/","logo":{"@type":"ImageObject","inLanguage":"fr-FR","@id":"https:\/\/welovecinema.be\/nl\/#\/schema\/logo\/image\/","url":"https:\/\/welovecinema.be\/wp-content\/uploads\/sites\/2\/2023\/03\/Logo-We-Love-Cinema305x128.jpg","contentUrl":"https:\/\/welovecinema.be\/wp-content\/uploads\/sites\/2\/2023\/03\/Logo-We-Love-Cinema305x128.jpg","width":305,"height":128,"caption":"We Love Cinema"},"image":{"@id":"https:\/\/welovecinema.be\/nl\/#\/schema\/logo\/image\/"},"sameAs":["https:\/\/www.facebook.com\/welovecinema.be","https:\/\/www.youtube.com\/channel\/UCX5LYGVhnKvYauW4Nta4HJA","https:\/\/www.instagram.com\/welovecinema.be\/"]},{"@type":"Person","@id":"https:\/\/welovecinema.be\/nl\/#\/schema\/person\/8084b68c6b176142d073695c654dc7cf","name":"Aurore Engelen","url":"https:\/\/welovecinema.be\/fr\/author\/aurore-engelen\/"}]}},"_links":{"self":[{"href":"https:\/\/welovecinema.be\/fr\/wp-json\/wp\/v2\/posts\/230974","targetHints":{"allow":["GET"]}}],"collection":[{"href":"https:\/\/welovecinema.be\/fr\/wp-json\/wp\/v2\/posts"}],"about":[{"href":"https:\/\/welovecinema.be\/fr\/wp-json\/wp\/v2\/types\/post"}],"author":[{"embeddable":true,"href":"https:\/\/welovecinema.be\/fr\/wp-json\/wp\/v2\/users\/343"}],"replies":[{"embeddable":true,"href":"https:\/\/welovecinema.be\/fr\/wp-json\/wp\/v2\/comments?post=230974"}],"version-history":[{"count":0,"href":"https:\/\/welovecinema.be\/fr\/wp-json\/wp\/v2\/posts\/230974\/revisions"}],"wp:featuredmedia":[{"embeddable":true,"href":"https:\/\/welovecinema.be\/fr\/wp-json\/wp\/v2\/media\/230975"}],"wp:attachment":[{"href":"https:\/\/welovecinema.be\/fr\/wp-json\/wp\/v2\/media?parent=230974"}],"wp:term":[{"taxonomy":"category","embeddable":true,"href":"https:\/\/welovecinema.be\/fr\/wp-json\/wp\/v2\/categories?post=230974"},{"taxonomy":"post_tag","embeddable":true,"href":"https:\/\/welovecinema.be\/fr\/wp-json\/wp\/v2\/tags?post=230974"}],"curies":[{"name":"wp","href":"https:\/\/api.w.org\/{rel}","templated":true}]}}