{"id":230873,"date":"2020-08-20T09:58:06","date_gmt":"2020-08-20T07:58:06","guid":{"rendered":"https:\/\/www.cinevox.be\/?p=230873"},"modified":"2020-08-21T09:30:24","modified_gmt":"2020-08-21T07:30:24","slug":"jeremie-renier-mene-la-vie-dans-les-bois-pour-francois-pirot","status":"publish","type":"post","link":"https:\/\/welovecinema.be\/fr\/jeremie-renier-mene-la-vie-dans-les-bois-pour-francois-pirot\/","title":{"rendered":"J\u00e9r\u00e9mie Renier m\u00e8ne \u00ab\u00a0La Vie dans les bois\u00a0\u00bb pour Fran\u00e7ois Pirot"},"content":{"rendered":"<p class=\"p1\"><strong>C\u2019est le 7 septembre prochain que d\u00e9butera le tournage de <i>La Vie dans les bois<\/i>, le deuxi\u00e8me long m\u00e9trage du cin\u00e9aste belge Fran\u00e7ois Pirot, La Vie dans les bois, avec J\u00e9r\u00e9mie Renier dans le r\u00f4le principal.<\/strong><\/p>\n<p>Le premier long m\u00e9trage de Fran\u00e7ois Pirot, <i>Mobile Home<\/i>, sorti en 2012, parlait de deux trentenaires en crise, interpr\u00e9t\u00e9s par Arthur Dupont et Guillaume Gouix, peinant \u00e0 trouver leur place dans la soci\u00e9t\u00e9. Le film, nomm\u00e9 7 fois aux Magritte, avait re\u00e7u celui du Meilleur espoir f\u00e9minine pour Anne-Pascale Clairembourg, et celui de la Meilleure Musique.<\/p>\n<p>Depuis, Fran\u00e7ois Pirot a r\u00e9alis\u00e9 un long documentaire puissant, <i>Eurovillage<\/i>, et poursuivi sa carri\u00e8re de sc\u00e9nariste. Il a co-\u00e9crit <i>La Vie dans les bois<\/i> avec le cin\u00e9aste Emmanuel Marre, auteur remarqu\u00e9 des moyens m\u00e9trages <i>Le Film de l\u2019\u00e9t\u00e9<\/i> et <i>D\u2019un ch\u00e2teau l\u2019autre<\/i>, qui termine actuellement son premier long, <i>Carpe Diem<\/i>, avec Ad\u00e8le Exarchopoulos.<\/p>\n<p>Dix ans plus tard ou presque donc, Fran\u00e7ois Pirot revient avec <i>La Vie dans les bois<\/i>, qui s\u2019attache cette fois-ci \u00e0 un homme en pleine crise de la quarantaine. Alors que sa famille et son m\u00e9tier le sollicitent tout particuli\u00e8rement, Mathieu, sans crier gare, s\u2019enfonce dans la for\u00eat et y reste. Face \u00e0 cette prise de libert\u00e9 radicale et \u00e0 l\u2019absence qu\u2019elle implique, ses proches, bouscul\u00e9s, vont \u00eatre confront\u00e9s \u00e0 eux-m\u00eames et \u00e0 leurs choix.<\/p>\n<p class=\"p1\">Au g\u00e9n\u00e9rique du film, on retrouve le com\u00e9dien belge J\u00e9r\u00e9mie Renier, qui n&rsquo;en finit d\u00e9cid\u00e9ment plus de tourner, puisqu&rsquo;on l&rsquo;attend prochainement dans <em>Slalom<\/em> de Charl\u00e8ne Favier (qui a b\u00e9n\u00e9fici\u00e9 du label Cannes 2020), dans <em>Un petit-fils<\/em> de Xavier Beauvois, et last but not least, dans le prochain film de Stephan Streker, <i>L\u2019Ennemi<\/i>.<\/p>\n<figure id=\"attachment_230877\" aria-describedby=\"caption-attachment-230877\" style=\"width: 618px\" class=\"wp-caption alignnone\"><img loading=\"lazy\" decoding=\"async\" class=\"size-large wp-image-230877\" src=\"https:\/\/www.cinevox.be\/wp-content\/uploads\/sites\/2\/2020\/08\/155547.jpg-r_1280_720-f_jpg-q_x-xxyxx-800x538.jpg\" alt=\"Suzanne-Clement-Les-Premiers-Les-Derniers\" width=\"618\" height=\"416\" srcset=\"https:\/\/welovecinema.be\/wp-content\/uploads\/sites\/2\/2020\/08\/155547.jpg-r_1280_720-f_jpg-q_x-xxyxx-800x538.jpg 800w, https:\/\/welovecinema.be\/wp-content\/uploads\/sites\/2\/2020\/08\/155547.jpg-r_1280_720-f_jpg-q_x-xxyxx-402x270.jpg 402w, https:\/\/welovecinema.be\/wp-content\/uploads\/sites\/2\/2020\/08\/155547.jpg-r_1280_720-f_jpg-q_x-xxyxx-768x516.jpg 768w, https:\/\/welovecinema.be\/wp-content\/uploads\/sites\/2\/2020\/08\/155547.jpg-r_1280_720-f_jpg-q_x-xxyxx-110x75.jpg 110w, https:\/\/welovecinema.be\/wp-content\/uploads\/sites\/2\/2020\/08\/155547.jpg-r_1280_720-f_jpg-q_x-xxyxx.jpg 1071w\" sizes=\"auto, (max-width: 618px) 100vw, 618px\" \/><figcaption id=\"caption-attachment-230877\" class=\"wp-caption-text\">Suzanne Cl\u00e9ment dans \u00ab\u00a0Les premiers les derniers\u00a0\u00bb de Bouli Lanners<\/figcaption><\/figure>\n<p class=\"p1\">Il est accompagn\u00e9 de la com\u00e9dienne canadienne Suzanne Cl\u00e9ment (que l\u2019on vient de voir aux c\u00f4t\u00e9s d&rsquo;Eric Cantona dans la s\u00e9rie choc <i>D\u00e9rapages<\/i>, et que l&rsquo;on avait ador\u00e9e dans <i>Les premiers les derniers <\/i>de Bouli Lanners), et du com\u00e9dien suisse Jean-Luc Bideau. On croisera \u00e9galement Jackie Berroyer, Samir Guesmi et Lisa Harder. Casting belge \u00e9galement, avec Gwen Berrou, Louise Manteau, Catherine Sal\u00e9e, Jo\u00ebl Delsaut, et Lazare Gousseau, que l&rsquo;on retrouvera bient\u00f4t \u00e0 l&rsquo;affiche de <em>Mieux que les rois et la gloire<\/em>, le court m\u00e9trage r\u00e9alis\u00e9 par Guillaume Senez dans le cadre de <em>La Belge Collection<\/em>.<\/p>\n<p class=\"p1\">En tournage du 7 septembre au 23 octobre prochain en Suisse, en Belgique et au Luxembourg, le film est produit par Tarantula Productions.<\/p>\n","protected":false},"excerpt":{"rendered":"<p>C\u2019est le 7 septembre prochain que d\u00e9butera le tournage de La Vie dans les bois, le deuxi\u00e8me long m\u00e9trage du cin\u00e9aste belge Fran\u00e7ois Pirot, La Vie dans les bois, avec J\u00e9r\u00e9mie Renier dans le r\u00f4le principal. Le premier long m\u00e9trage de Fran\u00e7ois Pirot, Mobile Home, sorti en 2012, parlait de deux trentenaires en crise, interpr\u00e9t\u00e9s &hellip;<\/p>\n","protected":false},"author":343,"featured_media":230874,"comment_status":"closed","ping_status":"closed","sticky":false,"template":"","format":"standard","meta":{"ngg_post_thumbnail":0,"footnotes":""},"categories":[53],"tags":[5222,4292,5221,4187],"class_list":["post-230873","post","type-post","status-publish","format-standard","has-post-thumbnail","","category-coming-soon","tag-francois-prito","tag-jeremie-renier-2","tag-la-vie-dans-les-bois","tag-newsletter-fr"],"yoast_head":"<!-- This site is optimized with the Yoast SEO plugin v20.4 - https:\/\/yoast.com\/wordpress\/plugins\/seo\/ -->\n<title>J\u00e9r\u00e9mie Renier m\u00e8ne &quot;La Vie dans les bois&quot; pour Fran\u00e7ois Pirot - We Love Cinema<\/title>\n<meta name=\"robots\" content=\"index, follow, max-snippet:-1, max-image-preview:large, max-video-preview:-1\" \/>\n<link rel=\"canonical\" href=\"https:\/\/welovecinema.be\/fr\/jeremie-renier-mene-la-vie-dans-les-bois-pour-francois-pirot\/\" \/>\n<meta property=\"og:locale\" content=\"fr_FR\" \/>\n<meta property=\"og:type\" content=\"article\" \/>\n<meta property=\"og:title\" content=\"J\u00e9r\u00e9mie Renier m\u00e8ne &quot;La Vie dans les bois&quot; pour Fran\u00e7ois Pirot - We Love Cinema\" \/>\n<meta property=\"og:description\" content=\"C\u2019est le 7 septembre prochain que d\u00e9butera le tournage de La Vie dans les bois, le deuxi\u00e8me long m\u00e9trage du cin\u00e9aste belge Fran\u00e7ois Pirot, La Vie dans les bois, avec J\u00e9r\u00e9mie Renier dans le r\u00f4le principal. Le premier long m\u00e9trage de Fran\u00e7ois Pirot, Mobile Home, sorti en 2012, parlait de deux trentenaires en crise, interpr\u00e9t\u00e9s &hellip;\" \/>\n<meta property=\"og:url\" content=\"https:\/\/welovecinema.be\/fr\/jeremie-renier-mene-la-vie-dans-les-bois-pour-francois-pirot\/\" \/>\n<meta property=\"og:site_name\" content=\"We Love Cinema\" \/>\n<meta property=\"article:publisher\" content=\"https:\/\/www.facebook.com\/welovecinema.be\" \/>\n<meta property=\"article:published_time\" content=\"2020-08-20T07:58:06+00:00\" \/>\n<meta property=\"article:modified_time\" content=\"2020-08-21T07:30:24+00:00\" \/>\n<meta property=\"og:image\" content=\"https:\/\/welovecinema.be\/wp-content\/uploads\/sites\/2\/2020\/08\/FotoJet.jpg\" \/>\n\t<meta property=\"og:image:width\" content=\"1200\" \/>\n\t<meta property=\"og:image:height\" content=\"658\" \/>\n\t<meta property=\"og:image:type\" content=\"image\/jpeg\" \/>\n<meta name=\"author\" content=\"Aurore Engelen\" \/>\n<meta name=\"twitter:card\" content=\"summary_large_image\" \/>\n<meta name=\"twitter:label1\" content=\"\u00c9crit par\" \/>\n\t<meta name=\"twitter:data1\" content=\"Aurore Engelen\" \/>\n\t<meta name=\"twitter:label2\" content=\"Dur\u00e9e de lecture estim\u00e9e\" \/>\n\t<meta name=\"twitter:data2\" content=\"2 minutes\" \/>\n<script type=\"application\/ld+json\" class=\"yoast-schema-graph\">{\"@context\":\"https:\/\/schema.org\",\"@graph\":[{\"@type\":\"Article\",\"@id\":\"https:\/\/welovecinema.be\/fr\/jeremie-renier-mene-la-vie-dans-les-bois-pour-francois-pirot\/#article\",\"isPartOf\":{\"@id\":\"https:\/\/welovecinema.be\/fr\/jeremie-renier-mene-la-vie-dans-les-bois-pour-francois-pirot\/\"},\"author\":{\"name\":\"Aurore Engelen\",\"@id\":\"https:\/\/welovecinema.be\/nl\/#\/schema\/person\/8084b68c6b176142d073695c654dc7cf\"},\"headline\":\"J\u00e9r\u00e9mie Renier m\u00e8ne \u00ab\u00a0La Vie dans les bois\u00a0\u00bb pour Fran\u00e7ois Pirot\",\"datePublished\":\"2020-08-20T07:58:06+00:00\",\"dateModified\":\"2020-08-21T07:30:24+00:00\",\"mainEntityOfPage\":{\"@id\":\"https:\/\/welovecinema.be\/fr\/jeremie-renier-mene-la-vie-dans-les-bois-pour-francois-pirot\/\"},\"wordCount\":481,\"publisher\":{\"@id\":\"https:\/\/welovecinema.be\/nl\/#organization\"},\"keywords\":[\"Francois Prito\",\"jeremie renier\",\"La vie dans les bois\",\"newsletter\"],\"articleSection\":[\"Coming soon\"],\"inLanguage\":\"fr-FR\"},{\"@type\":\"WebPage\",\"@id\":\"https:\/\/welovecinema.be\/fr\/jeremie-renier-mene-la-vie-dans-les-bois-pour-francois-pirot\/\",\"url\":\"https:\/\/welovecinema.be\/fr\/jeremie-renier-mene-la-vie-dans-les-bois-pour-francois-pirot\/\",\"name\":\"J\u00e9r\u00e9mie Renier m\u00e8ne \\\"La Vie dans les bois\\\" pour Fran\u00e7ois Pirot - We Love Cinema\",\"isPartOf\":{\"@id\":\"https:\/\/welovecinema.be\/nl\/#website\"},\"datePublished\":\"2020-08-20T07:58:06+00:00\",\"dateModified\":\"2020-08-21T07:30:24+00:00\",\"breadcrumb\":{\"@id\":\"https:\/\/welovecinema.be\/fr\/jeremie-renier-mene-la-vie-dans-les-bois-pour-francois-pirot\/#breadcrumb\"},\"inLanguage\":\"fr-FR\",\"potentialAction\":[{\"@type\":\"ReadAction\",\"target\":[\"https:\/\/welovecinema.be\/fr\/jeremie-renier-mene-la-vie-dans-les-bois-pour-francois-pirot\/\"]}]},{\"@type\":\"BreadcrumbList\",\"@id\":\"https:\/\/welovecinema.be\/fr\/jeremie-renier-mene-la-vie-dans-les-bois-pour-francois-pirot\/#breadcrumb\",\"itemListElement\":[{\"@type\":\"ListItem\",\"position\":1,\"name\":\"Accueil\",\"item\":\"https:\/\/welovecinema.be\/fr\/\"},{\"@type\":\"ListItem\",\"position\":2,\"name\":\"J\u00e9r\u00e9mie Renier m\u00e8ne \u00ab\u00a0La Vie dans les bois\u00a0\u00bb pour Fran\u00e7ois Pirot\"}]},{\"@type\":\"WebSite\",\"@id\":\"https:\/\/welovecinema.be\/nl\/#website\",\"url\":\"https:\/\/welovecinema.be\/nl\/\",\"name\":\"We Love Cinema\",\"description\":\"Toute l\u2019information du cin\u00e9ma en Belgique\",\"publisher\":{\"@id\":\"https:\/\/welovecinema.be\/nl\/#organization\"},\"potentialAction\":[{\"@type\":\"SearchAction\",\"target\":{\"@type\":\"EntryPoint\",\"urlTemplate\":\"https:\/\/welovecinema.be\/nl\/?s={search_term_string}\"},\"query-input\":\"required name=search_term_string\"}],\"inLanguage\":\"fr-FR\"},{\"@type\":\"Organization\",\"@id\":\"https:\/\/welovecinema.be\/nl\/#organization\",\"name\":\"We Love Cinema\",\"url\":\"https:\/\/welovecinema.be\/nl\/\",\"logo\":{\"@type\":\"ImageObject\",\"inLanguage\":\"fr-FR\",\"@id\":\"https:\/\/welovecinema.be\/nl\/#\/schema\/logo\/image\/\",\"url\":\"https:\/\/welovecinema.be\/wp-content\/uploads\/sites\/2\/2023\/03\/Logo-We-Love-Cinema305x128.jpg\",\"contentUrl\":\"https:\/\/welovecinema.be\/wp-content\/uploads\/sites\/2\/2023\/03\/Logo-We-Love-Cinema305x128.jpg\",\"width\":305,\"height\":128,\"caption\":\"We Love Cinema\"},\"image\":{\"@id\":\"https:\/\/welovecinema.be\/nl\/#\/schema\/logo\/image\/\"},\"sameAs\":[\"https:\/\/www.facebook.com\/welovecinema.be\",\"https:\/\/www.youtube.com\/channel\/UCX5LYGVhnKvYauW4Nta4HJA\",\"https:\/\/www.instagram.com\/welovecinema.be\/\"]},{\"@type\":\"Person\",\"@id\":\"https:\/\/welovecinema.be\/nl\/#\/schema\/person\/8084b68c6b176142d073695c654dc7cf\",\"name\":\"Aurore Engelen\",\"url\":\"https:\/\/welovecinema.be\/fr\/author\/aurore-engelen\/\"}]}<\/script>\n<!-- \/ Yoast SEO plugin. -->","yoast_head_json":{"title":"J\u00e9r\u00e9mie Renier m\u00e8ne \"La Vie dans les bois\" pour Fran\u00e7ois Pirot - We Love Cinema","robots":{"index":"index","follow":"follow","max-snippet":"max-snippet:-1","max-image-preview":"max-image-preview:large","max-video-preview":"max-video-preview:-1"},"canonical":"https:\/\/welovecinema.be\/fr\/jeremie-renier-mene-la-vie-dans-les-bois-pour-francois-pirot\/","og_locale":"fr_FR","og_type":"article","og_title":"J\u00e9r\u00e9mie Renier m\u00e8ne \"La Vie dans les bois\" pour Fran\u00e7ois Pirot - We Love Cinema","og_description":"C\u2019est le 7 septembre prochain que d\u00e9butera le tournage de La Vie dans les bois, le deuxi\u00e8me long m\u00e9trage du cin\u00e9aste belge Fran\u00e7ois Pirot, La Vie dans les bois, avec J\u00e9r\u00e9mie Renier dans le r\u00f4le principal. Le premier long m\u00e9trage de Fran\u00e7ois Pirot, Mobile Home, sorti en 2012, parlait de deux trentenaires en crise, interpr\u00e9t\u00e9s &hellip;","og_url":"https:\/\/welovecinema.be\/fr\/jeremie-renier-mene-la-vie-dans-les-bois-pour-francois-pirot\/","og_site_name":"We Love Cinema","article_publisher":"https:\/\/www.facebook.com\/welovecinema.be","article_published_time":"2020-08-20T07:58:06+00:00","article_modified_time":"2020-08-21T07:30:24+00:00","og_image":[{"width":1200,"height":658,"url":"https:\/\/welovecinema.be\/wp-content\/uploads\/sites\/2\/2020\/08\/FotoJet.jpg","type":"image\/jpeg"}],"author":"Aurore Engelen","twitter_card":"summary_large_image","twitter_misc":{"\u00c9crit par":"Aurore Engelen","Dur\u00e9e de lecture estim\u00e9e":"2 minutes"},"schema":{"@context":"https:\/\/schema.org","@graph":[{"@type":"Article","@id":"https:\/\/welovecinema.be\/fr\/jeremie-renier-mene-la-vie-dans-les-bois-pour-francois-pirot\/#article","isPartOf":{"@id":"https:\/\/welovecinema.be\/fr\/jeremie-renier-mene-la-vie-dans-les-bois-pour-francois-pirot\/"},"author":{"name":"Aurore Engelen","@id":"https:\/\/welovecinema.be\/nl\/#\/schema\/person\/8084b68c6b176142d073695c654dc7cf"},"headline":"J\u00e9r\u00e9mie Renier m\u00e8ne \u00ab\u00a0La Vie dans les bois\u00a0\u00bb pour Fran\u00e7ois Pirot","datePublished":"2020-08-20T07:58:06+00:00","dateModified":"2020-08-21T07:30:24+00:00","mainEntityOfPage":{"@id":"https:\/\/welovecinema.be\/fr\/jeremie-renier-mene-la-vie-dans-les-bois-pour-francois-pirot\/"},"wordCount":481,"publisher":{"@id":"https:\/\/welovecinema.be\/nl\/#organization"},"keywords":["Francois Prito","jeremie renier","La vie dans les bois","newsletter"],"articleSection":["Coming soon"],"inLanguage":"fr-FR"},{"@type":"WebPage","@id":"https:\/\/welovecinema.be\/fr\/jeremie-renier-mene-la-vie-dans-les-bois-pour-francois-pirot\/","url":"https:\/\/welovecinema.be\/fr\/jeremie-renier-mene-la-vie-dans-les-bois-pour-francois-pirot\/","name":"J\u00e9r\u00e9mie Renier m\u00e8ne \"La Vie dans les bois\" pour Fran\u00e7ois Pirot - We Love Cinema","isPartOf":{"@id":"https:\/\/welovecinema.be\/nl\/#website"},"datePublished":"2020-08-20T07:58:06+00:00","dateModified":"2020-08-21T07:30:24+00:00","breadcrumb":{"@id":"https:\/\/welovecinema.be\/fr\/jeremie-renier-mene-la-vie-dans-les-bois-pour-francois-pirot\/#breadcrumb"},"inLanguage":"fr-FR","potentialAction":[{"@type":"ReadAction","target":["https:\/\/welovecinema.be\/fr\/jeremie-renier-mene-la-vie-dans-les-bois-pour-francois-pirot\/"]}]},{"@type":"BreadcrumbList","@id":"https:\/\/welovecinema.be\/fr\/jeremie-renier-mene-la-vie-dans-les-bois-pour-francois-pirot\/#breadcrumb","itemListElement":[{"@type":"ListItem","position":1,"name":"Accueil","item":"https:\/\/welovecinema.be\/fr\/"},{"@type":"ListItem","position":2,"name":"J\u00e9r\u00e9mie Renier m\u00e8ne \u00ab\u00a0La Vie dans les bois\u00a0\u00bb pour Fran\u00e7ois Pirot"}]},{"@type":"WebSite","@id":"https:\/\/welovecinema.be\/nl\/#website","url":"https:\/\/welovecinema.be\/nl\/","name":"We Love Cinema","description":"Toute l\u2019information du cin\u00e9ma en Belgique","publisher":{"@id":"https:\/\/welovecinema.be\/nl\/#organization"},"potentialAction":[{"@type":"SearchAction","target":{"@type":"EntryPoint","urlTemplate":"https:\/\/welovecinema.be\/nl\/?s={search_term_string}"},"query-input":"required name=search_term_string"}],"inLanguage":"fr-FR"},{"@type":"Organization","@id":"https:\/\/welovecinema.be\/nl\/#organization","name":"We Love Cinema","url":"https:\/\/welovecinema.be\/nl\/","logo":{"@type":"ImageObject","inLanguage":"fr-FR","@id":"https:\/\/welovecinema.be\/nl\/#\/schema\/logo\/image\/","url":"https:\/\/welovecinema.be\/wp-content\/uploads\/sites\/2\/2023\/03\/Logo-We-Love-Cinema305x128.jpg","contentUrl":"https:\/\/welovecinema.be\/wp-content\/uploads\/sites\/2\/2023\/03\/Logo-We-Love-Cinema305x128.jpg","width":305,"height":128,"caption":"We Love Cinema"},"image":{"@id":"https:\/\/welovecinema.be\/nl\/#\/schema\/logo\/image\/"},"sameAs":["https:\/\/www.facebook.com\/welovecinema.be","https:\/\/www.youtube.com\/channel\/UCX5LYGVhnKvYauW4Nta4HJA","https:\/\/www.instagram.com\/welovecinema.be\/"]},{"@type":"Person","@id":"https:\/\/welovecinema.be\/nl\/#\/schema\/person\/8084b68c6b176142d073695c654dc7cf","name":"Aurore Engelen","url":"https:\/\/welovecinema.be\/fr\/author\/aurore-engelen\/"}]}},"_links":{"self":[{"href":"https:\/\/welovecinema.be\/fr\/wp-json\/wp\/v2\/posts\/230873","targetHints":{"allow":["GET"]}}],"collection":[{"href":"https:\/\/welovecinema.be\/fr\/wp-json\/wp\/v2\/posts"}],"about":[{"href":"https:\/\/welovecinema.be\/fr\/wp-json\/wp\/v2\/types\/post"}],"author":[{"embeddable":true,"href":"https:\/\/welovecinema.be\/fr\/wp-json\/wp\/v2\/users\/343"}],"replies":[{"embeddable":true,"href":"https:\/\/welovecinema.be\/fr\/wp-json\/wp\/v2\/comments?post=230873"}],"version-history":[{"count":0,"href":"https:\/\/welovecinema.be\/fr\/wp-json\/wp\/v2\/posts\/230873\/revisions"}],"wp:featuredmedia":[{"embeddable":true,"href":"https:\/\/welovecinema.be\/fr\/wp-json\/wp\/v2\/media\/230874"}],"wp:attachment":[{"href":"https:\/\/welovecinema.be\/fr\/wp-json\/wp\/v2\/media?parent=230873"}],"wp:term":[{"taxonomy":"category","embeddable":true,"href":"https:\/\/welovecinema.be\/fr\/wp-json\/wp\/v2\/categories?post=230873"},{"taxonomy":"post_tag","embeddable":true,"href":"https:\/\/welovecinema.be\/fr\/wp-json\/wp\/v2\/tags?post=230873"}],"curies":[{"name":"wp","href":"https:\/\/api.w.org\/{rel}","templated":true}]}}