{"id":230363,"date":"2020-08-01T12:31:21","date_gmt":"2020-08-01T10:31:21","guid":{"rendered":"https:\/\/www.cinevox.be\/?p=230363"},"modified":"2020-08-19T09:47:51","modified_gmt":"2020-08-19T07:47:51","slug":"teaser-adieu-les-cons-avec-virginie-efira-et-bouli-lanners","status":"publish","type":"post","link":"https:\/\/welovecinema.be\/fr\/teaser-adieu-les-cons-avec-virginie-efira-et-bouli-lanners\/","title":{"rendered":"Teaser: \u00ab\u00a0Adieu les cons\u00a0\u00bb avec Virginie Efira (et Bouli Lanners!)"},"content":{"rendered":"<p><strong>Premier teaser pour <em>Adieu les cons<\/em>, le nouveau film de et avec Albert Dupontel, avec en t\u00eate d&rsquo;affiche la com\u00e9dienne belge Virginie Efira.\u00a0<\/strong><\/p>\n<p>Dans ce premier extrait, elle fait face \u00e0 Bouli Lanners, truculent sp\u00e9cialiste&#8230;<\/p>\n<p>Sortie annonc\u00e9e le 21 octobre!<\/p>\n","protected":false},"excerpt":{"rendered":"<p>Premier teaser pour Adieu les cons, le nouveau film de et avec Albert Dupontel, avec en t\u00eate d&rsquo;affiche la com\u00e9dienne belge Virginie Efira.\u00a0 Dans ce premier extrait, elle fait face \u00e0 Bouli Lanners, truculent sp\u00e9cialiste&#8230; Sortie annonc\u00e9e le 21 octobre!<\/p>\n","protected":false},"author":343,"featured_media":230364,"comment_status":"closed","ping_status":"closed","sticky":false,"template":"","format":"standard","meta":{"ngg_post_thumbnail":0,"footnotes":""},"categories":[53],"tags":[4187,1904],"class_list":["post-230363","post","type-post","status-publish","format-standard","has-post-thumbnail","","category-coming-soon","tag-newsletter-fr","tag-virginie-efira"],"yoast_head":"<!-- This site is optimized with the Yoast SEO plugin v20.4 - https:\/\/yoast.com\/wordpress\/plugins\/seo\/ -->\n<title>Teaser: &quot;Adieu les cons&quot; avec Virginie Efira (et Bouli Lanners!) - We Love Cinema<\/title>\n<meta name=\"robots\" content=\"index, follow, max-snippet:-1, max-image-preview:large, max-video-preview:-1\" \/>\n<link rel=\"canonical\" href=\"https:\/\/welovecinema.be\/fr\/teaser-adieu-les-cons-avec-virginie-efira-et-bouli-lanners\/\" \/>\n<meta property=\"og:locale\" content=\"fr_FR\" \/>\n<meta property=\"og:type\" content=\"article\" \/>\n<meta property=\"og:title\" content=\"Teaser: &quot;Adieu les cons&quot; avec Virginie Efira (et Bouli Lanners!) - We Love Cinema\" \/>\n<meta property=\"og:description\" content=\"Premier teaser pour Adieu les cons, le nouveau film de et avec Albert Dupontel, avec en t\u00eate d&rsquo;affiche la com\u00e9dienne belge Virginie Efira.\u00a0 Dans ce premier extrait, elle fait face \u00e0 Bouli Lanners, truculent sp\u00e9cialiste&#8230; Sortie annonc\u00e9e le 21 octobre!\" \/>\n<meta property=\"og:url\" content=\"https:\/\/welovecinema.be\/fr\/teaser-adieu-les-cons-avec-virginie-efira-et-bouli-lanners\/\" \/>\n<meta property=\"og:site_name\" content=\"We Love Cinema\" \/>\n<meta property=\"article:publisher\" content=\"https:\/\/www.facebook.com\/welovecinema.be\" \/>\n<meta property=\"article:published_time\" content=\"2020-08-01T10:31:21+00:00\" \/>\n<meta property=\"article:modified_time\" content=\"2020-08-19T07:47:51+00:00\" \/>\n<meta property=\"og:image\" content=\"https:\/\/welovecinema.be\/wp-content\/uploads\/sites\/2\/2020\/07\/174_webedia-cine-news_bba_1a8_515ae47e84e7a33edea5582241_adieu-les-cons-la-nouvelle-comedie-d-albert-dupontel-portee-par-virginie-efira_1518844-virginie-efira-et-albert-dupontel-dans-orig-1.jpeg\" \/>\n\t<meta property=\"og:image:width\" content=\"980\" \/>\n\t<meta property=\"og:image:height\" content=\"450\" \/>\n\t<meta property=\"og:image:type\" content=\"image\/jpeg\" \/>\n<meta name=\"author\" content=\"Aurore Engelen\" \/>\n<meta name=\"twitter:card\" content=\"summary_large_image\" \/>\n<meta name=\"twitter:label1\" content=\"\u00c9crit par\" \/>\n\t<meta name=\"twitter:data1\" content=\"Aurore Engelen\" \/>\n<script type=\"application\/ld+json\" class=\"yoast-schema-graph\">{\"@context\":\"https:\/\/schema.org\",\"@graph\":[{\"@type\":\"Article\",\"@id\":\"https:\/\/welovecinema.be\/fr\/teaser-adieu-les-cons-avec-virginie-efira-et-bouli-lanners\/#article\",\"isPartOf\":{\"@id\":\"https:\/\/welovecinema.be\/fr\/teaser-adieu-les-cons-avec-virginie-efira-et-bouli-lanners\/\"},\"author\":{\"name\":\"Aurore Engelen\",\"@id\":\"https:\/\/welovecinema.be\/nl\/#\/schema\/person\/8084b68c6b176142d073695c654dc7cf\"},\"headline\":\"Teaser: \u00ab\u00a0Adieu les cons\u00a0\u00bb avec Virginie Efira (et Bouli Lanners!)\",\"datePublished\":\"2020-08-01T10:31:21+00:00\",\"dateModified\":\"2020-08-19T07:47:51+00:00\",\"mainEntityOfPage\":{\"@id\":\"https:\/\/welovecinema.be\/fr\/teaser-adieu-les-cons-avec-virginie-efira-et-bouli-lanners\/\"},\"wordCount\":53,\"publisher\":{\"@id\":\"https:\/\/welovecinema.be\/nl\/#organization\"},\"keywords\":[\"newsletter\",\"Virginie Efira\"],\"articleSection\":[\"Coming soon\"],\"inLanguage\":\"fr-FR\"},{\"@type\":\"WebPage\",\"@id\":\"https:\/\/welovecinema.be\/fr\/teaser-adieu-les-cons-avec-virginie-efira-et-bouli-lanners\/\",\"url\":\"https:\/\/welovecinema.be\/fr\/teaser-adieu-les-cons-avec-virginie-efira-et-bouli-lanners\/\",\"name\":\"Teaser: \\\"Adieu les cons\\\" avec Virginie Efira (et Bouli Lanners!) - We Love Cinema\",\"isPartOf\":{\"@id\":\"https:\/\/welovecinema.be\/nl\/#website\"},\"datePublished\":\"2020-08-01T10:31:21+00:00\",\"dateModified\":\"2020-08-19T07:47:51+00:00\",\"breadcrumb\":{\"@id\":\"https:\/\/welovecinema.be\/fr\/teaser-adieu-les-cons-avec-virginie-efira-et-bouli-lanners\/#breadcrumb\"},\"inLanguage\":\"fr-FR\",\"potentialAction\":[{\"@type\":\"ReadAction\",\"target\":[\"https:\/\/welovecinema.be\/fr\/teaser-adieu-les-cons-avec-virginie-efira-et-bouli-lanners\/\"]}]},{\"@type\":\"BreadcrumbList\",\"@id\":\"https:\/\/welovecinema.be\/fr\/teaser-adieu-les-cons-avec-virginie-efira-et-bouli-lanners\/#breadcrumb\",\"itemListElement\":[{\"@type\":\"ListItem\",\"position\":1,\"name\":\"Accueil\",\"item\":\"https:\/\/welovecinema.be\/fr\/\"},{\"@type\":\"ListItem\",\"position\":2,\"name\":\"Teaser: \u00ab\u00a0Adieu les cons\u00a0\u00bb avec Virginie Efira (et Bouli Lanners!)\"}]},{\"@type\":\"WebSite\",\"@id\":\"https:\/\/welovecinema.be\/nl\/#website\",\"url\":\"https:\/\/welovecinema.be\/nl\/\",\"name\":\"We Love Cinema\",\"description\":\"Toute l\u2019information du cin\u00e9ma en Belgique\",\"publisher\":{\"@id\":\"https:\/\/welovecinema.be\/nl\/#organization\"},\"potentialAction\":[{\"@type\":\"SearchAction\",\"target\":{\"@type\":\"EntryPoint\",\"urlTemplate\":\"https:\/\/welovecinema.be\/nl\/?s={search_term_string}\"},\"query-input\":\"required name=search_term_string\"}],\"inLanguage\":\"fr-FR\"},{\"@type\":\"Organization\",\"@id\":\"https:\/\/welovecinema.be\/nl\/#organization\",\"name\":\"We Love Cinema\",\"url\":\"https:\/\/welovecinema.be\/nl\/\",\"logo\":{\"@type\":\"ImageObject\",\"inLanguage\":\"fr-FR\",\"@id\":\"https:\/\/welovecinema.be\/nl\/#\/schema\/logo\/image\/\",\"url\":\"https:\/\/welovecinema.be\/wp-content\/uploads\/sites\/2\/2023\/03\/Logo-We-Love-Cinema305x128.jpg\",\"contentUrl\":\"https:\/\/welovecinema.be\/wp-content\/uploads\/sites\/2\/2023\/03\/Logo-We-Love-Cinema305x128.jpg\",\"width\":305,\"height\":128,\"caption\":\"We Love Cinema\"},\"image\":{\"@id\":\"https:\/\/welovecinema.be\/nl\/#\/schema\/logo\/image\/\"},\"sameAs\":[\"https:\/\/www.facebook.com\/welovecinema.be\",\"https:\/\/www.youtube.com\/channel\/UCX5LYGVhnKvYauW4Nta4HJA\",\"https:\/\/www.instagram.com\/welovecinema.be\/\"]},{\"@type\":\"Person\",\"@id\":\"https:\/\/welovecinema.be\/nl\/#\/schema\/person\/8084b68c6b176142d073695c654dc7cf\",\"name\":\"Aurore Engelen\",\"url\":\"https:\/\/welovecinema.be\/fr\/author\/aurore-engelen\/\"}]}<\/script>\n<!-- \/ Yoast SEO plugin. -->","yoast_head_json":{"title":"Teaser: \"Adieu les cons\" avec Virginie Efira (et Bouli Lanners!) - We Love Cinema","robots":{"index":"index","follow":"follow","max-snippet":"max-snippet:-1","max-image-preview":"max-image-preview:large","max-video-preview":"max-video-preview:-1"},"canonical":"https:\/\/welovecinema.be\/fr\/teaser-adieu-les-cons-avec-virginie-efira-et-bouli-lanners\/","og_locale":"fr_FR","og_type":"article","og_title":"Teaser: \"Adieu les cons\" avec Virginie Efira (et Bouli Lanners!) - We Love Cinema","og_description":"Premier teaser pour Adieu les cons, le nouveau film de et avec Albert Dupontel, avec en t\u00eate d&rsquo;affiche la com\u00e9dienne belge Virginie Efira.\u00a0 Dans ce premier extrait, elle fait face \u00e0 Bouli Lanners, truculent sp\u00e9cialiste&#8230; Sortie annonc\u00e9e le 21 octobre!","og_url":"https:\/\/welovecinema.be\/fr\/teaser-adieu-les-cons-avec-virginie-efira-et-bouli-lanners\/","og_site_name":"We Love Cinema","article_publisher":"https:\/\/www.facebook.com\/welovecinema.be","article_published_time":"2020-08-01T10:31:21+00:00","article_modified_time":"2020-08-19T07:47:51+00:00","og_image":[{"width":980,"height":450,"url":"https:\/\/welovecinema.be\/wp-content\/uploads\/sites\/2\/2020\/07\/174_webedia-cine-news_bba_1a8_515ae47e84e7a33edea5582241_adieu-les-cons-la-nouvelle-comedie-d-albert-dupontel-portee-par-virginie-efira_1518844-virginie-efira-et-albert-dupontel-dans-orig-1.jpeg","type":"image\/jpeg"}],"author":"Aurore Engelen","twitter_card":"summary_large_image","twitter_misc":{"\u00c9crit par":"Aurore Engelen"},"schema":{"@context":"https:\/\/schema.org","@graph":[{"@type":"Article","@id":"https:\/\/welovecinema.be\/fr\/teaser-adieu-les-cons-avec-virginie-efira-et-bouli-lanners\/#article","isPartOf":{"@id":"https:\/\/welovecinema.be\/fr\/teaser-adieu-les-cons-avec-virginie-efira-et-bouli-lanners\/"},"author":{"name":"Aurore Engelen","@id":"https:\/\/welovecinema.be\/nl\/#\/schema\/person\/8084b68c6b176142d073695c654dc7cf"},"headline":"Teaser: \u00ab\u00a0Adieu les cons\u00a0\u00bb avec Virginie Efira (et Bouli Lanners!)","datePublished":"2020-08-01T10:31:21+00:00","dateModified":"2020-08-19T07:47:51+00:00","mainEntityOfPage":{"@id":"https:\/\/welovecinema.be\/fr\/teaser-adieu-les-cons-avec-virginie-efira-et-bouli-lanners\/"},"wordCount":53,"publisher":{"@id":"https:\/\/welovecinema.be\/nl\/#organization"},"keywords":["newsletter","Virginie Efira"],"articleSection":["Coming soon"],"inLanguage":"fr-FR"},{"@type":"WebPage","@id":"https:\/\/welovecinema.be\/fr\/teaser-adieu-les-cons-avec-virginie-efira-et-bouli-lanners\/","url":"https:\/\/welovecinema.be\/fr\/teaser-adieu-les-cons-avec-virginie-efira-et-bouli-lanners\/","name":"Teaser: \"Adieu les cons\" avec Virginie Efira (et Bouli Lanners!) - We Love Cinema","isPartOf":{"@id":"https:\/\/welovecinema.be\/nl\/#website"},"datePublished":"2020-08-01T10:31:21+00:00","dateModified":"2020-08-19T07:47:51+00:00","breadcrumb":{"@id":"https:\/\/welovecinema.be\/fr\/teaser-adieu-les-cons-avec-virginie-efira-et-bouli-lanners\/#breadcrumb"},"inLanguage":"fr-FR","potentialAction":[{"@type":"ReadAction","target":["https:\/\/welovecinema.be\/fr\/teaser-adieu-les-cons-avec-virginie-efira-et-bouli-lanners\/"]}]},{"@type":"BreadcrumbList","@id":"https:\/\/welovecinema.be\/fr\/teaser-adieu-les-cons-avec-virginie-efira-et-bouli-lanners\/#breadcrumb","itemListElement":[{"@type":"ListItem","position":1,"name":"Accueil","item":"https:\/\/welovecinema.be\/fr\/"},{"@type":"ListItem","position":2,"name":"Teaser: \u00ab\u00a0Adieu les cons\u00a0\u00bb avec Virginie Efira (et Bouli Lanners!)"}]},{"@type":"WebSite","@id":"https:\/\/welovecinema.be\/nl\/#website","url":"https:\/\/welovecinema.be\/nl\/","name":"We Love Cinema","description":"Toute l\u2019information du cin\u00e9ma en Belgique","publisher":{"@id":"https:\/\/welovecinema.be\/nl\/#organization"},"potentialAction":[{"@type":"SearchAction","target":{"@type":"EntryPoint","urlTemplate":"https:\/\/welovecinema.be\/nl\/?s={search_term_string}"},"query-input":"required name=search_term_string"}],"inLanguage":"fr-FR"},{"@type":"Organization","@id":"https:\/\/welovecinema.be\/nl\/#organization","name":"We Love Cinema","url":"https:\/\/welovecinema.be\/nl\/","logo":{"@type":"ImageObject","inLanguage":"fr-FR","@id":"https:\/\/welovecinema.be\/nl\/#\/schema\/logo\/image\/","url":"https:\/\/welovecinema.be\/wp-content\/uploads\/sites\/2\/2023\/03\/Logo-We-Love-Cinema305x128.jpg","contentUrl":"https:\/\/welovecinema.be\/wp-content\/uploads\/sites\/2\/2023\/03\/Logo-We-Love-Cinema305x128.jpg","width":305,"height":128,"caption":"We Love Cinema"},"image":{"@id":"https:\/\/welovecinema.be\/nl\/#\/schema\/logo\/image\/"},"sameAs":["https:\/\/www.facebook.com\/welovecinema.be","https:\/\/www.youtube.com\/channel\/UCX5LYGVhnKvYauW4Nta4HJA","https:\/\/www.instagram.com\/welovecinema.be\/"]},{"@type":"Person","@id":"https:\/\/welovecinema.be\/nl\/#\/schema\/person\/8084b68c6b176142d073695c654dc7cf","name":"Aurore Engelen","url":"https:\/\/welovecinema.be\/fr\/author\/aurore-engelen\/"}]}},"_links":{"self":[{"href":"https:\/\/welovecinema.be\/fr\/wp-json\/wp\/v2\/posts\/230363","targetHints":{"allow":["GET"]}}],"collection":[{"href":"https:\/\/welovecinema.be\/fr\/wp-json\/wp\/v2\/posts"}],"about":[{"href":"https:\/\/welovecinema.be\/fr\/wp-json\/wp\/v2\/types\/post"}],"author":[{"embeddable":true,"href":"https:\/\/welovecinema.be\/fr\/wp-json\/wp\/v2\/users\/343"}],"replies":[{"embeddable":true,"href":"https:\/\/welovecinema.be\/fr\/wp-json\/wp\/v2\/comments?post=230363"}],"version-history":[{"count":0,"href":"https:\/\/welovecinema.be\/fr\/wp-json\/wp\/v2\/posts\/230363\/revisions"}],"wp:featuredmedia":[{"embeddable":true,"href":"https:\/\/welovecinema.be\/fr\/wp-json\/wp\/v2\/media\/230364"}],"wp:attachment":[{"href":"https:\/\/welovecinema.be\/fr\/wp-json\/wp\/v2\/media?parent=230363"}],"wp:term":[{"taxonomy":"category","embeddable":true,"href":"https:\/\/welovecinema.be\/fr\/wp-json\/wp\/v2\/categories?post=230363"},{"taxonomy":"post_tag","embeddable":true,"href":"https:\/\/welovecinema.be\/fr\/wp-json\/wp\/v2\/tags?post=230363"}],"curies":[{"name":"wp","href":"https:\/\/api.w.org\/{rel}","templated":true}]}}