{"id":229678,"date":"2020-07-14T09:39:56","date_gmt":"2020-07-14T07:39:56","guid":{"rendered":"https:\/\/www.cinevox.be\/?p=229678"},"modified":"2020-07-15T10:16:27","modified_gmt":"2020-07-15T08:16:27","slug":"vero-cratzborn-basculer-de-la-fantaisie-a-letrangete-puis-a-la-folie","status":"publish","type":"post","link":"https:\/\/welovecinema.be\/fr\/vero-cratzborn-basculer-de-la-fantaisie-a-letrangete-puis-a-la-folie\/","title":{"rendered":"V\u00e9ro Cratzborn: \u00ab\u00a0basculer de la fantaisie \u00e0 l\u2019\u00e9tranget\u00e9, puis \u00e0 la folie\u00a0\u00bb"},"content":{"rendered":"<p class=\"p1\"><span class=\"s1\"><b>Rencontre avec la r\u00e9alisatrice belge V\u00e9ro Craztborn, dont le premier long m\u00e9trage, <i>La For\u00eat de mon p\u00e8re<\/i>, portrait sensible et singulier d\u2019une jeune fille qui quitte peu \u00e0 peu l\u2019enfance en prenant conscience de la maladie de son p\u00e8re, sort ce mercredi en Belgique. <\/b><\/span><\/p>\n<p class=\"p1\"><em><strong><span class=\"s1\">Comment est n\u00e9 ce projet?<\/span><\/strong><\/em><\/p>\n<p class=\"p1\"><span class=\"s1\">J\u2019ai r\u00e9alis\u00e9 des courts m\u00e9trages de fiction, des documentaires, des exp\u00e9riences mus\u00e9ales, je n\u2019ai pas vraiment fait d\u2019\u00e9cole de cin\u00e9ma et de r\u00e9alisation, o\u00f9 j\u2019aurais pu apprendre une m\u00e9thode et trouver un r\u00e9seau. J\u2019ai plut\u00f4t fait les choses de mani\u00e8re assez instinctive. Je me suis inscrite \u00e0 l\u2019Atelier de sc\u00e9nario de la Femis, une formation pour adulte, auquel ont particip\u00e9 en Belgique des gens comme Cesar Di\u00e1z ou Laurent Micheli, o\u00f9 j&rsquo;ai d\u00e9velopp\u00e9 cette histoire, qui \u00e0 l&rsquo;origine s&rsquo;appelait <em>Les Ch\u00e2telains<\/em>.<\/span><\/p>\n<p class=\"p1\"><span class=\"s1\">Je porte cette histoire en moi depuis tr\u00e8s longtemps, mais je crois qu\u2019\u00e0 l\u2019\u00e9poque il y avait encore trop de pudeur. Je ne voulais pas en faire un documentaire, car je ne voulais pas \u00eatre fig\u00e9e dans une r\u00e9alit\u00e9. Mon histoire a fait l\u2019objet de plein de propositions de r\u00e9cits film\u00e9s, et il \u00e9tait important pour moi de me tourner vers la fiction.<\/span><\/p>\n<p class=\"p1\"><span class=\"s1\">J\u2019ai ensuite continu\u00e9 d\u2019\u00e9crire lors d\u2019une r\u00e9sidence au Moulin d\u2019And\u00e9, j\u2019ai rempli un petit cahier de 96 pages\u2026 o\u00f9 j\u2019ai r\u00e9int\u00e9gr\u00e9 l\u2019histoire d\u2019amour entre les parents. Je voulais ne pas \u00eatre dans le morbide, plut\u00f4t rester du c\u00f4t\u00e9 de la vie.<\/span><\/p>\n<p class=\"p1\"><em><strong><span class=\"s1\">On partage le r\u00e9cit \u00e0 travers le regard de Gina. Qui est-elle?<\/span><\/strong><\/em><\/p>\n<p class=\"p1\"><span class=\"s1\">Ce n\u2019est pas tout \u00e0 fait moi, et ce n&rsquo;est pas du tout un copi\u00e9-coll\u00e9 de ce que j\u2019ai v\u00e9cu. On observe cette famille, o\u00f9 un personnage singulier se d\u00e9tache, et s\u2019\u00e9mancipe. J\u2019ai construit mes personnages avec beaucoup de r\u00e9f\u00e9rences picturales, notamment de Nan Golding. Je me suis inspir\u00e9e de photos, de gestes, d\u2019impressions, et des qualit\u00e9s de mouvement. Gina, c\u2019\u00e9tait la mise \u00e0 distance par le regard, et un corps extr\u00eamement ancr\u00e9 dans la terre. <\/span><\/p>\n<p class=\"p1\"><span class=\"s1\">J\u2019ai rencontr\u00e9 L\u00e9onie Souchaud deux ans avant le tournage, et on a pu travailler r\u00e9guli\u00e8rement avec les acteurs et une coach en mouvements. <\/span><\/p>\n<p class=\"p1\"><span class=\"s1\">Je travaille aussi beaucoup avec des couleurs. Pour Carole, le personnage de Ludivine Sagnier, c\u2019\u00e9tait des couleurs primaires par exemple, tandis que les couleurs de Jimmy et Gina \u00e9taient assez proches. Mes associations d\u2019id\u00e9es peuvent sembler \u00e9tranges, mais m\u2019aident \u00e0 cr\u00e9er des univers et des personnages.<\/span><\/p>\n<p><img loading=\"lazy\" decoding=\"async\" class=\"alignnone size-large wp-image-229993\" src=\"https:\/\/www.cinevox.be\/wp-content\/uploads\/sites\/2\/2020\/07\/La-fore\u0302t-de-mon-pe\u0300re-Still1-800x422.jpg\" alt=\"\" width=\"618\" height=\"326\" srcset=\"https:\/\/welovecinema.be\/wp-content\/uploads\/sites\/2\/2020\/07\/La-fore\u0302t-de-mon-pe\u0300re-Still1-800x422.jpg 800w, https:\/\/welovecinema.be\/wp-content\/uploads\/sites\/2\/2020\/07\/La-fore\u0302t-de-mon-pe\u0300re-Still1-480x253.jpg 480w, https:\/\/welovecinema.be\/wp-content\/uploads\/sites\/2\/2020\/07\/La-fore\u0302t-de-mon-pe\u0300re-Still1-768x405.jpg 768w, https:\/\/welovecinema.be\/wp-content\/uploads\/sites\/2\/2020\/07\/La-fore\u0302t-de-mon-pe\u0300re-Still1-1536x810.jpg 1536w, https:\/\/welovecinema.be\/wp-content\/uploads\/sites\/2\/2020\/07\/La-fore\u0302t-de-mon-pe\u0300re-Still1-310x165.jpg 310w, https:\/\/welovecinema.be\/wp-content\/uploads\/sites\/2\/2020\/07\/La-fore\u0302t-de-mon-pe\u0300re-Still1.jpg 2048w\" sizes=\"auto, (max-width: 618px) 100vw, 618px\" \/><\/p>\n<p class=\"p1\"><em><strong><span class=\"s1\">Gina quitte l\u2019enfance et se d\u00e9couvre en tant que femme.<\/span><\/strong><\/em><\/p>\n<p class=\"p1\"><span class=\"s1\">Elle est dans une r\u00e9sistance Gina. Je la rapprocherai peut-\u00eatre de Ree Dolly dans <em>Winter\u2019s Bone<\/em>, elle r\u00e9siste \u00e0 la perte de ses rep\u00e8res, de son monde, et en m\u00eame temps, la fin est tr\u00e8s ouverte. J\u2019ai aussi ador\u00e9 travaill\u00e9 dans l\u2019ici et maintenant du film, me laisser inspirer par mes collaborateurs et les hasards du tournage. On s\u2019est perdus en for\u00eat par exemple!<\/span><\/p>\n<p class=\"p1\"><em><strong><span class=\"s1\">Parlons du r\u00f4le de la for\u00eat justement, quel est son r\u00f4le?<\/span><\/strong><\/em><\/p>\n<p class=\"p1\"><span class=\"s1\">Ma premi\u00e8re image de la for\u00eat, c\u2019est la canop\u00e9e, la mer d\u2019arbres, cet horizon. En for\u00eat, il n\u2019y a aucun chemin qui est droit, et cela entre en r\u00e9sonance avec la r\u00e9flexion sur la norme que j&rsquo;essaie de proposer. La nature nous r\u00e9siste, tout en \u00e9tant fragile, comme Jimmy. Bien s\u00fbr, il y a aussi quelque chose de l\u2019ordre du conte, avec la lisi\u00e8re. Elle est multiple, la for\u00eat. C\u2019est \u00e0 la fois un endroit rassurant, un refuge, et en m\u00eame temps, elle peut devenir inqui\u00e9tante. On a voulu une for\u00eat magique, d\u2019ailleurs, on a tourn\u00e9 en nuit am\u00e9ricaine. La for\u00eat ne redevient r\u00e9elle qu\u2019\u00e0 la toute fin. <\/span><\/p>\n<p class=\"p1\"><span class=\"s1\">On a eu pas mal de contraintes, au niveau du budget, mais aussi car nous tournions avec des enfants. Godard disait qu\u2019en cin\u00e9ma, on ne fait pas ce qu\u2019on veut, on fait avec ce qu\u2019on a, mais ces contraintes peuvent \u00eatre tr\u00e8s cr\u00e9atives. On s\u2019est demand\u00e9 comment filmer la nuit, et la nuit am\u00e9ricaine a beaucoup nourri le r\u00e9cit, notamment le d\u00e9calage avec la r\u00e9alit\u00e9. <\/span><\/p>\n<p class=\"p1\"><em><strong><span class=\"s1\">Pouvez-vous nous dire quelques mots sur le personnage de Jimmy, de sa trajectoire.<\/span><\/strong><\/em><\/p>\n<p class=\"p1\"><span class=\"s1\">Ce film parle de troubles psychiques, sans \u00eatre un documentaire, il se situe du c\u00f4t\u00e9 de la ph\u00e9nom\u00e9nologie, de l\u2019exp\u00e9rience. L\u2019exp\u00e9rience d\u2019une adolescente. Le personnage de Jimmy est vu \u00e0 travers le regard de Gina. Il est compl\u00e8tement <em>bigger than life<\/em>, et on a travaill\u00e9 sur le basculement, le passage de la fantaisie \u00e0 l\u2019\u00e9tranget\u00e9, puis \u00e0 la folie. C\u2019est de l\u2019ordre de la dissolution du corps, et le travail sur la gestuelle et les mouvements \u00e9tait tr\u00e8s important. Je ne me retrouvais pas dans les repr\u00e9sentations de ce qu\u2019on appelle la folie au cin\u00e9ma. On cherchait autre chose dans le ressenti sensoriel. Cette \u00e9tranget\u00e9 s\u2019inscrit dans la perte des rep\u00e8res. Au d\u00e9but, Jimmy est amusant, on trouve ce qu\u2019il dit cens\u00e9. Alban a fait un travail formidable d\u2019organicit\u00e9. <\/span><\/p>\n<p class=\"p1\"><span class=\"s1\">Mais c\u2019est aussi un film qui parle des <em>forgotten children<\/em>, les enfants oubli\u00e9s de parents psychotiques. <\/span><span class=\"s1\">Le d\u00e9lire ce n\u2019est pas juste une folie, c\u2019est aussi quelque chose de l\u2019ordre de la r\u00e9sistance \u00e0 la soci\u00e9t\u00e9. Les d\u00e9lires de Jimmy le prot\u00e8ge aussi, m\u00eame s\u2019il va trop loin.<\/span><\/p>\n<p><img loading=\"lazy\" decoding=\"async\" class=\"alignnone size-large wp-image-229995\" src=\"https:\/\/www.cinevox.be\/wp-content\/uploads\/sites\/2\/2020\/07\/La-fore\u0302t-de-mon-pe\u0300re-Still7-800x422.jpg\" alt=\"\" width=\"618\" height=\"326\" srcset=\"https:\/\/welovecinema.be\/wp-content\/uploads\/sites\/2\/2020\/07\/La-fore\u0302t-de-mon-pe\u0300re-Still7-800x422.jpg 800w, https:\/\/welovecinema.be\/wp-content\/uploads\/sites\/2\/2020\/07\/La-fore\u0302t-de-mon-pe\u0300re-Still7-480x253.jpg 480w, https:\/\/welovecinema.be\/wp-content\/uploads\/sites\/2\/2020\/07\/La-fore\u0302t-de-mon-pe\u0300re-Still7-768x405.jpg 768w, https:\/\/welovecinema.be\/wp-content\/uploads\/sites\/2\/2020\/07\/La-fore\u0302t-de-mon-pe\u0300re-Still7-1536x810.jpg 1536w, https:\/\/welovecinema.be\/wp-content\/uploads\/sites\/2\/2020\/07\/La-fore\u0302t-de-mon-pe\u0300re-Still7-310x165.jpg 310w, https:\/\/welovecinema.be\/wp-content\/uploads\/sites\/2\/2020\/07\/La-fore\u0302t-de-mon-pe\u0300re-Still7.jpg 2048w\" sizes=\"auto, (max-width: 618px) 100vw, 618px\" \/><\/p>\n<p class=\"p1\"><em><strong><span class=\"s1\">Dans le film, il y a aussi une tension sociale en filigrane<\/span><\/strong><\/em><\/p>\n<p class=\"p1\"><span class=\"s1\">Je ne voulais pas offrir un portrait mortif\u00e8re de la richesse non plus. C\u2019est vrai que c\u2019\u00e9tait tr\u00e8s pr\u00e9sent dans le premier sc\u00e9nario, c\u2019est surement li\u00e9 \u00e0 ma construction personnelle. Le film, je le compare \u00e0 une petit tomate bio, pleine de t\u00e2ches, dont le coeur est bien juteux, contrairement aux tomates pimpantes de supermarch\u00e9. Moi je me suis construite en me comparant aux autres, et quand j\u2019ai d\u00e9cid\u00e9 de m\u2019int\u00e9grer dans la soci\u00e9t\u00e9, pour moi le cin\u00e9ma, c\u2019\u00e9tait une fa\u00e7on d\u2019\u00eatre ensemble, dans l\u2019anonymat et le ressenti. <\/span><\/p>\n<p class=\"p1\"><strong><em><span class=\"s1\">Comment avez-vous choisi vos com\u00e9diens?<\/span><\/em><\/strong><\/p>\n<p class=\"p1\"><span class=\"s1\">Moi j\u2019aime beaucoup les films du corps, des films tr\u00e8s chor\u00e9graphiques comme ceux de John Woo, leurs sc\u00e8nes de combat. Alban Lenoir a une ma\u00eetrise du corps impressionnante.\u00a0<\/span><\/p>\n<p class=\"p1\"><span class=\"s1\">Ludivine Sagnier, je l\u2019ai rencontr\u00e9e aux voeux du CNC. Elle chantait avec Alex Beaupain, j\u2019ai \u00e9t\u00e9 extr\u00eamement \u00e9mue par sa voix, une voix voil\u00e9e dans laquelle sa vie passe. Elle a l\u2019air tr\u00e8s fragile mais elle est tr\u00e8s forte, et j\u2019avais envie de cette dualit\u00e9.<\/span><\/p>\n<p class=\"p1\"><span class=\"s1\">L\u00e9onie on l\u2019a cast\u00e9e deux ans avant le tournage. Je voulais une com\u00e9dienne proche de l\u2019\u00e2ge du personnage. Ce qui m\u2019a touch\u00e9e chez elle, c\u2019est son sens de la retenue, de la mesure. Son c\u00f4t\u00e9 pas encore \u00e9clos, tout en \u00e9tant d\u2019une grande maturit\u00e9. Et une proximit\u00e9 de la nature proche de la mienne!<\/span><\/p>\n<p class=\"p1\"><em><strong><span class=\"s1\">Quels sont vos projets?<\/span><\/strong><\/em><\/p>\n<p class=\"p1\"><span class=\"s1\">J\u2019ai un projet de s\u00e9rie dans ma r\u00e9gion, les Fagnes. Une histoire de famille, avec des personnages inspir\u00e9s de gens que je connais tr\u00e8s bien, une mati\u00e8re premi\u00e8re riche pour \u00eatre transpos\u00e9e dans la fiction. <\/span><\/p>\n","protected":false},"excerpt":{"rendered":"<p>Rencontre avec la r\u00e9alisatrice belge V\u00e9ro Craztborn, dont le premier long m\u00e9trage, La For\u00eat de mon p\u00e8re, portrait sensible et singulier d\u2019une jeune fille qui quitte peu \u00e0 peu l\u2019enfance en prenant conscience de la maladie de son p\u00e8re, sort ce mercredi en Belgique. Comment est n\u00e9 ce projet? J\u2019ai r\u00e9alis\u00e9 des courts m\u00e9trages de &hellip;<\/p>\n","protected":false},"author":343,"featured_media":229991,"comment_status":"closed","ping_status":"closed","sticky":false,"template":"","format":"standard","meta":{"ngg_post_thumbnail":0,"footnotes":""},"categories":[1978],"tags":[4618,4187,3709],"class_list":["post-229678","post","type-post","status-publish","format-standard","has-post-thumbnail","","category-interviews","tag-la-foret-de-mon-pere","tag-newsletter-fr","tag-vero-cratzborn"],"yoast_head":"<!-- This site is optimized with the Yoast SEO plugin v20.4 - https:\/\/yoast.com\/wordpress\/plugins\/seo\/ -->\n<title>V\u00e9ro Cratzborn: &quot;basculer de la fantaisie \u00e0 l\u2019\u00e9tranget\u00e9, puis \u00e0 la folie&quot; - We Love Cinema<\/title>\n<meta name=\"robots\" content=\"index, follow, max-snippet:-1, max-image-preview:large, max-video-preview:-1\" \/>\n<link rel=\"canonical\" href=\"https:\/\/welovecinema.be\/fr\/vero-cratzborn-basculer-de-la-fantaisie-a-letrangete-puis-a-la-folie\/\" \/>\n<meta property=\"og:locale\" content=\"fr_FR\" \/>\n<meta property=\"og:type\" content=\"article\" \/>\n<meta property=\"og:title\" content=\"V\u00e9ro Cratzborn: &quot;basculer de la fantaisie \u00e0 l\u2019\u00e9tranget\u00e9, puis \u00e0 la folie&quot; - We Love Cinema\" \/>\n<meta property=\"og:description\" content=\"Rencontre avec la r\u00e9alisatrice belge V\u00e9ro Craztborn, dont le premier long m\u00e9trage, La For\u00eat de mon p\u00e8re, portrait sensible et singulier d\u2019une jeune fille qui quitte peu \u00e0 peu l\u2019enfance en prenant conscience de la maladie de son p\u00e8re, sort ce mercredi en Belgique. Comment est n\u00e9 ce projet? J\u2019ai r\u00e9alis\u00e9 des courts m\u00e9trages de &hellip;\" \/>\n<meta property=\"og:url\" content=\"https:\/\/welovecinema.be\/fr\/vero-cratzborn-basculer-de-la-fantaisie-a-letrangete-puis-a-la-folie\/\" \/>\n<meta property=\"og:site_name\" content=\"We Love Cinema\" \/>\n<meta property=\"article:publisher\" content=\"https:\/\/www.facebook.com\/welovecinema.be\" \/>\n<meta property=\"article:published_time\" content=\"2020-07-14T07:39:56+00:00\" \/>\n<meta property=\"article:modified_time\" content=\"2020-07-15T08:16:27+00:00\" \/>\n<meta property=\"og:image\" content=\"https:\/\/welovecinema.be\/wp-content\/uploads\/sites\/2\/2020\/07\/Ve\u0301ronique-Cratzborn-ID-valide\u0301e.jpg\" \/>\n\t<meta property=\"og:image:width\" content=\"400\" \/>\n\t<meta property=\"og:image:height\" content=\"251\" \/>\n\t<meta property=\"og:image:type\" content=\"image\/jpeg\" \/>\n<meta name=\"author\" content=\"Aurore Engelen\" \/>\n<meta name=\"twitter:card\" content=\"summary_large_image\" \/>\n<meta name=\"twitter:label1\" content=\"\u00c9crit par\" \/>\n\t<meta name=\"twitter:data1\" content=\"Aurore Engelen\" \/>\n\t<meta name=\"twitter:label2\" content=\"Dur\u00e9e de lecture estim\u00e9e\" \/>\n\t<meta name=\"twitter:data2\" content=\"6 minutes\" \/>\n<script type=\"application\/ld+json\" class=\"yoast-schema-graph\">{\"@context\":\"https:\/\/schema.org\",\"@graph\":[{\"@type\":\"Article\",\"@id\":\"https:\/\/welovecinema.be\/fr\/vero-cratzborn-basculer-de-la-fantaisie-a-letrangete-puis-a-la-folie\/#article\",\"isPartOf\":{\"@id\":\"https:\/\/welovecinema.be\/fr\/vero-cratzborn-basculer-de-la-fantaisie-a-letrangete-puis-a-la-folie\/\"},\"author\":{\"name\":\"Aurore Engelen\",\"@id\":\"https:\/\/welovecinema.be\/nl\/#\/schema\/person\/8084b68c6b176142d073695c654dc7cf\"},\"headline\":\"V\u00e9ro Cratzborn: \u00ab\u00a0basculer de la fantaisie \u00e0 l\u2019\u00e9tranget\u00e9, puis \u00e0 la folie\u00a0\u00bb\",\"datePublished\":\"2020-07-14T07:39:56+00:00\",\"dateModified\":\"2020-07-15T08:16:27+00:00\",\"mainEntityOfPage\":{\"@id\":\"https:\/\/welovecinema.be\/fr\/vero-cratzborn-basculer-de-la-fantaisie-a-letrangete-puis-a-la-folie\/\"},\"wordCount\":1316,\"publisher\":{\"@id\":\"https:\/\/welovecinema.be\/nl\/#organization\"},\"keywords\":[\"La Foret de mon p\u00e8re\",\"newsletter\",\"Vero Cratzborn\"],\"articleSection\":[\"Rencontres\"],\"inLanguage\":\"fr-FR\"},{\"@type\":\"WebPage\",\"@id\":\"https:\/\/welovecinema.be\/fr\/vero-cratzborn-basculer-de-la-fantaisie-a-letrangete-puis-a-la-folie\/\",\"url\":\"https:\/\/welovecinema.be\/fr\/vero-cratzborn-basculer-de-la-fantaisie-a-letrangete-puis-a-la-folie\/\",\"name\":\"V\u00e9ro Cratzborn: \\\"basculer de la fantaisie \u00e0 l\u2019\u00e9tranget\u00e9, puis \u00e0 la folie\\\" - We Love Cinema\",\"isPartOf\":{\"@id\":\"https:\/\/welovecinema.be\/nl\/#website\"},\"datePublished\":\"2020-07-14T07:39:56+00:00\",\"dateModified\":\"2020-07-15T08:16:27+00:00\",\"breadcrumb\":{\"@id\":\"https:\/\/welovecinema.be\/fr\/vero-cratzborn-basculer-de-la-fantaisie-a-letrangete-puis-a-la-folie\/#breadcrumb\"},\"inLanguage\":\"fr-FR\",\"potentialAction\":[{\"@type\":\"ReadAction\",\"target\":[\"https:\/\/welovecinema.be\/fr\/vero-cratzborn-basculer-de-la-fantaisie-a-letrangete-puis-a-la-folie\/\"]}]},{\"@type\":\"BreadcrumbList\",\"@id\":\"https:\/\/welovecinema.be\/fr\/vero-cratzborn-basculer-de-la-fantaisie-a-letrangete-puis-a-la-folie\/#breadcrumb\",\"itemListElement\":[{\"@type\":\"ListItem\",\"position\":1,\"name\":\"Accueil\",\"item\":\"https:\/\/welovecinema.be\/fr\/\"},{\"@type\":\"ListItem\",\"position\":2,\"name\":\"V\u00e9ro Cratzborn: \u00ab\u00a0basculer de la fantaisie \u00e0 l\u2019\u00e9tranget\u00e9, puis \u00e0 la folie\u00a0\u00bb\"}]},{\"@type\":\"WebSite\",\"@id\":\"https:\/\/welovecinema.be\/nl\/#website\",\"url\":\"https:\/\/welovecinema.be\/nl\/\",\"name\":\"We Love Cinema\",\"description\":\"Toute l\u2019information du cin\u00e9ma en Belgique\",\"publisher\":{\"@id\":\"https:\/\/welovecinema.be\/nl\/#organization\"},\"potentialAction\":[{\"@type\":\"SearchAction\",\"target\":{\"@type\":\"EntryPoint\",\"urlTemplate\":\"https:\/\/welovecinema.be\/nl\/?s={search_term_string}\"},\"query-input\":\"required name=search_term_string\"}],\"inLanguage\":\"fr-FR\"},{\"@type\":\"Organization\",\"@id\":\"https:\/\/welovecinema.be\/nl\/#organization\",\"name\":\"We Love Cinema\",\"url\":\"https:\/\/welovecinema.be\/nl\/\",\"logo\":{\"@type\":\"ImageObject\",\"inLanguage\":\"fr-FR\",\"@id\":\"https:\/\/welovecinema.be\/nl\/#\/schema\/logo\/image\/\",\"url\":\"https:\/\/welovecinema.be\/wp-content\/uploads\/sites\/2\/2023\/03\/Logo-We-Love-Cinema305x128.jpg\",\"contentUrl\":\"https:\/\/welovecinema.be\/wp-content\/uploads\/sites\/2\/2023\/03\/Logo-We-Love-Cinema305x128.jpg\",\"width\":305,\"height\":128,\"caption\":\"We Love Cinema\"},\"image\":{\"@id\":\"https:\/\/welovecinema.be\/nl\/#\/schema\/logo\/image\/\"},\"sameAs\":[\"https:\/\/www.facebook.com\/welovecinema.be\",\"https:\/\/www.youtube.com\/channel\/UCX5LYGVhnKvYauW4Nta4HJA\",\"https:\/\/www.instagram.com\/welovecinema.be\/\"]},{\"@type\":\"Person\",\"@id\":\"https:\/\/welovecinema.be\/nl\/#\/schema\/person\/8084b68c6b176142d073695c654dc7cf\",\"name\":\"Aurore Engelen\",\"url\":\"https:\/\/welovecinema.be\/fr\/author\/aurore-engelen\/\"}]}<\/script>\n<!-- \/ Yoast SEO plugin. -->","yoast_head_json":{"title":"V\u00e9ro Cratzborn: \"basculer de la fantaisie \u00e0 l\u2019\u00e9tranget\u00e9, puis \u00e0 la folie\" - We Love Cinema","robots":{"index":"index","follow":"follow","max-snippet":"max-snippet:-1","max-image-preview":"max-image-preview:large","max-video-preview":"max-video-preview:-1"},"canonical":"https:\/\/welovecinema.be\/fr\/vero-cratzborn-basculer-de-la-fantaisie-a-letrangete-puis-a-la-folie\/","og_locale":"fr_FR","og_type":"article","og_title":"V\u00e9ro Cratzborn: \"basculer de la fantaisie \u00e0 l\u2019\u00e9tranget\u00e9, puis \u00e0 la folie\" - We Love Cinema","og_description":"Rencontre avec la r\u00e9alisatrice belge V\u00e9ro Craztborn, dont le premier long m\u00e9trage, La For\u00eat de mon p\u00e8re, portrait sensible et singulier d\u2019une jeune fille qui quitte peu \u00e0 peu l\u2019enfance en prenant conscience de la maladie de son p\u00e8re, sort ce mercredi en Belgique. Comment est n\u00e9 ce projet? J\u2019ai r\u00e9alis\u00e9 des courts m\u00e9trages de &hellip;","og_url":"https:\/\/welovecinema.be\/fr\/vero-cratzborn-basculer-de-la-fantaisie-a-letrangete-puis-a-la-folie\/","og_site_name":"We Love Cinema","article_publisher":"https:\/\/www.facebook.com\/welovecinema.be","article_published_time":"2020-07-14T07:39:56+00:00","article_modified_time":"2020-07-15T08:16:27+00:00","og_image":[{"width":400,"height":251,"url":"https:\/\/welovecinema.be\/wp-content\/uploads\/sites\/2\/2020\/07\/Ve\u0301ronique-Cratzborn-ID-valide\u0301e.jpg","type":"image\/jpeg"}],"author":"Aurore Engelen","twitter_card":"summary_large_image","twitter_misc":{"\u00c9crit par":"Aurore Engelen","Dur\u00e9e de lecture estim\u00e9e":"6 minutes"},"schema":{"@context":"https:\/\/schema.org","@graph":[{"@type":"Article","@id":"https:\/\/welovecinema.be\/fr\/vero-cratzborn-basculer-de-la-fantaisie-a-letrangete-puis-a-la-folie\/#article","isPartOf":{"@id":"https:\/\/welovecinema.be\/fr\/vero-cratzborn-basculer-de-la-fantaisie-a-letrangete-puis-a-la-folie\/"},"author":{"name":"Aurore Engelen","@id":"https:\/\/welovecinema.be\/nl\/#\/schema\/person\/8084b68c6b176142d073695c654dc7cf"},"headline":"V\u00e9ro Cratzborn: \u00ab\u00a0basculer de la fantaisie \u00e0 l\u2019\u00e9tranget\u00e9, puis \u00e0 la folie\u00a0\u00bb","datePublished":"2020-07-14T07:39:56+00:00","dateModified":"2020-07-15T08:16:27+00:00","mainEntityOfPage":{"@id":"https:\/\/welovecinema.be\/fr\/vero-cratzborn-basculer-de-la-fantaisie-a-letrangete-puis-a-la-folie\/"},"wordCount":1316,"publisher":{"@id":"https:\/\/welovecinema.be\/nl\/#organization"},"keywords":["La Foret de mon p\u00e8re","newsletter","Vero Cratzborn"],"articleSection":["Rencontres"],"inLanguage":"fr-FR"},{"@type":"WebPage","@id":"https:\/\/welovecinema.be\/fr\/vero-cratzborn-basculer-de-la-fantaisie-a-letrangete-puis-a-la-folie\/","url":"https:\/\/welovecinema.be\/fr\/vero-cratzborn-basculer-de-la-fantaisie-a-letrangete-puis-a-la-folie\/","name":"V\u00e9ro Cratzborn: \"basculer de la fantaisie \u00e0 l\u2019\u00e9tranget\u00e9, puis \u00e0 la folie\" - We Love Cinema","isPartOf":{"@id":"https:\/\/welovecinema.be\/nl\/#website"},"datePublished":"2020-07-14T07:39:56+00:00","dateModified":"2020-07-15T08:16:27+00:00","breadcrumb":{"@id":"https:\/\/welovecinema.be\/fr\/vero-cratzborn-basculer-de-la-fantaisie-a-letrangete-puis-a-la-folie\/#breadcrumb"},"inLanguage":"fr-FR","potentialAction":[{"@type":"ReadAction","target":["https:\/\/welovecinema.be\/fr\/vero-cratzborn-basculer-de-la-fantaisie-a-letrangete-puis-a-la-folie\/"]}]},{"@type":"BreadcrumbList","@id":"https:\/\/welovecinema.be\/fr\/vero-cratzborn-basculer-de-la-fantaisie-a-letrangete-puis-a-la-folie\/#breadcrumb","itemListElement":[{"@type":"ListItem","position":1,"name":"Accueil","item":"https:\/\/welovecinema.be\/fr\/"},{"@type":"ListItem","position":2,"name":"V\u00e9ro Cratzborn: \u00ab\u00a0basculer de la fantaisie \u00e0 l\u2019\u00e9tranget\u00e9, puis \u00e0 la folie\u00a0\u00bb"}]},{"@type":"WebSite","@id":"https:\/\/welovecinema.be\/nl\/#website","url":"https:\/\/welovecinema.be\/nl\/","name":"We Love Cinema","description":"Toute l\u2019information du cin\u00e9ma en Belgique","publisher":{"@id":"https:\/\/welovecinema.be\/nl\/#organization"},"potentialAction":[{"@type":"SearchAction","target":{"@type":"EntryPoint","urlTemplate":"https:\/\/welovecinema.be\/nl\/?s={search_term_string}"},"query-input":"required name=search_term_string"}],"inLanguage":"fr-FR"},{"@type":"Organization","@id":"https:\/\/welovecinema.be\/nl\/#organization","name":"We Love Cinema","url":"https:\/\/welovecinema.be\/nl\/","logo":{"@type":"ImageObject","inLanguage":"fr-FR","@id":"https:\/\/welovecinema.be\/nl\/#\/schema\/logo\/image\/","url":"https:\/\/welovecinema.be\/wp-content\/uploads\/sites\/2\/2023\/03\/Logo-We-Love-Cinema305x128.jpg","contentUrl":"https:\/\/welovecinema.be\/wp-content\/uploads\/sites\/2\/2023\/03\/Logo-We-Love-Cinema305x128.jpg","width":305,"height":128,"caption":"We Love Cinema"},"image":{"@id":"https:\/\/welovecinema.be\/nl\/#\/schema\/logo\/image\/"},"sameAs":["https:\/\/www.facebook.com\/welovecinema.be","https:\/\/www.youtube.com\/channel\/UCX5LYGVhnKvYauW4Nta4HJA","https:\/\/www.instagram.com\/welovecinema.be\/"]},{"@type":"Person","@id":"https:\/\/welovecinema.be\/nl\/#\/schema\/person\/8084b68c6b176142d073695c654dc7cf","name":"Aurore Engelen","url":"https:\/\/welovecinema.be\/fr\/author\/aurore-engelen\/"}]}},"_links":{"self":[{"href":"https:\/\/welovecinema.be\/fr\/wp-json\/wp\/v2\/posts\/229678","targetHints":{"allow":["GET"]}}],"collection":[{"href":"https:\/\/welovecinema.be\/fr\/wp-json\/wp\/v2\/posts"}],"about":[{"href":"https:\/\/welovecinema.be\/fr\/wp-json\/wp\/v2\/types\/post"}],"author":[{"embeddable":true,"href":"https:\/\/welovecinema.be\/fr\/wp-json\/wp\/v2\/users\/343"}],"replies":[{"embeddable":true,"href":"https:\/\/welovecinema.be\/fr\/wp-json\/wp\/v2\/comments?post=229678"}],"version-history":[{"count":0,"href":"https:\/\/welovecinema.be\/fr\/wp-json\/wp\/v2\/posts\/229678\/revisions"}],"wp:featuredmedia":[{"embeddable":true,"href":"https:\/\/welovecinema.be\/fr\/wp-json\/wp\/v2\/media\/229991"}],"wp:attachment":[{"href":"https:\/\/welovecinema.be\/fr\/wp-json\/wp\/v2\/media?parent=229678"}],"wp:term":[{"taxonomy":"category","embeddable":true,"href":"https:\/\/welovecinema.be\/fr\/wp-json\/wp\/v2\/categories?post=229678"},{"taxonomy":"post_tag","embeddable":true,"href":"https:\/\/welovecinema.be\/fr\/wp-json\/wp\/v2\/tags?post=229678"}],"curies":[{"name":"wp","href":"https:\/\/api.w.org\/{rel}","templated":true}]}}