{"id":229514,"date":"2020-06-29T10:35:46","date_gmt":"2020-06-29T08:35:46","guid":{"rendered":"https:\/\/www.cinevox.be\/?p=229514"},"modified":"2020-06-29T10:36:12","modified_gmt":"2020-06-29T08:36:12","slug":"le-court-du-lundi-air-comprime","status":"publish","type":"post","link":"https:\/\/welovecinema.be\/fr\/le-court-du-lundi-air-comprime\/","title":{"rendered":"Le court du lundi: \u00ab\u00a0Air Comprim\u00e9\u00a0\u00bb"},"content":{"rendered":"<p><strong>Si \u00ab\u00a0Tout court\u00a0\u00bb, le rendez-vous de La Trois consacr\u00e9 au court m\u00e9trage prend ses quartiers d&rsquo;\u00e9t\u00e9, la RTBF vous donne rendez-vous tous les lundi sur La Deux avec un court m\u00e9trage belge. Et on commence cette semaine avec <em>Air Comprim\u00e9<\/em> d&rsquo;Antoine Giorgini.<\/strong><\/p>\n<hr \/>\n<h4><em><strong>Air comprim\u00e9<\/strong> <\/em>d&rsquo;Antoine Giorgini &#8211; 22h15<\/h4>\n<p><em>Avec Thomas Blanchard et B\u00e9rang\u00e8re McNeese<\/em><\/p>\n<section id=\"synopsis\" class=\"section \" data-poids=\"\" data-open-md=\"true\" data-open-lg=\"true\" data-prepend=\"\" data-bloc-inscription=\"\" data-fullscreen=\"\" data-open-xs=\"true\" data-open-sm=\"true\">\n<div class=\"section-content collapse in\" aria-expanded=\"true\">\n<div class=\"section-content-inner\">\n<div>\n<p>D\u00e9pourvu d&rsquo;autorit\u00e9, Vincent est professeur de math\u00e9matiques dans un lyc\u00e9e. Un jour, lui et sa femme He\u0301le\u0300ne, enceinte de cinq mois, sont pris pour cible par un tireur de paintball embusque\u0301. Ils sont indemnes mais traumatis\u00e9s. Alors qu&rsquo;He\u0301le\u0300ne d\u00e9cide d\u2019oublier l\u2019agression, Vincent se persuade que le tireur est l&rsquo;un de ses jeunes \u00e9l\u00e8ves.<\/p>\n<p><img loading=\"lazy\" decoding=\"async\" class=\"alignnone size-large wp-image-222956\" src=\"https:\/\/www.cinevox.be\/wp-content\/uploads\/sites\/2\/2019\/09\/capture_decran_2019-01-30_a_12_13_17-800x432.jpeg\" alt=\"air-comprime\" width=\"618\" height=\"334\" srcset=\"https:\/\/welovecinema.be\/wp-content\/uploads\/sites\/2\/2019\/09\/capture_decran_2019-01-30_a_12_13_17-800x432.jpeg 800w, https:\/\/welovecinema.be\/wp-content\/uploads\/sites\/2\/2019\/09\/capture_decran_2019-01-30_a_12_13_17-480x259.jpeg 480w, https:\/\/welovecinema.be\/wp-content\/uploads\/sites\/2\/2019\/09\/capture_decran_2019-01-30_a_12_13_17-768x414.jpeg 768w, https:\/\/welovecinema.be\/wp-content\/uploads\/sites\/2\/2019\/09\/capture_decran_2019-01-30_a_12_13_17.jpeg 960w\" sizes=\"auto, (max-width: 618px) 100vw, 618px\" \/><\/p>\n<\/div>\n<\/div>\n<\/div>\n<\/section>\n","protected":false},"excerpt":{"rendered":"<p>Si \u00ab\u00a0Tout court\u00a0\u00bb, le rendez-vous de La Trois consacr\u00e9 au court m\u00e9trage prend ses quartiers d&rsquo;\u00e9t\u00e9, la RTBF vous donne rendez-vous tous les lundi sur La Deux avec un court m\u00e9trage belge. Et on commence cette semaine avec Air Comprim\u00e9 d&rsquo;Antoine Giorgini. Air comprim\u00e9 d&rsquo;Antoine Giorgini &#8211; 22h15 Avec Thomas Blanchard et B\u00e9rang\u00e8re McNeese D\u00e9pourvu &hellip;<\/p>\n","protected":false},"author":343,"featured_media":227647,"comment_status":"closed","ping_status":"closed","sticky":false,"template":"","format":"standard","meta":{"ngg_post_thumbnail":0,"footnotes":""},"categories":[14],"tags":[],"class_list":["post-229514","post","type-post","status-publish","format-standard","has-post-thumbnail","","category-home-cinema"],"yoast_head":"<!-- This site is optimized with the Yoast SEO plugin v20.4 - https:\/\/yoast.com\/wordpress\/plugins\/seo\/ -->\n<title>Le court du lundi: &quot;Air Comprim\u00e9&quot; - We Love Cinema<\/title>\n<meta name=\"robots\" content=\"index, follow, max-snippet:-1, max-image-preview:large, max-video-preview:-1\" \/>\n<link rel=\"canonical\" href=\"https:\/\/welovecinema.be\/fr\/le-court-du-lundi-air-comprime\/\" \/>\n<meta property=\"og:locale\" content=\"fr_FR\" \/>\n<meta property=\"og:type\" content=\"article\" \/>\n<meta property=\"og:title\" content=\"Le court du lundi: &quot;Air Comprim\u00e9&quot; - We Love Cinema\" \/>\n<meta property=\"og:description\" content=\"Si \u00ab\u00a0Tout court\u00a0\u00bb, le rendez-vous de La Trois consacr\u00e9 au court m\u00e9trage prend ses quartiers d&rsquo;\u00e9t\u00e9, la RTBF vous donne rendez-vous tous les lundi sur La Deux avec un court m\u00e9trage belge. Et on commence cette semaine avec Air Comprim\u00e9 d&rsquo;Antoine Giorgini. Air comprim\u00e9 d&rsquo;Antoine Giorgini &#8211; 22h15 Avec Thomas Blanchard et B\u00e9rang\u00e8re McNeese D\u00e9pourvu &hellip;\" \/>\n<meta property=\"og:url\" content=\"https:\/\/welovecinema.be\/fr\/le-court-du-lundi-air-comprime\/\" \/>\n<meta property=\"og:site_name\" content=\"We Love Cinema\" \/>\n<meta property=\"article:publisher\" content=\"https:\/\/www.facebook.com\/welovecinema.be\" \/>\n<meta property=\"article:published_time\" content=\"2020-06-29T08:35:46+00:00\" \/>\n<meta property=\"article:modified_time\" content=\"2020-06-29T08:36:12+00:00\" \/>\n<meta property=\"og:image\" content=\"https:\/\/welovecinema.be\/wp-content\/uploads\/sites\/2\/2020\/03\/air-comprime.jpg\" \/>\n\t<meta property=\"og:image:width\" content=\"1024\" \/>\n\t<meta property=\"og:image:height\" content=\"576\" \/>\n\t<meta property=\"og:image:type\" content=\"image\/jpeg\" \/>\n<meta name=\"author\" content=\"Aurore Engelen\" \/>\n<meta name=\"twitter:card\" content=\"summary_large_image\" \/>\n<meta name=\"twitter:label1\" content=\"\u00c9crit par\" \/>\n\t<meta name=\"twitter:data1\" content=\"Aurore Engelen\" \/>\n\t<meta name=\"twitter:label2\" content=\"Dur\u00e9e de lecture estim\u00e9e\" \/>\n\t<meta name=\"twitter:data2\" content=\"1 minute\" \/>\n<script type=\"application\/ld+json\" class=\"yoast-schema-graph\">{\"@context\":\"https:\/\/schema.org\",\"@graph\":[{\"@type\":\"Article\",\"@id\":\"https:\/\/welovecinema.be\/fr\/le-court-du-lundi-air-comprime\/#article\",\"isPartOf\":{\"@id\":\"https:\/\/welovecinema.be\/fr\/le-court-du-lundi-air-comprime\/\"},\"author\":{\"name\":\"Aurore Engelen\",\"@id\":\"https:\/\/welovecinema.be\/nl\/#\/schema\/person\/8084b68c6b176142d073695c654dc7cf\"},\"headline\":\"Le court du lundi: \u00ab\u00a0Air Comprim\u00e9\u00a0\u00bb\",\"datePublished\":\"2020-06-29T08:35:46+00:00\",\"dateModified\":\"2020-06-29T08:36:12+00:00\",\"mainEntityOfPage\":{\"@id\":\"https:\/\/welovecinema.be\/fr\/le-court-du-lundi-air-comprime\/\"},\"wordCount\":135,\"publisher\":{\"@id\":\"https:\/\/welovecinema.be\/nl\/#organization\"},\"articleSection\":[\"Plateau t\u00e9l\u00e9\"],\"inLanguage\":\"fr-FR\"},{\"@type\":\"WebPage\",\"@id\":\"https:\/\/welovecinema.be\/fr\/le-court-du-lundi-air-comprime\/\",\"url\":\"https:\/\/welovecinema.be\/fr\/le-court-du-lundi-air-comprime\/\",\"name\":\"Le court du lundi: \\\"Air Comprim\u00e9\\\" - We Love Cinema\",\"isPartOf\":{\"@id\":\"https:\/\/welovecinema.be\/nl\/#website\"},\"datePublished\":\"2020-06-29T08:35:46+00:00\",\"dateModified\":\"2020-06-29T08:36:12+00:00\",\"breadcrumb\":{\"@id\":\"https:\/\/welovecinema.be\/fr\/le-court-du-lundi-air-comprime\/#breadcrumb\"},\"inLanguage\":\"fr-FR\",\"potentialAction\":[{\"@type\":\"ReadAction\",\"target\":[\"https:\/\/welovecinema.be\/fr\/le-court-du-lundi-air-comprime\/\"]}]},{\"@type\":\"BreadcrumbList\",\"@id\":\"https:\/\/welovecinema.be\/fr\/le-court-du-lundi-air-comprime\/#breadcrumb\",\"itemListElement\":[{\"@type\":\"ListItem\",\"position\":1,\"name\":\"Accueil\",\"item\":\"https:\/\/welovecinema.be\/fr\/\"},{\"@type\":\"ListItem\",\"position\":2,\"name\":\"Le court du lundi: \u00ab\u00a0Air Comprim\u00e9\u00a0\u00bb\"}]},{\"@type\":\"WebSite\",\"@id\":\"https:\/\/welovecinema.be\/nl\/#website\",\"url\":\"https:\/\/welovecinema.be\/nl\/\",\"name\":\"We Love Cinema\",\"description\":\"Toute l\u2019information du cin\u00e9ma en Belgique\",\"publisher\":{\"@id\":\"https:\/\/welovecinema.be\/nl\/#organization\"},\"potentialAction\":[{\"@type\":\"SearchAction\",\"target\":{\"@type\":\"EntryPoint\",\"urlTemplate\":\"https:\/\/welovecinema.be\/nl\/?s={search_term_string}\"},\"query-input\":\"required name=search_term_string\"}],\"inLanguage\":\"fr-FR\"},{\"@type\":\"Organization\",\"@id\":\"https:\/\/welovecinema.be\/nl\/#organization\",\"name\":\"We Love Cinema\",\"url\":\"https:\/\/welovecinema.be\/nl\/\",\"logo\":{\"@type\":\"ImageObject\",\"inLanguage\":\"fr-FR\",\"@id\":\"https:\/\/welovecinema.be\/nl\/#\/schema\/logo\/image\/\",\"url\":\"https:\/\/welovecinema.be\/wp-content\/uploads\/sites\/2\/2023\/03\/Logo-We-Love-Cinema305x128.jpg\",\"contentUrl\":\"https:\/\/welovecinema.be\/wp-content\/uploads\/sites\/2\/2023\/03\/Logo-We-Love-Cinema305x128.jpg\",\"width\":305,\"height\":128,\"caption\":\"We Love Cinema\"},\"image\":{\"@id\":\"https:\/\/welovecinema.be\/nl\/#\/schema\/logo\/image\/\"},\"sameAs\":[\"https:\/\/www.facebook.com\/welovecinema.be\",\"https:\/\/www.youtube.com\/channel\/UCX5LYGVhnKvYauW4Nta4HJA\",\"https:\/\/www.instagram.com\/welovecinema.be\/\"]},{\"@type\":\"Person\",\"@id\":\"https:\/\/welovecinema.be\/nl\/#\/schema\/person\/8084b68c6b176142d073695c654dc7cf\",\"name\":\"Aurore Engelen\",\"url\":\"https:\/\/welovecinema.be\/fr\/author\/aurore-engelen\/\"}]}<\/script>\n<!-- \/ Yoast SEO plugin. -->","yoast_head_json":{"title":"Le court du lundi: \"Air Comprim\u00e9\" - We Love Cinema","robots":{"index":"index","follow":"follow","max-snippet":"max-snippet:-1","max-image-preview":"max-image-preview:large","max-video-preview":"max-video-preview:-1"},"canonical":"https:\/\/welovecinema.be\/fr\/le-court-du-lundi-air-comprime\/","og_locale":"fr_FR","og_type":"article","og_title":"Le court du lundi: \"Air Comprim\u00e9\" - We Love Cinema","og_description":"Si \u00ab\u00a0Tout court\u00a0\u00bb, le rendez-vous de La Trois consacr\u00e9 au court m\u00e9trage prend ses quartiers d&rsquo;\u00e9t\u00e9, la RTBF vous donne rendez-vous tous les lundi sur La Deux avec un court m\u00e9trage belge. Et on commence cette semaine avec Air Comprim\u00e9 d&rsquo;Antoine Giorgini. Air comprim\u00e9 d&rsquo;Antoine Giorgini &#8211; 22h15 Avec Thomas Blanchard et B\u00e9rang\u00e8re McNeese D\u00e9pourvu &hellip;","og_url":"https:\/\/welovecinema.be\/fr\/le-court-du-lundi-air-comprime\/","og_site_name":"We Love Cinema","article_publisher":"https:\/\/www.facebook.com\/welovecinema.be","article_published_time":"2020-06-29T08:35:46+00:00","article_modified_time":"2020-06-29T08:36:12+00:00","og_image":[{"width":1024,"height":576,"url":"https:\/\/welovecinema.be\/wp-content\/uploads\/sites\/2\/2020\/03\/air-comprime.jpg","type":"image\/jpeg"}],"author":"Aurore Engelen","twitter_card":"summary_large_image","twitter_misc":{"\u00c9crit par":"Aurore Engelen","Dur\u00e9e de lecture estim\u00e9e":"1 minute"},"schema":{"@context":"https:\/\/schema.org","@graph":[{"@type":"Article","@id":"https:\/\/welovecinema.be\/fr\/le-court-du-lundi-air-comprime\/#article","isPartOf":{"@id":"https:\/\/welovecinema.be\/fr\/le-court-du-lundi-air-comprime\/"},"author":{"name":"Aurore Engelen","@id":"https:\/\/welovecinema.be\/nl\/#\/schema\/person\/8084b68c6b176142d073695c654dc7cf"},"headline":"Le court du lundi: \u00ab\u00a0Air Comprim\u00e9\u00a0\u00bb","datePublished":"2020-06-29T08:35:46+00:00","dateModified":"2020-06-29T08:36:12+00:00","mainEntityOfPage":{"@id":"https:\/\/welovecinema.be\/fr\/le-court-du-lundi-air-comprime\/"},"wordCount":135,"publisher":{"@id":"https:\/\/welovecinema.be\/nl\/#organization"},"articleSection":["Plateau t\u00e9l\u00e9"],"inLanguage":"fr-FR"},{"@type":"WebPage","@id":"https:\/\/welovecinema.be\/fr\/le-court-du-lundi-air-comprime\/","url":"https:\/\/welovecinema.be\/fr\/le-court-du-lundi-air-comprime\/","name":"Le court du lundi: \"Air Comprim\u00e9\" - We Love Cinema","isPartOf":{"@id":"https:\/\/welovecinema.be\/nl\/#website"},"datePublished":"2020-06-29T08:35:46+00:00","dateModified":"2020-06-29T08:36:12+00:00","breadcrumb":{"@id":"https:\/\/welovecinema.be\/fr\/le-court-du-lundi-air-comprime\/#breadcrumb"},"inLanguage":"fr-FR","potentialAction":[{"@type":"ReadAction","target":["https:\/\/welovecinema.be\/fr\/le-court-du-lundi-air-comprime\/"]}]},{"@type":"BreadcrumbList","@id":"https:\/\/welovecinema.be\/fr\/le-court-du-lundi-air-comprime\/#breadcrumb","itemListElement":[{"@type":"ListItem","position":1,"name":"Accueil","item":"https:\/\/welovecinema.be\/fr\/"},{"@type":"ListItem","position":2,"name":"Le court du lundi: \u00ab\u00a0Air Comprim\u00e9\u00a0\u00bb"}]},{"@type":"WebSite","@id":"https:\/\/welovecinema.be\/nl\/#website","url":"https:\/\/welovecinema.be\/nl\/","name":"We Love Cinema","description":"Toute l\u2019information du cin\u00e9ma en Belgique","publisher":{"@id":"https:\/\/welovecinema.be\/nl\/#organization"},"potentialAction":[{"@type":"SearchAction","target":{"@type":"EntryPoint","urlTemplate":"https:\/\/welovecinema.be\/nl\/?s={search_term_string}"},"query-input":"required name=search_term_string"}],"inLanguage":"fr-FR"},{"@type":"Organization","@id":"https:\/\/welovecinema.be\/nl\/#organization","name":"We Love Cinema","url":"https:\/\/welovecinema.be\/nl\/","logo":{"@type":"ImageObject","inLanguage":"fr-FR","@id":"https:\/\/welovecinema.be\/nl\/#\/schema\/logo\/image\/","url":"https:\/\/welovecinema.be\/wp-content\/uploads\/sites\/2\/2023\/03\/Logo-We-Love-Cinema305x128.jpg","contentUrl":"https:\/\/welovecinema.be\/wp-content\/uploads\/sites\/2\/2023\/03\/Logo-We-Love-Cinema305x128.jpg","width":305,"height":128,"caption":"We Love Cinema"},"image":{"@id":"https:\/\/welovecinema.be\/nl\/#\/schema\/logo\/image\/"},"sameAs":["https:\/\/www.facebook.com\/welovecinema.be","https:\/\/www.youtube.com\/channel\/UCX5LYGVhnKvYauW4Nta4HJA","https:\/\/www.instagram.com\/welovecinema.be\/"]},{"@type":"Person","@id":"https:\/\/welovecinema.be\/nl\/#\/schema\/person\/8084b68c6b176142d073695c654dc7cf","name":"Aurore Engelen","url":"https:\/\/welovecinema.be\/fr\/author\/aurore-engelen\/"}]}},"_links":{"self":[{"href":"https:\/\/welovecinema.be\/fr\/wp-json\/wp\/v2\/posts\/229514","targetHints":{"allow":["GET"]}}],"collection":[{"href":"https:\/\/welovecinema.be\/fr\/wp-json\/wp\/v2\/posts"}],"about":[{"href":"https:\/\/welovecinema.be\/fr\/wp-json\/wp\/v2\/types\/post"}],"author":[{"embeddable":true,"href":"https:\/\/welovecinema.be\/fr\/wp-json\/wp\/v2\/users\/343"}],"replies":[{"embeddable":true,"href":"https:\/\/welovecinema.be\/fr\/wp-json\/wp\/v2\/comments?post=229514"}],"version-history":[{"count":0,"href":"https:\/\/welovecinema.be\/fr\/wp-json\/wp\/v2\/posts\/229514\/revisions"}],"wp:featuredmedia":[{"embeddable":true,"href":"https:\/\/welovecinema.be\/fr\/wp-json\/wp\/v2\/media\/227647"}],"wp:attachment":[{"href":"https:\/\/welovecinema.be\/fr\/wp-json\/wp\/v2\/media?parent=229514"}],"wp:term":[{"taxonomy":"category","embeddable":true,"href":"https:\/\/welovecinema.be\/fr\/wp-json\/wp\/v2\/categories?post=229514"},{"taxonomy":"post_tag","embeddable":true,"href":"https:\/\/welovecinema.be\/fr\/wp-json\/wp\/v2\/tags?post=229514"}],"curies":[{"name":"wp","href":"https:\/\/api.w.org\/{rel}","templated":true}]}}