{"id":229121,"date":"2020-07-09T10:52:44","date_gmt":"2020-07-09T08:52:44","guid":{"rendered":"https:\/\/www.cinevox.be\/?p=229121"},"modified":"2020-08-19T09:48:00","modified_gmt":"2020-08-19T07:48:00","slug":"adorables-la-guerre-des-nerfs-est-declaree","status":"publish","type":"post","link":"https:\/\/welovecinema.be\/fr\/adorables-la-guerre-des-nerfs-est-declaree\/","title":{"rendered":"\u00ab\u00a0Adorables\u00a0\u00bb: la guerre (des nerfs) est d\u00e9clar\u00e9e"},"content":{"rendered":"<p><strong>Apr\u00e8s avoir remport\u00e9 le Magritte du Meilleur premier film pour <a href=\"https:\/\/www.cinevox.be\/fr\/faut-pas-lui-dire-ou-le-pari-insolent-du-film-de-copines\/\"><em>Faut pas lui dire<\/em><\/a>, Solange Cicurel revient avec un nouveau film pop et p\u00e9tillant, une com\u00e9die familiale autour de l&rsquo;adolescence qui devrait parler \u00e0 nombre d&rsquo;entre nous, que l&rsquo;on soit parent, ado&#8230; ou ex-ado!\u00a0<\/strong><\/p>\n<p>Emma est psychologue, autrice d&rsquo;un livre sur ses rapports avec sa fille adolescente. Et pourtant&#8230; Alors qu\u2019elle f\u00eate ses 14 ans, Lila commence sa crise d\u2019ado et passe d\u2019une enfant parfaite \u00e0 une adolescente insupportable. Victor tente d\u2019apaiser les tensions mais entre m\u00e8re et fille, la guerre est d\u00e9clar\u00e9e ! Tous les coups sont permis et plus question d\u2019\u00eatre adorables&#8230;<\/p>\n<p>Premiers \u00e9mois, premiers mensonges&#8230; Lila a beau \u00eatre une petite fille \u00ab\u00a0parfaite\u00a0\u00bb avec tous les guillemets que l&rsquo;on peut imaginer, adorer sa m\u00e8re, son p\u00e8re, passer gracieusement outre leur divorce, et faire la joie et le bonheur de leur maisonn\u00e9e, quand sa m\u00e8re envisage de la priver de sortie, et donc, de croiser le beau gar\u00e7on qui lui fait de l&rsquo;oeil \u00e0 l&rsquo;\u00e9cole, la machine s&rsquo;enraye soudainement. Et ce ne sont pas les principes de bienveillance et d&rsquo;\u00e9ducation positive d&rsquo;Emma &#8211; ou sa p\u00e9dagogie en kit \u00e0 la scandinave comme dirait son ex Victor &#8211; qui vont suffire \u00e0 passer le cap. D\u00e9pass\u00e9e, Emma d\u00e9cide de passer aux choses s\u00e9rieuses: punitions et mesures de r\u00e9torsion.<\/p>\n<p><img loading=\"lazy\" decoding=\"async\" class=\"alignnone size-large wp-image-229375\" src=\"https:\/\/www.cinevox.be\/wp-content\/uploads\/sites\/2\/2020\/06\/30102018-_DSC9940-\u220f-Nicolas-Schul-800x534.jpg\" alt=\"Adorables Nicolas Schul\" width=\"618\" height=\"413\" srcset=\"https:\/\/welovecinema.be\/wp-content\/uploads\/sites\/2\/2020\/06\/30102018-_DSC9940-\u220f-Nicolas-Schul-800x534.jpg 800w, https:\/\/welovecinema.be\/wp-content\/uploads\/sites\/2\/2020\/06\/30102018-_DSC9940-\u220f-Nicolas-Schul-405x270.jpg 405w, https:\/\/welovecinema.be\/wp-content\/uploads\/sites\/2\/2020\/06\/30102018-_DSC9940-\u220f-Nicolas-Schul-768x513.jpg 768w, https:\/\/welovecinema.be\/wp-content\/uploads\/sites\/2\/2020\/06\/30102018-_DSC9940-\u220f-Nicolas-Schul-1536x1025.jpg 1536w, https:\/\/welovecinema.be\/wp-content\/uploads\/sites\/2\/2020\/06\/30102018-_DSC9940-\u220f-Nicolas-Schul-2048x1367.jpg 2048w, https:\/\/welovecinema.be\/wp-content\/uploads\/sites\/2\/2020\/06\/30102018-_DSC9940-\u220f-Nicolas-Schul-110x75.jpg 110w\" sizes=\"auto, (max-width: 618px) 100vw, 618px\" \/><\/p>\n<p>A la maison, c&rsquo;est la Guerre des Roses, et on ne peut pas dire que Lucien, l&rsquo;ex-mari, joue les m\u00e9diateurs, dans un premier temps. Peut-\u00eatre bien m\u00eame qu&rsquo;il souffle un peu sur les braises. Sans compter qu&rsquo;alors que Lila se d\u00e9couvre, des papillons plein le ventre, Emma elle se red\u00e9couvre, et pourrait bien elle aussi tomber amoureuse. D&rsquo;ailleurs, alors que c&rsquo;est sa fille qui est cens\u00e9e \u00eatre en pleine crise, Emma se demande ce qui lui arrive, \u00e0 elle. Elle ne se reconnait plus. On la d\u00e9clare m\u00eame allergique \u00e0 sa fille! A son grand d\u00e9sarroi, c&rsquo;est l&rsquo;ombre d&rsquo;une autre m\u00e8re qu&rsquo;elle reconnait fort bien, la sienne. Il faut dire qu&rsquo;Emma a v\u00e9cu une adolescence conflictuelle, et s&rsquo;est jur\u00e9 de ne jamais reproduire le comportement de sa m\u00e8re.<\/p>\n<p>Mais peut-on \u00e9chapper aux sch\u00e9mas \u00e9ducatifs l\u00e9gu\u00e9s par nos parents? <em>Adorables<\/em> expose plusieurs facettes de la maternit\u00e9, \u00e0 travers une histoire trans-g\u00e9n\u00e9rationnelle. En interrogeant ses propres principes \u00e9ducatifs, Emma repense \u00e0 ceux de sa m\u00e8re, qu&rsquo;elle a tant d\u00e9test\u00e9s, et qu&rsquo;elle se surprend \u00e0 appliquer presque malgr\u00e9 elle.<\/p>\n<p><img loading=\"lazy\" decoding=\"async\" class=\"alignnone size-large wp-image-229379\" src=\"https:\/\/www.cinevox.be\/wp-content\/uploads\/sites\/2\/2020\/06\/15112018-_DSC2087-\u220f-Nicolas-Schul-800x528.jpg\" alt=\"Adorables Nicolas Schul\" width=\"618\" height=\"408\" srcset=\"https:\/\/welovecinema.be\/wp-content\/uploads\/sites\/2\/2020\/06\/15112018-_DSC2087-\u220f-Nicolas-Schul-800x528.jpg 800w, https:\/\/welovecinema.be\/wp-content\/uploads\/sites\/2\/2020\/06\/15112018-_DSC2087-\u220f-Nicolas-Schul-409x270.jpg 409w, https:\/\/welovecinema.be\/wp-content\/uploads\/sites\/2\/2020\/06\/15112018-_DSC2087-\u220f-Nicolas-Schul-768x507.jpg 768w, https:\/\/welovecinema.be\/wp-content\/uploads\/sites\/2\/2020\/06\/15112018-_DSC2087-\u220f-Nicolas-Schul-1536x1014.jpg 1536w, https:\/\/welovecinema.be\/wp-content\/uploads\/sites\/2\/2020\/06\/15112018-_DSC2087-\u220f-Nicolas-Schul-2048x1353.jpg 2048w, https:\/\/welovecinema.be\/wp-content\/uploads\/sites\/2\/2020\/06\/15112018-_DSC2087-\u220f-Nicolas-Schul-310x205.jpg 310w\" sizes=\"auto, (max-width: 618px) 100vw, 618px\" \/><\/p>\n<p>Le film surfe en passant sur une vague salutaire car d\u00e9culpabilisante, celle des \u00ab\u00a0mauvaises m\u00e8res\u00a0\u00bb. Ces m\u00e8res qui veulent \u00eatre m\u00e8re et bien autre chose encore. Ces m\u00e8res \u00ab\u00a0indignes\u00a0\u00bb qui voudraient parfois s&rsquo;\u00e9panouir en dehors de la maternit\u00e9, et se souvenir qu&rsquo;elles aussi, ont \u00e9t\u00e9 des adolescentes. Isabelle (Tania Garbarski), la soeur d&rsquo;Emma qui a son premier enfant pass\u00e9 40 ans s&rsquo;en donne \u00e0 coeur joie, et encha\u00eene les r\u00e9pliques jouissives pour toute m\u00e8re (et tout parent) sensiblement \u00e9puis\u00e9e: \u00ab\u00a0Le meilleur moment de la journ\u00e9e, c&rsquo;est quand l&rsquo;enfant dort\u00a0\u00bb, <em>\u00ab\u00a0Si je le mets \u00e0 la cr\u00e8che, je le reprends pas\u00a0\u00bb<\/em>. Que le parent qui n&rsquo;a jamais pens\u00e9 \u00e7a dans un moment d&rsquo;absence (ou de trop-plein) lui jette la premi\u00e8re pierre&#8230;<\/p>\n<p>Le film d\u00e9peint avec tendresse ce paradoxe universel: \u00ab\u00a0<em>Quand elle est pas l\u00e0 elle me manque, et quand elle est l\u00e0 elle m&#8217;emmerde,\u00a0\u00bb<\/em> constate Emma. Mais il aborde aussi, en passant, la question de la charge maternelle, de l&rsquo;image que l&rsquo;on renvoie et que l&rsquo;on attend de nous: <em>\u00ab\u00a0Je voulais \u00eatre une m\u00e8re formidable et je suis nulle,\u00a0\u00bb<\/em> se lamente Emma. Mais finalement, a-t-elle seulement demand\u00e9 \u00e0 sa fille ce qu&rsquo;elle en pensait?<\/p>\n<p><img loading=\"lazy\" decoding=\"async\" class=\"alignnone size-large wp-image-229381\" src=\"https:\/\/www.cinevox.be\/wp-content\/uploads\/sites\/2\/2020\/06\/03112018-_DSC0639-\u220f-Nicolas-Schul-800x534.jpg\" alt=\"Adorables Nicolas Schul\" width=\"618\" height=\"413\" srcset=\"https:\/\/welovecinema.be\/wp-content\/uploads\/sites\/2\/2020\/06\/03112018-_DSC0639-\u220f-Nicolas-Schul-800x534.jpg 800w, https:\/\/welovecinema.be\/wp-content\/uploads\/sites\/2\/2020\/06\/03112018-_DSC0639-\u220f-Nicolas-Schul-405x270.jpg 405w, https:\/\/welovecinema.be\/wp-content\/uploads\/sites\/2\/2020\/06\/03112018-_DSC0639-\u220f-Nicolas-Schul-768x513.jpg 768w, https:\/\/welovecinema.be\/wp-content\/uploads\/sites\/2\/2020\/06\/03112018-_DSC0639-\u220f-Nicolas-Schul-1536x1025.jpg 1536w, https:\/\/welovecinema.be\/wp-content\/uploads\/sites\/2\/2020\/06\/03112018-_DSC0639-\u220f-Nicolas-Schul-2048x1367.jpg 2048w, https:\/\/welovecinema.be\/wp-content\/uploads\/sites\/2\/2020\/06\/03112018-_DSC0639-\u220f-Nicolas-Schul-110x75.jpg 110w\" sizes=\"auto, (max-width: 618px) 100vw, 618px\" \/><\/p>\n<p>Ioni Matos, pour la premi\u00e8re fois \u00e0 l&rsquo;\u00e9cran, incarne Lila. La jeune com\u00e9dienne belge lui conf\u00e8re son naturel et sa spontan\u00e9it\u00e9, et parvient \u00e0 offrir une belle pr\u00e9sence \u00e0 son personnage, face \u00e0 des com\u00e9dien\u00b7nes aussi chevronn\u00e9\u00b7es qu&rsquo;Elsa Zylberstein, parfaite en m\u00e8re au bord de la crise de nerfs, Lucien Jean-Baptiste, papa cool qui observe et renoue les liens, H\u00e9l\u00e8ne Vincent, m\u00e8re et grand-m\u00e8re au regard affut\u00e9, ou encore Tania Garbarski, jeune m\u00e8re un peu d\u00e9pass\u00e9e mais franchement rebelle.<\/p>\n<p>Fort d&rsquo;un sujet hyper actuel qui devrait \u00e9voquer bien des souvenirs chez de nombreux spectateurs\u00b7trices et servi par un casting s\u00e9duisant, <em>Adorables<\/em> pourrait bien \u00eatre la com\u00e9die familiale de l&rsquo;\u00e9t\u00e9, doucement piquante, et sinc\u00e8rement \u00e9mouvante. Le film sort le 29 juillet prochain!<\/p>\n<p>&nbsp;<\/p>\n","protected":false},"excerpt":{"rendered":"<p>Apr\u00e8s avoir remport\u00e9 le Magritte du Meilleur premier film pour Faut pas lui dire, Solange Cicurel revient avec un nouveau film pop et p\u00e9tillant, une com\u00e9die familiale autour de l&rsquo;adolescence qui devrait parler \u00e0 nombre d&rsquo;entre nous, que l&rsquo;on soit parent, ado&#8230; ou ex-ado!\u00a0 Emma est psychologue, autrice d&rsquo;un livre sur ses rapports avec sa &hellip;<\/p>\n","protected":false},"author":343,"featured_media":229385,"comment_status":"closed","ping_status":"closed","sticky":false,"template":"","format":"standard","meta":{"ngg_post_thumbnail":0,"footnotes":""},"categories":[53],"tags":[5088,4187,3076],"class_list":["post-229121","post","type-post","status-publish","format-standard","has-post-thumbnail","","category-coming-soon","tag-adoables","tag-newsletter-fr","tag-solange-cicurel"],"yoast_head":"<!-- This site is optimized with the Yoast SEO plugin v20.4 - https:\/\/yoast.com\/wordpress\/plugins\/seo\/ -->\n<title>&quot;Adorables&quot;: la guerre (des nerfs) est d\u00e9clar\u00e9e - We Love Cinema<\/title>\n<meta name=\"robots\" content=\"index, follow, max-snippet:-1, max-image-preview:large, max-video-preview:-1\" \/>\n<link rel=\"canonical\" href=\"https:\/\/welovecinema.be\/fr\/adorables-la-guerre-des-nerfs-est-declaree\/\" \/>\n<meta property=\"og:locale\" content=\"fr_FR\" \/>\n<meta property=\"og:type\" content=\"article\" \/>\n<meta property=\"og:title\" content=\"&quot;Adorables&quot;: la guerre (des nerfs) est d\u00e9clar\u00e9e - We Love Cinema\" \/>\n<meta property=\"og:description\" content=\"Apr\u00e8s avoir remport\u00e9 le Magritte du Meilleur premier film pour Faut pas lui dire, Solange Cicurel revient avec un nouveau film pop et p\u00e9tillant, une com\u00e9die familiale autour de l&rsquo;adolescence qui devrait parler \u00e0 nombre d&rsquo;entre nous, que l&rsquo;on soit parent, ado&#8230; ou ex-ado!\u00a0 Emma est psychologue, autrice d&rsquo;un livre sur ses rapports avec sa &hellip;\" \/>\n<meta property=\"og:url\" content=\"https:\/\/welovecinema.be\/fr\/adorables-la-guerre-des-nerfs-est-declaree\/\" \/>\n<meta property=\"og:site_name\" content=\"We Love Cinema\" \/>\n<meta property=\"article:publisher\" content=\"https:\/\/www.facebook.com\/welovecinema.be\" \/>\n<meta property=\"article:published_time\" content=\"2020-07-09T08:52:44+00:00\" \/>\n<meta property=\"article:modified_time\" content=\"2020-08-19T07:48:00+00:00\" \/>\n<meta property=\"og:image\" content=\"https:\/\/welovecinema.be\/wp-content\/uploads\/sites\/2\/2020\/06\/14112018-adorables8743-\u220f-Nicolas-Velter-1.jpg\" \/>\n\t<meta property=\"og:image:width\" content=\"847\" \/>\n\t<meta property=\"og:image:height\" content=\"423\" \/>\n\t<meta property=\"og:image:type\" content=\"image\/jpeg\" \/>\n<meta name=\"author\" content=\"Aurore Engelen\" \/>\n<meta name=\"twitter:card\" content=\"summary_large_image\" \/>\n<meta name=\"twitter:label1\" content=\"\u00c9crit par\" \/>\n\t<meta name=\"twitter:data1\" content=\"Aurore Engelen\" \/>\n\t<meta name=\"twitter:label2\" content=\"Dur\u00e9e de lecture estim\u00e9e\" \/>\n\t<meta name=\"twitter:data2\" content=\"4 minutes\" \/>\n<script type=\"application\/ld+json\" class=\"yoast-schema-graph\">{\"@context\":\"https:\/\/schema.org\",\"@graph\":[{\"@type\":\"Article\",\"@id\":\"https:\/\/welovecinema.be\/fr\/adorables-la-guerre-des-nerfs-est-declaree\/#article\",\"isPartOf\":{\"@id\":\"https:\/\/welovecinema.be\/fr\/adorables-la-guerre-des-nerfs-est-declaree\/\"},\"author\":{\"name\":\"Aurore Engelen\",\"@id\":\"https:\/\/welovecinema.be\/nl\/#\/schema\/person\/8084b68c6b176142d073695c654dc7cf\"},\"headline\":\"\u00ab\u00a0Adorables\u00a0\u00bb: la guerre (des nerfs) est d\u00e9clar\u00e9e\",\"datePublished\":\"2020-07-09T08:52:44+00:00\",\"dateModified\":\"2020-08-19T07:48:00+00:00\",\"mainEntityOfPage\":{\"@id\":\"https:\/\/welovecinema.be\/fr\/adorables-la-guerre-des-nerfs-est-declaree\/\"},\"wordCount\":816,\"publisher\":{\"@id\":\"https:\/\/welovecinema.be\/nl\/#organization\"},\"keywords\":[\"Adoables\",\"newsletter\",\"Solange Cicurel\"],\"articleSection\":[\"Coming soon\"],\"inLanguage\":\"fr-FR\"},{\"@type\":\"WebPage\",\"@id\":\"https:\/\/welovecinema.be\/fr\/adorables-la-guerre-des-nerfs-est-declaree\/\",\"url\":\"https:\/\/welovecinema.be\/fr\/adorables-la-guerre-des-nerfs-est-declaree\/\",\"name\":\"\\\"Adorables\\\": la guerre (des nerfs) est d\u00e9clar\u00e9e - We Love Cinema\",\"isPartOf\":{\"@id\":\"https:\/\/welovecinema.be\/nl\/#website\"},\"datePublished\":\"2020-07-09T08:52:44+00:00\",\"dateModified\":\"2020-08-19T07:48:00+00:00\",\"breadcrumb\":{\"@id\":\"https:\/\/welovecinema.be\/fr\/adorables-la-guerre-des-nerfs-est-declaree\/#breadcrumb\"},\"inLanguage\":\"fr-FR\",\"potentialAction\":[{\"@type\":\"ReadAction\",\"target\":[\"https:\/\/welovecinema.be\/fr\/adorables-la-guerre-des-nerfs-est-declaree\/\"]}]},{\"@type\":\"BreadcrumbList\",\"@id\":\"https:\/\/welovecinema.be\/fr\/adorables-la-guerre-des-nerfs-est-declaree\/#breadcrumb\",\"itemListElement\":[{\"@type\":\"ListItem\",\"position\":1,\"name\":\"Accueil\",\"item\":\"https:\/\/welovecinema.be\/fr\/\"},{\"@type\":\"ListItem\",\"position\":2,\"name\":\"\u00ab\u00a0Adorables\u00a0\u00bb: la guerre (des nerfs) est d\u00e9clar\u00e9e\"}]},{\"@type\":\"WebSite\",\"@id\":\"https:\/\/welovecinema.be\/nl\/#website\",\"url\":\"https:\/\/welovecinema.be\/nl\/\",\"name\":\"We Love Cinema\",\"description\":\"Toute l\u2019information du cin\u00e9ma en Belgique\",\"publisher\":{\"@id\":\"https:\/\/welovecinema.be\/nl\/#organization\"},\"potentialAction\":[{\"@type\":\"SearchAction\",\"target\":{\"@type\":\"EntryPoint\",\"urlTemplate\":\"https:\/\/welovecinema.be\/nl\/?s={search_term_string}\"},\"query-input\":\"required name=search_term_string\"}],\"inLanguage\":\"fr-FR\"},{\"@type\":\"Organization\",\"@id\":\"https:\/\/welovecinema.be\/nl\/#organization\",\"name\":\"We Love Cinema\",\"url\":\"https:\/\/welovecinema.be\/nl\/\",\"logo\":{\"@type\":\"ImageObject\",\"inLanguage\":\"fr-FR\",\"@id\":\"https:\/\/welovecinema.be\/nl\/#\/schema\/logo\/image\/\",\"url\":\"https:\/\/welovecinema.be\/wp-content\/uploads\/sites\/2\/2023\/03\/Logo-We-Love-Cinema305x128.jpg\",\"contentUrl\":\"https:\/\/welovecinema.be\/wp-content\/uploads\/sites\/2\/2023\/03\/Logo-We-Love-Cinema305x128.jpg\",\"width\":305,\"height\":128,\"caption\":\"We Love Cinema\"},\"image\":{\"@id\":\"https:\/\/welovecinema.be\/nl\/#\/schema\/logo\/image\/\"},\"sameAs\":[\"https:\/\/www.facebook.com\/welovecinema.be\",\"https:\/\/www.youtube.com\/channel\/UCX5LYGVhnKvYauW4Nta4HJA\",\"https:\/\/www.instagram.com\/welovecinema.be\/\"]},{\"@type\":\"Person\",\"@id\":\"https:\/\/welovecinema.be\/nl\/#\/schema\/person\/8084b68c6b176142d073695c654dc7cf\",\"name\":\"Aurore Engelen\",\"url\":\"https:\/\/welovecinema.be\/fr\/author\/aurore-engelen\/\"}]}<\/script>\n<!-- \/ Yoast SEO plugin. -->","yoast_head_json":{"title":"\"Adorables\": la guerre (des nerfs) est d\u00e9clar\u00e9e - We Love Cinema","robots":{"index":"index","follow":"follow","max-snippet":"max-snippet:-1","max-image-preview":"max-image-preview:large","max-video-preview":"max-video-preview:-1"},"canonical":"https:\/\/welovecinema.be\/fr\/adorables-la-guerre-des-nerfs-est-declaree\/","og_locale":"fr_FR","og_type":"article","og_title":"\"Adorables\": la guerre (des nerfs) est d\u00e9clar\u00e9e - We Love Cinema","og_description":"Apr\u00e8s avoir remport\u00e9 le Magritte du Meilleur premier film pour Faut pas lui dire, Solange Cicurel revient avec un nouveau film pop et p\u00e9tillant, une com\u00e9die familiale autour de l&rsquo;adolescence qui devrait parler \u00e0 nombre d&rsquo;entre nous, que l&rsquo;on soit parent, ado&#8230; ou ex-ado!\u00a0 Emma est psychologue, autrice d&rsquo;un livre sur ses rapports avec sa &hellip;","og_url":"https:\/\/welovecinema.be\/fr\/adorables-la-guerre-des-nerfs-est-declaree\/","og_site_name":"We Love Cinema","article_publisher":"https:\/\/www.facebook.com\/welovecinema.be","article_published_time":"2020-07-09T08:52:44+00:00","article_modified_time":"2020-08-19T07:48:00+00:00","og_image":[{"width":847,"height":423,"url":"https:\/\/welovecinema.be\/wp-content\/uploads\/sites\/2\/2020\/06\/14112018-adorables8743-\u220f-Nicolas-Velter-1.jpg","type":"image\/jpeg"}],"author":"Aurore Engelen","twitter_card":"summary_large_image","twitter_misc":{"\u00c9crit par":"Aurore Engelen","Dur\u00e9e de lecture estim\u00e9e":"4 minutes"},"schema":{"@context":"https:\/\/schema.org","@graph":[{"@type":"Article","@id":"https:\/\/welovecinema.be\/fr\/adorables-la-guerre-des-nerfs-est-declaree\/#article","isPartOf":{"@id":"https:\/\/welovecinema.be\/fr\/adorables-la-guerre-des-nerfs-est-declaree\/"},"author":{"name":"Aurore Engelen","@id":"https:\/\/welovecinema.be\/nl\/#\/schema\/person\/8084b68c6b176142d073695c654dc7cf"},"headline":"\u00ab\u00a0Adorables\u00a0\u00bb: la guerre (des nerfs) est d\u00e9clar\u00e9e","datePublished":"2020-07-09T08:52:44+00:00","dateModified":"2020-08-19T07:48:00+00:00","mainEntityOfPage":{"@id":"https:\/\/welovecinema.be\/fr\/adorables-la-guerre-des-nerfs-est-declaree\/"},"wordCount":816,"publisher":{"@id":"https:\/\/welovecinema.be\/nl\/#organization"},"keywords":["Adoables","newsletter","Solange Cicurel"],"articleSection":["Coming soon"],"inLanguage":"fr-FR"},{"@type":"WebPage","@id":"https:\/\/welovecinema.be\/fr\/adorables-la-guerre-des-nerfs-est-declaree\/","url":"https:\/\/welovecinema.be\/fr\/adorables-la-guerre-des-nerfs-est-declaree\/","name":"\"Adorables\": la guerre (des nerfs) est d\u00e9clar\u00e9e - We Love Cinema","isPartOf":{"@id":"https:\/\/welovecinema.be\/nl\/#website"},"datePublished":"2020-07-09T08:52:44+00:00","dateModified":"2020-08-19T07:48:00+00:00","breadcrumb":{"@id":"https:\/\/welovecinema.be\/fr\/adorables-la-guerre-des-nerfs-est-declaree\/#breadcrumb"},"inLanguage":"fr-FR","potentialAction":[{"@type":"ReadAction","target":["https:\/\/welovecinema.be\/fr\/adorables-la-guerre-des-nerfs-est-declaree\/"]}]},{"@type":"BreadcrumbList","@id":"https:\/\/welovecinema.be\/fr\/adorables-la-guerre-des-nerfs-est-declaree\/#breadcrumb","itemListElement":[{"@type":"ListItem","position":1,"name":"Accueil","item":"https:\/\/welovecinema.be\/fr\/"},{"@type":"ListItem","position":2,"name":"\u00ab\u00a0Adorables\u00a0\u00bb: la guerre (des nerfs) est d\u00e9clar\u00e9e"}]},{"@type":"WebSite","@id":"https:\/\/welovecinema.be\/nl\/#website","url":"https:\/\/welovecinema.be\/nl\/","name":"We Love Cinema","description":"Toute l\u2019information du cin\u00e9ma en Belgique","publisher":{"@id":"https:\/\/welovecinema.be\/nl\/#organization"},"potentialAction":[{"@type":"SearchAction","target":{"@type":"EntryPoint","urlTemplate":"https:\/\/welovecinema.be\/nl\/?s={search_term_string}"},"query-input":"required name=search_term_string"}],"inLanguage":"fr-FR"},{"@type":"Organization","@id":"https:\/\/welovecinema.be\/nl\/#organization","name":"We Love Cinema","url":"https:\/\/welovecinema.be\/nl\/","logo":{"@type":"ImageObject","inLanguage":"fr-FR","@id":"https:\/\/welovecinema.be\/nl\/#\/schema\/logo\/image\/","url":"https:\/\/welovecinema.be\/wp-content\/uploads\/sites\/2\/2023\/03\/Logo-We-Love-Cinema305x128.jpg","contentUrl":"https:\/\/welovecinema.be\/wp-content\/uploads\/sites\/2\/2023\/03\/Logo-We-Love-Cinema305x128.jpg","width":305,"height":128,"caption":"We Love Cinema"},"image":{"@id":"https:\/\/welovecinema.be\/nl\/#\/schema\/logo\/image\/"},"sameAs":["https:\/\/www.facebook.com\/welovecinema.be","https:\/\/www.youtube.com\/channel\/UCX5LYGVhnKvYauW4Nta4HJA","https:\/\/www.instagram.com\/welovecinema.be\/"]},{"@type":"Person","@id":"https:\/\/welovecinema.be\/nl\/#\/schema\/person\/8084b68c6b176142d073695c654dc7cf","name":"Aurore Engelen","url":"https:\/\/welovecinema.be\/fr\/author\/aurore-engelen\/"}]}},"_links":{"self":[{"href":"https:\/\/welovecinema.be\/fr\/wp-json\/wp\/v2\/posts\/229121","targetHints":{"allow":["GET"]}}],"collection":[{"href":"https:\/\/welovecinema.be\/fr\/wp-json\/wp\/v2\/posts"}],"about":[{"href":"https:\/\/welovecinema.be\/fr\/wp-json\/wp\/v2\/types\/post"}],"author":[{"embeddable":true,"href":"https:\/\/welovecinema.be\/fr\/wp-json\/wp\/v2\/users\/343"}],"replies":[{"embeddable":true,"href":"https:\/\/welovecinema.be\/fr\/wp-json\/wp\/v2\/comments?post=229121"}],"version-history":[{"count":0,"href":"https:\/\/welovecinema.be\/fr\/wp-json\/wp\/v2\/posts\/229121\/revisions"}],"wp:featuredmedia":[{"embeddable":true,"href":"https:\/\/welovecinema.be\/fr\/wp-json\/wp\/v2\/media\/229385"}],"wp:attachment":[{"href":"https:\/\/welovecinema.be\/fr\/wp-json\/wp\/v2\/media?parent=229121"}],"wp:term":[{"taxonomy":"category","embeddable":true,"href":"https:\/\/welovecinema.be\/fr\/wp-json\/wp\/v2\/categories?post=229121"},{"taxonomy":"post_tag","embeddable":true,"href":"https:\/\/welovecinema.be\/fr\/wp-json\/wp\/v2\/tags?post=229121"}],"curies":[{"name":"wp","href":"https:\/\/api.w.org\/{rel}","templated":true}]}}