{"id":229024,"date":"2020-06-08T19:58:32","date_gmt":"2020-06-08T17:58:32","guid":{"rendered":"https:\/\/www.cinevox.be\/?p=229024"},"modified":"2020-06-10T12:16:25","modified_gmt":"2020-06-10T10:16:25","slug":"marion-hansel-1949-2020","status":"publish","type":"post","link":"https:\/\/welovecinema.be\/fr\/marion-hansel-1949-2020\/","title":{"rendered":"Marion H\u00e4nsel, 1949-2020"},"content":{"rendered":"<p><strong>C&rsquo;est avec une immense tristesse que nous venons d&rsquo;apprendre le d\u00e9c\u00e8s de l&rsquo;autrice, r\u00e9alisatrice et productrice Marion H\u00e4nsel ce lundi 8 juin 2020.<\/strong><\/p>\n<p>Avec pr\u00e8s de 15 longs m\u00e9trages dans sa filmographie, m\u00e9lange intrigant et fort entre adaptations litt\u00e9raires et cr\u00e9ations originales, elle s&rsquo;est impos\u00e9e dans le paysage cin\u00e9matographique belge et mondial avec une oeuvre puissante, exigeante et \u00e9minemment personnelle, notamment son dernier film, <em>Il \u00e9tait un petit navire<\/em>, m\u00e9moires po\u00e9tiques et film\u00e9es, qui s&rsquo;impose aujourd&rsquo;hui comme un testament cin\u00e9matographique terriblement \u00e9mouvant. Au fil de sa carri\u00e8re, son cin\u00e9ma a crois\u00e9 des Prix Nobel, adapt\u00e9 des Goncourt, \u00e9t\u00e9 s\u00e9lectionn\u00e9 \u00e0 Cannes et Venise (o\u00f9 elle remporte le Lion d&rsquo;Argent pour <em>Dust<\/em>, adaptation de J.M. Coetzee avec Trevor Howard et Jane Birkin).\u00a0 Du Pacifique \u00e0 l&rsquo;Afrique du Sud, de Djibouti \u00e0 Hong Kong, sa filmographie offre un voyage \u00e0 travers le temps et l&rsquo;espace, aussi lettr\u00e9 que spectaculaire.<\/p>\n<p><img loading=\"lazy\" decoding=\"async\" class=\"alignnone size-large wp-image-206345\" src=\"https:\/\/www.cinevox.be\/wp-content\/uploads\/sites\/2\/2018\/01\/93996_full-775x600.jpg\" alt=\"\" width=\"618\" height=\"478\" srcset=\"https:\/\/welovecinema.be\/wp-content\/uploads\/sites\/2\/2018\/01\/93996_full-775x600.jpg 775w, https:\/\/welovecinema.be\/wp-content\/uploads\/sites\/2\/2018\/01\/93996_full-349x270.jpg 349w, https:\/\/welovecinema.be\/wp-content\/uploads\/sites\/2\/2018\/01\/93996_full-768x594.jpg 768w, https:\/\/welovecinema.be\/wp-content\/uploads\/sites\/2\/2018\/01\/93996_full.jpg 1000w\" sizes=\"auto, (max-width: 618px) 100vw, 618px\" \/><\/p>\n<p>Marion H\u00e4nsel \u00e9tait l&rsquo;invit\u00e9e il y a quelques jours de notre podcast, \u00ab\u00a0Les Rituels\u00a0\u00bb, dans lequel elle se livre avec tendresse, humour et g\u00e9n\u00e9rosit\u00e9 sur la place que l&rsquo;\u00e9criture occupait dans sa vie et son quotidien. Elle y revient sur son enfance, marqu\u00e9e par une profonde dyslexie, ses premiers contacts avec l&rsquo;\u00e9criture, ses nombreuses rencontres avec des romans qui semblaient l&rsquo;appeler et qu&rsquo;elle adapta au cin\u00e9ma, ses petites manies et son amour de l&rsquo;\u00e9criture, la grande et la belle \u00e9criture, toujours sur du papier, si possible \u00e0 la plume, les histoires dont elle r\u00eavait, ses tentatives de co-\u00e9criture rat\u00e9es, et cette soif, toujours, d&rsquo;\u00e9crire.<\/p>\n<p>Vous pouvez la r\u00e9-entendre ici:<\/p>\n<p><iframe loading=\"lazy\" src=\"https:\/\/w.soundcloud.com\/player\/?url=https%3A\/\/api.soundcloud.com\/tracks\/833808202&amp;color=%23ff5500&amp;auto_play=false&amp;hide_related=false&amp;show_comments=true&amp;show_user=true&amp;show_reposts=false&amp;show_teaser=true&amp;visual=true\" width=\"100%\" height=\"300\" frameborder=\"no\" scrolling=\"no\"><\/iframe><\/p>\n<div style=\"font-size: 10px; color: #cccccc; line-break: anywhere; word-break: normal; overflow: hidden; white-space: nowrap; text-overflow: ellipsis; font-family: Interstate,Lucida Grande,Lucida Sans Unicode,Lucida Sans,Garuda,Verdana,Tahoma,sans-serif; font-weight: 100;\"><a style=\"color: #cccccc; text-decoration: none;\" title=\"Les Rituels_Podcast_Cinevox\" href=\"https:\/\/soundcloud.com\/les-rituels\" target=\"_blank\" rel=\"noopener noreferrer\">Les Rituels_Podcast_Cinevox<\/a> \u00b7 <a style=\"color: #cccccc; text-decoration: none;\" title=\"Les Rituels - Marion H\u00e4nsel - 4 juin 2020\" href=\"https:\/\/soundcloud.com\/les-rituels\/les-rituels-marion-hansel-4-juin-2020\" target=\"_blank\" rel=\"noopener noreferrer\">Les Rituels &#8211; Marion H\u00e4nsel &#8211; 4 juin 2020<\/a><\/div>\n<p>&nbsp;<\/p>\n<h4>Biographie<\/h4>\n<p>De nationalit\u00e9 belge, Marion H\u00e4nsel est n\u00e9e le 12 f\u00e9vrier 1949 \u00e0 Marseille. Autrice, r\u00e9alisatrice, productrice et com\u00e9dienne, elle s\u2019est produite dans divers th\u00e9\u00e2tres d\u2019avant-garde bruxellois avant d\u2019entamer une carri\u00e8re de r\u00e9alisatrice de courts et de longs m\u00e9trages.<\/p>\n<p>\u00c9lue \u00ab\u00a0Femme de l\u2019ann\u00e9e\u00a0\u00bb en Belgique en 1987, elle fait partie de cette g\u00e9n\u00e9ration de r\u00e9alisateurs qui ont permis d\u2019universaliser le cin\u00e9ma belge en abordant des sujets touchant l\u2019inconscient de tous les peuples.<\/p>\n<p>Marion H\u00e4nsel a grandi \u00e0 Anvers. La r\u00e9alisation n\u2019est pas une vocation pour Marion qui envisage plut\u00f4t de devenir com\u00e9dienne. Tr\u00e8s t\u00f4t, elle se passionne pour le th\u00e9\u00e2tre et entre, en 1967, \u00e0 l\u2019Institut des Arts de Diffusion (IAD). Mais le type d\u2019enseignement, compos\u00e9 d\u2019une multitude de cours th\u00e9oriques, ne lui convient pas. Elle passe alors une audition au Th\u00e9\u00e2tre des Galeries et au Th\u00e9\u00e2tre des Quatre Sous et apprend le m\u00e9tier sur le tas, en jouant. Pour se rapprocher du cin\u00e9ma, elle part ensuite \u00e0 New York pour suivre les stages de l\u2019Actor\u2019s Studio de Lee Strasberg. De retour en Europe, elle entre \u00e0 l\u2019Ecole du Cirque d\u2019Annie Fratellini \u00e0 Paris. Elle \u00e9crit alors <em>\u00c9quilibres<\/em>, un court m\u00e9trage qui lui permettra de faire ses gammes de r\u00e9alisatrice. Elle cr\u00e9e sa soci\u00e9t\u00e9 Man\u2019s Films en 1977, dans le but de r\u00e9aliser ce court-m\u00e9trage. En 1982, Marion H\u00e4nsel r\u00e9alise son premier long m\u00e9trage, <em>Le lit<\/em>, d\u2019apr\u00e8s un roman de Dominique Rollin. Ce film grave, fort, dur, ma\u00eetris\u00e9 et empli d\u2019\u00e9motion ne remporte pas un \u00e9norme succ\u00e8s commercial, mais est couronn\u00e9 par le Prix Cavens, meilleur film belge. En 1983, na\u00eet son fils Jan.<\/p>\n<figure id=\"attachment_229032\" aria-describedby=\"caption-attachment-229032\" style=\"width: 618px\" class=\"wp-caption alignnone\"><img loading=\"lazy\" decoding=\"async\" class=\"size-large wp-image-229032\" src=\"https:\/\/www.cinevox.be\/wp-content\/uploads\/sites\/2\/2020\/06\/104941_backdrop_scale_1280xauto-800x259.jpg\" alt=\"\" width=\"618\" height=\"200\" srcset=\"https:\/\/welovecinema.be\/wp-content\/uploads\/sites\/2\/2020\/06\/104941_backdrop_scale_1280xauto-800x259.jpg 800w, https:\/\/welovecinema.be\/wp-content\/uploads\/sites\/2\/2020\/06\/104941_backdrop_scale_1280xauto-480x155.jpg 480w, https:\/\/welovecinema.be\/wp-content\/uploads\/sites\/2\/2020\/06\/104941_backdrop_scale_1280xauto-768x248.jpg 768w, https:\/\/welovecinema.be\/wp-content\/uploads\/sites\/2\/2020\/06\/104941_backdrop_scale_1280xauto.jpg 1280w\" sizes=\"auto, (max-width: 618px) 100vw, 618px\" \/><figcaption id=\"caption-attachment-229032\" class=\"wp-caption-text\">\u00ab\u00a0Le Lit\u00a0\u00bb<\/figcaption><\/figure>\n<p>Marion deux ans plus tard, adapte <em>Dust<\/em>, le roman du Sud-Africain J.M. Coetzee qui gagnera le Prix Nobel de Litt\u00e9rature en 2003. Le film, dont les personnages principaux sont interpr\u00e9t\u00e9s par Trevor Howard et Jane Birkin, obtient le Lion d\u2019argent \u00e0 Venise (premier film belge couronn\u00e9 \u00e0 ce Festival) et remporte un succ\u00e8s international. En 1987, elle r\u00e9alise <em>Les Noces barbares<\/em>, une adaptation de l\u2019ouvrage de Yann Queffelec, prix Goncourt 1985. La m\u00eame ann\u00e9e, Marion H\u00e4nsel est \u00e9lue \u00ab Femme belge de l\u2019ann\u00e9e \u00bb et devient Pr\u00e9sidente de la Commission de S\u00e9lection des Films de la Communaut\u00e9 fran\u00e7aise de Belgique, une fonction qu\u2019elle quitte rapidement pour y revenir entre 1996 et 1997 et en 2002. Ensuite viennent<em> Il Maestro<\/em> en 1989, <em>Sur la terre comme au ciel e<\/em>n 1991, <em>Between the Devil and the Deep Blue Sea<\/em> en 1995 (s\u00e9lectionn\u00e9 en comp\u00e9tition officielle au Festival de Cannes), <em>The Quarry<\/em> en 1998, Grand prix des Am\u00e9riques \u00e0 Montr\u00e9al, ou encore <em>Nuages: lettres \u00e0 mon fils<\/em> en 2001. Ce dernier, v\u00e9ritable ode \u00e0 la terre et \u00e0 la vie, comporte une profonde dimension \u00e9cologique.<\/p>\n<figure id=\"attachment_229034\" aria-describedby=\"caption-attachment-229034\" style=\"width: 512px\" class=\"wp-caption alignnone\"><img loading=\"lazy\" decoding=\"async\" class=\"size-full wp-image-229034\" src=\"https:\/\/www.cinevox.be\/wp-content\/uploads\/sites\/2\/2020\/06\/unnamed.jpg\" alt=\"\" width=\"512\" height=\"249\" srcset=\"https:\/\/welovecinema.be\/wp-content\/uploads\/sites\/2\/2020\/06\/unnamed.jpg 512w, https:\/\/welovecinema.be\/wp-content\/uploads\/sites\/2\/2020\/06\/unnamed-480x233.jpg 480w\" sizes=\"auto, (max-width: 512px) 100vw, 512px\" \/><figcaption id=\"caption-attachment-229034\" class=\"wp-caption-text\">\u00ab\u00a0Between the Devil and the Deep Blue Sea\u00a0\u00bb<\/figcaption><\/figure>\n<p>En 2006, elle r\u00e9alise un film tourn\u00e9 dans les d\u00e9serts de Djibouti <em>Si le vent soul\u00e8ve les sables<\/em>. Le film a particip\u00e9 \u00e0 plus de 50 festivals et a remport\u00e9 une vingtaine de prix. En 2010, c\u2019est <em>Noir Oc\u00e9an<\/em> adapt\u00e9 de deux nouvelles d\u2019Hubert Mingarelli et qui se passe sur un navire de la Marine fran\u00e7aise dans le Pacifique. <em>La Tendresse<\/em> (2013) est un road-movie et comme son titre l\u2019indique, un feel good movie. Le duo Marilyne Canto\/Olivier Gourmet est lumineux. En 2016, elle retrouve Olivier Gourmet dans <em>En amont du fleuve<\/em>, encore un sc\u00e9nario original, o\u00f9 le com\u00e9dien belge retrouve Sergi Lopez lors d&rsquo;une odyss\u00e9e fraternelle aux confins de la Croatie. A l&rsquo;automne dernier enfin sortait son dernier film, <em>Il \u00e9tait un petit navire<\/em>, dont nous vous parlions <a href=\"https:\/\/www.cinevox.be\/fr\/il-etait-un-petit-navire-memoires-filmees\/\">ici<\/a>.<\/p>\n<figure id=\"attachment_92538\" aria-describedby=\"caption-attachment-92538\" style=\"width: 512px\" class=\"wp-caption alignnone\"><img loading=\"lazy\" decoding=\"async\" class=\" wp-image-92538\" src=\"https:\/\/www.cinevox.be\/wp-content\/uploads\/sites\/2\/2016\/11\/En-amont-du-fleuve1-800x533.jpg\" alt=\"\" width=\"512\" height=\"341\" srcset=\"https:\/\/welovecinema.be\/wp-content\/uploads\/sites\/2\/2016\/11\/En-amont-du-fleuve1-800x533.jpg 800w, https:\/\/welovecinema.be\/wp-content\/uploads\/sites\/2\/2016\/11\/En-amont-du-fleuve1-404x270.jpg 404w\" sizes=\"auto, (max-width: 512px) 100vw, 512px\" \/><figcaption id=\"caption-attachment-92538\" class=\"wp-caption-text\">\u00ab\u00a0En amont du fleuve\u00a0\u00bb<\/figcaption><\/figure>\n<p>Egalement productrice, elle a notamment accompagn\u00e9 <em>No Man&rsquo;s Land<\/em> de Danis Tanovic, Oscar du Meilleur film en langue \u00e9trang\u00e8re en 2002, <em>25 degr\u00e9s en hiver<\/em> de St\u00e9phane Vuillet en 2005, <em>Diego Star<\/em> de Fr\u00e9d\u00e9ric Pelletier en 2013, <em>Zagros<\/em> de Sahim Omar Kalifa en 2018, ou encore <em>Les Chemins de la m\u00e9moire<\/em> de Jose Luis Penafuerte, Magritte du Meilleur documentaire en 2011. Il y a quelques mois, la cin\u00e9aste Caroline Dhont revenait sur ce parcours exceptionnel dans le documentaire <em>Par-del\u00e0 les nuages: le cin\u00e9ma de Marion H\u00e4nsel<\/em>.<\/p>\n<p><iframe loading=\"lazy\" title=\"Par-del\u00e0 les nuages - le cin\u00e9ma de Marion H\u00e4nsel (trailer)\" src=\"https:\/\/player.vimeo.com\/video\/359531838?dnt=1&amp;app_id=122963\" width=\"618\" height=\"348\" frameborder=\"0\" allow=\"autoplay; fullscreen; picture-in-picture; clipboard-write; encrypted-media\"><\/iframe><\/p>\n<h4>A LIRE AUSSI<\/h4>\n<p><a href=\"https:\/\/www.cinevox.be\/fr\/il-etait-un-petit-navire-memoires-filmees\/\"><em>Il \u00e9tait un petit navire<\/em>, m\u00e9moire(s) film\u00e9e(s)<\/a><\/p>\n<p><a href=\"https:\/\/www.cinevox.be\/fr\/en-amont-du-fleuve-les-colosses-au-coeur-dargile\/\"><em>En amont du fleuve<\/em>, les colosses au coeur d&rsquo;argile<\/a><\/p>\n<p><a href=\"https:\/\/www.cinevox.be\/fr\/retour-dust-de-marion-hansel\/\">Retour sur&#8230; <em>Dust<\/em><\/a><\/p>\n<p><a href=\"https:\/\/www.cinevox.be\/fr\/cinema-belge-moi-ep-18-marion-hansel\/\">Le cin\u00e9ma belge et moi, Marion H\u00e4nsel<\/a><\/p>\n<p>&nbsp;<\/p>\n","protected":false},"excerpt":{"rendered":"<p>C&rsquo;est avec une immense tristesse que nous venons d&rsquo;apprendre le d\u00e9c\u00e8s de l&rsquo;autrice, r\u00e9alisatrice et productrice Marion H\u00e4nsel ce lundi 8 juin 2020. Avec pr\u00e8s de 15 longs m\u00e9trages dans sa filmographie, m\u00e9lange intrigant et fort entre adaptations litt\u00e9raires et cr\u00e9ations originales, elle s&rsquo;est impos\u00e9e dans le paysage cin\u00e9matographique belge et mondial avec une oeuvre &hellip;<\/p>\n","protected":false},"author":343,"featured_media":229037,"comment_status":"closed","ping_status":"closed","sticky":false,"template":"","format":"standard","meta":{"ngg_post_thumbnail":0,"footnotes":""},"categories":[12],"tags":[4653,4187],"class_list":["post-229024","post","type-post","status-publish","format-standard","has-post-thumbnail","","category-awards","tag-marion-hansel-2","tag-newsletter-fr"],"yoast_head":"<!-- This site is optimized with the Yoast SEO plugin v20.4 - https:\/\/yoast.com\/wordpress\/plugins\/seo\/ -->\n<title>Marion H\u00e4nsel, 1949-2020 - We Love Cinema<\/title>\n<meta name=\"robots\" content=\"index, follow, max-snippet:-1, max-image-preview:large, max-video-preview:-1\" \/>\n<link rel=\"canonical\" href=\"https:\/\/welovecinema.be\/fr\/marion-hansel-1949-2020\/\" \/>\n<meta property=\"og:locale\" content=\"fr_FR\" \/>\n<meta property=\"og:type\" content=\"article\" \/>\n<meta property=\"og:title\" content=\"Marion H\u00e4nsel, 1949-2020 - We Love Cinema\" \/>\n<meta property=\"og:description\" content=\"C&rsquo;est avec une immense tristesse que nous venons d&rsquo;apprendre le d\u00e9c\u00e8s de l&rsquo;autrice, r\u00e9alisatrice et productrice Marion H\u00e4nsel ce lundi 8 juin 2020. Avec pr\u00e8s de 15 longs m\u00e9trages dans sa filmographie, m\u00e9lange intrigant et fort entre adaptations litt\u00e9raires et cr\u00e9ations originales, elle s&rsquo;est impos\u00e9e dans le paysage cin\u00e9matographique belge et mondial avec une oeuvre &hellip;\" \/>\n<meta property=\"og:url\" content=\"https:\/\/welovecinema.be\/fr\/marion-hansel-1949-2020\/\" \/>\n<meta property=\"og:site_name\" content=\"We Love Cinema\" \/>\n<meta property=\"article:publisher\" content=\"https:\/\/www.facebook.com\/welovecinema.be\" \/>\n<meta property=\"article:published_time\" content=\"2020-06-08T17:58:32+00:00\" \/>\n<meta property=\"article:modified_time\" content=\"2020-06-10T10:16:25+00:00\" \/>\n<meta property=\"og:image\" content=\"https:\/\/welovecinema.be\/wp-content\/uploads\/sites\/2\/2020\/06\/Marion-Hansel-1.jpg\" \/>\n\t<meta property=\"og:image:width\" content=\"444\" \/>\n\t<meta property=\"og:image:height\" content=\"264\" \/>\n\t<meta property=\"og:image:type\" content=\"image\/jpeg\" \/>\n<meta name=\"author\" content=\"Aurore Engelen\" \/>\n<meta name=\"twitter:card\" content=\"summary_large_image\" \/>\n<meta name=\"twitter:label1\" content=\"\u00c9crit par\" \/>\n\t<meta name=\"twitter:data1\" content=\"Aurore Engelen\" \/>\n\t<meta name=\"twitter:label2\" content=\"Dur\u00e9e de lecture estim\u00e9e\" \/>\n\t<meta name=\"twitter:data2\" content=\"5 minutes\" \/>\n<script type=\"application\/ld+json\" class=\"yoast-schema-graph\">{\"@context\":\"https:\/\/schema.org\",\"@graph\":[{\"@type\":\"Article\",\"@id\":\"https:\/\/welovecinema.be\/fr\/marion-hansel-1949-2020\/#article\",\"isPartOf\":{\"@id\":\"https:\/\/welovecinema.be\/fr\/marion-hansel-1949-2020\/\"},\"author\":{\"name\":\"Aurore Engelen\",\"@id\":\"https:\/\/welovecinema.be\/nl\/#\/schema\/person\/8084b68c6b176142d073695c654dc7cf\"},\"headline\":\"Marion H\u00e4nsel, 1949-2020\",\"datePublished\":\"2020-06-08T17:58:32+00:00\",\"dateModified\":\"2020-06-10T10:16:25+00:00\",\"mainEntityOfPage\":{\"@id\":\"https:\/\/welovecinema.be\/fr\/marion-hansel-1949-2020\/\"},\"wordCount\":1105,\"publisher\":{\"@id\":\"https:\/\/welovecinema.be\/nl\/#organization\"},\"keywords\":[\"Marion H\u00e4nsel\",\"newsletter\"],\"articleSection\":[\"Evenements\"],\"inLanguage\":\"fr-FR\"},{\"@type\":\"WebPage\",\"@id\":\"https:\/\/welovecinema.be\/fr\/marion-hansel-1949-2020\/\",\"url\":\"https:\/\/welovecinema.be\/fr\/marion-hansel-1949-2020\/\",\"name\":\"Marion H\u00e4nsel, 1949-2020 - We Love Cinema\",\"isPartOf\":{\"@id\":\"https:\/\/welovecinema.be\/nl\/#website\"},\"datePublished\":\"2020-06-08T17:58:32+00:00\",\"dateModified\":\"2020-06-10T10:16:25+00:00\",\"breadcrumb\":{\"@id\":\"https:\/\/welovecinema.be\/fr\/marion-hansel-1949-2020\/#breadcrumb\"},\"inLanguage\":\"fr-FR\",\"potentialAction\":[{\"@type\":\"ReadAction\",\"target\":[\"https:\/\/welovecinema.be\/fr\/marion-hansel-1949-2020\/\"]}]},{\"@type\":\"BreadcrumbList\",\"@id\":\"https:\/\/welovecinema.be\/fr\/marion-hansel-1949-2020\/#breadcrumb\",\"itemListElement\":[{\"@type\":\"ListItem\",\"position\":1,\"name\":\"Accueil\",\"item\":\"https:\/\/welovecinema.be\/fr\/\"},{\"@type\":\"ListItem\",\"position\":2,\"name\":\"Marion H\u00e4nsel, 1949-2020\"}]},{\"@type\":\"WebSite\",\"@id\":\"https:\/\/welovecinema.be\/nl\/#website\",\"url\":\"https:\/\/welovecinema.be\/nl\/\",\"name\":\"We Love Cinema\",\"description\":\"Toute l\u2019information du cin\u00e9ma en Belgique\",\"publisher\":{\"@id\":\"https:\/\/welovecinema.be\/nl\/#organization\"},\"potentialAction\":[{\"@type\":\"SearchAction\",\"target\":{\"@type\":\"EntryPoint\",\"urlTemplate\":\"https:\/\/welovecinema.be\/nl\/?s={search_term_string}\"},\"query-input\":\"required name=search_term_string\"}],\"inLanguage\":\"fr-FR\"},{\"@type\":\"Organization\",\"@id\":\"https:\/\/welovecinema.be\/nl\/#organization\",\"name\":\"We Love Cinema\",\"url\":\"https:\/\/welovecinema.be\/nl\/\",\"logo\":{\"@type\":\"ImageObject\",\"inLanguage\":\"fr-FR\",\"@id\":\"https:\/\/welovecinema.be\/nl\/#\/schema\/logo\/image\/\",\"url\":\"https:\/\/welovecinema.be\/wp-content\/uploads\/sites\/2\/2023\/03\/Logo-We-Love-Cinema305x128.jpg\",\"contentUrl\":\"https:\/\/welovecinema.be\/wp-content\/uploads\/sites\/2\/2023\/03\/Logo-We-Love-Cinema305x128.jpg\",\"width\":305,\"height\":128,\"caption\":\"We Love Cinema\"},\"image\":{\"@id\":\"https:\/\/welovecinema.be\/nl\/#\/schema\/logo\/image\/\"},\"sameAs\":[\"https:\/\/www.facebook.com\/welovecinema.be\",\"https:\/\/www.youtube.com\/channel\/UCX5LYGVhnKvYauW4Nta4HJA\",\"https:\/\/www.instagram.com\/welovecinema.be\/\"]},{\"@type\":\"Person\",\"@id\":\"https:\/\/welovecinema.be\/nl\/#\/schema\/person\/8084b68c6b176142d073695c654dc7cf\",\"name\":\"Aurore Engelen\",\"url\":\"https:\/\/welovecinema.be\/fr\/author\/aurore-engelen\/\"}]}<\/script>\n<!-- \/ Yoast SEO plugin. -->","yoast_head_json":{"title":"Marion H\u00e4nsel, 1949-2020 - We Love Cinema","robots":{"index":"index","follow":"follow","max-snippet":"max-snippet:-1","max-image-preview":"max-image-preview:large","max-video-preview":"max-video-preview:-1"},"canonical":"https:\/\/welovecinema.be\/fr\/marion-hansel-1949-2020\/","og_locale":"fr_FR","og_type":"article","og_title":"Marion H\u00e4nsel, 1949-2020 - We Love Cinema","og_description":"C&rsquo;est avec une immense tristesse que nous venons d&rsquo;apprendre le d\u00e9c\u00e8s de l&rsquo;autrice, r\u00e9alisatrice et productrice Marion H\u00e4nsel ce lundi 8 juin 2020. Avec pr\u00e8s de 15 longs m\u00e9trages dans sa filmographie, m\u00e9lange intrigant et fort entre adaptations litt\u00e9raires et cr\u00e9ations originales, elle s&rsquo;est impos\u00e9e dans le paysage cin\u00e9matographique belge et mondial avec une oeuvre &hellip;","og_url":"https:\/\/welovecinema.be\/fr\/marion-hansel-1949-2020\/","og_site_name":"We Love Cinema","article_publisher":"https:\/\/www.facebook.com\/welovecinema.be","article_published_time":"2020-06-08T17:58:32+00:00","article_modified_time":"2020-06-10T10:16:25+00:00","og_image":[{"width":444,"height":264,"url":"https:\/\/welovecinema.be\/wp-content\/uploads\/sites\/2\/2020\/06\/Marion-Hansel-1.jpg","type":"image\/jpeg"}],"author":"Aurore Engelen","twitter_card":"summary_large_image","twitter_misc":{"\u00c9crit par":"Aurore Engelen","Dur\u00e9e de lecture estim\u00e9e":"5 minutes"},"schema":{"@context":"https:\/\/schema.org","@graph":[{"@type":"Article","@id":"https:\/\/welovecinema.be\/fr\/marion-hansel-1949-2020\/#article","isPartOf":{"@id":"https:\/\/welovecinema.be\/fr\/marion-hansel-1949-2020\/"},"author":{"name":"Aurore Engelen","@id":"https:\/\/welovecinema.be\/nl\/#\/schema\/person\/8084b68c6b176142d073695c654dc7cf"},"headline":"Marion H\u00e4nsel, 1949-2020","datePublished":"2020-06-08T17:58:32+00:00","dateModified":"2020-06-10T10:16:25+00:00","mainEntityOfPage":{"@id":"https:\/\/welovecinema.be\/fr\/marion-hansel-1949-2020\/"},"wordCount":1105,"publisher":{"@id":"https:\/\/welovecinema.be\/nl\/#organization"},"keywords":["Marion H\u00e4nsel","newsletter"],"articleSection":["Evenements"],"inLanguage":"fr-FR"},{"@type":"WebPage","@id":"https:\/\/welovecinema.be\/fr\/marion-hansel-1949-2020\/","url":"https:\/\/welovecinema.be\/fr\/marion-hansel-1949-2020\/","name":"Marion H\u00e4nsel, 1949-2020 - We Love Cinema","isPartOf":{"@id":"https:\/\/welovecinema.be\/nl\/#website"},"datePublished":"2020-06-08T17:58:32+00:00","dateModified":"2020-06-10T10:16:25+00:00","breadcrumb":{"@id":"https:\/\/welovecinema.be\/fr\/marion-hansel-1949-2020\/#breadcrumb"},"inLanguage":"fr-FR","potentialAction":[{"@type":"ReadAction","target":["https:\/\/welovecinema.be\/fr\/marion-hansel-1949-2020\/"]}]},{"@type":"BreadcrumbList","@id":"https:\/\/welovecinema.be\/fr\/marion-hansel-1949-2020\/#breadcrumb","itemListElement":[{"@type":"ListItem","position":1,"name":"Accueil","item":"https:\/\/welovecinema.be\/fr\/"},{"@type":"ListItem","position":2,"name":"Marion H\u00e4nsel, 1949-2020"}]},{"@type":"WebSite","@id":"https:\/\/welovecinema.be\/nl\/#website","url":"https:\/\/welovecinema.be\/nl\/","name":"We Love Cinema","description":"Toute l\u2019information du cin\u00e9ma en Belgique","publisher":{"@id":"https:\/\/welovecinema.be\/nl\/#organization"},"potentialAction":[{"@type":"SearchAction","target":{"@type":"EntryPoint","urlTemplate":"https:\/\/welovecinema.be\/nl\/?s={search_term_string}"},"query-input":"required name=search_term_string"}],"inLanguage":"fr-FR"},{"@type":"Organization","@id":"https:\/\/welovecinema.be\/nl\/#organization","name":"We Love Cinema","url":"https:\/\/welovecinema.be\/nl\/","logo":{"@type":"ImageObject","inLanguage":"fr-FR","@id":"https:\/\/welovecinema.be\/nl\/#\/schema\/logo\/image\/","url":"https:\/\/welovecinema.be\/wp-content\/uploads\/sites\/2\/2023\/03\/Logo-We-Love-Cinema305x128.jpg","contentUrl":"https:\/\/welovecinema.be\/wp-content\/uploads\/sites\/2\/2023\/03\/Logo-We-Love-Cinema305x128.jpg","width":305,"height":128,"caption":"We Love Cinema"},"image":{"@id":"https:\/\/welovecinema.be\/nl\/#\/schema\/logo\/image\/"},"sameAs":["https:\/\/www.facebook.com\/welovecinema.be","https:\/\/www.youtube.com\/channel\/UCX5LYGVhnKvYauW4Nta4HJA","https:\/\/www.instagram.com\/welovecinema.be\/"]},{"@type":"Person","@id":"https:\/\/welovecinema.be\/nl\/#\/schema\/person\/8084b68c6b176142d073695c654dc7cf","name":"Aurore Engelen","url":"https:\/\/welovecinema.be\/fr\/author\/aurore-engelen\/"}]}},"_links":{"self":[{"href":"https:\/\/welovecinema.be\/fr\/wp-json\/wp\/v2\/posts\/229024","targetHints":{"allow":["GET"]}}],"collection":[{"href":"https:\/\/welovecinema.be\/fr\/wp-json\/wp\/v2\/posts"}],"about":[{"href":"https:\/\/welovecinema.be\/fr\/wp-json\/wp\/v2\/types\/post"}],"author":[{"embeddable":true,"href":"https:\/\/welovecinema.be\/fr\/wp-json\/wp\/v2\/users\/343"}],"replies":[{"embeddable":true,"href":"https:\/\/welovecinema.be\/fr\/wp-json\/wp\/v2\/comments?post=229024"}],"version-history":[{"count":0,"href":"https:\/\/welovecinema.be\/fr\/wp-json\/wp\/v2\/posts\/229024\/revisions"}],"wp:featuredmedia":[{"embeddable":true,"href":"https:\/\/welovecinema.be\/fr\/wp-json\/wp\/v2\/media\/229037"}],"wp:attachment":[{"href":"https:\/\/welovecinema.be\/fr\/wp-json\/wp\/v2\/media?parent=229024"}],"wp:term":[{"taxonomy":"category","embeddable":true,"href":"https:\/\/welovecinema.be\/fr\/wp-json\/wp\/v2\/categories?post=229024"},{"taxonomy":"post_tag","embeddable":true,"href":"https:\/\/welovecinema.be\/fr\/wp-json\/wp\/v2\/tags?post=229024"}],"curies":[{"name":"wp","href":"https:\/\/api.w.org\/{rel}","templated":true}]}}