{"id":228970,"date":"2020-06-04T11:55:55","date_gmt":"2020-06-04T09:55:55","guid":{"rendered":"https:\/\/www.cinevox.be\/?p=228970"},"modified":"2020-06-05T09:41:58","modified_gmt":"2020-06-05T07:41:58","slug":"des-belges-a-la-semaine-de-la-critique-2020-ok","status":"publish","type":"post","link":"https:\/\/welovecinema.be\/fr\/des-belges-a-la-semaine-de-la-critique-2020-ok\/","title":{"rendered":"Des Belges \u00e0 la Semaine de la Critique 2020"},"content":{"rendered":"<p><strong>Comme le Festival de Cannes, qui annon\u00e7ait hier sa s\u00e9lection officielle, qui b\u00e9n\u00e9ficiera du label \u00ab\u00a0Cannes 2020\u00a0\u00bb, la Semaine de la Critique a annonc\u00e9 aujourd&rsquo;hui la liste des 15 films (5 longs m\u00e9trages et 10 courts) qui pourront se targuer d&rsquo;avoir re\u00e7u le label \u00ab\u00a0Semaine de la Critique 2020\u00a0\u00bb.<\/strong><\/p>\n<p>Parmi les longs m\u00e9trages retenus, on retiendra le film <em>After Love<\/em> du r\u00e9alisateur anglo-pakistanais Aleem Khan. Le film est produit par le belge Matthieu de Braconier, via sa soci\u00e9t\u00e9 The Bureau bas\u00e9e au Royaume-Uni. Situ\u00e9 dans la ville c\u00f4ti\u00e8re de Douvres au sud de l&rsquo;Angleterre, on y suit l&rsquo;itin\u00e9raire de Mary Hussain, qui se retrouve veuve apr\u00e8s le d\u00e9c\u00e8s inattendu de son mari. Un jour apr\u00e8s l&rsquo;enterrement, elle d\u00e9couvre qu&rsquo;il cachait un secret \u00e0 seulement 34km de l&rsquo;autre c\u00f4t\u00e9 de la Manche, \u00e0 Calais.<\/p>\n<p>On notera \u00e9galement la s\u00e9lection du film du r\u00e9alisateur fran\u00e7ais Na\u00ebl Marandin <em>La Terre des Hommes<\/em>, au g\u00e9n\u00e9rique duquel on retrouve les com\u00e9diens Olivier Gourmet et Yoann Blanc.<\/p>\n<p>Enfin, la Semaine de la Critique a \u00e9galement retenu le court m\u00e9trage flamand <em>White Goldfish<\/em> des <span data-contrast=\"auto\">fr\u00e8res Jan et Raf\u00a0<\/span><span data-contrast=\"auto\">Roosens. Leur court <em>Copain<\/em> avait d\u00e9j\u00e0 obtenu une\u00a0s\u00e9lection officielle au 68<sup>e<\/sup> Festival de Cannes en 2015.\u00a0<\/span><\/p>\n","protected":false},"excerpt":{"rendered":"<p>Comme le Festival de Cannes, qui annon\u00e7ait hier sa s\u00e9lection officielle, qui b\u00e9n\u00e9ficiera du label \u00ab\u00a0Cannes 2020\u00a0\u00bb, la Semaine de la Critique a annonc\u00e9 aujourd&rsquo;hui la liste des 15 films (5 longs m\u00e9trages et 10 courts) qui pourront se targuer d&rsquo;avoir re\u00e7u le label \u00ab\u00a0Semaine de la Critique 2020\u00a0\u00bb. Parmi les longs m\u00e9trages retenus, on &hellip;<\/p>\n","protected":false},"author":343,"featured_media":228974,"comment_status":"closed","ping_status":"closed","sticky":false,"template":"","format":"standard","meta":{"ngg_post_thumbnail":0,"footnotes":""},"categories":[1923],"tags":[4187,5048],"class_list":["post-228970","post","type-post","status-publish","format-standard","has-post-thumbnail","","category-en-bref","tag-newsletter-fr","tag-olivier-gourmet-2"],"yoast_head":"<!-- This site is optimized with the Yoast SEO plugin v20.4 - https:\/\/yoast.com\/wordpress\/plugins\/seo\/ -->\n<title>Des Belges \u00e0 la Semaine de la Critique 2020 - We Love Cinema<\/title>\n<meta name=\"robots\" content=\"index, follow, max-snippet:-1, max-image-preview:large, max-video-preview:-1\" \/>\n<link rel=\"canonical\" href=\"https:\/\/welovecinema.be\/fr\/des-belges-a-la-semaine-de-la-critique-2020-ok\/\" \/>\n<meta property=\"og:locale\" content=\"fr_FR\" \/>\n<meta property=\"og:type\" content=\"article\" \/>\n<meta property=\"og:title\" content=\"Des Belges \u00e0 la Semaine de la Critique 2020 - We Love Cinema\" \/>\n<meta property=\"og:description\" content=\"Comme le Festival de Cannes, qui annon\u00e7ait hier sa s\u00e9lection officielle, qui b\u00e9n\u00e9ficiera du label \u00ab\u00a0Cannes 2020\u00a0\u00bb, la Semaine de la Critique a annonc\u00e9 aujourd&rsquo;hui la liste des 15 films (5 longs m\u00e9trages et 10 courts) qui pourront se targuer d&rsquo;avoir re\u00e7u le label \u00ab\u00a0Semaine de la Critique 2020\u00a0\u00bb. Parmi les longs m\u00e9trages retenus, on &hellip;\" \/>\n<meta property=\"og:url\" content=\"https:\/\/welovecinema.be\/fr\/des-belges-a-la-semaine-de-la-critique-2020-ok\/\" \/>\n<meta property=\"og:site_name\" content=\"We Love Cinema\" \/>\n<meta property=\"article:publisher\" content=\"https:\/\/www.facebook.com\/welovecinema.be\" \/>\n<meta property=\"article:published_time\" content=\"2020-06-04T09:55:55+00:00\" \/>\n<meta property=\"article:modified_time\" content=\"2020-06-05T07:41:58+00:00\" \/>\n<meta property=\"og:image\" content=\"https:\/\/welovecinema.be\/wp-content\/uploads\/sites\/2\/2020\/06\/La_Terre_des_hommes-1.jpg\" \/>\n\t<meta property=\"og:image:width\" content=\"1200\" \/>\n\t<meta property=\"og:image:height\" content=\"600\" \/>\n\t<meta property=\"og:image:type\" content=\"image\/jpeg\" \/>\n<meta name=\"author\" content=\"Aurore Engelen\" \/>\n<meta name=\"twitter:card\" content=\"summary_large_image\" \/>\n<meta name=\"twitter:label1\" content=\"\u00c9crit par\" \/>\n\t<meta name=\"twitter:data1\" content=\"Aurore Engelen\" \/>\n\t<meta name=\"twitter:label2\" content=\"Dur\u00e9e de lecture estim\u00e9e\" \/>\n\t<meta name=\"twitter:data2\" content=\"1 minute\" \/>\n<script type=\"application\/ld+json\" class=\"yoast-schema-graph\">{\"@context\":\"https:\/\/schema.org\",\"@graph\":[{\"@type\":\"Article\",\"@id\":\"https:\/\/welovecinema.be\/fr\/des-belges-a-la-semaine-de-la-critique-2020-ok\/#article\",\"isPartOf\":{\"@id\":\"https:\/\/welovecinema.be\/fr\/des-belges-a-la-semaine-de-la-critique-2020-ok\/\"},\"author\":{\"name\":\"Aurore Engelen\",\"@id\":\"https:\/\/welovecinema.be\/nl\/#\/schema\/person\/8084b68c6b176142d073695c654dc7cf\"},\"headline\":\"Des Belges \u00e0 la Semaine de la Critique 2020\",\"datePublished\":\"2020-06-04T09:55:55+00:00\",\"dateModified\":\"2020-06-05T07:41:58+00:00\",\"mainEntityOfPage\":{\"@id\":\"https:\/\/welovecinema.be\/fr\/des-belges-a-la-semaine-de-la-critique-2020-ok\/\"},\"wordCount\":234,\"publisher\":{\"@id\":\"https:\/\/welovecinema.be\/nl\/#organization\"},\"keywords\":[\"newsletter\",\"Olivier Gourmet\"],\"articleSection\":[\"En bref\"],\"inLanguage\":\"fr-FR\"},{\"@type\":\"WebPage\",\"@id\":\"https:\/\/welovecinema.be\/fr\/des-belges-a-la-semaine-de-la-critique-2020-ok\/\",\"url\":\"https:\/\/welovecinema.be\/fr\/des-belges-a-la-semaine-de-la-critique-2020-ok\/\",\"name\":\"Des Belges \u00e0 la Semaine de la Critique 2020 - We Love Cinema\",\"isPartOf\":{\"@id\":\"https:\/\/welovecinema.be\/nl\/#website\"},\"datePublished\":\"2020-06-04T09:55:55+00:00\",\"dateModified\":\"2020-06-05T07:41:58+00:00\",\"breadcrumb\":{\"@id\":\"https:\/\/welovecinema.be\/fr\/des-belges-a-la-semaine-de-la-critique-2020-ok\/#breadcrumb\"},\"inLanguage\":\"fr-FR\",\"potentialAction\":[{\"@type\":\"ReadAction\",\"target\":[\"https:\/\/welovecinema.be\/fr\/des-belges-a-la-semaine-de-la-critique-2020-ok\/\"]}]},{\"@type\":\"BreadcrumbList\",\"@id\":\"https:\/\/welovecinema.be\/fr\/des-belges-a-la-semaine-de-la-critique-2020-ok\/#breadcrumb\",\"itemListElement\":[{\"@type\":\"ListItem\",\"position\":1,\"name\":\"Accueil\",\"item\":\"https:\/\/welovecinema.be\/fr\/\"},{\"@type\":\"ListItem\",\"position\":2,\"name\":\"Des Belges \u00e0 la Semaine de la Critique 2020\"}]},{\"@type\":\"WebSite\",\"@id\":\"https:\/\/welovecinema.be\/nl\/#website\",\"url\":\"https:\/\/welovecinema.be\/nl\/\",\"name\":\"We Love Cinema\",\"description\":\"Toute l\u2019information du cin\u00e9ma en Belgique\",\"publisher\":{\"@id\":\"https:\/\/welovecinema.be\/nl\/#organization\"},\"potentialAction\":[{\"@type\":\"SearchAction\",\"target\":{\"@type\":\"EntryPoint\",\"urlTemplate\":\"https:\/\/welovecinema.be\/nl\/?s={search_term_string}\"},\"query-input\":\"required name=search_term_string\"}],\"inLanguage\":\"fr-FR\"},{\"@type\":\"Organization\",\"@id\":\"https:\/\/welovecinema.be\/nl\/#organization\",\"name\":\"We Love Cinema\",\"url\":\"https:\/\/welovecinema.be\/nl\/\",\"logo\":{\"@type\":\"ImageObject\",\"inLanguage\":\"fr-FR\",\"@id\":\"https:\/\/welovecinema.be\/nl\/#\/schema\/logo\/image\/\",\"url\":\"https:\/\/welovecinema.be\/wp-content\/uploads\/sites\/2\/2023\/03\/Logo-We-Love-Cinema305x128.jpg\",\"contentUrl\":\"https:\/\/welovecinema.be\/wp-content\/uploads\/sites\/2\/2023\/03\/Logo-We-Love-Cinema305x128.jpg\",\"width\":305,\"height\":128,\"caption\":\"We Love Cinema\"},\"image\":{\"@id\":\"https:\/\/welovecinema.be\/nl\/#\/schema\/logo\/image\/\"},\"sameAs\":[\"https:\/\/www.facebook.com\/welovecinema.be\",\"https:\/\/www.youtube.com\/channel\/UCX5LYGVhnKvYauW4Nta4HJA\",\"https:\/\/www.instagram.com\/welovecinema.be\/\"]},{\"@type\":\"Person\",\"@id\":\"https:\/\/welovecinema.be\/nl\/#\/schema\/person\/8084b68c6b176142d073695c654dc7cf\",\"name\":\"Aurore Engelen\",\"url\":\"https:\/\/welovecinema.be\/fr\/author\/aurore-engelen\/\"}]}<\/script>\n<!-- \/ Yoast SEO plugin. -->","yoast_head_json":{"title":"Des Belges \u00e0 la Semaine de la Critique 2020 - We Love Cinema","robots":{"index":"index","follow":"follow","max-snippet":"max-snippet:-1","max-image-preview":"max-image-preview:large","max-video-preview":"max-video-preview:-1"},"canonical":"https:\/\/welovecinema.be\/fr\/des-belges-a-la-semaine-de-la-critique-2020-ok\/","og_locale":"fr_FR","og_type":"article","og_title":"Des Belges \u00e0 la Semaine de la Critique 2020 - We Love Cinema","og_description":"Comme le Festival de Cannes, qui annon\u00e7ait hier sa s\u00e9lection officielle, qui b\u00e9n\u00e9ficiera du label \u00ab\u00a0Cannes 2020\u00a0\u00bb, la Semaine de la Critique a annonc\u00e9 aujourd&rsquo;hui la liste des 15 films (5 longs m\u00e9trages et 10 courts) qui pourront se targuer d&rsquo;avoir re\u00e7u le label \u00ab\u00a0Semaine de la Critique 2020\u00a0\u00bb. Parmi les longs m\u00e9trages retenus, on &hellip;","og_url":"https:\/\/welovecinema.be\/fr\/des-belges-a-la-semaine-de-la-critique-2020-ok\/","og_site_name":"We Love Cinema","article_publisher":"https:\/\/www.facebook.com\/welovecinema.be","article_published_time":"2020-06-04T09:55:55+00:00","article_modified_time":"2020-06-05T07:41:58+00:00","og_image":[{"width":1200,"height":600,"url":"https:\/\/welovecinema.be\/wp-content\/uploads\/sites\/2\/2020\/06\/La_Terre_des_hommes-1.jpg","type":"image\/jpeg"}],"author":"Aurore Engelen","twitter_card":"summary_large_image","twitter_misc":{"\u00c9crit par":"Aurore Engelen","Dur\u00e9e de lecture estim\u00e9e":"1 minute"},"schema":{"@context":"https:\/\/schema.org","@graph":[{"@type":"Article","@id":"https:\/\/welovecinema.be\/fr\/des-belges-a-la-semaine-de-la-critique-2020-ok\/#article","isPartOf":{"@id":"https:\/\/welovecinema.be\/fr\/des-belges-a-la-semaine-de-la-critique-2020-ok\/"},"author":{"name":"Aurore Engelen","@id":"https:\/\/welovecinema.be\/nl\/#\/schema\/person\/8084b68c6b176142d073695c654dc7cf"},"headline":"Des Belges \u00e0 la Semaine de la Critique 2020","datePublished":"2020-06-04T09:55:55+00:00","dateModified":"2020-06-05T07:41:58+00:00","mainEntityOfPage":{"@id":"https:\/\/welovecinema.be\/fr\/des-belges-a-la-semaine-de-la-critique-2020-ok\/"},"wordCount":234,"publisher":{"@id":"https:\/\/welovecinema.be\/nl\/#organization"},"keywords":["newsletter","Olivier Gourmet"],"articleSection":["En bref"],"inLanguage":"fr-FR"},{"@type":"WebPage","@id":"https:\/\/welovecinema.be\/fr\/des-belges-a-la-semaine-de-la-critique-2020-ok\/","url":"https:\/\/welovecinema.be\/fr\/des-belges-a-la-semaine-de-la-critique-2020-ok\/","name":"Des Belges \u00e0 la Semaine de la Critique 2020 - We Love Cinema","isPartOf":{"@id":"https:\/\/welovecinema.be\/nl\/#website"},"datePublished":"2020-06-04T09:55:55+00:00","dateModified":"2020-06-05T07:41:58+00:00","breadcrumb":{"@id":"https:\/\/welovecinema.be\/fr\/des-belges-a-la-semaine-de-la-critique-2020-ok\/#breadcrumb"},"inLanguage":"fr-FR","potentialAction":[{"@type":"ReadAction","target":["https:\/\/welovecinema.be\/fr\/des-belges-a-la-semaine-de-la-critique-2020-ok\/"]}]},{"@type":"BreadcrumbList","@id":"https:\/\/welovecinema.be\/fr\/des-belges-a-la-semaine-de-la-critique-2020-ok\/#breadcrumb","itemListElement":[{"@type":"ListItem","position":1,"name":"Accueil","item":"https:\/\/welovecinema.be\/fr\/"},{"@type":"ListItem","position":2,"name":"Des Belges \u00e0 la Semaine de la Critique 2020"}]},{"@type":"WebSite","@id":"https:\/\/welovecinema.be\/nl\/#website","url":"https:\/\/welovecinema.be\/nl\/","name":"We Love Cinema","description":"Toute l\u2019information du cin\u00e9ma en Belgique","publisher":{"@id":"https:\/\/welovecinema.be\/nl\/#organization"},"potentialAction":[{"@type":"SearchAction","target":{"@type":"EntryPoint","urlTemplate":"https:\/\/welovecinema.be\/nl\/?s={search_term_string}"},"query-input":"required name=search_term_string"}],"inLanguage":"fr-FR"},{"@type":"Organization","@id":"https:\/\/welovecinema.be\/nl\/#organization","name":"We Love Cinema","url":"https:\/\/welovecinema.be\/nl\/","logo":{"@type":"ImageObject","inLanguage":"fr-FR","@id":"https:\/\/welovecinema.be\/nl\/#\/schema\/logo\/image\/","url":"https:\/\/welovecinema.be\/wp-content\/uploads\/sites\/2\/2023\/03\/Logo-We-Love-Cinema305x128.jpg","contentUrl":"https:\/\/welovecinema.be\/wp-content\/uploads\/sites\/2\/2023\/03\/Logo-We-Love-Cinema305x128.jpg","width":305,"height":128,"caption":"We Love Cinema"},"image":{"@id":"https:\/\/welovecinema.be\/nl\/#\/schema\/logo\/image\/"},"sameAs":["https:\/\/www.facebook.com\/welovecinema.be","https:\/\/www.youtube.com\/channel\/UCX5LYGVhnKvYauW4Nta4HJA","https:\/\/www.instagram.com\/welovecinema.be\/"]},{"@type":"Person","@id":"https:\/\/welovecinema.be\/nl\/#\/schema\/person\/8084b68c6b176142d073695c654dc7cf","name":"Aurore Engelen","url":"https:\/\/welovecinema.be\/fr\/author\/aurore-engelen\/"}]}},"_links":{"self":[{"href":"https:\/\/welovecinema.be\/fr\/wp-json\/wp\/v2\/posts\/228970","targetHints":{"allow":["GET"]}}],"collection":[{"href":"https:\/\/welovecinema.be\/fr\/wp-json\/wp\/v2\/posts"}],"about":[{"href":"https:\/\/welovecinema.be\/fr\/wp-json\/wp\/v2\/types\/post"}],"author":[{"embeddable":true,"href":"https:\/\/welovecinema.be\/fr\/wp-json\/wp\/v2\/users\/343"}],"replies":[{"embeddable":true,"href":"https:\/\/welovecinema.be\/fr\/wp-json\/wp\/v2\/comments?post=228970"}],"version-history":[{"count":0,"href":"https:\/\/welovecinema.be\/fr\/wp-json\/wp\/v2\/posts\/228970\/revisions"}],"wp:featuredmedia":[{"embeddable":true,"href":"https:\/\/welovecinema.be\/fr\/wp-json\/wp\/v2\/media\/228974"}],"wp:attachment":[{"href":"https:\/\/welovecinema.be\/fr\/wp-json\/wp\/v2\/media?parent=228970"}],"wp:term":[{"taxonomy":"category","embeddable":true,"href":"https:\/\/welovecinema.be\/fr\/wp-json\/wp\/v2\/categories?post=228970"},{"taxonomy":"post_tag","embeddable":true,"href":"https:\/\/welovecinema.be\/fr\/wp-json\/wp\/v2\/tags?post=228970"}],"curies":[{"name":"wp","href":"https:\/\/api.w.org\/{rel}","templated":true}]}}