{"id":228915,"date":"2020-06-03T16:22:47","date_gmt":"2020-06-03T14:22:47","guid":{"rendered":"https:\/\/www.cinevox.be\/?p=228915"},"modified":"2020-06-03T18:43:32","modified_gmt":"2020-06-03T16:43:32","slug":"reouverture-des-cinemas","status":"publish","type":"post","link":"https:\/\/welovecinema.be\/fr\/reouverture-des-cinemas\/","title":{"rendered":"R\u00e9ouverture des cin\u00e9mas!"},"content":{"rendered":"<p><strong>Le Conseil National de S\u00e9curit\u00e9 a parl\u00e9, les cin\u00e9mas pourront r\u00e9ouvrir en Belgique le 1er juillet prochain!<\/strong><\/p>\n<p>Plus de 100 jours, c&rsquo;est la dur\u00e9e de fermeture qu&rsquo;auront connu les cin\u00e9mas belges en cette ann\u00e9e 2020. 100 jours de fermeture, plus de 100 jours sans grand \u00e9cran, plus de 100 jours \u00e0 se demander quand enfin, nous aurions la joie de nous rassoir dans le noir.<\/p>\n<p>Evidemment, les exploitants devront respecter un certain nombre de mesures sanitaires, un v\u00e9ritable d\u00e9fi, notamment dans les plus petites structures. La capacit\u00e9 maximale des rassemblements est fix\u00e9e \u00e0 200 personnes. Ils devront aussi trouver des films \u00e0 programmer, car il semble clair que les distributeurs ne vont pas se pr\u00e9cipiter pour sortir de nouveaux films, et seront tent\u00e9s de voir comment \u00e9volue le march\u00e9. O\u00f9 en sont les spectateurs? Oseront-ils aller au cin\u00e9ma?<\/p>\n<p>D&rsquo;un autre c\u00f4t\u00e9, il y aura peut-\u00eatre des opportunit\u00e9s \u00e0 saisir, si le cin\u00e9ma est l&rsquo;un des premiers loisirs culturels \u00e0 nouveau accessible au public, surtout si les grosses machines, essentiellement hollywoodiennes, sont report\u00e9es \u00e0 des temps ult\u00e9rieurs.<\/p>\n<p>C\u00f4t\u00e9 films belges, on verra peut-\u00eatre ressortir des films dont la carri\u00e8re a \u00e9t\u00e9 s\u00e9rieusement \u00e9court\u00e9e, comme <a href=\"https:\/\/www.cinevox.be\/fr\/losers-revolution-comedie-decomplexee\/\"><em>Losers Revolution<\/em><\/a> de Thomas Ancora et Gr\u00e9gory Beghin (sorti le&#8230; 11 mars!), si tant est que les exploitants ne redoutent pas trop le fait que la plupart de ces films aient \u00e9t\u00e9 exploit\u00e9s en VOD premium.<\/p>\n<p>C\u00f4t\u00e9 nouvelles sorties, on attendait beaucoup <em>Jumbo<\/em>, le premier long m\u00e9trage de Zo\u00e9 Wittock, qui devait sortir le 18 mars. Le film sortira le 1er juillet en France, mais il a \u00e9t\u00e9 exploit\u00e9 en Belgique en\u00a0 VOD premium. A d\u00e9faut d&rsquo;une sortie en bonne et due forme, esp\u00e9rons que l&rsquo;on pourra le d\u00e9couvrir lors de s\u00e9ances exceptionnelles \u00e0 travers le pays.<\/p>\n<p><em>La For\u00eat de mon p\u00e8re<\/em>, premier long de V\u00e9ro Cratzborn, devait sortir quant \u00e0 lui le 8 avril. Sa sortie France est programm\u00e9e le 8 juillet prochain, peut-\u00eatre le verra-t-on dans la foul\u00e9e en Belgique?<\/p>\n<figure id=\"attachment_226768\" aria-describedby=\"caption-attachment-226768\" style=\"width: 618px\" class=\"wp-caption alignnone\"><img loading=\"lazy\" decoding=\"async\" class=\"wp-image-226768 size-large\" src=\"https:\/\/www.cinevox.be\/wp-content\/uploads\/sites\/2\/2020\/02\/La-foret-de-mon-pere-2-800x480.jpg\" alt=\"\" width=\"618\" height=\"371\" srcset=\"https:\/\/welovecinema.be\/wp-content\/uploads\/sites\/2\/2020\/02\/La-foret-de-mon-pere-2-800x480.jpg 800w, https:\/\/welovecinema.be\/wp-content\/uploads\/sites\/2\/2020\/02\/La-foret-de-mon-pere-2-450x270.jpg 450w, https:\/\/welovecinema.be\/wp-content\/uploads\/sites\/2\/2020\/02\/La-foret-de-mon-pere-2-768x461.jpg 768w, https:\/\/welovecinema.be\/wp-content\/uploads\/sites\/2\/2020\/02\/La-foret-de-mon-pere-2.jpg 900w\" sizes=\"auto, (max-width: 618px) 100vw, 618px\" \/><figcaption id=\"caption-attachment-226768\" class=\"wp-caption-text\">\u00ab\u00a0La For\u00eat de mon p\u00e8re\u00a0\u00bb<\/figcaption><\/figure>\n<p>On attendait <em>Le Milieu de l&rsquo;horizon<\/em>, le nouveau film de Delphine Lehericey, pour le mois de juin. On esp\u00e8re l\u00e0 aussi le d\u00e9couvrir cet \u00e9t\u00e9.<\/p>\n<p>Parmi les films que l&rsquo;on attendait pour cette p\u00e9riode estival, on d\u00e9couvrira certainement la toute nouvelle com\u00e9die familiale de Solange Cicurel, <em>Adorables<\/em>, avec Elsa Zylberstein et Lucien Jean-Baptiste, et peut-\u00eatre aura-t-on \u00e9galement l&rsquo;occasion de d\u00e9couvrir le nouveau film de Ben Stassen, <em>Bigfoot Family<\/em>, jusqu&rsquo;ici annonc\u00e9 en octobre, mais dont la sortie fran\u00e7aise a semble-t-il \u00e9t\u00e9 avanc\u00e9e au mois d&rsquo;ao\u00fbt.<\/p>\n<figure id=\"attachment_228932\" aria-describedby=\"caption-attachment-228932\" style=\"width: 613px\" class=\"wp-caption alignnone\"><img loading=\"lazy\" decoding=\"async\" class=\"wp-image-228932\" src=\"https:\/\/www.cinevox.be\/wp-content\/uploads\/sites\/2\/2020\/06\/Adorables-1.jpg\" alt=\"\" width=\"613\" height=\"332\" \/><figcaption id=\"caption-attachment-228932\" class=\"wp-caption-text\">\u00ab\u00a0Adorables\u00a0\u00bb<\/figcaption><\/figure>\n","protected":false},"excerpt":{"rendered":"<p>Le Conseil National de S\u00e9curit\u00e9 a parl\u00e9, les cin\u00e9mas pourront r\u00e9ouvrir en Belgique le 1er juillet prochain! Plus de 100 jours, c&rsquo;est la dur\u00e9e de fermeture qu&rsquo;auront connu les cin\u00e9mas belges en cette ann\u00e9e 2020. 100 jours de fermeture, plus de 100 jours sans grand \u00e9cran, plus de 100 jours \u00e0 se demander quand enfin, &hellip;<\/p>\n","protected":false},"author":343,"featured_media":228922,"comment_status":"closed","ping_status":"closed","sticky":false,"template":"","format":"standard","meta":{"ngg_post_thumbnail":0,"footnotes":""},"categories":[12],"tags":[4187],"class_list":["post-228915","post","type-post","status-publish","format-standard","has-post-thumbnail","","category-awards","tag-newsletter-fr"],"yoast_head":"<!-- This site is optimized with the Yoast SEO plugin v20.4 - https:\/\/yoast.com\/wordpress\/plugins\/seo\/ -->\n<title>R\u00e9ouverture des cin\u00e9mas! - We Love Cinema<\/title>\n<meta name=\"robots\" content=\"index, follow, max-snippet:-1, max-image-preview:large, max-video-preview:-1\" \/>\n<link rel=\"canonical\" href=\"https:\/\/welovecinema.be\/fr\/reouverture-des-cinemas\/\" \/>\n<meta property=\"og:locale\" content=\"fr_FR\" \/>\n<meta property=\"og:type\" content=\"article\" \/>\n<meta property=\"og:title\" content=\"R\u00e9ouverture des cin\u00e9mas! - We Love Cinema\" \/>\n<meta property=\"og:description\" content=\"Le Conseil National de S\u00e9curit\u00e9 a parl\u00e9, les cin\u00e9mas pourront r\u00e9ouvrir en Belgique le 1er juillet prochain! Plus de 100 jours, c&rsquo;est la dur\u00e9e de fermeture qu&rsquo;auront connu les cin\u00e9mas belges en cette ann\u00e9e 2020. 100 jours de fermeture, plus de 100 jours sans grand \u00e9cran, plus de 100 jours \u00e0 se demander quand enfin, &hellip;\" \/>\n<meta property=\"og:url\" content=\"https:\/\/welovecinema.be\/fr\/reouverture-des-cinemas\/\" \/>\n<meta property=\"og:site_name\" content=\"We Love Cinema\" \/>\n<meta property=\"article:publisher\" content=\"https:\/\/www.facebook.com\/welovecinema.be\" \/>\n<meta property=\"article:published_time\" content=\"2020-06-03T14:22:47+00:00\" \/>\n<meta property=\"article:modified_time\" content=\"2020-06-03T16:43:32+00:00\" \/>\n<meta property=\"og:image\" content=\"https:\/\/welovecinema.be\/wp-content\/uploads\/sites\/2\/2020\/06\/Capture-d\u2019e\u0301cran-2020-06-03-a\u0300-09.03.15.png\" \/>\n\t<meta property=\"og:image:width\" content=\"1106\" \/>\n\t<meta property=\"og:image:height\" content=\"653\" \/>\n\t<meta property=\"og:image:type\" content=\"image\/png\" \/>\n<meta name=\"author\" content=\"Aurore Engelen\" \/>\n<meta name=\"twitter:card\" content=\"summary_large_image\" \/>\n<meta name=\"twitter:label1\" content=\"\u00c9crit par\" \/>\n\t<meta name=\"twitter:data1\" content=\"Aurore Engelen\" \/>\n\t<meta name=\"twitter:label2\" content=\"Dur\u00e9e de lecture estim\u00e9e\" \/>\n\t<meta name=\"twitter:data2\" content=\"2 minutes\" \/>\n<script type=\"application\/ld+json\" class=\"yoast-schema-graph\">{\"@context\":\"https:\/\/schema.org\",\"@graph\":[{\"@type\":\"Article\",\"@id\":\"https:\/\/welovecinema.be\/fr\/reouverture-des-cinemas\/#article\",\"isPartOf\":{\"@id\":\"https:\/\/welovecinema.be\/fr\/reouverture-des-cinemas\/\"},\"author\":{\"name\":\"Aurore Engelen\",\"@id\":\"https:\/\/welovecinema.be\/nl\/#\/schema\/person\/8084b68c6b176142d073695c654dc7cf\"},\"headline\":\"R\u00e9ouverture des cin\u00e9mas!\",\"datePublished\":\"2020-06-03T14:22:47+00:00\",\"dateModified\":\"2020-06-03T16:43:32+00:00\",\"mainEntityOfPage\":{\"@id\":\"https:\/\/welovecinema.be\/fr\/reouverture-des-cinemas\/\"},\"wordCount\":476,\"publisher\":{\"@id\":\"https:\/\/welovecinema.be\/nl\/#organization\"},\"keywords\":[\"newsletter\"],\"articleSection\":[\"Evenements\"],\"inLanguage\":\"fr-FR\"},{\"@type\":\"WebPage\",\"@id\":\"https:\/\/welovecinema.be\/fr\/reouverture-des-cinemas\/\",\"url\":\"https:\/\/welovecinema.be\/fr\/reouverture-des-cinemas\/\",\"name\":\"R\u00e9ouverture des cin\u00e9mas! - We Love Cinema\",\"isPartOf\":{\"@id\":\"https:\/\/welovecinema.be\/nl\/#website\"},\"datePublished\":\"2020-06-03T14:22:47+00:00\",\"dateModified\":\"2020-06-03T16:43:32+00:00\",\"breadcrumb\":{\"@id\":\"https:\/\/welovecinema.be\/fr\/reouverture-des-cinemas\/#breadcrumb\"},\"inLanguage\":\"fr-FR\",\"potentialAction\":[{\"@type\":\"ReadAction\",\"target\":[\"https:\/\/welovecinema.be\/fr\/reouverture-des-cinemas\/\"]}]},{\"@type\":\"BreadcrumbList\",\"@id\":\"https:\/\/welovecinema.be\/fr\/reouverture-des-cinemas\/#breadcrumb\",\"itemListElement\":[{\"@type\":\"ListItem\",\"position\":1,\"name\":\"Accueil\",\"item\":\"https:\/\/welovecinema.be\/fr\/\"},{\"@type\":\"ListItem\",\"position\":2,\"name\":\"R\u00e9ouverture des cin\u00e9mas!\"}]},{\"@type\":\"WebSite\",\"@id\":\"https:\/\/welovecinema.be\/nl\/#website\",\"url\":\"https:\/\/welovecinema.be\/nl\/\",\"name\":\"We Love Cinema\",\"description\":\"Toute l\u2019information du cin\u00e9ma en Belgique\",\"publisher\":{\"@id\":\"https:\/\/welovecinema.be\/nl\/#organization\"},\"potentialAction\":[{\"@type\":\"SearchAction\",\"target\":{\"@type\":\"EntryPoint\",\"urlTemplate\":\"https:\/\/welovecinema.be\/nl\/?s={search_term_string}\"},\"query-input\":\"required name=search_term_string\"}],\"inLanguage\":\"fr-FR\"},{\"@type\":\"Organization\",\"@id\":\"https:\/\/welovecinema.be\/nl\/#organization\",\"name\":\"We Love Cinema\",\"url\":\"https:\/\/welovecinema.be\/nl\/\",\"logo\":{\"@type\":\"ImageObject\",\"inLanguage\":\"fr-FR\",\"@id\":\"https:\/\/welovecinema.be\/nl\/#\/schema\/logo\/image\/\",\"url\":\"https:\/\/welovecinema.be\/wp-content\/uploads\/sites\/2\/2023\/03\/Logo-We-Love-Cinema305x128.jpg\",\"contentUrl\":\"https:\/\/welovecinema.be\/wp-content\/uploads\/sites\/2\/2023\/03\/Logo-We-Love-Cinema305x128.jpg\",\"width\":305,\"height\":128,\"caption\":\"We Love Cinema\"},\"image\":{\"@id\":\"https:\/\/welovecinema.be\/nl\/#\/schema\/logo\/image\/\"},\"sameAs\":[\"https:\/\/www.facebook.com\/welovecinema.be\",\"https:\/\/www.youtube.com\/channel\/UCX5LYGVhnKvYauW4Nta4HJA\",\"https:\/\/www.instagram.com\/welovecinema.be\/\"]},{\"@type\":\"Person\",\"@id\":\"https:\/\/welovecinema.be\/nl\/#\/schema\/person\/8084b68c6b176142d073695c654dc7cf\",\"name\":\"Aurore Engelen\",\"url\":\"https:\/\/welovecinema.be\/fr\/author\/aurore-engelen\/\"}]}<\/script>\n<!-- \/ Yoast SEO plugin. -->","yoast_head_json":{"title":"R\u00e9ouverture des cin\u00e9mas! - We Love Cinema","robots":{"index":"index","follow":"follow","max-snippet":"max-snippet:-1","max-image-preview":"max-image-preview:large","max-video-preview":"max-video-preview:-1"},"canonical":"https:\/\/welovecinema.be\/fr\/reouverture-des-cinemas\/","og_locale":"fr_FR","og_type":"article","og_title":"R\u00e9ouverture des cin\u00e9mas! - We Love Cinema","og_description":"Le Conseil National de S\u00e9curit\u00e9 a parl\u00e9, les cin\u00e9mas pourront r\u00e9ouvrir en Belgique le 1er juillet prochain! Plus de 100 jours, c&rsquo;est la dur\u00e9e de fermeture qu&rsquo;auront connu les cin\u00e9mas belges en cette ann\u00e9e 2020. 100 jours de fermeture, plus de 100 jours sans grand \u00e9cran, plus de 100 jours \u00e0 se demander quand enfin, &hellip;","og_url":"https:\/\/welovecinema.be\/fr\/reouverture-des-cinemas\/","og_site_name":"We Love Cinema","article_publisher":"https:\/\/www.facebook.com\/welovecinema.be","article_published_time":"2020-06-03T14:22:47+00:00","article_modified_time":"2020-06-03T16:43:32+00:00","og_image":[{"width":1106,"height":653,"url":"https:\/\/welovecinema.be\/wp-content\/uploads\/sites\/2\/2020\/06\/Capture-d\u2019e\u0301cran-2020-06-03-a\u0300-09.03.15.png","type":"image\/png"}],"author":"Aurore Engelen","twitter_card":"summary_large_image","twitter_misc":{"\u00c9crit par":"Aurore Engelen","Dur\u00e9e de lecture estim\u00e9e":"2 minutes"},"schema":{"@context":"https:\/\/schema.org","@graph":[{"@type":"Article","@id":"https:\/\/welovecinema.be\/fr\/reouverture-des-cinemas\/#article","isPartOf":{"@id":"https:\/\/welovecinema.be\/fr\/reouverture-des-cinemas\/"},"author":{"name":"Aurore Engelen","@id":"https:\/\/welovecinema.be\/nl\/#\/schema\/person\/8084b68c6b176142d073695c654dc7cf"},"headline":"R\u00e9ouverture des cin\u00e9mas!","datePublished":"2020-06-03T14:22:47+00:00","dateModified":"2020-06-03T16:43:32+00:00","mainEntityOfPage":{"@id":"https:\/\/welovecinema.be\/fr\/reouverture-des-cinemas\/"},"wordCount":476,"publisher":{"@id":"https:\/\/welovecinema.be\/nl\/#organization"},"keywords":["newsletter"],"articleSection":["Evenements"],"inLanguage":"fr-FR"},{"@type":"WebPage","@id":"https:\/\/welovecinema.be\/fr\/reouverture-des-cinemas\/","url":"https:\/\/welovecinema.be\/fr\/reouverture-des-cinemas\/","name":"R\u00e9ouverture des cin\u00e9mas! - We Love Cinema","isPartOf":{"@id":"https:\/\/welovecinema.be\/nl\/#website"},"datePublished":"2020-06-03T14:22:47+00:00","dateModified":"2020-06-03T16:43:32+00:00","breadcrumb":{"@id":"https:\/\/welovecinema.be\/fr\/reouverture-des-cinemas\/#breadcrumb"},"inLanguage":"fr-FR","potentialAction":[{"@type":"ReadAction","target":["https:\/\/welovecinema.be\/fr\/reouverture-des-cinemas\/"]}]},{"@type":"BreadcrumbList","@id":"https:\/\/welovecinema.be\/fr\/reouverture-des-cinemas\/#breadcrumb","itemListElement":[{"@type":"ListItem","position":1,"name":"Accueil","item":"https:\/\/welovecinema.be\/fr\/"},{"@type":"ListItem","position":2,"name":"R\u00e9ouverture des cin\u00e9mas!"}]},{"@type":"WebSite","@id":"https:\/\/welovecinema.be\/nl\/#website","url":"https:\/\/welovecinema.be\/nl\/","name":"We Love Cinema","description":"Toute l\u2019information du cin\u00e9ma en Belgique","publisher":{"@id":"https:\/\/welovecinema.be\/nl\/#organization"},"potentialAction":[{"@type":"SearchAction","target":{"@type":"EntryPoint","urlTemplate":"https:\/\/welovecinema.be\/nl\/?s={search_term_string}"},"query-input":"required name=search_term_string"}],"inLanguage":"fr-FR"},{"@type":"Organization","@id":"https:\/\/welovecinema.be\/nl\/#organization","name":"We Love Cinema","url":"https:\/\/welovecinema.be\/nl\/","logo":{"@type":"ImageObject","inLanguage":"fr-FR","@id":"https:\/\/welovecinema.be\/nl\/#\/schema\/logo\/image\/","url":"https:\/\/welovecinema.be\/wp-content\/uploads\/sites\/2\/2023\/03\/Logo-We-Love-Cinema305x128.jpg","contentUrl":"https:\/\/welovecinema.be\/wp-content\/uploads\/sites\/2\/2023\/03\/Logo-We-Love-Cinema305x128.jpg","width":305,"height":128,"caption":"We Love Cinema"},"image":{"@id":"https:\/\/welovecinema.be\/nl\/#\/schema\/logo\/image\/"},"sameAs":["https:\/\/www.facebook.com\/welovecinema.be","https:\/\/www.youtube.com\/channel\/UCX5LYGVhnKvYauW4Nta4HJA","https:\/\/www.instagram.com\/welovecinema.be\/"]},{"@type":"Person","@id":"https:\/\/welovecinema.be\/nl\/#\/schema\/person\/8084b68c6b176142d073695c654dc7cf","name":"Aurore Engelen","url":"https:\/\/welovecinema.be\/fr\/author\/aurore-engelen\/"}]}},"_links":{"self":[{"href":"https:\/\/welovecinema.be\/fr\/wp-json\/wp\/v2\/posts\/228915","targetHints":{"allow":["GET"]}}],"collection":[{"href":"https:\/\/welovecinema.be\/fr\/wp-json\/wp\/v2\/posts"}],"about":[{"href":"https:\/\/welovecinema.be\/fr\/wp-json\/wp\/v2\/types\/post"}],"author":[{"embeddable":true,"href":"https:\/\/welovecinema.be\/fr\/wp-json\/wp\/v2\/users\/343"}],"replies":[{"embeddable":true,"href":"https:\/\/welovecinema.be\/fr\/wp-json\/wp\/v2\/comments?post=228915"}],"version-history":[{"count":0,"href":"https:\/\/welovecinema.be\/fr\/wp-json\/wp\/v2\/posts\/228915\/revisions"}],"wp:featuredmedia":[{"embeddable":true,"href":"https:\/\/welovecinema.be\/fr\/wp-json\/wp\/v2\/media\/228922"}],"wp:attachment":[{"href":"https:\/\/welovecinema.be\/fr\/wp-json\/wp\/v2\/media?parent=228915"}],"wp:term":[{"taxonomy":"category","embeddable":true,"href":"https:\/\/welovecinema.be\/fr\/wp-json\/wp\/v2\/categories?post=228915"},{"taxonomy":"post_tag","embeddable":true,"href":"https:\/\/welovecinema.be\/fr\/wp-json\/wp\/v2\/tags?post=228915"}],"curies":[{"name":"wp","href":"https:\/\/api.w.org\/{rel}","templated":true}]}}