{"id":22881,"date":"2012-05-30T09:45:10","date_gmt":"2012-05-30T09:45:10","guid":{"rendered":"http:\/\/www.cinevox.be\/?p=22881"},"modified":"2012-05-30T09:45:10","modified_gmt":"2012-05-30T09:45:10","slug":"a-perdre-la-raison-quel-succes-en-salles","status":"publish","type":"post","link":"https:\/\/welovecinema.be\/fr\/a-perdre-la-raison-quel-succes-en-salles\/","title":{"rendered":"\u00c0 Perdre la raison : quel succ\u00e8s en salles?"},"content":{"rendered":"<p>Un des \u00e9v\u00e9nements belges du Festival de Cannes sort en salles aujourd&rsquo;hui. Excellent timing, puisque <em>A Perdre la raison<\/em> s&rsquo;est illustr\u00e9 avec un prix interpr\u00e9tation pour <strong>\u00c9milie Dequenne<\/strong> dans la section <em>Un certain Regard<\/em>. Au-del\u00e0 de ce prix (et en partie gr\u00e2ce \u00e0 lui) c&rsquo;est toute la vision qu&rsquo;on peut avoir du film qui a chang\u00e9.<\/p>\n<p>Accueilli \u00e0 bras ouverts par la presse internationale, le nouveau long m\u00e9trage de Joachim Lafosse (lire notre pr\u00e9sentation <a href=\"http:\/\/www.cinevox.be\/a-perdre-la-raison-lenfer-est-pave-de-bonnes-intentions\/\">ici<\/a>) est \u00e0 pr\u00e9sent consid\u00e9r\u00e9 comme un oeuvre cin\u00e9matographique \u00e0 part enti\u00e8re et plus comme un fait divers sordide utilis\u00e9 par le cin\u00e9ma \u00ab\u00a0pour se faire du fric\u00a0\u00bb. Une accusation sans le moindre fondement : ceux qui connaissent un peu les r\u00e9alit\u00e9s \u00e9conomiques de la diffusion et de l&rsquo;exploitation des \u0153uvres belges et le potentiel commercial des films par genre savent que pour se faire de l&rsquo;argent, un producteur a bien d&rsquo;autres options \u00e9minemment plus lucratives. Et facile \u00e0 g\u00e9rer.<!--more--><\/p>\n<p>&nbsp;<\/p>\n<p><a rel=\"attachment wp-att-22882\" href=\"http:\/\/www.cinevox.be\/a-perdre-la-raison-quel-succes-en-salles\/emilie-scene-2\/\"><img loading=\"lazy\" decoding=\"async\" class=\"alignright size-large wp-image-22882\" title=\"\u00e9milie sc\u00e8ne 2\" src=\"http:\/\/www.cinevox.be\/wp-content\/uploads\/sites\/2\/2012\/05\/\u00e9milie-sc\u00e8ne-2-800x534.jpg\" alt=\"\" width=\"448\" height=\"299\" srcset=\"https:\/\/welovecinema.be\/wp-content\/uploads\/sites\/2\/2012\/05\/\u00e9milie-sc\u00e8ne-2-800x534.jpg 800w, https:\/\/welovecinema.be\/wp-content\/uploads\/sites\/2\/2012\/05\/\u00e9milie-sc\u00e8ne-2-404x270.jpg 404w\" sizes=\"auto, (max-width: 448px) 100vw, 448px\" \/><\/a>D&rsquo;ailleurs, \u00e0 ce jour, au moment o\u00f9 les copies du film vont \u00eatre montr\u00e9es pour la premi\u00e8re fois dans les salles belges (voir les salles et les horaires <a href=\"http:\/\/www.cinenews.be\/Movies.Detail.cfm?MoviesID=7702&amp;lang=fr\">ici<\/a>), personne ne sait \u00a0tr\u00e8s bien quelle sera l&rsquo;attitude des spectateurs. Seront-ils curieux? Se laisseront-ils attirer dans les cin\u00e9mas par la m\u00e9t\u00e9o soudain redevenue morose (coup de bol) ou <em>Promotheus<\/em> en 3D va-t-il tout balayer sur son passage? D&rsquo;autant que <em>Cosmopolis<\/em> et <em>Moonrise Kingdom<\/em> sont aussi en course. Myst\u00e8re, myst\u00e8re.<\/p>\n<p><a href=\"http:\/\/www.cinevox.be\/emilieregard\/\" target=\"_blank\">Le prix d&rsquo;interpr\u00e9tation<\/a> cannois d&rsquo;<strong>\u00c9milie Dequenne<\/strong> (photo par Maryline Laurin) , v\u00e9cu en direct sur Cinevox est naturellement une des grandes satisfactions belges du Festival de Cannes. Et un atout pour le film. Juste avant qu&rsquo;elle ne parte sur la Croisette, nous avions rencontr\u00e9 l&rsquo;actrice et vous pouvez la retrouver pour deux semaines encore dans les salles de cin\u00e9ma \u00e0 travers notre <a href=\"http:\/\/www.cinevox.be\/grand-ecran\/\">Grand Ecran<\/a>. (Une situation exceptionnellement in\u00e9dite due \u00e0 Cannes et \u00e0 l&rsquo;actualit\u00e9. \u00c0 partir du mois de juin, nous reprenons nos reportages sur les tournages et nos diffusions tr\u00e8s en amont de la sortie de film)<\/p>\n<p><strong>\u00c9milie Dequenne<\/strong> nous avait naturellement consacr\u00e9 une interview bien plus longue, o\u00f9 elle nous expliquait notamment sa joie de retourner \u00e0 Cannes.<\/p>\n<p>&nbsp;&nbsp;<br \/>\n<iframe loading=\"lazy\" width=\"640\" height=\"360\" src=\"http:\/\/www.youtube.com\/embed\/levxk7A8lhE\" frameborder=\"0\" allowfullscreen><\/iframe><br \/>\n&nbsp;&nbsp;<\/p>\n<p>Elle nous livrait aussi son regard sur le film, sur ce qui fait son attrait et son int\u00e9r\u00eat.<\/p>\n<p>&nbsp;&nbsp;<br \/>\n<iframe loading=\"lazy\" width=\"640\" height=\"360\" src=\"http:\/\/www.youtube.com\/embed\/CNogsq8maR0\" frameborder=\"0\" allowfullscreen><\/iframe><br \/>\n&nbsp;&nbsp;<\/p>\n<p>Ou sur la complicit\u00e9, n\u00e9e entre les acteurs, gr\u00e2ce au travail de Joachim Lafosse.<\/p>\n<p>&nbsp;&nbsp;<br \/>\n<iframe loading=\"lazy\" width=\"640\" height=\"360\" src=\"http:\/\/www.youtube.com\/embed\/IEJMCO0x9n0\"frameborder=\"0\" allowfullscreen><\/iframe><br \/>\n&nbsp;&nbsp;<\/p>\n<p>A Cannes, ce drame familial a \u00e9t\u00e9 remarquablement bien accueilli comme nous l&rsquo;avions soulign\u00e9 dans <a href=\"http:\/\/www.cinevox.be\/a-perdre-la-raison-revue-de-presse\/\">une revue de presse<\/a> publi\u00e9e le lendemain de la projection. Depuis lors de nombreuses autres critiques se sont ajout\u00e9es au concert de louanges comme celle de Romain Blondeau qui \u00e9crit <a href=\"http:\/\/cannes2012.lesinrocks.com\/2012\/05\/24\/portrait-de-tahar-rahim-et-emilie-dequenne-pour-a-perdre-la-raison\/\">dans les Inrocks<\/a> : Le r\u00e9sultat, impressionnant, d\u00e9crit\u00a0\u00ab\u00a0<em>l\u2019empoisonnement mutuel<\/em> \u00bb d\u2019un clan malade, l\u2019histoire d\u2019un amour vorace qui, selon Tahar Rahim, r\u00e9v\u00e8le toute la monstruosit\u00e9 que peut couver la famille.\u00a0\u00bb<\/p>\n<p>Ou celle de Louis Danvers dans <a href=\"http:\/\/focus.levif.be\/loisirs\/cinema\/sorties-cine\/a-perdre-la-raison\/article-4000105716363.htm\">le Focus Vif<\/a> :\u00a0\u00bb Film d&rsquo;une pudeur exemplaire,\u00a0<em>\u00c0 perdre la raison<\/em> ne juge ni n&rsquo;invite \u00e0 (re)juger. Il n&rsquo;explique pas, et excuse encore moins. Il scrute, il montre, chevill\u00e9 \u00e0 une actrice exceptionnelle qui inspira les Dardenne voici une petite quinzaine d&rsquo;ann\u00e9es et qui se donne avec une g\u00e9n\u00e9rosit\u00e9 poignante, une justesse inou\u00efe, devant la cam\u00e9ra d&rsquo;un r\u00e9alisateur captant chacun de ses regards, chacun de ses gestes, chacune de ses d\u00e9chirures, avec une folle intensit\u00e9.\u00a0\u00bb<\/p>\n<p>&nbsp;<\/p>\n<p><a rel=\"attachment wp-att-22883\" href=\"http:\/\/www.cinevox.be\/a-perdre-la-raison-quel-succes-en-salles\/img_5627\/\"><img loading=\"lazy\" decoding=\"async\" class=\"aligncenter size-full wp-image-22883\" title=\"IMG_5627\" src=\"http:\/\/www.cinevox.be\/wp-content\/uploads\/sites\/2\/2012\/05\/IMG_5627.jpg\" alt=\"\" width=\"5184\" height=\"3456\" srcset=\"https:\/\/welovecinema.be\/wp-content\/uploads\/sites\/2\/2012\/05\/IMG_5627.jpg 5184w, https:\/\/welovecinema.be\/wp-content\/uploads\/sites\/2\/2012\/05\/IMG_5627-405x270.jpg 405w, https:\/\/welovecinema.be\/wp-content\/uploads\/sites\/2\/2012\/05\/IMG_5627-800x533.jpg 800w\" sizes=\"auto, (max-width: 5184px) 100vw, 5184px\" \/><\/a><\/p>\n<p>&nbsp;<\/p>\n<p>Dans les jours \u00e0 venir, nous reviendrons sur <a href=\"http:\/\/www.cinevox.be\/videos\/a-perdre-la-raison-la-bande-annonce-officielle\/\">A Perdre la Raison<\/a> \u00e0 travers des extraits d&rsquo;une interview vid\u00e9o que <strong>Joachim Lafosse<\/strong> vient tout juste de nous accorder et un nouvel entretien avec <strong><a href=\"http:\/\/www.cinevox.be\/matthieu-reynaert-limprevisible-scenario\/\">Matthieu Reynaert<\/a>,<\/strong> cosc\u00e9nariste,\u00a0qui raconte la gen\u00e8se du film, sa lente maturation et \u00a0le processus d&rsquo;\u00e9criture. Loin de la volont\u00e9 de chercher un coup m\u00e9diatique.<\/p>\n<p>Mais d&rsquo;ici l\u00e0, le mieux n&rsquo;est-il pas d&rsquo;aller vous forger votre propre opinion? N&rsquo;h\u00e9sitez pas \u00e0 nous envoyer vos critiques que nous publierons peut-\u00eatre sur ce site.<\/p>\n<p>&nbsp;<\/p>\n<p>&nbsp;<\/p>\n","protected":false},"excerpt":{"rendered":"<p>Un des \u00e9v\u00e9nements belges du Festival de Cannes sort en salles aujourd&rsquo;hui. Excellent timing, puisque A Perdre la raison s&rsquo;est illustr\u00e9 avec un prix interpr\u00e9tation pour \u00c9milie Dequenne dans la section Un certain Regard. Au-del\u00e0 de ce prix (et en partie gr\u00e2ce \u00e0 lui) c&rsquo;est toute la vision qu&rsquo;on peut avoir du film qui a &hellip;<\/p>\n","protected":false},"author":7,"featured_media":22885,"comment_status":"closed","ping_status":"closed","sticky":false,"template":"","format":"standard","meta":{"ngg_post_thumbnail":0,"footnotes":""},"categories":[1923],"tags":[],"class_list":["post-22881","post","type-post","status-publish","format-standard","has-post-thumbnail","","category-en-bref"],"yoast_head":"<!-- This site is optimized with the Yoast SEO plugin v20.4 - https:\/\/yoast.com\/wordpress\/plugins\/seo\/ -->\n<title>\u00c0 Perdre la raison : quel succ\u00e8s en salles? - We Love Cinema<\/title>\n<meta name=\"robots\" content=\"index, follow, max-snippet:-1, max-image-preview:large, max-video-preview:-1\" \/>\n<link rel=\"canonical\" href=\"https:\/\/welovecinema.be\/fr\/a-perdre-la-raison-quel-succes-en-salles\/\" \/>\n<meta property=\"og:locale\" content=\"fr_FR\" \/>\n<meta property=\"og:type\" content=\"article\" \/>\n<meta property=\"og:title\" content=\"\u00c0 Perdre la raison : quel succ\u00e8s en salles? - We Love Cinema\" \/>\n<meta property=\"og:description\" content=\"Un des \u00e9v\u00e9nements belges du Festival de Cannes sort en salles aujourd&rsquo;hui. Excellent timing, puisque A Perdre la raison s&rsquo;est illustr\u00e9 avec un prix interpr\u00e9tation pour \u00c9milie Dequenne dans la section Un certain Regard. Au-del\u00e0 de ce prix (et en partie gr\u00e2ce \u00e0 lui) c&rsquo;est toute la vision qu&rsquo;on peut avoir du film qui a &hellip;\" \/>\n<meta property=\"og:url\" content=\"https:\/\/welovecinema.be\/fr\/a-perdre-la-raison-quel-succes-en-salles\/\" \/>\n<meta property=\"og:site_name\" content=\"We Love Cinema\" \/>\n<meta property=\"article:publisher\" content=\"https:\/\/www.facebook.com\/welovecinema.be\" \/>\n<meta property=\"article:published_time\" content=\"2012-05-30T09:45:10+00:00\" \/>\n<meta property=\"og:image\" content=\"https:\/\/welovecinema.be\/wp-content\/uploads\/sites\/2\/2012\/05\/emilie.jpg\" \/>\n\t<meta property=\"og:image:width\" content=\"960\" \/>\n\t<meta property=\"og:image:height\" content=\"643\" \/>\n\t<meta property=\"og:image:type\" content=\"image\/jpeg\" \/>\n<meta name=\"author\" content=\"Philippe.Pierquin\" \/>\n<meta name=\"twitter:card\" content=\"summary_large_image\" \/>\n<meta name=\"twitter:label1\" content=\"\u00c9crit par\" \/>\n\t<meta name=\"twitter:data1\" content=\"Philippe.Pierquin\" \/>\n\t<meta name=\"twitter:label2\" content=\"Dur\u00e9e de lecture estim\u00e9e\" \/>\n\t<meta name=\"twitter:data2\" content=\"3 minutes\" \/>\n<script type=\"application\/ld+json\" class=\"yoast-schema-graph\">{\"@context\":\"https:\/\/schema.org\",\"@graph\":[{\"@type\":\"Article\",\"@id\":\"https:\/\/welovecinema.be\/fr\/a-perdre-la-raison-quel-succes-en-salles\/#article\",\"isPartOf\":{\"@id\":\"https:\/\/welovecinema.be\/fr\/a-perdre-la-raison-quel-succes-en-salles\/\"},\"author\":{\"name\":\"Philippe.Pierquin\",\"@id\":\"https:\/\/welovecinema.be\/nl\/#\/schema\/person\/4b9b1d857f0943453a38a7c2859ef756\"},\"headline\":\"\u00c0 Perdre la raison : quel succ\u00e8s en salles?\",\"datePublished\":\"2012-05-30T09:45:10+00:00\",\"dateModified\":\"2012-05-30T09:45:10+00:00\",\"mainEntityOfPage\":{\"@id\":\"https:\/\/welovecinema.be\/fr\/a-perdre-la-raison-quel-succes-en-salles\/\"},\"wordCount\":711,\"publisher\":{\"@id\":\"https:\/\/welovecinema.be\/nl\/#organization\"},\"articleSection\":[\"En bref\"],\"inLanguage\":\"fr-FR\"},{\"@type\":\"WebPage\",\"@id\":\"https:\/\/welovecinema.be\/fr\/a-perdre-la-raison-quel-succes-en-salles\/\",\"url\":\"https:\/\/welovecinema.be\/fr\/a-perdre-la-raison-quel-succes-en-salles\/\",\"name\":\"\u00c0 Perdre la raison : quel succ\u00e8s en salles? - We Love Cinema\",\"isPartOf\":{\"@id\":\"https:\/\/welovecinema.be\/nl\/#website\"},\"datePublished\":\"2012-05-30T09:45:10+00:00\",\"dateModified\":\"2012-05-30T09:45:10+00:00\",\"breadcrumb\":{\"@id\":\"https:\/\/welovecinema.be\/fr\/a-perdre-la-raison-quel-succes-en-salles\/#breadcrumb\"},\"inLanguage\":\"fr-FR\",\"potentialAction\":[{\"@type\":\"ReadAction\",\"target\":[\"https:\/\/welovecinema.be\/fr\/a-perdre-la-raison-quel-succes-en-salles\/\"]}]},{\"@type\":\"BreadcrumbList\",\"@id\":\"https:\/\/welovecinema.be\/fr\/a-perdre-la-raison-quel-succes-en-salles\/#breadcrumb\",\"itemListElement\":[{\"@type\":\"ListItem\",\"position\":1,\"name\":\"Accueil\",\"item\":\"https:\/\/welovecinema.be\/fr\/\"},{\"@type\":\"ListItem\",\"position\":2,\"name\":\"\u00c0 Perdre la raison : quel succ\u00e8s en salles?\"}]},{\"@type\":\"WebSite\",\"@id\":\"https:\/\/welovecinema.be\/nl\/#website\",\"url\":\"https:\/\/welovecinema.be\/nl\/\",\"name\":\"We Love Cinema\",\"description\":\"Toute l\u2019information du cin\u00e9ma en Belgique\",\"publisher\":{\"@id\":\"https:\/\/welovecinema.be\/nl\/#organization\"},\"potentialAction\":[{\"@type\":\"SearchAction\",\"target\":{\"@type\":\"EntryPoint\",\"urlTemplate\":\"https:\/\/welovecinema.be\/nl\/?s={search_term_string}\"},\"query-input\":\"required name=search_term_string\"}],\"inLanguage\":\"fr-FR\"},{\"@type\":\"Organization\",\"@id\":\"https:\/\/welovecinema.be\/nl\/#organization\",\"name\":\"We Love Cinema\",\"url\":\"https:\/\/welovecinema.be\/nl\/\",\"logo\":{\"@type\":\"ImageObject\",\"inLanguage\":\"fr-FR\",\"@id\":\"https:\/\/welovecinema.be\/nl\/#\/schema\/logo\/image\/\",\"url\":\"https:\/\/welovecinema.be\/wp-content\/uploads\/sites\/2\/2023\/03\/Logo-We-Love-Cinema305x128.jpg\",\"contentUrl\":\"https:\/\/welovecinema.be\/wp-content\/uploads\/sites\/2\/2023\/03\/Logo-We-Love-Cinema305x128.jpg\",\"width\":305,\"height\":128,\"caption\":\"We Love Cinema\"},\"image\":{\"@id\":\"https:\/\/welovecinema.be\/nl\/#\/schema\/logo\/image\/\"},\"sameAs\":[\"https:\/\/www.facebook.com\/welovecinema.be\",\"https:\/\/www.youtube.com\/channel\/UCX5LYGVhnKvYauW4Nta4HJA\",\"https:\/\/www.instagram.com\/welovecinema.be\/\"]},{\"@type\":\"Person\",\"@id\":\"https:\/\/welovecinema.be\/nl\/#\/schema\/person\/4b9b1d857f0943453a38a7c2859ef756\",\"name\":\"Philippe.Pierquin\",\"url\":\"https:\/\/welovecinema.be\/fr\/author\/philippe-pierquin\/\"}]}<\/script>\n<!-- \/ Yoast SEO plugin. -->","yoast_head_json":{"title":"\u00c0 Perdre la raison : quel succ\u00e8s en salles? - We Love Cinema","robots":{"index":"index","follow":"follow","max-snippet":"max-snippet:-1","max-image-preview":"max-image-preview:large","max-video-preview":"max-video-preview:-1"},"canonical":"https:\/\/welovecinema.be\/fr\/a-perdre-la-raison-quel-succes-en-salles\/","og_locale":"fr_FR","og_type":"article","og_title":"\u00c0 Perdre la raison : quel succ\u00e8s en salles? - We Love Cinema","og_description":"Un des \u00e9v\u00e9nements belges du Festival de Cannes sort en salles aujourd&rsquo;hui. Excellent timing, puisque A Perdre la raison s&rsquo;est illustr\u00e9 avec un prix interpr\u00e9tation pour \u00c9milie Dequenne dans la section Un certain Regard. Au-del\u00e0 de ce prix (et en partie gr\u00e2ce \u00e0 lui) c&rsquo;est toute la vision qu&rsquo;on peut avoir du film qui a &hellip;","og_url":"https:\/\/welovecinema.be\/fr\/a-perdre-la-raison-quel-succes-en-salles\/","og_site_name":"We Love Cinema","article_publisher":"https:\/\/www.facebook.com\/welovecinema.be","article_published_time":"2012-05-30T09:45:10+00:00","og_image":[{"width":"960","height":"643","url":"https:\/\/welovecinema.be\/wp-content\/uploads\/sites\/2\/2012\/05\/emilie.jpg","type":"image\/jpeg"}],"author":"Philippe.Pierquin","twitter_card":"summary_large_image","twitter_misc":{"\u00c9crit par":"Philippe.Pierquin","Dur\u00e9e de lecture estim\u00e9e":"3 minutes"},"schema":{"@context":"https:\/\/schema.org","@graph":[{"@type":"Article","@id":"https:\/\/welovecinema.be\/fr\/a-perdre-la-raison-quel-succes-en-salles\/#article","isPartOf":{"@id":"https:\/\/welovecinema.be\/fr\/a-perdre-la-raison-quel-succes-en-salles\/"},"author":{"name":"Philippe.Pierquin","@id":"https:\/\/welovecinema.be\/nl\/#\/schema\/person\/4b9b1d857f0943453a38a7c2859ef756"},"headline":"\u00c0 Perdre la raison : quel succ\u00e8s en salles?","datePublished":"2012-05-30T09:45:10+00:00","dateModified":"2012-05-30T09:45:10+00:00","mainEntityOfPage":{"@id":"https:\/\/welovecinema.be\/fr\/a-perdre-la-raison-quel-succes-en-salles\/"},"wordCount":711,"publisher":{"@id":"https:\/\/welovecinema.be\/nl\/#organization"},"articleSection":["En bref"],"inLanguage":"fr-FR"},{"@type":"WebPage","@id":"https:\/\/welovecinema.be\/fr\/a-perdre-la-raison-quel-succes-en-salles\/","url":"https:\/\/welovecinema.be\/fr\/a-perdre-la-raison-quel-succes-en-salles\/","name":"\u00c0 Perdre la raison : quel succ\u00e8s en salles? - We Love Cinema","isPartOf":{"@id":"https:\/\/welovecinema.be\/nl\/#website"},"datePublished":"2012-05-30T09:45:10+00:00","dateModified":"2012-05-30T09:45:10+00:00","breadcrumb":{"@id":"https:\/\/welovecinema.be\/fr\/a-perdre-la-raison-quel-succes-en-salles\/#breadcrumb"},"inLanguage":"fr-FR","potentialAction":[{"@type":"ReadAction","target":["https:\/\/welovecinema.be\/fr\/a-perdre-la-raison-quel-succes-en-salles\/"]}]},{"@type":"BreadcrumbList","@id":"https:\/\/welovecinema.be\/fr\/a-perdre-la-raison-quel-succes-en-salles\/#breadcrumb","itemListElement":[{"@type":"ListItem","position":1,"name":"Accueil","item":"https:\/\/welovecinema.be\/fr\/"},{"@type":"ListItem","position":2,"name":"\u00c0 Perdre la raison : quel succ\u00e8s en salles?"}]},{"@type":"WebSite","@id":"https:\/\/welovecinema.be\/nl\/#website","url":"https:\/\/welovecinema.be\/nl\/","name":"We Love Cinema","description":"Toute l\u2019information du cin\u00e9ma en Belgique","publisher":{"@id":"https:\/\/welovecinema.be\/nl\/#organization"},"potentialAction":[{"@type":"SearchAction","target":{"@type":"EntryPoint","urlTemplate":"https:\/\/welovecinema.be\/nl\/?s={search_term_string}"},"query-input":"required name=search_term_string"}],"inLanguage":"fr-FR"},{"@type":"Organization","@id":"https:\/\/welovecinema.be\/nl\/#organization","name":"We Love Cinema","url":"https:\/\/welovecinema.be\/nl\/","logo":{"@type":"ImageObject","inLanguage":"fr-FR","@id":"https:\/\/welovecinema.be\/nl\/#\/schema\/logo\/image\/","url":"https:\/\/welovecinema.be\/wp-content\/uploads\/sites\/2\/2023\/03\/Logo-We-Love-Cinema305x128.jpg","contentUrl":"https:\/\/welovecinema.be\/wp-content\/uploads\/sites\/2\/2023\/03\/Logo-We-Love-Cinema305x128.jpg","width":305,"height":128,"caption":"We Love Cinema"},"image":{"@id":"https:\/\/welovecinema.be\/nl\/#\/schema\/logo\/image\/"},"sameAs":["https:\/\/www.facebook.com\/welovecinema.be","https:\/\/www.youtube.com\/channel\/UCX5LYGVhnKvYauW4Nta4HJA","https:\/\/www.instagram.com\/welovecinema.be\/"]},{"@type":"Person","@id":"https:\/\/welovecinema.be\/nl\/#\/schema\/person\/4b9b1d857f0943453a38a7c2859ef756","name":"Philippe.Pierquin","url":"https:\/\/welovecinema.be\/fr\/author\/philippe-pierquin\/"}]}},"_links":{"self":[{"href":"https:\/\/welovecinema.be\/fr\/wp-json\/wp\/v2\/posts\/22881","targetHints":{"allow":["GET"]}}],"collection":[{"href":"https:\/\/welovecinema.be\/fr\/wp-json\/wp\/v2\/posts"}],"about":[{"href":"https:\/\/welovecinema.be\/fr\/wp-json\/wp\/v2\/types\/post"}],"author":[{"embeddable":true,"href":"https:\/\/welovecinema.be\/fr\/wp-json\/wp\/v2\/users\/7"}],"replies":[{"embeddable":true,"href":"https:\/\/welovecinema.be\/fr\/wp-json\/wp\/v2\/comments?post=22881"}],"version-history":[{"count":0,"href":"https:\/\/welovecinema.be\/fr\/wp-json\/wp\/v2\/posts\/22881\/revisions"}],"wp:featuredmedia":[{"embeddable":true,"href":"https:\/\/welovecinema.be\/fr\/wp-json\/wp\/v2\/media\/22885"}],"wp:attachment":[{"href":"https:\/\/welovecinema.be\/fr\/wp-json\/wp\/v2\/media?parent=22881"}],"wp:term":[{"taxonomy":"category","embeddable":true,"href":"https:\/\/welovecinema.be\/fr\/wp-json\/wp\/v2\/categories?post=22881"},{"taxonomy":"post_tag","embeddable":true,"href":"https:\/\/welovecinema.be\/fr\/wp-json\/wp\/v2\/tags?post=22881"}],"curies":[{"name":"wp","href":"https:\/\/api.w.org\/{rel}","templated":true}]}}