{"id":228719,"date":"2020-05-19T15:56:51","date_gmt":"2020-05-19T13:56:51","guid":{"rendered":"https:\/\/www.cinevox.be\/?p=228719"},"modified":"2020-05-19T15:57:21","modified_gmt":"2020-05-19T13:57:21","slug":"rendez-vous-debut-septembre-au-briff-et-au-bsff","status":"publish","type":"post","link":"https:\/\/welovecinema.be\/fr\/rendez-vous-debut-septembre-au-briff-et-au-bsff\/","title":{"rendered":"Rendez-vous d\u00e9but septembre au BRIFF et au BSFF!"},"content":{"rendered":"<p><strong>Le Brussels Short Film Festival qui devait se tenir fin avril\/ d\u00e9but mai et le Brussels International Film Festival qui devait se tenir fin juin\/ d\u00e9but juillet auront finalement lieu d\u00e9but septembre. <\/strong><\/p>\n<p>Les organisateurs ont donc choisi d&rsquo;organiser ces deux \u00e9v\u00e8nements de f\u00eate et de c\u00e9l\u00e9bration du cin\u00e9ma au sortir de l&rsquo;\u00e9t\u00e9 (apr\u00e8s la date butoir du 31\/08), mais avant la reprise (et l&#8217;embouteillage possible) esp\u00e9r\u00e9 par tous\u00b7tes \u00e0 la rentr\u00e9e.<\/p>\n<p>Ils ont bien conscience que le d\u00e9roulement de ces deux festivals devra \u00eatre am\u00e9nag\u00e9 pour r\u00e9pondre aux exigences sanitaires qui devront \u00eatre mise en place, mais l&rsquo;\u00e9quipe r\u00e9affirme sa volont\u00e9 de proposer un moment culturel bas\u00e9 sur l&rsquo;\u00e9change et la convivialit\u00e9.<\/p>\n<p>Rendez-vous donc d\u00e9but septembre \u00e0 Bruxelles pour la 23e \u00e9dition \u00e9dition du BSFF, et la 3e \u00e9dition du BRIFF.<\/p>\n<p>&nbsp;<\/p>\n","protected":false},"excerpt":{"rendered":"<p>Le Brussels Short Film Festival qui devait se tenir fin avril\/ d\u00e9but mai et le Brussels International Film Festival qui devait se tenir fin juin\/ d\u00e9but juillet auront finalement lieu d\u00e9but septembre. Les organisateurs ont donc choisi d&rsquo;organiser ces deux \u00e9v\u00e8nements de f\u00eate et de c\u00e9l\u00e9bration du cin\u00e9ma au sortir de l&rsquo;\u00e9t\u00e9 (apr\u00e8s la date &hellip;<\/p>\n","protected":false},"author":343,"featured_media":228721,"comment_status":"closed","ping_status":"closed","sticky":false,"template":"","format":"standard","meta":{"ngg_post_thumbnail":0,"footnotes":""},"categories":[53],"tags":[4187],"class_list":["post-228719","post","type-post","status-publish","format-standard","has-post-thumbnail","","category-coming-soon","tag-newsletter-fr"],"yoast_head":"<!-- This site is optimized with the Yoast SEO plugin v20.4 - https:\/\/yoast.com\/wordpress\/plugins\/seo\/ -->\n<title>Rendez-vous d\u00e9but septembre au BRIFF et au BSFF! - We Love Cinema<\/title>\n<meta name=\"robots\" content=\"index, follow, max-snippet:-1, max-image-preview:large, max-video-preview:-1\" \/>\n<link rel=\"canonical\" href=\"https:\/\/welovecinema.be\/fr\/rendez-vous-debut-septembre-au-briff-et-au-bsff\/\" \/>\n<meta property=\"og:locale\" content=\"fr_FR\" \/>\n<meta property=\"og:type\" content=\"article\" \/>\n<meta property=\"og:title\" content=\"Rendez-vous d\u00e9but septembre au BRIFF et au BSFF! - We Love Cinema\" \/>\n<meta property=\"og:description\" content=\"Le Brussels Short Film Festival qui devait se tenir fin avril\/ d\u00e9but mai et le Brussels International Film Festival qui devait se tenir fin juin\/ d\u00e9but juillet auront finalement lieu d\u00e9but septembre. Les organisateurs ont donc choisi d&rsquo;organiser ces deux \u00e9v\u00e8nements de f\u00eate et de c\u00e9l\u00e9bration du cin\u00e9ma au sortir de l&rsquo;\u00e9t\u00e9 (apr\u00e8s la date &hellip;\" \/>\n<meta property=\"og:url\" content=\"https:\/\/welovecinema.be\/fr\/rendez-vous-debut-septembre-au-briff-et-au-bsff\/\" \/>\n<meta property=\"og:site_name\" content=\"We Love Cinema\" \/>\n<meta property=\"article:publisher\" content=\"https:\/\/www.facebook.com\/welovecinema.be\" \/>\n<meta property=\"article:published_time\" content=\"2020-05-19T13:56:51+00:00\" \/>\n<meta property=\"article:modified_time\" content=\"2020-05-19T13:57:21+00:00\" \/>\n<meta property=\"og:image\" content=\"https:\/\/welovecinema.be\/wp-content\/uploads\/sites\/2\/2020\/05\/FotoJet-10.jpg\" \/>\n\t<meta property=\"og:image:width\" content=\"1200\" \/>\n\t<meta property=\"og:image:height\" content=\"658\" \/>\n\t<meta property=\"og:image:type\" content=\"image\/jpeg\" \/>\n<meta name=\"author\" content=\"Aurore Engelen\" \/>\n<meta name=\"twitter:card\" content=\"summary_large_image\" \/>\n<meta name=\"twitter:label1\" content=\"\u00c9crit par\" \/>\n\t<meta name=\"twitter:data1\" content=\"Aurore Engelen\" \/>\n\t<meta name=\"twitter:label2\" content=\"Dur\u00e9e de lecture estim\u00e9e\" \/>\n\t<meta name=\"twitter:data2\" content=\"1 minute\" \/>\n<script type=\"application\/ld+json\" class=\"yoast-schema-graph\">{\"@context\":\"https:\/\/schema.org\",\"@graph\":[{\"@type\":\"Article\",\"@id\":\"https:\/\/welovecinema.be\/fr\/rendez-vous-debut-septembre-au-briff-et-au-bsff\/#article\",\"isPartOf\":{\"@id\":\"https:\/\/welovecinema.be\/fr\/rendez-vous-debut-septembre-au-briff-et-au-bsff\/\"},\"author\":{\"name\":\"Aurore Engelen\",\"@id\":\"https:\/\/welovecinema.be\/nl\/#\/schema\/person\/8084b68c6b176142d073695c654dc7cf\"},\"headline\":\"Rendez-vous d\u00e9but septembre au BRIFF et au BSFF!\",\"datePublished\":\"2020-05-19T13:56:51+00:00\",\"dateModified\":\"2020-05-19T13:57:21+00:00\",\"mainEntityOfPage\":{\"@id\":\"https:\/\/welovecinema.be\/fr\/rendez-vous-debut-septembre-au-briff-et-au-bsff\/\"},\"wordCount\":160,\"publisher\":{\"@id\":\"https:\/\/welovecinema.be\/nl\/#organization\"},\"keywords\":[\"newsletter\"],\"articleSection\":[\"Coming soon\"],\"inLanguage\":\"fr-FR\"},{\"@type\":\"WebPage\",\"@id\":\"https:\/\/welovecinema.be\/fr\/rendez-vous-debut-septembre-au-briff-et-au-bsff\/\",\"url\":\"https:\/\/welovecinema.be\/fr\/rendez-vous-debut-septembre-au-briff-et-au-bsff\/\",\"name\":\"Rendez-vous d\u00e9but septembre au BRIFF et au BSFF! - We Love Cinema\",\"isPartOf\":{\"@id\":\"https:\/\/welovecinema.be\/nl\/#website\"},\"datePublished\":\"2020-05-19T13:56:51+00:00\",\"dateModified\":\"2020-05-19T13:57:21+00:00\",\"breadcrumb\":{\"@id\":\"https:\/\/welovecinema.be\/fr\/rendez-vous-debut-septembre-au-briff-et-au-bsff\/#breadcrumb\"},\"inLanguage\":\"fr-FR\",\"potentialAction\":[{\"@type\":\"ReadAction\",\"target\":[\"https:\/\/welovecinema.be\/fr\/rendez-vous-debut-septembre-au-briff-et-au-bsff\/\"]}]},{\"@type\":\"BreadcrumbList\",\"@id\":\"https:\/\/welovecinema.be\/fr\/rendez-vous-debut-septembre-au-briff-et-au-bsff\/#breadcrumb\",\"itemListElement\":[{\"@type\":\"ListItem\",\"position\":1,\"name\":\"Accueil\",\"item\":\"https:\/\/welovecinema.be\/fr\/\"},{\"@type\":\"ListItem\",\"position\":2,\"name\":\"Rendez-vous d\u00e9but septembre au BRIFF et au BSFF!\"}]},{\"@type\":\"WebSite\",\"@id\":\"https:\/\/welovecinema.be\/nl\/#website\",\"url\":\"https:\/\/welovecinema.be\/nl\/\",\"name\":\"We Love Cinema\",\"description\":\"Toute l\u2019information du cin\u00e9ma en Belgique\",\"publisher\":{\"@id\":\"https:\/\/welovecinema.be\/nl\/#organization\"},\"potentialAction\":[{\"@type\":\"SearchAction\",\"target\":{\"@type\":\"EntryPoint\",\"urlTemplate\":\"https:\/\/welovecinema.be\/nl\/?s={search_term_string}\"},\"query-input\":\"required name=search_term_string\"}],\"inLanguage\":\"fr-FR\"},{\"@type\":\"Organization\",\"@id\":\"https:\/\/welovecinema.be\/nl\/#organization\",\"name\":\"We Love Cinema\",\"url\":\"https:\/\/welovecinema.be\/nl\/\",\"logo\":{\"@type\":\"ImageObject\",\"inLanguage\":\"fr-FR\",\"@id\":\"https:\/\/welovecinema.be\/nl\/#\/schema\/logo\/image\/\",\"url\":\"https:\/\/welovecinema.be\/wp-content\/uploads\/sites\/2\/2023\/03\/Logo-We-Love-Cinema305x128.jpg\",\"contentUrl\":\"https:\/\/welovecinema.be\/wp-content\/uploads\/sites\/2\/2023\/03\/Logo-We-Love-Cinema305x128.jpg\",\"width\":305,\"height\":128,\"caption\":\"We Love Cinema\"},\"image\":{\"@id\":\"https:\/\/welovecinema.be\/nl\/#\/schema\/logo\/image\/\"},\"sameAs\":[\"https:\/\/www.facebook.com\/welovecinema.be\",\"https:\/\/www.youtube.com\/channel\/UCX5LYGVhnKvYauW4Nta4HJA\",\"https:\/\/www.instagram.com\/welovecinema.be\/\"]},{\"@type\":\"Person\",\"@id\":\"https:\/\/welovecinema.be\/nl\/#\/schema\/person\/8084b68c6b176142d073695c654dc7cf\",\"name\":\"Aurore Engelen\",\"url\":\"https:\/\/welovecinema.be\/fr\/author\/aurore-engelen\/\"}]}<\/script>\n<!-- \/ Yoast SEO plugin. -->","yoast_head_json":{"title":"Rendez-vous d\u00e9but septembre au BRIFF et au BSFF! - We Love Cinema","robots":{"index":"index","follow":"follow","max-snippet":"max-snippet:-1","max-image-preview":"max-image-preview:large","max-video-preview":"max-video-preview:-1"},"canonical":"https:\/\/welovecinema.be\/fr\/rendez-vous-debut-septembre-au-briff-et-au-bsff\/","og_locale":"fr_FR","og_type":"article","og_title":"Rendez-vous d\u00e9but septembre au BRIFF et au BSFF! - We Love Cinema","og_description":"Le Brussels Short Film Festival qui devait se tenir fin avril\/ d\u00e9but mai et le Brussels International Film Festival qui devait se tenir fin juin\/ d\u00e9but juillet auront finalement lieu d\u00e9but septembre. Les organisateurs ont donc choisi d&rsquo;organiser ces deux \u00e9v\u00e8nements de f\u00eate et de c\u00e9l\u00e9bration du cin\u00e9ma au sortir de l&rsquo;\u00e9t\u00e9 (apr\u00e8s la date &hellip;","og_url":"https:\/\/welovecinema.be\/fr\/rendez-vous-debut-septembre-au-briff-et-au-bsff\/","og_site_name":"We Love Cinema","article_publisher":"https:\/\/www.facebook.com\/welovecinema.be","article_published_time":"2020-05-19T13:56:51+00:00","article_modified_time":"2020-05-19T13:57:21+00:00","og_image":[{"width":1200,"height":658,"url":"https:\/\/welovecinema.be\/wp-content\/uploads\/sites\/2\/2020\/05\/FotoJet-10.jpg","type":"image\/jpeg"}],"author":"Aurore Engelen","twitter_card":"summary_large_image","twitter_misc":{"\u00c9crit par":"Aurore Engelen","Dur\u00e9e de lecture estim\u00e9e":"1 minute"},"schema":{"@context":"https:\/\/schema.org","@graph":[{"@type":"Article","@id":"https:\/\/welovecinema.be\/fr\/rendez-vous-debut-septembre-au-briff-et-au-bsff\/#article","isPartOf":{"@id":"https:\/\/welovecinema.be\/fr\/rendez-vous-debut-septembre-au-briff-et-au-bsff\/"},"author":{"name":"Aurore Engelen","@id":"https:\/\/welovecinema.be\/nl\/#\/schema\/person\/8084b68c6b176142d073695c654dc7cf"},"headline":"Rendez-vous d\u00e9but septembre au BRIFF et au BSFF!","datePublished":"2020-05-19T13:56:51+00:00","dateModified":"2020-05-19T13:57:21+00:00","mainEntityOfPage":{"@id":"https:\/\/welovecinema.be\/fr\/rendez-vous-debut-septembre-au-briff-et-au-bsff\/"},"wordCount":160,"publisher":{"@id":"https:\/\/welovecinema.be\/nl\/#organization"},"keywords":["newsletter"],"articleSection":["Coming soon"],"inLanguage":"fr-FR"},{"@type":"WebPage","@id":"https:\/\/welovecinema.be\/fr\/rendez-vous-debut-septembre-au-briff-et-au-bsff\/","url":"https:\/\/welovecinema.be\/fr\/rendez-vous-debut-septembre-au-briff-et-au-bsff\/","name":"Rendez-vous d\u00e9but septembre au BRIFF et au BSFF! - We Love Cinema","isPartOf":{"@id":"https:\/\/welovecinema.be\/nl\/#website"},"datePublished":"2020-05-19T13:56:51+00:00","dateModified":"2020-05-19T13:57:21+00:00","breadcrumb":{"@id":"https:\/\/welovecinema.be\/fr\/rendez-vous-debut-septembre-au-briff-et-au-bsff\/#breadcrumb"},"inLanguage":"fr-FR","potentialAction":[{"@type":"ReadAction","target":["https:\/\/welovecinema.be\/fr\/rendez-vous-debut-septembre-au-briff-et-au-bsff\/"]}]},{"@type":"BreadcrumbList","@id":"https:\/\/welovecinema.be\/fr\/rendez-vous-debut-septembre-au-briff-et-au-bsff\/#breadcrumb","itemListElement":[{"@type":"ListItem","position":1,"name":"Accueil","item":"https:\/\/welovecinema.be\/fr\/"},{"@type":"ListItem","position":2,"name":"Rendez-vous d\u00e9but septembre au BRIFF et au BSFF!"}]},{"@type":"WebSite","@id":"https:\/\/welovecinema.be\/nl\/#website","url":"https:\/\/welovecinema.be\/nl\/","name":"We Love Cinema","description":"Toute l\u2019information du cin\u00e9ma en Belgique","publisher":{"@id":"https:\/\/welovecinema.be\/nl\/#organization"},"potentialAction":[{"@type":"SearchAction","target":{"@type":"EntryPoint","urlTemplate":"https:\/\/welovecinema.be\/nl\/?s={search_term_string}"},"query-input":"required name=search_term_string"}],"inLanguage":"fr-FR"},{"@type":"Organization","@id":"https:\/\/welovecinema.be\/nl\/#organization","name":"We Love Cinema","url":"https:\/\/welovecinema.be\/nl\/","logo":{"@type":"ImageObject","inLanguage":"fr-FR","@id":"https:\/\/welovecinema.be\/nl\/#\/schema\/logo\/image\/","url":"https:\/\/welovecinema.be\/wp-content\/uploads\/sites\/2\/2023\/03\/Logo-We-Love-Cinema305x128.jpg","contentUrl":"https:\/\/welovecinema.be\/wp-content\/uploads\/sites\/2\/2023\/03\/Logo-We-Love-Cinema305x128.jpg","width":305,"height":128,"caption":"We Love Cinema"},"image":{"@id":"https:\/\/welovecinema.be\/nl\/#\/schema\/logo\/image\/"},"sameAs":["https:\/\/www.facebook.com\/welovecinema.be","https:\/\/www.youtube.com\/channel\/UCX5LYGVhnKvYauW4Nta4HJA","https:\/\/www.instagram.com\/welovecinema.be\/"]},{"@type":"Person","@id":"https:\/\/welovecinema.be\/nl\/#\/schema\/person\/8084b68c6b176142d073695c654dc7cf","name":"Aurore Engelen","url":"https:\/\/welovecinema.be\/fr\/author\/aurore-engelen\/"}]}},"_links":{"self":[{"href":"https:\/\/welovecinema.be\/fr\/wp-json\/wp\/v2\/posts\/228719","targetHints":{"allow":["GET"]}}],"collection":[{"href":"https:\/\/welovecinema.be\/fr\/wp-json\/wp\/v2\/posts"}],"about":[{"href":"https:\/\/welovecinema.be\/fr\/wp-json\/wp\/v2\/types\/post"}],"author":[{"embeddable":true,"href":"https:\/\/welovecinema.be\/fr\/wp-json\/wp\/v2\/users\/343"}],"replies":[{"embeddable":true,"href":"https:\/\/welovecinema.be\/fr\/wp-json\/wp\/v2\/comments?post=228719"}],"version-history":[{"count":0,"href":"https:\/\/welovecinema.be\/fr\/wp-json\/wp\/v2\/posts\/228719\/revisions"}],"wp:featuredmedia":[{"embeddable":true,"href":"https:\/\/welovecinema.be\/fr\/wp-json\/wp\/v2\/media\/228721"}],"wp:attachment":[{"href":"https:\/\/welovecinema.be\/fr\/wp-json\/wp\/v2\/media?parent=228719"}],"wp:term":[{"taxonomy":"category","embeddable":true,"href":"https:\/\/welovecinema.be\/fr\/wp-json\/wp\/v2\/categories?post=228719"},{"taxonomy":"post_tag","embeddable":true,"href":"https:\/\/welovecinema.be\/fr\/wp-json\/wp\/v2\/tags?post=228719"}],"curies":[{"name":"wp","href":"https:\/\/api.w.org\/{rel}","templated":true}]}}