{"id":228627,"date":"2020-05-15T08:57:41","date_gmt":"2020-05-15T06:57:41","guid":{"rendered":"https:\/\/www.cinevox.be\/?p=228627"},"modified":"2020-05-15T09:01:20","modified_gmt":"2020-05-15T07:01:20","slug":"cannes-made-in-belgium-sur-cinechezvous-be","status":"publish","type":"post","link":"https:\/\/welovecinema.be\/fr\/cannes-made-in-belgium-sur-cinechezvous-be\/","title":{"rendered":"Cannes made in Belgium sur Cinechezvous.be"},"content":{"rendered":"<p><strong>Cinechezvous.be propose une collection de 6 films s\u00e9lectionn\u00e9s \u00e0 Cannes entre 1995 et 2019.<\/strong><\/p>\n<p>Alors que les stars du monde entier auraient d\u00fb fouler le mythique tapis rouge du Festival de Cannes d\u00e8s ce mercredi,\u00a0\u00a0CINECHEZVOUS.BE vous propose de vivre les \u00e9motions de la Croisette depuis votre canap\u00e9 gr\u00e2ce au programme sp\u00e9cial \u00ab\u00a0De Cannes \u00e0 votre cabane\u00a0\u00bb, une belle r\u00e9trospective de films du nord du pays s\u00e9lectionn\u00e9s au festival au cours de ces trois derni\u00e8res d\u00e9cennies. Ce programme \u00e9clectique sera l\u2019occasion unique de (re-)d\u00e9couvrir des films tels que le laur\u00e9at de la prestigieuse Cam\u00e9ra d\u2019Or de 2018, <em>Girl<\/em> de Lukas Dhont, mais \u00e9galement des titres moins connus de notre c\u00f4t\u00e9 de la fronti\u00e8re linguistique, tout \u00e7a avec des sous-titres fran\u00e7ais bien entendu ! Ces six films sont disponibles en vid\u00e9o \u00e0 la demande d\u00e8s ce vendredi 15 mai et jusqu\u2019au lundi 1er juin inclus.<\/p>\n<p>Les six films du programme DE CANNES A VOTRE CABANE qui seront accessibles via CINECHEZVOUS.BE jusqu\u2019au 1er juin sont :<\/p>\n<h4><em>GHOST TROPIC<\/em> de Bas Devos (Quinzaine des R\u00e9alisateurs 2019)<\/h4>\n<p>Apr\u00e8s une longue journ\u00e9e de travail, Khadija (58 ans) s\u2019endort dans le dernier m\u00e9tro. Elle se r\u00e9veille au terminus, \u00e0 l\u2019autre bout de la ville, et doit rentrer chez elle \u00e0 pied. Cette travers\u00e9e nocturne l\u2019oblige \u00e0 demander de l\u2019aide, et \u00e0 en donner, \u00e0 celles et ceux qui comme elle, traversent la nuit.<\/p>\n<p><img loading=\"lazy\" decoding=\"async\" class=\"alignnone size-large wp-image-225752\" src=\"https:\/\/www.cinevox.be\/wp-content\/uploads\/sites\/2\/2019\/12\/V19ghosttropic07-800x450.jpg\" alt=\"ghost-tropic-bas-devos\" width=\"618\" height=\"348\" srcset=\"https:\/\/welovecinema.be\/wp-content\/uploads\/sites\/2\/2019\/12\/V19ghosttropic07-800x450.jpg 800w, https:\/\/welovecinema.be\/wp-content\/uploads\/sites\/2\/2019\/12\/V19ghosttropic07-200x113.jpg 200w, https:\/\/welovecinema.be\/wp-content\/uploads\/sites\/2\/2019\/12\/V19ghosttropic07-480x270.jpg 480w, https:\/\/welovecinema.be\/wp-content\/uploads\/sites\/2\/2019\/12\/V19ghosttropic07-768x432.jpg 768w, https:\/\/welovecinema.be\/wp-content\/uploads\/sites\/2\/2019\/12\/V19ghosttropic07-599x337.jpg 599w, https:\/\/welovecinema.be\/wp-content\/uploads\/sites\/2\/2019\/12\/V19ghosttropic07.jpg 1084w\" sizes=\"auto, (max-width: 618px) 100vw, 618px\" \/><\/p>\n<h4><em>GIRL<\/em> de Lukas Dhont (Un Certain Regard 2018\/ Laur\u00e9at de la Cam\u00e9ra d\u2019Or)<\/h4>\n<p>Lara, 15 ans, r\u00eave de devenir danseuse \u00e9toile. Avec le soutien de son p\u00e8re, elle se lance \u00e0 corps perdu dans cette qu\u00eate d\u2019absolu. Mais ce corps ne se plie pas si facilement \u00e0 la discipline que lui impose Lara, car celle-ci est n\u00e9e gar\u00e7on.<\/p>\n<p><img loading=\"lazy\" decoding=\"async\" class=\"alignnone size-large wp-image-212345\" src=\"https:\/\/www.cinevox.be\/wp-content\/uploads\/sites\/2\/2018\/08\/girl-cannes-800x450.jpg\" alt=\"\" width=\"618\" height=\"348\" srcset=\"https:\/\/welovecinema.be\/wp-content\/uploads\/sites\/2\/2018\/08\/girl-cannes-800x450.jpg 800w, https:\/\/welovecinema.be\/wp-content\/uploads\/sites\/2\/2018\/08\/girl-cannes-200x113.jpg 200w, https:\/\/welovecinema.be\/wp-content\/uploads\/sites\/2\/2018\/08\/girl-cannes-480x270.jpg 480w, https:\/\/welovecinema.be\/wp-content\/uploads\/sites\/2\/2018\/08\/girl-cannes-768x432.jpg 768w, https:\/\/welovecinema.be\/wp-content\/uploads\/sites\/2\/2018\/08\/girl-cannes-599x337.jpg 599w, https:\/\/welovecinema.be\/wp-content\/uploads\/sites\/2\/2018\/08\/girl-cannes.jpg 1000w\" sizes=\"auto, (max-width: 618px) 100vw, 618px\" \/><\/p>\n<h4><em>CE MAGNIFIQUE G\u00c2TEAU !<\/em> d\u2019Emma de Swaef et Marc James Roels (Quinzaine des R\u00e9alisateurs 2018)<\/h4>\n<p>Apr\u00e8s sa s\u00e9lection cannoise, ce film d\u2019animation image par image a remport\u00e9 une multitude de prix dans les festivals du monde entier. Cette farce d\u00e9cal\u00e9e et burlesque pr\u00e9sente les destins crois\u00e9s de cinq personnages dans\u00a0\u00a0l&rsquo;Afrique coloniale de 1886 : un roi inquiet, un pygm\u00e9e vieillissant, un homme d&rsquo;affaires rat\u00e9, un porteur et un jeune d\u00e9serteur.<\/p>\n<p><img loading=\"lazy\" decoding=\"async\" class=\"alignnone size-large wp-image-209745\" src=\"https:\/\/www.cinevox.be\/wp-content\/uploads\/sites\/2\/2018\/05\/ce-magnifique-gateau.20180504102639-800x480.jpg\" alt=\"\" width=\"618\" height=\"371\" srcset=\"https:\/\/welovecinema.be\/wp-content\/uploads\/sites\/2\/2018\/05\/ce-magnifique-gateau.20180504102639-800x480.jpg 800w, https:\/\/welovecinema.be\/wp-content\/uploads\/sites\/2\/2018\/05\/ce-magnifique-gateau.20180504102639-450x270.jpg 450w, https:\/\/welovecinema.be\/wp-content\/uploads\/sites\/2\/2018\/05\/ce-magnifique-gateau.20180504102639-768x461.jpg 768w, https:\/\/welovecinema.be\/wp-content\/uploads\/sites\/2\/2018\/05\/ce-magnifique-gateau.20180504102639.jpg 900w\" sizes=\"auto, (max-width: 618px) 100vw, 618px\" \/><\/p>\n<h4><em>LA MERDITUDE DES CHOSES<\/em> de Felix Van Groeningen (Quinzaine des R\u00e9alisateurs, 2009)<\/h4>\n<p>Gunther Strobbe a 13 ans et une vie compliqu\u00e9e. Le jeune gar\u00e7on partage le toit de sa grand-m\u00e8re avec son p\u00e8re et ses trois oncles. Quotidiennement, il baigne dans un climat de beuveries effr\u00e9n\u00e9es, de drague \u00e9hont\u00e9e et de glande constante&#8230; Tout porte \u00e0 croire qu&rsquo;il subira le m\u00eame sort, a moins qu&rsquo;il ne parvienne \u00e0 jouer un mauvais tour au destin et \u00e9chapper \u00e0 la merditude des choses?<\/p>\n<p><img loading=\"lazy\" decoding=\"async\" class=\"alignnone size-large wp-image-42631\" src=\"https:\/\/www.cinevox.be\/wp-content\/uploads\/sites\/2\/2013\/06\/la-merditude-des-choses_27789_4ea670f49dc3d83c3b008e91_1320207225-800x450.jpg\" alt=\"\" width=\"618\" height=\"348\" srcset=\"https:\/\/welovecinema.be\/wp-content\/uploads\/sites\/2\/2013\/06\/la-merditude-des-choses_27789_4ea670f49dc3d83c3b008e91_1320207225-800x450.jpg 800w, https:\/\/welovecinema.be\/wp-content\/uploads\/sites\/2\/2013\/06\/la-merditude-des-choses_27789_4ea670f49dc3d83c3b008e91_1320207225-200x113.jpg 200w, https:\/\/welovecinema.be\/wp-content\/uploads\/sites\/2\/2013\/06\/la-merditude-des-choses_27789_4ea670f49dc3d83c3b008e91_1320207225-480x270.jpg 480w, https:\/\/welovecinema.be\/wp-content\/uploads\/sites\/2\/2013\/06\/la-merditude-des-choses_27789_4ea670f49dc3d83c3b008e91_1320207225-300x169.jpg 300w, https:\/\/welovecinema.be\/wp-content\/uploads\/sites\/2\/2013\/06\/la-merditude-des-choses_27789_4ea670f49dc3d83c3b008e91_1320207225-620x350.jpg 620w, https:\/\/welovecinema.be\/wp-content\/uploads\/sites\/2\/2013\/06\/la-merditude-des-choses_27789_4ea670f49dc3d83c3b008e91_1320207225.jpg 1920w\" sizes=\"auto, (max-width: 618px) 100vw, 618px\" \/><\/p>\n<h4><em>MOSCOW, BELGIUM<\/em> de Christophe Van Rompaey (Semaine de la Critique, 2008)<\/h4>\n<p>Abandonn\u00e9e depuis cinq mois, deux semaines et trois jours par son mari qui l&rsquo;a quitt\u00e9e pour une femme deux fois plus jeune, Matty (41 ans) vit avec ses trois enfants \u00e0 Moscow, un quartier populaire de Gand, en Belgique. Sur le parking d&rsquo;une grande surface, sa voiture se fait accrocher par le camion de Johnny (29 ans), s\u00e9par\u00e9 depuis dix-huit mois de son ex-femme. Ce banal accident va pourtant bouleverser l&rsquo;existence de Matty. Car, malgr\u00e9 les mises en garde de Werner, son mari de nouveau amoureux d&rsquo;elle, le regard ironique de V\u00e9ra sa fille a\u00een\u00e9e, contre toute attente et presque malgr\u00e9 elle, Matty s&rsquo;\u00e9prend de Johnny&#8230;<\/p>\n<p><img loading=\"lazy\" decoding=\"async\" class=\"alignnone size-large wp-image-228628\" src=\"https:\/\/www.cinevox.be\/wp-content\/uploads\/sites\/2\/2020\/05\/122.3000x900-800x534.jpg\" alt=\"\" width=\"618\" height=\"413\" srcset=\"https:\/\/welovecinema.be\/wp-content\/uploads\/sites\/2\/2020\/05\/122.3000x900-800x534.jpg 800w, https:\/\/welovecinema.be\/wp-content\/uploads\/sites\/2\/2020\/05\/122.3000x900-405x270.jpg 405w, https:\/\/welovecinema.be\/wp-content\/uploads\/sites\/2\/2020\/05\/122.3000x900-768x512.jpg 768w, https:\/\/welovecinema.be\/wp-content\/uploads\/sites\/2\/2020\/05\/122.3000x900-110x75.jpg 110w, https:\/\/welovecinema.be\/wp-content\/uploads\/sites\/2\/2020\/05\/122.3000x900.jpg 1349w\" sizes=\"auto, (max-width: 618px) 100vw, 618px\" \/><\/p>\n<h4><em>MANNEKEN PIS<\/em> de Frank Van Passel (Semaine de la Critique, 1995)<\/h4>\n<p>Passion\u2026 V\u00e9ritable amour\u2026 Harry entre dans le tram, \u00e9change des regards avec Jeanne, la conductrice du tram, et tombe fou amoureux sur le coup \u2026 Il essaie de l\u2019approcher\u2026 Il aimerait se rapprocher\u2026 Des \u00e9toiles dans leurs yeux\u2026 Voil\u00e0 comment cela aurait pu se passer pour eux et comment Harry et Jeanne l\u2019auraient voulu, mais nous savons tous que l\u2019amour arrive toujours trop t\u00f4t ou trop tard, mais jamais au bon moment.<\/p>\n<p><img loading=\"lazy\" decoding=\"async\" class=\"alignnone size-large wp-image-228630\" src=\"https:\/\/www.cinevox.be\/wp-content\/uploads\/sites\/2\/2020\/05\/Manneken_Pis_1_Van_Passel-800x400.jpeg\" alt=\"\" width=\"618\" height=\"309\" srcset=\"https:\/\/welovecinema.be\/wp-content\/uploads\/sites\/2\/2020\/05\/Manneken_Pis_1_Van_Passel-800x400.jpeg 800w, https:\/\/welovecinema.be\/wp-content\/uploads\/sites\/2\/2020\/05\/Manneken_Pis_1_Van_Passel-480x240.jpeg 480w, https:\/\/welovecinema.be\/wp-content\/uploads\/sites\/2\/2020\/05\/Manneken_Pis_1_Van_Passel-768x384.jpeg 768w, https:\/\/welovecinema.be\/wp-content\/uploads\/sites\/2\/2020\/05\/Manneken_Pis_1_Van_Passel-660x330.jpeg 660w, https:\/\/welovecinema.be\/wp-content\/uploads\/sites\/2\/2020\/05\/Manneken_Pis_1_Van_Passel-1050x525.jpeg 1050w, https:\/\/welovecinema.be\/wp-content\/uploads\/sites\/2\/2020\/05\/Manneken_Pis_1_Van_Passel.jpeg 1152w\" sizes=\"auto, (max-width: 618px) 100vw, 618px\" \/><\/p>\n","protected":false},"excerpt":{"rendered":"<p>Cinechezvous.be propose une collection de 6 films s\u00e9lectionn\u00e9s \u00e0 Cannes entre 1995 et 2019. Alors que les stars du monde entier auraient d\u00fb fouler le mythique tapis rouge du Festival de Cannes d\u00e8s ce mercredi,\u00a0\u00a0CINECHEZVOUS.BE vous propose de vivre les \u00e9motions de la Croisette depuis votre canap\u00e9 gr\u00e2ce au programme sp\u00e9cial \u00ab\u00a0De Cannes \u00e0 votre &hellip;<\/p>\n","protected":false},"author":343,"featured_media":209715,"comment_status":"closed","ping_status":"closed","sticky":false,"template":"","format":"standard","meta":{"ngg_post_thumbnail":0,"footnotes":""},"categories":[10],"tags":[4187],"class_list":["post-228627","post","type-post","status-publish","format-standard","has-post-thumbnail","","category-a-l-affiche","tag-newsletter-fr"],"yoast_head":"<!-- This site is optimized with the Yoast SEO plugin v20.4 - https:\/\/yoast.com\/wordpress\/plugins\/seo\/ -->\n<title>Cannes made in Belgium sur Cinechezvous.be - We Love Cinema<\/title>\n<meta name=\"robots\" content=\"index, follow, max-snippet:-1, max-image-preview:large, max-video-preview:-1\" \/>\n<link rel=\"canonical\" href=\"https:\/\/welovecinema.be\/fr\/cannes-made-in-belgium-sur-cinechezvous-be\/\" \/>\n<meta property=\"og:locale\" content=\"fr_FR\" \/>\n<meta property=\"og:type\" content=\"article\" \/>\n<meta property=\"og:title\" content=\"Cannes made in Belgium sur Cinechezvous.be - We Love Cinema\" \/>\n<meta property=\"og:description\" content=\"Cinechezvous.be propose une collection de 6 films s\u00e9lectionn\u00e9s \u00e0 Cannes entre 1995 et 2019. Alors que les stars du monde entier auraient d\u00fb fouler le mythique tapis rouge du Festival de Cannes d\u00e8s ce mercredi,\u00a0\u00a0CINECHEZVOUS.BE vous propose de vivre les \u00e9motions de la Croisette depuis votre canap\u00e9 gr\u00e2ce au programme sp\u00e9cial \u00ab\u00a0De Cannes \u00e0 votre &hellip;\" \/>\n<meta property=\"og:url\" content=\"https:\/\/welovecinema.be\/fr\/cannes-made-in-belgium-sur-cinechezvous-be\/\" \/>\n<meta property=\"og:site_name\" content=\"We Love Cinema\" \/>\n<meta property=\"article:publisher\" content=\"https:\/\/www.facebook.com\/welovecinema.be\" \/>\n<meta property=\"article:published_time\" content=\"2020-05-15T06:57:41+00:00\" \/>\n<meta property=\"article:modified_time\" content=\"2020-05-15T07:01:20+00:00\" \/>\n<meta property=\"og:image\" content=\"https:\/\/welovecinema.be\/wp-content\/uploads\/sites\/2\/2018\/05\/Girl-Cannes-Split.jpg\" \/>\n\t<meta property=\"og:image:width\" content=\"5456\" \/>\n\t<meta property=\"og:image:height\" content=\"3632\" \/>\n\t<meta property=\"og:image:type\" content=\"image\/jpeg\" \/>\n<meta name=\"author\" content=\"Aurore Engelen\" \/>\n<meta name=\"twitter:card\" content=\"summary_large_image\" \/>\n<meta name=\"twitter:label1\" content=\"\u00c9crit par\" \/>\n\t<meta name=\"twitter:data1\" content=\"Aurore Engelen\" \/>\n\t<meta name=\"twitter:label2\" content=\"Dur\u00e9e de lecture estim\u00e9e\" \/>\n\t<meta name=\"twitter:data2\" content=\"3 minutes\" \/>\n<script type=\"application\/ld+json\" class=\"yoast-schema-graph\">{\"@context\":\"https:\/\/schema.org\",\"@graph\":[{\"@type\":\"Article\",\"@id\":\"https:\/\/welovecinema.be\/fr\/cannes-made-in-belgium-sur-cinechezvous-be\/#article\",\"isPartOf\":{\"@id\":\"https:\/\/welovecinema.be\/fr\/cannes-made-in-belgium-sur-cinechezvous-be\/\"},\"author\":{\"name\":\"Aurore Engelen\",\"@id\":\"https:\/\/welovecinema.be\/nl\/#\/schema\/person\/8084b68c6b176142d073695c654dc7cf\"},\"headline\":\"Cannes made in Belgium sur Cinechezvous.be\",\"datePublished\":\"2020-05-15T06:57:41+00:00\",\"dateModified\":\"2020-05-15T07:01:20+00:00\",\"mainEntityOfPage\":{\"@id\":\"https:\/\/welovecinema.be\/fr\/cannes-made-in-belgium-sur-cinechezvous-be\/\"},\"wordCount\":694,\"publisher\":{\"@id\":\"https:\/\/welovecinema.be\/nl\/#organization\"},\"keywords\":[\"newsletter\"],\"articleSection\":[\"A l'affiche\"],\"inLanguage\":\"fr-FR\"},{\"@type\":\"WebPage\",\"@id\":\"https:\/\/welovecinema.be\/fr\/cannes-made-in-belgium-sur-cinechezvous-be\/\",\"url\":\"https:\/\/welovecinema.be\/fr\/cannes-made-in-belgium-sur-cinechezvous-be\/\",\"name\":\"Cannes made in Belgium sur Cinechezvous.be - We Love Cinema\",\"isPartOf\":{\"@id\":\"https:\/\/welovecinema.be\/nl\/#website\"},\"datePublished\":\"2020-05-15T06:57:41+00:00\",\"dateModified\":\"2020-05-15T07:01:20+00:00\",\"breadcrumb\":{\"@id\":\"https:\/\/welovecinema.be\/fr\/cannes-made-in-belgium-sur-cinechezvous-be\/#breadcrumb\"},\"inLanguage\":\"fr-FR\",\"potentialAction\":[{\"@type\":\"ReadAction\",\"target\":[\"https:\/\/welovecinema.be\/fr\/cannes-made-in-belgium-sur-cinechezvous-be\/\"]}]},{\"@type\":\"BreadcrumbList\",\"@id\":\"https:\/\/welovecinema.be\/fr\/cannes-made-in-belgium-sur-cinechezvous-be\/#breadcrumb\",\"itemListElement\":[{\"@type\":\"ListItem\",\"position\":1,\"name\":\"Accueil\",\"item\":\"https:\/\/welovecinema.be\/fr\/\"},{\"@type\":\"ListItem\",\"position\":2,\"name\":\"Cannes made in Belgium sur Cinechezvous.be\"}]},{\"@type\":\"WebSite\",\"@id\":\"https:\/\/welovecinema.be\/nl\/#website\",\"url\":\"https:\/\/welovecinema.be\/nl\/\",\"name\":\"We Love Cinema\",\"description\":\"Toute l\u2019information du cin\u00e9ma en Belgique\",\"publisher\":{\"@id\":\"https:\/\/welovecinema.be\/nl\/#organization\"},\"potentialAction\":[{\"@type\":\"SearchAction\",\"target\":{\"@type\":\"EntryPoint\",\"urlTemplate\":\"https:\/\/welovecinema.be\/nl\/?s={search_term_string}\"},\"query-input\":\"required name=search_term_string\"}],\"inLanguage\":\"fr-FR\"},{\"@type\":\"Organization\",\"@id\":\"https:\/\/welovecinema.be\/nl\/#organization\",\"name\":\"We Love Cinema\",\"url\":\"https:\/\/welovecinema.be\/nl\/\",\"logo\":{\"@type\":\"ImageObject\",\"inLanguage\":\"fr-FR\",\"@id\":\"https:\/\/welovecinema.be\/nl\/#\/schema\/logo\/image\/\",\"url\":\"https:\/\/welovecinema.be\/wp-content\/uploads\/sites\/2\/2023\/03\/Logo-We-Love-Cinema305x128.jpg\",\"contentUrl\":\"https:\/\/welovecinema.be\/wp-content\/uploads\/sites\/2\/2023\/03\/Logo-We-Love-Cinema305x128.jpg\",\"width\":305,\"height\":128,\"caption\":\"We Love Cinema\"},\"image\":{\"@id\":\"https:\/\/welovecinema.be\/nl\/#\/schema\/logo\/image\/\"},\"sameAs\":[\"https:\/\/www.facebook.com\/welovecinema.be\",\"https:\/\/www.youtube.com\/channel\/UCX5LYGVhnKvYauW4Nta4HJA\",\"https:\/\/www.instagram.com\/welovecinema.be\/\"]},{\"@type\":\"Person\",\"@id\":\"https:\/\/welovecinema.be\/nl\/#\/schema\/person\/8084b68c6b176142d073695c654dc7cf\",\"name\":\"Aurore Engelen\",\"url\":\"https:\/\/welovecinema.be\/fr\/author\/aurore-engelen\/\"}]}<\/script>\n<!-- \/ Yoast SEO plugin. -->","yoast_head_json":{"title":"Cannes made in Belgium sur Cinechezvous.be - We Love Cinema","robots":{"index":"index","follow":"follow","max-snippet":"max-snippet:-1","max-image-preview":"max-image-preview:large","max-video-preview":"max-video-preview:-1"},"canonical":"https:\/\/welovecinema.be\/fr\/cannes-made-in-belgium-sur-cinechezvous-be\/","og_locale":"fr_FR","og_type":"article","og_title":"Cannes made in Belgium sur Cinechezvous.be - We Love Cinema","og_description":"Cinechezvous.be propose une collection de 6 films s\u00e9lectionn\u00e9s \u00e0 Cannes entre 1995 et 2019. Alors que les stars du monde entier auraient d\u00fb fouler le mythique tapis rouge du Festival de Cannes d\u00e8s ce mercredi,\u00a0\u00a0CINECHEZVOUS.BE vous propose de vivre les \u00e9motions de la Croisette depuis votre canap\u00e9 gr\u00e2ce au programme sp\u00e9cial \u00ab\u00a0De Cannes \u00e0 votre &hellip;","og_url":"https:\/\/welovecinema.be\/fr\/cannes-made-in-belgium-sur-cinechezvous-be\/","og_site_name":"We Love Cinema","article_publisher":"https:\/\/www.facebook.com\/welovecinema.be","article_published_time":"2020-05-15T06:57:41+00:00","article_modified_time":"2020-05-15T07:01:20+00:00","og_image":[{"width":5456,"height":3632,"url":"https:\/\/welovecinema.be\/wp-content\/uploads\/sites\/2\/2018\/05\/Girl-Cannes-Split.jpg","type":"image\/jpeg"}],"author":"Aurore Engelen","twitter_card":"summary_large_image","twitter_misc":{"\u00c9crit par":"Aurore Engelen","Dur\u00e9e de lecture estim\u00e9e":"3 minutes"},"schema":{"@context":"https:\/\/schema.org","@graph":[{"@type":"Article","@id":"https:\/\/welovecinema.be\/fr\/cannes-made-in-belgium-sur-cinechezvous-be\/#article","isPartOf":{"@id":"https:\/\/welovecinema.be\/fr\/cannes-made-in-belgium-sur-cinechezvous-be\/"},"author":{"name":"Aurore Engelen","@id":"https:\/\/welovecinema.be\/nl\/#\/schema\/person\/8084b68c6b176142d073695c654dc7cf"},"headline":"Cannes made in Belgium sur Cinechezvous.be","datePublished":"2020-05-15T06:57:41+00:00","dateModified":"2020-05-15T07:01:20+00:00","mainEntityOfPage":{"@id":"https:\/\/welovecinema.be\/fr\/cannes-made-in-belgium-sur-cinechezvous-be\/"},"wordCount":694,"publisher":{"@id":"https:\/\/welovecinema.be\/nl\/#organization"},"keywords":["newsletter"],"articleSection":["A l'affiche"],"inLanguage":"fr-FR"},{"@type":"WebPage","@id":"https:\/\/welovecinema.be\/fr\/cannes-made-in-belgium-sur-cinechezvous-be\/","url":"https:\/\/welovecinema.be\/fr\/cannes-made-in-belgium-sur-cinechezvous-be\/","name":"Cannes made in Belgium sur Cinechezvous.be - We Love Cinema","isPartOf":{"@id":"https:\/\/welovecinema.be\/nl\/#website"},"datePublished":"2020-05-15T06:57:41+00:00","dateModified":"2020-05-15T07:01:20+00:00","breadcrumb":{"@id":"https:\/\/welovecinema.be\/fr\/cannes-made-in-belgium-sur-cinechezvous-be\/#breadcrumb"},"inLanguage":"fr-FR","potentialAction":[{"@type":"ReadAction","target":["https:\/\/welovecinema.be\/fr\/cannes-made-in-belgium-sur-cinechezvous-be\/"]}]},{"@type":"BreadcrumbList","@id":"https:\/\/welovecinema.be\/fr\/cannes-made-in-belgium-sur-cinechezvous-be\/#breadcrumb","itemListElement":[{"@type":"ListItem","position":1,"name":"Accueil","item":"https:\/\/welovecinema.be\/fr\/"},{"@type":"ListItem","position":2,"name":"Cannes made in Belgium sur Cinechezvous.be"}]},{"@type":"WebSite","@id":"https:\/\/welovecinema.be\/nl\/#website","url":"https:\/\/welovecinema.be\/nl\/","name":"We Love Cinema","description":"Toute l\u2019information du cin\u00e9ma en Belgique","publisher":{"@id":"https:\/\/welovecinema.be\/nl\/#organization"},"potentialAction":[{"@type":"SearchAction","target":{"@type":"EntryPoint","urlTemplate":"https:\/\/welovecinema.be\/nl\/?s={search_term_string}"},"query-input":"required name=search_term_string"}],"inLanguage":"fr-FR"},{"@type":"Organization","@id":"https:\/\/welovecinema.be\/nl\/#organization","name":"We Love Cinema","url":"https:\/\/welovecinema.be\/nl\/","logo":{"@type":"ImageObject","inLanguage":"fr-FR","@id":"https:\/\/welovecinema.be\/nl\/#\/schema\/logo\/image\/","url":"https:\/\/welovecinema.be\/wp-content\/uploads\/sites\/2\/2023\/03\/Logo-We-Love-Cinema305x128.jpg","contentUrl":"https:\/\/welovecinema.be\/wp-content\/uploads\/sites\/2\/2023\/03\/Logo-We-Love-Cinema305x128.jpg","width":305,"height":128,"caption":"We Love Cinema"},"image":{"@id":"https:\/\/welovecinema.be\/nl\/#\/schema\/logo\/image\/"},"sameAs":["https:\/\/www.facebook.com\/welovecinema.be","https:\/\/www.youtube.com\/channel\/UCX5LYGVhnKvYauW4Nta4HJA","https:\/\/www.instagram.com\/welovecinema.be\/"]},{"@type":"Person","@id":"https:\/\/welovecinema.be\/nl\/#\/schema\/person\/8084b68c6b176142d073695c654dc7cf","name":"Aurore Engelen","url":"https:\/\/welovecinema.be\/fr\/author\/aurore-engelen\/"}]}},"_links":{"self":[{"href":"https:\/\/welovecinema.be\/fr\/wp-json\/wp\/v2\/posts\/228627","targetHints":{"allow":["GET"]}}],"collection":[{"href":"https:\/\/welovecinema.be\/fr\/wp-json\/wp\/v2\/posts"}],"about":[{"href":"https:\/\/welovecinema.be\/fr\/wp-json\/wp\/v2\/types\/post"}],"author":[{"embeddable":true,"href":"https:\/\/welovecinema.be\/fr\/wp-json\/wp\/v2\/users\/343"}],"replies":[{"embeddable":true,"href":"https:\/\/welovecinema.be\/fr\/wp-json\/wp\/v2\/comments?post=228627"}],"version-history":[{"count":0,"href":"https:\/\/welovecinema.be\/fr\/wp-json\/wp\/v2\/posts\/228627\/revisions"}],"wp:featuredmedia":[{"embeddable":true,"href":"https:\/\/welovecinema.be\/fr\/wp-json\/wp\/v2\/media\/209715"}],"wp:attachment":[{"href":"https:\/\/welovecinema.be\/fr\/wp-json\/wp\/v2\/media?parent=228627"}],"wp:term":[{"taxonomy":"category","embeddable":true,"href":"https:\/\/welovecinema.be\/fr\/wp-json\/wp\/v2\/categories?post=228627"},{"taxonomy":"post_tag","embeddable":true,"href":"https:\/\/welovecinema.be\/fr\/wp-json\/wp\/v2\/tags?post=228627"}],"curies":[{"name":"wp","href":"https:\/\/api.w.org\/{rel}","templated":true}]}}