{"id":228578,"date":"2020-05-07T15:31:14","date_gmt":"2020-05-07T13:31:14","guid":{"rendered":"https:\/\/www.cinevox.be\/?p=228578"},"modified":"2020-05-07T15:31:14","modified_gmt":"2020-05-07T13:31:14","slug":"appel-a-films-pour-le-5e-festival-international-du-film-de-comedie-de-liege","status":"publish","type":"post","link":"https:\/\/welovecinema.be\/fr\/appel-a-films-pour-le-5e-festival-international-du-film-de-comedie-de-liege\/","title":{"rendered":"Appel \u00e0 films pour le 5e Festival International du Film de Com\u00e9die de Li\u00e8ge"},"content":{"rendered":"<p><strong>Les inscriptions aux comp\u00e9titions du 5e Festival International du Film de Com\u00e9die de Li\u00e8ge sont ouvertes.<\/strong><\/p>\n<p>L\u2019inscription est enti\u00e8rement gratuite.<\/p>\n<p>Sont \u00e9ligibles les films r\u00e9gionaux, nationaux et internationaux termin\u00e9s entre septembre 2019 et<br \/>\nnovembre 2020. Le Festival comprend les sections comp\u00e9titives suivantes :<\/p>\n<ul>\n<li><strong>Comp\u00e9tition longs-m\u00e9trages de fiction<\/strong>\u00a0<strong>:<\/strong>\u00a0inscriptions jusqu\u2019au 30 septembre 2020<\/li>\n<li><strong>Comp\u00e9tition courts-m\u00e9trages :<\/strong>\u00a0inscriptions jusqu\u2019au 30 septembre 2020<\/li>\n<li><strong>Comp\u00e9tition longs-m\u00e9trages documentaires :<\/strong>\u00a0inscriptions jusqu\u2019au 30 septembre 2020<\/li>\n<\/ul>\n<p>Le Festival a pour objet de promouvoir la connaissance et la diffusion de com\u00e9dies en tous genres. A<br \/>\ncet effet, il distingue et met en valeur des \u0153uvres cin\u00e9matographiques \u00e0 travers des sections<br \/>\ncomp\u00e9titives et non comp\u00e9titives.<\/p>\n<p><a href=\"https:\/\/www.fifcl.be\/inscrire-un-film\/\"><strong>Cliquez ici pour inscrire un film<\/strong><\/a><\/p>\n","protected":false},"excerpt":{"rendered":"<p>Les inscriptions aux comp\u00e9titions du 5e Festival International du Film de Com\u00e9die de Li\u00e8ge sont ouvertes. L\u2019inscription est enti\u00e8rement gratuite. Sont \u00e9ligibles les films r\u00e9gionaux, nationaux et internationaux termin\u00e9s entre septembre 2019 et novembre 2020. Le Festival comprend les sections comp\u00e9titives suivantes : Comp\u00e9tition longs-m\u00e9trages de fiction\u00a0:\u00a0inscriptions jusqu\u2019au 30 septembre 2020 Comp\u00e9tition courts-m\u00e9trages :\u00a0inscriptions jusqu\u2019au &hellip;<\/p>\n","protected":false},"author":343,"featured_media":228579,"comment_status":"closed","ping_status":"closed","sticky":false,"template":"","format":"standard","meta":{"ngg_post_thumbnail":0,"footnotes":""},"categories":[1923],"tags":[],"class_list":["post-228578","post","type-post","status-publish","format-standard","has-post-thumbnail","","category-en-bref"],"yoast_head":"<!-- This site is optimized with the Yoast SEO plugin v20.4 - https:\/\/yoast.com\/wordpress\/plugins\/seo\/ -->\n<title>Appel \u00e0 films pour le 5e Festival International du Film de Com\u00e9die de Li\u00e8ge - We Love Cinema<\/title>\n<meta name=\"robots\" content=\"index, follow, max-snippet:-1, max-image-preview:large, max-video-preview:-1\" \/>\n<link rel=\"canonical\" href=\"https:\/\/welovecinema.be\/fr\/appel-a-films-pour-le-5e-festival-international-du-film-de-comedie-de-liege\/\" \/>\n<meta property=\"og:locale\" content=\"fr_FR\" \/>\n<meta property=\"og:type\" content=\"article\" \/>\n<meta property=\"og:title\" content=\"Appel \u00e0 films pour le 5e Festival International du Film de Com\u00e9die de Li\u00e8ge - We Love Cinema\" \/>\n<meta property=\"og:description\" content=\"Les inscriptions aux comp\u00e9titions du 5e Festival International du Film de Com\u00e9die de Li\u00e8ge sont ouvertes. L\u2019inscription est enti\u00e8rement gratuite. Sont \u00e9ligibles les films r\u00e9gionaux, nationaux et internationaux termin\u00e9s entre septembre 2019 et novembre 2020. Le Festival comprend les sections comp\u00e9titives suivantes : Comp\u00e9tition longs-m\u00e9trages de fiction\u00a0:\u00a0inscriptions jusqu\u2019au 30 septembre 2020 Comp\u00e9tition courts-m\u00e9trages :\u00a0inscriptions jusqu\u2019au &hellip;\" \/>\n<meta property=\"og:url\" content=\"https:\/\/welovecinema.be\/fr\/appel-a-films-pour-le-5e-festival-international-du-film-de-comedie-de-liege\/\" \/>\n<meta property=\"og:site_name\" content=\"We Love Cinema\" \/>\n<meta property=\"article:publisher\" content=\"https:\/\/www.facebook.com\/welovecinema.be\" \/>\n<meta property=\"article:published_time\" content=\"2020-05-07T13:31:14+00:00\" \/>\n<meta property=\"og:image\" content=\"https:\/\/welovecinema.be\/wp-content\/uploads\/sites\/2\/2020\/05\/5fa5a5225db0056c06c029611d79e1b1-1570459946.jpg\" \/>\n\t<meta property=\"og:image:width\" content=\"1248\" \/>\n\t<meta property=\"og:image:height\" content=\"702\" \/>\n\t<meta property=\"og:image:type\" content=\"image\/jpeg\" \/>\n<meta name=\"author\" content=\"Aurore Engelen\" \/>\n<meta name=\"twitter:card\" content=\"summary_large_image\" \/>\n<meta name=\"twitter:label1\" content=\"\u00c9crit par\" \/>\n\t<meta name=\"twitter:data1\" content=\"Aurore Engelen\" \/>\n\t<meta name=\"twitter:label2\" content=\"Dur\u00e9e de lecture estim\u00e9e\" \/>\n\t<meta name=\"twitter:data2\" content=\"1 minute\" \/>\n<script type=\"application\/ld+json\" class=\"yoast-schema-graph\">{\"@context\":\"https:\/\/schema.org\",\"@graph\":[{\"@type\":\"Article\",\"@id\":\"https:\/\/welovecinema.be\/fr\/appel-a-films-pour-le-5e-festival-international-du-film-de-comedie-de-liege\/#article\",\"isPartOf\":{\"@id\":\"https:\/\/welovecinema.be\/fr\/appel-a-films-pour-le-5e-festival-international-du-film-de-comedie-de-liege\/\"},\"author\":{\"name\":\"Aurore Engelen\",\"@id\":\"https:\/\/welovecinema.be\/nl\/#\/schema\/person\/8084b68c6b176142d073695c654dc7cf\"},\"headline\":\"Appel \u00e0 films pour le 5e Festival International du Film de Com\u00e9die de Li\u00e8ge\",\"datePublished\":\"2020-05-07T13:31:14+00:00\",\"dateModified\":\"2020-05-07T13:31:14+00:00\",\"mainEntityOfPage\":{\"@id\":\"https:\/\/welovecinema.be\/fr\/appel-a-films-pour-le-5e-festival-international-du-film-de-comedie-de-liege\/\"},\"wordCount\":136,\"publisher\":{\"@id\":\"https:\/\/welovecinema.be\/nl\/#organization\"},\"articleSection\":[\"En bref\"],\"inLanguage\":\"fr-FR\"},{\"@type\":\"WebPage\",\"@id\":\"https:\/\/welovecinema.be\/fr\/appel-a-films-pour-le-5e-festival-international-du-film-de-comedie-de-liege\/\",\"url\":\"https:\/\/welovecinema.be\/fr\/appel-a-films-pour-le-5e-festival-international-du-film-de-comedie-de-liege\/\",\"name\":\"Appel \u00e0 films pour le 5e Festival International du Film de Com\u00e9die de Li\u00e8ge - We Love Cinema\",\"isPartOf\":{\"@id\":\"https:\/\/welovecinema.be\/nl\/#website\"},\"datePublished\":\"2020-05-07T13:31:14+00:00\",\"dateModified\":\"2020-05-07T13:31:14+00:00\",\"breadcrumb\":{\"@id\":\"https:\/\/welovecinema.be\/fr\/appel-a-films-pour-le-5e-festival-international-du-film-de-comedie-de-liege\/#breadcrumb\"},\"inLanguage\":\"fr-FR\",\"potentialAction\":[{\"@type\":\"ReadAction\",\"target\":[\"https:\/\/welovecinema.be\/fr\/appel-a-films-pour-le-5e-festival-international-du-film-de-comedie-de-liege\/\"]}]},{\"@type\":\"BreadcrumbList\",\"@id\":\"https:\/\/welovecinema.be\/fr\/appel-a-films-pour-le-5e-festival-international-du-film-de-comedie-de-liege\/#breadcrumb\",\"itemListElement\":[{\"@type\":\"ListItem\",\"position\":1,\"name\":\"Accueil\",\"item\":\"https:\/\/welovecinema.be\/fr\/\"},{\"@type\":\"ListItem\",\"position\":2,\"name\":\"Appel \u00e0 films pour le 5e Festival International du Film de Com\u00e9die de Li\u00e8ge\"}]},{\"@type\":\"WebSite\",\"@id\":\"https:\/\/welovecinema.be\/nl\/#website\",\"url\":\"https:\/\/welovecinema.be\/nl\/\",\"name\":\"We Love Cinema\",\"description\":\"Toute l\u2019information du cin\u00e9ma en Belgique\",\"publisher\":{\"@id\":\"https:\/\/welovecinema.be\/nl\/#organization\"},\"potentialAction\":[{\"@type\":\"SearchAction\",\"target\":{\"@type\":\"EntryPoint\",\"urlTemplate\":\"https:\/\/welovecinema.be\/nl\/?s={search_term_string}\"},\"query-input\":\"required name=search_term_string\"}],\"inLanguage\":\"fr-FR\"},{\"@type\":\"Organization\",\"@id\":\"https:\/\/welovecinema.be\/nl\/#organization\",\"name\":\"We Love Cinema\",\"url\":\"https:\/\/welovecinema.be\/nl\/\",\"logo\":{\"@type\":\"ImageObject\",\"inLanguage\":\"fr-FR\",\"@id\":\"https:\/\/welovecinema.be\/nl\/#\/schema\/logo\/image\/\",\"url\":\"https:\/\/welovecinema.be\/wp-content\/uploads\/sites\/2\/2023\/03\/Logo-We-Love-Cinema305x128.jpg\",\"contentUrl\":\"https:\/\/welovecinema.be\/wp-content\/uploads\/sites\/2\/2023\/03\/Logo-We-Love-Cinema305x128.jpg\",\"width\":305,\"height\":128,\"caption\":\"We Love Cinema\"},\"image\":{\"@id\":\"https:\/\/welovecinema.be\/nl\/#\/schema\/logo\/image\/\"},\"sameAs\":[\"https:\/\/www.facebook.com\/welovecinema.be\",\"https:\/\/www.youtube.com\/channel\/UCX5LYGVhnKvYauW4Nta4HJA\",\"https:\/\/www.instagram.com\/welovecinema.be\/\"]},{\"@type\":\"Person\",\"@id\":\"https:\/\/welovecinema.be\/nl\/#\/schema\/person\/8084b68c6b176142d073695c654dc7cf\",\"name\":\"Aurore Engelen\",\"url\":\"https:\/\/welovecinema.be\/fr\/author\/aurore-engelen\/\"}]}<\/script>\n<!-- \/ Yoast SEO plugin. -->","yoast_head_json":{"title":"Appel \u00e0 films pour le 5e Festival International du Film de Com\u00e9die de Li\u00e8ge - We Love Cinema","robots":{"index":"index","follow":"follow","max-snippet":"max-snippet:-1","max-image-preview":"max-image-preview:large","max-video-preview":"max-video-preview:-1"},"canonical":"https:\/\/welovecinema.be\/fr\/appel-a-films-pour-le-5e-festival-international-du-film-de-comedie-de-liege\/","og_locale":"fr_FR","og_type":"article","og_title":"Appel \u00e0 films pour le 5e Festival International du Film de Com\u00e9die de Li\u00e8ge - We Love Cinema","og_description":"Les inscriptions aux comp\u00e9titions du 5e Festival International du Film de Com\u00e9die de Li\u00e8ge sont ouvertes. L\u2019inscription est enti\u00e8rement gratuite. Sont \u00e9ligibles les films r\u00e9gionaux, nationaux et internationaux termin\u00e9s entre septembre 2019 et novembre 2020. Le Festival comprend les sections comp\u00e9titives suivantes : Comp\u00e9tition longs-m\u00e9trages de fiction\u00a0:\u00a0inscriptions jusqu\u2019au 30 septembre 2020 Comp\u00e9tition courts-m\u00e9trages :\u00a0inscriptions jusqu\u2019au &hellip;","og_url":"https:\/\/welovecinema.be\/fr\/appel-a-films-pour-le-5e-festival-international-du-film-de-comedie-de-liege\/","og_site_name":"We Love Cinema","article_publisher":"https:\/\/www.facebook.com\/welovecinema.be","article_published_time":"2020-05-07T13:31:14+00:00","og_image":[{"width":1248,"height":702,"url":"https:\/\/welovecinema.be\/wp-content\/uploads\/sites\/2\/2020\/05\/5fa5a5225db0056c06c029611d79e1b1-1570459946.jpg","type":"image\/jpeg"}],"author":"Aurore Engelen","twitter_card":"summary_large_image","twitter_misc":{"\u00c9crit par":"Aurore Engelen","Dur\u00e9e de lecture estim\u00e9e":"1 minute"},"schema":{"@context":"https:\/\/schema.org","@graph":[{"@type":"Article","@id":"https:\/\/welovecinema.be\/fr\/appel-a-films-pour-le-5e-festival-international-du-film-de-comedie-de-liege\/#article","isPartOf":{"@id":"https:\/\/welovecinema.be\/fr\/appel-a-films-pour-le-5e-festival-international-du-film-de-comedie-de-liege\/"},"author":{"name":"Aurore Engelen","@id":"https:\/\/welovecinema.be\/nl\/#\/schema\/person\/8084b68c6b176142d073695c654dc7cf"},"headline":"Appel \u00e0 films pour le 5e Festival International du Film de Com\u00e9die de Li\u00e8ge","datePublished":"2020-05-07T13:31:14+00:00","dateModified":"2020-05-07T13:31:14+00:00","mainEntityOfPage":{"@id":"https:\/\/welovecinema.be\/fr\/appel-a-films-pour-le-5e-festival-international-du-film-de-comedie-de-liege\/"},"wordCount":136,"publisher":{"@id":"https:\/\/welovecinema.be\/nl\/#organization"},"articleSection":["En bref"],"inLanguage":"fr-FR"},{"@type":"WebPage","@id":"https:\/\/welovecinema.be\/fr\/appel-a-films-pour-le-5e-festival-international-du-film-de-comedie-de-liege\/","url":"https:\/\/welovecinema.be\/fr\/appel-a-films-pour-le-5e-festival-international-du-film-de-comedie-de-liege\/","name":"Appel \u00e0 films pour le 5e Festival International du Film de Com\u00e9die de Li\u00e8ge - We Love Cinema","isPartOf":{"@id":"https:\/\/welovecinema.be\/nl\/#website"},"datePublished":"2020-05-07T13:31:14+00:00","dateModified":"2020-05-07T13:31:14+00:00","breadcrumb":{"@id":"https:\/\/welovecinema.be\/fr\/appel-a-films-pour-le-5e-festival-international-du-film-de-comedie-de-liege\/#breadcrumb"},"inLanguage":"fr-FR","potentialAction":[{"@type":"ReadAction","target":["https:\/\/welovecinema.be\/fr\/appel-a-films-pour-le-5e-festival-international-du-film-de-comedie-de-liege\/"]}]},{"@type":"BreadcrumbList","@id":"https:\/\/welovecinema.be\/fr\/appel-a-films-pour-le-5e-festival-international-du-film-de-comedie-de-liege\/#breadcrumb","itemListElement":[{"@type":"ListItem","position":1,"name":"Accueil","item":"https:\/\/welovecinema.be\/fr\/"},{"@type":"ListItem","position":2,"name":"Appel \u00e0 films pour le 5e Festival International du Film de Com\u00e9die de Li\u00e8ge"}]},{"@type":"WebSite","@id":"https:\/\/welovecinema.be\/nl\/#website","url":"https:\/\/welovecinema.be\/nl\/","name":"We Love Cinema","description":"Toute l\u2019information du cin\u00e9ma en Belgique","publisher":{"@id":"https:\/\/welovecinema.be\/nl\/#organization"},"potentialAction":[{"@type":"SearchAction","target":{"@type":"EntryPoint","urlTemplate":"https:\/\/welovecinema.be\/nl\/?s={search_term_string}"},"query-input":"required name=search_term_string"}],"inLanguage":"fr-FR"},{"@type":"Organization","@id":"https:\/\/welovecinema.be\/nl\/#organization","name":"We Love Cinema","url":"https:\/\/welovecinema.be\/nl\/","logo":{"@type":"ImageObject","inLanguage":"fr-FR","@id":"https:\/\/welovecinema.be\/nl\/#\/schema\/logo\/image\/","url":"https:\/\/welovecinema.be\/wp-content\/uploads\/sites\/2\/2023\/03\/Logo-We-Love-Cinema305x128.jpg","contentUrl":"https:\/\/welovecinema.be\/wp-content\/uploads\/sites\/2\/2023\/03\/Logo-We-Love-Cinema305x128.jpg","width":305,"height":128,"caption":"We Love Cinema"},"image":{"@id":"https:\/\/welovecinema.be\/nl\/#\/schema\/logo\/image\/"},"sameAs":["https:\/\/www.facebook.com\/welovecinema.be","https:\/\/www.youtube.com\/channel\/UCX5LYGVhnKvYauW4Nta4HJA","https:\/\/www.instagram.com\/welovecinema.be\/"]},{"@type":"Person","@id":"https:\/\/welovecinema.be\/nl\/#\/schema\/person\/8084b68c6b176142d073695c654dc7cf","name":"Aurore Engelen","url":"https:\/\/welovecinema.be\/fr\/author\/aurore-engelen\/"}]}},"_links":{"self":[{"href":"https:\/\/welovecinema.be\/fr\/wp-json\/wp\/v2\/posts\/228578","targetHints":{"allow":["GET"]}}],"collection":[{"href":"https:\/\/welovecinema.be\/fr\/wp-json\/wp\/v2\/posts"}],"about":[{"href":"https:\/\/welovecinema.be\/fr\/wp-json\/wp\/v2\/types\/post"}],"author":[{"embeddable":true,"href":"https:\/\/welovecinema.be\/fr\/wp-json\/wp\/v2\/users\/343"}],"replies":[{"embeddable":true,"href":"https:\/\/welovecinema.be\/fr\/wp-json\/wp\/v2\/comments?post=228578"}],"version-history":[{"count":0,"href":"https:\/\/welovecinema.be\/fr\/wp-json\/wp\/v2\/posts\/228578\/revisions"}],"wp:featuredmedia":[{"embeddable":true,"href":"https:\/\/welovecinema.be\/fr\/wp-json\/wp\/v2\/media\/228579"}],"wp:attachment":[{"href":"https:\/\/welovecinema.be\/fr\/wp-json\/wp\/v2\/media?parent=228578"}],"wp:term":[{"taxonomy":"category","embeddable":true,"href":"https:\/\/welovecinema.be\/fr\/wp-json\/wp\/v2\/categories?post=228578"},{"taxonomy":"post_tag","embeddable":true,"href":"https:\/\/welovecinema.be\/fr\/wp-json\/wp\/v2\/tags?post=228578"}],"curies":[{"name":"wp","href":"https:\/\/api.w.org\/{rel}","templated":true}]}}