{"id":228035,"date":"2020-04-11T10:22:13","date_gmt":"2020-04-11T08:22:13","guid":{"rendered":"https:\/\/www.cinevox.be\/?p=228035"},"modified":"2020-04-11T10:22:13","modified_gmt":"2020-04-11T08:22:13","slug":"et-vous-aurelien-caeyman-vous-faites-quoi-pendant-le-confinement","status":"publish","type":"post","link":"https:\/\/welovecinema.be\/fr\/et-vous-aurelien-caeyman-vous-faites-quoi-pendant-le-confinement\/","title":{"rendered":"Et vous Aur\u00e9lien Caeyman, vous faites quoi pendant le confinement?"},"content":{"rendered":"<p><strong>On a demand\u00e9 \u00e0 Aur\u00e9lien Caeyman, jeune com\u00e9dien d\u00e9couvert par beaucoup dans la saison 2 de <em>La Tr\u00eave<\/em>, dont il \u00e9tait le h\u00e9ros, actuellement \u00e0 l&rsquo;affiche de la s\u00e9rie fran\u00e7aise Netflix <em>Vampires<\/em>, ce qu&rsquo;il faisait pendant\u00a0 le confinement&#8230;<\/strong><\/p>\n<p class=\"p1\"><span class=\"s1\">Le confinement pour un jeune adulte sans enfants c&rsquo;est un peu comme une p\u00e9riode de ch\u00f4mage en plein hiver non? Une sorte de libert\u00e9 forc\u00e9e qui a un fort arri\u00e8re go\u00fbt de manque de moyens, de privation de droits, mais une libert\u00e9 quand m\u00eame\u2026 Alors on prend son mal en patience, il est l\u00e0 ce temps, en perspective il n&rsquo;y a que lui d&rsquo;ailleurs et pour ne pas le voir on regarde de moins en moins le t\u00e9l\u00e9phone, vous avez remarqu\u00e9? <\/span><\/p>\n<p class=\"p1\"><span class=\"s1\">Nous (car nous sommes deux) on vient d&rsquo;entamer la seconde saison de <em>Twin Peaks<\/em>, la premi\u00e8re nous a bien pris une semaine parce qu&rsquo;on \u00e9tait fort occup\u00e9s \u00e0 ne rien faire, \u00e0 se coucher dans ce coin de soleil qui apparait de 14h30 \u00e0 16H00 sur le sol de l&rsquo;appartement, \u00e0 espionner nos voisins, \u00e0 cuisiner, ap\u00e9roter, se laisser aller, se reprendre, voyager en paroles, en souvenirs, en projets, en chansons! On a karaok\u00e9 et puis on est rest\u00e9s en silence, impr\u00e9gn\u00e9s de th\u00e9 vert et de friandises, on a repeint l&rsquo;armoire parce qu&rsquo;on avait d\u00e9j\u00e0 de la peinture, la chance! On a pris pour nous les espaces vides des rues de Bruxelles, grappill\u00e9 son soleil nouveau et son air qui a un parfum de campagne en ce moment. On s&rsquo;est frit\u00e9s puis on s&rsquo;est sauc\u00e9s, on s&rsquo;est enroul\u00e9s et d\u00e9roul\u00e9s, elle est partie chercher du pain et on s&rsquo;est manqu\u00e9s alors on a fait une f\u00eate \u00e0 son retour. <\/span><\/p>\n<p class=\"p1\"><span class=\"s1\">Parfois seul dans le salon, le sommeil qui ne vient pas ou r\u00e9veill\u00e9 \u00e0 l&rsquo;aube j&rsquo;ai jou\u00e9 au backgammon en ligne, comme avant j&rsquo;ai zapp\u00e9 les vid\u00e9os Youtube avec dans l&rsquo;estomac une clope froide, comme \u00e0 cette \u00e9poque o\u00f9 clo\u00eetr\u00e9 par l&rsquo;hiver j&rsquo;attendais un signe de l&rsquo;Onem, cette b\u00eate noire. Depuis plusieurs semaines \u00e0 pr\u00e9sent, autant le dire comme \u00e7a je me sens assis dans mon confort et ce sont presque des vacances, une m\u00e9ditation, ce confort \u00e9tait l\u00e0 mais je ne l&rsquo;avais pas vu et \u00e0 pr\u00e9sent j&rsquo;en profite, <em>Antigone<\/em> de Henri Bauchau traine entrouvert sur la table du salon et je prends le luxe de le laisser m\u00fbrir en regardant le ciel, en souriant m\u00eame de cette ironie qui fait que personne ne semble avoir besoin d&rsquo;un acteur et qu&rsquo;au fond j&rsquo;en suis heureux, pour le moment, je fais une pause l\u00e0 o\u00f9 le mot vacances avait perdu son sens, pas de cong\u00e9s pour les saltimbanques.<\/span><\/p>\n<p class=\"p1\"><span class=\"s1\">Quand elle s&rsquo;en va pour aller soigner les r\u00e9sidentes du centre pour handicap\u00e9s je me dis qu&rsquo;elle a un sacr\u00e9 cran d&rsquo;aller bosser dans cette ambiance de coton empoisonn\u00e9, de quitter notre cocon. Je prends peur et je mets le chauffage \u00e0 fond, \u00e0 la radio Musiq3 et pour me rassurer encore je pense \u00e0 nos chances, \u00e0 ceux qui ne les ont pas, pas de bons bouquins, pas de bons tuyaux cin\u00e9ma, \u00e0 la place un trou dans le compte, un conjoint qui te bat, des parents qui t&rsquo;engueulent, un proche qui se meurt, un autre qui te manque, une solitude qui te plombe, une angoisse qui te ronge&#8230; Je pense \u00e0 la \u00ab\u00a0lib\u00e9ration\u00a0\u00bb (ils ont bien employ\u00e9 le mot \u00ab\u00a0guerre\u00a0\u00bb), aux squelettes qu&rsquo;on trouvera dans les placards, sous les tapis, aux victimes collat\u00e9rales et \u00e0 mes potes qui en tant de guerre comme en tant normal se battent non contre le virus mais pour des droits auxquels ils ont droit, et qu&rsquo;on ne leur donne pas. J&rsquo;y pense et \u00e7a m&rsquo;angoisse, \u00e7a me met en rage, quand c&rsquo;est trop ma recette n&rsquo;a rien d&rsquo;original : Internet,<span class=\"Apple-converted-space\">\u00a0 <\/span><em>South-Park<\/em>, Prosecco. Quelle chance\u2026<\/span><\/p>\n","protected":false},"excerpt":{"rendered":"<p>On a demand\u00e9 \u00e0 Aur\u00e9lien Caeyman, jeune com\u00e9dien d\u00e9couvert par beaucoup dans la saison 2 de La Tr\u00eave, dont il \u00e9tait le h\u00e9ros, actuellement \u00e0 l&rsquo;affiche de la s\u00e9rie fran\u00e7aise Netflix Vampires, ce qu&rsquo;il faisait pendant\u00a0 le confinement&#8230; Le confinement pour un jeune adulte sans enfants c&rsquo;est un peu comme une p\u00e9riode de ch\u00f4mage en &hellip;<\/p>\n","protected":false},"author":343,"featured_media":228036,"comment_status":"closed","ping_status":"closed","sticky":false,"template":"","format":"standard","meta":{"ngg_post_thumbnail":0,"footnotes":""},"categories":[1978],"tags":[4019,4187],"class_list":["post-228035","post","type-post","status-publish","format-standard","has-post-thumbnail","","category-interviews","tag-aurelien-caeyman","tag-newsletter-fr"],"yoast_head":"<!-- This site is optimized with the Yoast SEO plugin v20.4 - https:\/\/yoast.com\/wordpress\/plugins\/seo\/ -->\n<title>Et vous Aur\u00e9lien Caeyman, vous faites quoi pendant le confinement? - We Love Cinema<\/title>\n<meta name=\"robots\" content=\"index, follow, max-snippet:-1, max-image-preview:large, max-video-preview:-1\" \/>\n<link rel=\"canonical\" href=\"https:\/\/welovecinema.be\/fr\/et-vous-aurelien-caeyman-vous-faites-quoi-pendant-le-confinement\/\" \/>\n<meta property=\"og:locale\" content=\"fr_FR\" \/>\n<meta property=\"og:type\" content=\"article\" \/>\n<meta property=\"og:title\" content=\"Et vous Aur\u00e9lien Caeyman, vous faites quoi pendant le confinement? - We Love Cinema\" \/>\n<meta property=\"og:description\" content=\"On a demand\u00e9 \u00e0 Aur\u00e9lien Caeyman, jeune com\u00e9dien d\u00e9couvert par beaucoup dans la saison 2 de La Tr\u00eave, dont il \u00e9tait le h\u00e9ros, actuellement \u00e0 l&rsquo;affiche de la s\u00e9rie fran\u00e7aise Netflix Vampires, ce qu&rsquo;il faisait pendant\u00a0 le confinement&#8230; Le confinement pour un jeune adulte sans enfants c&rsquo;est un peu comme une p\u00e9riode de ch\u00f4mage en &hellip;\" \/>\n<meta property=\"og:url\" content=\"https:\/\/welovecinema.be\/fr\/et-vous-aurelien-caeyman-vous-faites-quoi-pendant-le-confinement\/\" \/>\n<meta property=\"og:site_name\" content=\"We Love Cinema\" \/>\n<meta property=\"article:publisher\" content=\"https:\/\/www.facebook.com\/welovecinema.be\" \/>\n<meta property=\"article:published_time\" content=\"2020-04-11T08:22:13+00:00\" \/>\n<meta property=\"og:image\" content=\"https:\/\/welovecinema.be\/wp-content\/uploads\/sites\/2\/2020\/04\/Selfie-Aurelien-Caeyman-OK.jpg\" \/>\n\t<meta property=\"og:image:width\" content=\"1200\" \/>\n\t<meta property=\"og:image:height\" content=\"658\" \/>\n\t<meta property=\"og:image:type\" content=\"image\/jpeg\" \/>\n<meta name=\"author\" content=\"Aurore Engelen\" \/>\n<meta name=\"twitter:card\" content=\"summary_large_image\" \/>\n<meta name=\"twitter:label1\" content=\"\u00c9crit par\" \/>\n\t<meta name=\"twitter:data1\" content=\"Aurore Engelen\" \/>\n\t<meta name=\"twitter:label2\" content=\"Dur\u00e9e de lecture estim\u00e9e\" \/>\n\t<meta name=\"twitter:data2\" content=\"3 minutes\" \/>\n<script type=\"application\/ld+json\" class=\"yoast-schema-graph\">{\"@context\":\"https:\/\/schema.org\",\"@graph\":[{\"@type\":\"Article\",\"@id\":\"https:\/\/welovecinema.be\/fr\/et-vous-aurelien-caeyman-vous-faites-quoi-pendant-le-confinement\/#article\",\"isPartOf\":{\"@id\":\"https:\/\/welovecinema.be\/fr\/et-vous-aurelien-caeyman-vous-faites-quoi-pendant-le-confinement\/\"},\"author\":{\"name\":\"Aurore Engelen\",\"@id\":\"https:\/\/welovecinema.be\/nl\/#\/schema\/person\/8084b68c6b176142d073695c654dc7cf\"},\"headline\":\"Et vous Aur\u00e9lien Caeyman, vous faites quoi pendant le confinement?\",\"datePublished\":\"2020-04-11T08:22:13+00:00\",\"dateModified\":\"2020-04-11T08:22:13+00:00\",\"mainEntityOfPage\":{\"@id\":\"https:\/\/welovecinema.be\/fr\/et-vous-aurelien-caeyman-vous-faites-quoi-pendant-le-confinement\/\"},\"wordCount\":700,\"publisher\":{\"@id\":\"https:\/\/welovecinema.be\/nl\/#organization\"},\"keywords\":[\"Aur\u00e9lien Caeyman\",\"newsletter\"],\"articleSection\":[\"Rencontres\"],\"inLanguage\":\"fr-FR\"},{\"@type\":\"WebPage\",\"@id\":\"https:\/\/welovecinema.be\/fr\/et-vous-aurelien-caeyman-vous-faites-quoi-pendant-le-confinement\/\",\"url\":\"https:\/\/welovecinema.be\/fr\/et-vous-aurelien-caeyman-vous-faites-quoi-pendant-le-confinement\/\",\"name\":\"Et vous Aur\u00e9lien Caeyman, vous faites quoi pendant le confinement? - We Love Cinema\",\"isPartOf\":{\"@id\":\"https:\/\/welovecinema.be\/nl\/#website\"},\"datePublished\":\"2020-04-11T08:22:13+00:00\",\"dateModified\":\"2020-04-11T08:22:13+00:00\",\"breadcrumb\":{\"@id\":\"https:\/\/welovecinema.be\/fr\/et-vous-aurelien-caeyman-vous-faites-quoi-pendant-le-confinement\/#breadcrumb\"},\"inLanguage\":\"fr-FR\",\"potentialAction\":[{\"@type\":\"ReadAction\",\"target\":[\"https:\/\/welovecinema.be\/fr\/et-vous-aurelien-caeyman-vous-faites-quoi-pendant-le-confinement\/\"]}]},{\"@type\":\"BreadcrumbList\",\"@id\":\"https:\/\/welovecinema.be\/fr\/et-vous-aurelien-caeyman-vous-faites-quoi-pendant-le-confinement\/#breadcrumb\",\"itemListElement\":[{\"@type\":\"ListItem\",\"position\":1,\"name\":\"Accueil\",\"item\":\"https:\/\/welovecinema.be\/fr\/\"},{\"@type\":\"ListItem\",\"position\":2,\"name\":\"Et vous Aur\u00e9lien Caeyman, vous faites quoi pendant le confinement?\"}]},{\"@type\":\"WebSite\",\"@id\":\"https:\/\/welovecinema.be\/nl\/#website\",\"url\":\"https:\/\/welovecinema.be\/nl\/\",\"name\":\"We Love Cinema\",\"description\":\"Toute l\u2019information du cin\u00e9ma en Belgique\",\"publisher\":{\"@id\":\"https:\/\/welovecinema.be\/nl\/#organization\"},\"potentialAction\":[{\"@type\":\"SearchAction\",\"target\":{\"@type\":\"EntryPoint\",\"urlTemplate\":\"https:\/\/welovecinema.be\/nl\/?s={search_term_string}\"},\"query-input\":\"required name=search_term_string\"}],\"inLanguage\":\"fr-FR\"},{\"@type\":\"Organization\",\"@id\":\"https:\/\/welovecinema.be\/nl\/#organization\",\"name\":\"We Love Cinema\",\"url\":\"https:\/\/welovecinema.be\/nl\/\",\"logo\":{\"@type\":\"ImageObject\",\"inLanguage\":\"fr-FR\",\"@id\":\"https:\/\/welovecinema.be\/nl\/#\/schema\/logo\/image\/\",\"url\":\"https:\/\/welovecinema.be\/wp-content\/uploads\/sites\/2\/2023\/03\/Logo-We-Love-Cinema305x128.jpg\",\"contentUrl\":\"https:\/\/welovecinema.be\/wp-content\/uploads\/sites\/2\/2023\/03\/Logo-We-Love-Cinema305x128.jpg\",\"width\":305,\"height\":128,\"caption\":\"We Love Cinema\"},\"image\":{\"@id\":\"https:\/\/welovecinema.be\/nl\/#\/schema\/logo\/image\/\"},\"sameAs\":[\"https:\/\/www.facebook.com\/welovecinema.be\",\"https:\/\/www.youtube.com\/channel\/UCX5LYGVhnKvYauW4Nta4HJA\",\"https:\/\/www.instagram.com\/welovecinema.be\/\"]},{\"@type\":\"Person\",\"@id\":\"https:\/\/welovecinema.be\/nl\/#\/schema\/person\/8084b68c6b176142d073695c654dc7cf\",\"name\":\"Aurore Engelen\",\"url\":\"https:\/\/welovecinema.be\/fr\/author\/aurore-engelen\/\"}]}<\/script>\n<!-- \/ Yoast SEO plugin. -->","yoast_head_json":{"title":"Et vous Aur\u00e9lien Caeyman, vous faites quoi pendant le confinement? - We Love Cinema","robots":{"index":"index","follow":"follow","max-snippet":"max-snippet:-1","max-image-preview":"max-image-preview:large","max-video-preview":"max-video-preview:-1"},"canonical":"https:\/\/welovecinema.be\/fr\/et-vous-aurelien-caeyman-vous-faites-quoi-pendant-le-confinement\/","og_locale":"fr_FR","og_type":"article","og_title":"Et vous Aur\u00e9lien Caeyman, vous faites quoi pendant le confinement? - We Love Cinema","og_description":"On a demand\u00e9 \u00e0 Aur\u00e9lien Caeyman, jeune com\u00e9dien d\u00e9couvert par beaucoup dans la saison 2 de La Tr\u00eave, dont il \u00e9tait le h\u00e9ros, actuellement \u00e0 l&rsquo;affiche de la s\u00e9rie fran\u00e7aise Netflix Vampires, ce qu&rsquo;il faisait pendant\u00a0 le confinement&#8230; Le confinement pour un jeune adulte sans enfants c&rsquo;est un peu comme une p\u00e9riode de ch\u00f4mage en &hellip;","og_url":"https:\/\/welovecinema.be\/fr\/et-vous-aurelien-caeyman-vous-faites-quoi-pendant-le-confinement\/","og_site_name":"We Love Cinema","article_publisher":"https:\/\/www.facebook.com\/welovecinema.be","article_published_time":"2020-04-11T08:22:13+00:00","og_image":[{"width":1200,"height":658,"url":"https:\/\/welovecinema.be\/wp-content\/uploads\/sites\/2\/2020\/04\/Selfie-Aurelien-Caeyman-OK.jpg","type":"image\/jpeg"}],"author":"Aurore Engelen","twitter_card":"summary_large_image","twitter_misc":{"\u00c9crit par":"Aurore Engelen","Dur\u00e9e de lecture estim\u00e9e":"3 minutes"},"schema":{"@context":"https:\/\/schema.org","@graph":[{"@type":"Article","@id":"https:\/\/welovecinema.be\/fr\/et-vous-aurelien-caeyman-vous-faites-quoi-pendant-le-confinement\/#article","isPartOf":{"@id":"https:\/\/welovecinema.be\/fr\/et-vous-aurelien-caeyman-vous-faites-quoi-pendant-le-confinement\/"},"author":{"name":"Aurore Engelen","@id":"https:\/\/welovecinema.be\/nl\/#\/schema\/person\/8084b68c6b176142d073695c654dc7cf"},"headline":"Et vous Aur\u00e9lien Caeyman, vous faites quoi pendant le confinement?","datePublished":"2020-04-11T08:22:13+00:00","dateModified":"2020-04-11T08:22:13+00:00","mainEntityOfPage":{"@id":"https:\/\/welovecinema.be\/fr\/et-vous-aurelien-caeyman-vous-faites-quoi-pendant-le-confinement\/"},"wordCount":700,"publisher":{"@id":"https:\/\/welovecinema.be\/nl\/#organization"},"keywords":["Aur\u00e9lien Caeyman","newsletter"],"articleSection":["Rencontres"],"inLanguage":"fr-FR"},{"@type":"WebPage","@id":"https:\/\/welovecinema.be\/fr\/et-vous-aurelien-caeyman-vous-faites-quoi-pendant-le-confinement\/","url":"https:\/\/welovecinema.be\/fr\/et-vous-aurelien-caeyman-vous-faites-quoi-pendant-le-confinement\/","name":"Et vous Aur\u00e9lien Caeyman, vous faites quoi pendant le confinement? - We Love Cinema","isPartOf":{"@id":"https:\/\/welovecinema.be\/nl\/#website"},"datePublished":"2020-04-11T08:22:13+00:00","dateModified":"2020-04-11T08:22:13+00:00","breadcrumb":{"@id":"https:\/\/welovecinema.be\/fr\/et-vous-aurelien-caeyman-vous-faites-quoi-pendant-le-confinement\/#breadcrumb"},"inLanguage":"fr-FR","potentialAction":[{"@type":"ReadAction","target":["https:\/\/welovecinema.be\/fr\/et-vous-aurelien-caeyman-vous-faites-quoi-pendant-le-confinement\/"]}]},{"@type":"BreadcrumbList","@id":"https:\/\/welovecinema.be\/fr\/et-vous-aurelien-caeyman-vous-faites-quoi-pendant-le-confinement\/#breadcrumb","itemListElement":[{"@type":"ListItem","position":1,"name":"Accueil","item":"https:\/\/welovecinema.be\/fr\/"},{"@type":"ListItem","position":2,"name":"Et vous Aur\u00e9lien Caeyman, vous faites quoi pendant le confinement?"}]},{"@type":"WebSite","@id":"https:\/\/welovecinema.be\/nl\/#website","url":"https:\/\/welovecinema.be\/nl\/","name":"We Love Cinema","description":"Toute l\u2019information du cin\u00e9ma en Belgique","publisher":{"@id":"https:\/\/welovecinema.be\/nl\/#organization"},"potentialAction":[{"@type":"SearchAction","target":{"@type":"EntryPoint","urlTemplate":"https:\/\/welovecinema.be\/nl\/?s={search_term_string}"},"query-input":"required name=search_term_string"}],"inLanguage":"fr-FR"},{"@type":"Organization","@id":"https:\/\/welovecinema.be\/nl\/#organization","name":"We Love Cinema","url":"https:\/\/welovecinema.be\/nl\/","logo":{"@type":"ImageObject","inLanguage":"fr-FR","@id":"https:\/\/welovecinema.be\/nl\/#\/schema\/logo\/image\/","url":"https:\/\/welovecinema.be\/wp-content\/uploads\/sites\/2\/2023\/03\/Logo-We-Love-Cinema305x128.jpg","contentUrl":"https:\/\/welovecinema.be\/wp-content\/uploads\/sites\/2\/2023\/03\/Logo-We-Love-Cinema305x128.jpg","width":305,"height":128,"caption":"We Love Cinema"},"image":{"@id":"https:\/\/welovecinema.be\/nl\/#\/schema\/logo\/image\/"},"sameAs":["https:\/\/www.facebook.com\/welovecinema.be","https:\/\/www.youtube.com\/channel\/UCX5LYGVhnKvYauW4Nta4HJA","https:\/\/www.instagram.com\/welovecinema.be\/"]},{"@type":"Person","@id":"https:\/\/welovecinema.be\/nl\/#\/schema\/person\/8084b68c6b176142d073695c654dc7cf","name":"Aurore Engelen","url":"https:\/\/welovecinema.be\/fr\/author\/aurore-engelen\/"}]}},"_links":{"self":[{"href":"https:\/\/welovecinema.be\/fr\/wp-json\/wp\/v2\/posts\/228035","targetHints":{"allow":["GET"]}}],"collection":[{"href":"https:\/\/welovecinema.be\/fr\/wp-json\/wp\/v2\/posts"}],"about":[{"href":"https:\/\/welovecinema.be\/fr\/wp-json\/wp\/v2\/types\/post"}],"author":[{"embeddable":true,"href":"https:\/\/welovecinema.be\/fr\/wp-json\/wp\/v2\/users\/343"}],"replies":[{"embeddable":true,"href":"https:\/\/welovecinema.be\/fr\/wp-json\/wp\/v2\/comments?post=228035"}],"version-history":[{"count":0,"href":"https:\/\/welovecinema.be\/fr\/wp-json\/wp\/v2\/posts\/228035\/revisions"}],"wp:featuredmedia":[{"embeddable":true,"href":"https:\/\/welovecinema.be\/fr\/wp-json\/wp\/v2\/media\/228036"}],"wp:attachment":[{"href":"https:\/\/welovecinema.be\/fr\/wp-json\/wp\/v2\/media?parent=228035"}],"wp:term":[{"taxonomy":"category","embeddable":true,"href":"https:\/\/welovecinema.be\/fr\/wp-json\/wp\/v2\/categories?post=228035"},{"taxonomy":"post_tag","embeddable":true,"href":"https:\/\/welovecinema.be\/fr\/wp-json\/wp\/v2\/tags?post=228035"}],"curies":[{"name":"wp","href":"https:\/\/api.w.org\/{rel}","templated":true}]}}