{"id":22798,"date":"2012-05-27T18:07:59","date_gmt":"2012-05-27T18:07:59","guid":{"rendered":"http:\/\/www.cinevox.be\/?p=22798"},"modified":"2012-05-27T19:57:26","modified_gmt":"2012-05-27T19:57:26","slug":"trois-prix-pour-les-dardenne-a-cannes","status":"publish","type":"post","link":"https:\/\/welovecinema.be\/fr\/trois-prix-pour-les-dardenne-a-cannes\/","title":{"rendered":"Trois prix pour les fr\u00e8res Dardenne \u00e0 Cannes"},"content":{"rendered":"<p>Le jury du 65e festival de Cannes a donc attribu\u00e9 sa Palme d&rsquo;or \u00e0 Michael Haneke pour son film <em>Amour<\/em>. Le Grand prix va \u00e0 <em>Reality<\/em> de Matteo Garrone.<\/p>\n<p>Le prix d&rsquo;interpr\u00e9tation f\u00e9minine revient \u00e0 Cosmina Stratan et Cristina Flutur pour <em>Au-del\u00e0 des collines <\/em>de Cristian Mungiu qui gagne aussi le prix du sc\u00e9nario, le prix d&rsquo;interpr\u00e9tation masculine \u00e0 Mads Mikkelsen (<em>La Chasse <\/em>de Thomas Vinterberg) et \u00a0le prix du jury \u00e0 <em>La part des anges<\/em> du Britannique Ken Loach.<!--more--><\/p>\n<p>&nbsp;<\/p>\n<p>&nbsp;<\/p>\n<p><a rel=\"attachment wp-att-22799\" href=\"http:\/\/www.cinevox.be\/trois-prix-pour-les-dardenne-a-cannes\/real-2\/\"><img loading=\"lazy\" decoding=\"async\" class=\"size-medium wp-image-22799 alignright\" title=\"r\u00e9al\" src=\"http:\/\/www.cinevox.be\/wp-content\/uploads\/sites\/2\/2012\/05\/r\u00e9al1-200x270.jpg\" alt=\"\" width=\"200\" height=\"270\" srcset=\"https:\/\/welovecinema.be\/wp-content\/uploads\/sites\/2\/2012\/05\/r\u00e9al1-200x270.jpg 200w, https:\/\/welovecinema.be\/wp-content\/uploads\/sites\/2\/2012\/05\/r\u00e9al1-445x600.jpg 445w\" sizes=\"auto, (max-width: 200px) 100vw, 200px\" \/><\/a>Ceux qui ont l&rsquo;\u0153il perspicace le remarqueront donc : m\u00eame s&rsquo;ils n&rsquo;avaient pas de film personnel en comp\u00e9tition, les fr\u00e8res Dardenne empochent trois r\u00e9compenses.<\/p>\n<p>H\u00e9 oui! <em>La part des anges<\/em> de <strong>Ken Loach<\/strong> et <em>Au-del\u00e0 des collines<\/em> de <strong>Cristian Mungiu <\/strong>(photo par Maryline Laurin) sont coproduits en Belgique par<em> les Films du Fleuve<\/em>.<\/p>\n<p>Leur troisi\u00e8me film en comp\u00e9tition \u00e9tait <em>De Rouille et d&rsquo;Os<\/em> qui repart finalement les mains vides. Une grosse d\u00e9ception\u00a0pour\u00a0<strong>Jacques Audiard<\/strong> qu&rsquo;on a longtemps\u00a0point\u00e9\u00a0en or et aussi pour <strong>Marion Cotillard<\/strong> et <strong>Matthias Schoenaerts,<\/strong> absolument extraordinaires, qui auraient m\u00e9rit\u00e9d&rsquo;\u00eatre prim\u00e9s. Ensemble. \u00a0Pour l&rsquo;exemple.<\/p>\n<p>&nbsp;<\/p>\n<p>Un line-up pareil, ce n&rsquo;est pas donn\u00e9 \u00e0 tout le monde.\u00a0C&rsquo;est ce qui s&rsquo;appelle avoir du nez. Ou des relations. Ou de l&rsquo;aura. Ou les trois.<\/p>\n<p>D&rsquo;autant que le succ\u00e8s d&rsquo;<strong>Emilie Dequenne <\/strong>ainsi que\u00a0les\u00a0pr\u00e9sences\u00a0de <strong>J\u00e9r\u00e9mie Renier<\/strong> et de <strong>Thomas Doret <\/strong>\u00e0 Cannes ne leur sont \u00e9videmment\u00a0pas \u00e9trang\u00e8res. Tous sont n\u00e9s avec eux.<\/p>\n<p>Bravo aux fr\u00e8res, \u00e0 Delphine et \u00e0 toute l&rsquo;\u00e9quipe.<\/p>\n<p>&nbsp;<\/p>\n","protected":false},"excerpt":{"rendered":"<p>Le jury du 65e festival de Cannes a donc attribu\u00e9 sa Palme d&rsquo;or \u00e0 Michael Haneke pour son film Amour. Le Grand prix va \u00e0 Reality de Matteo Garrone. Le prix d&rsquo;interpr\u00e9tation f\u00e9minine revient \u00e0 Cosmina Stratan et Cristina Flutur pour Au-del\u00e0 des collines de Cristian Mungiu qui gagne aussi le prix du sc\u00e9nario, le &hellip;<\/p>\n","protected":false},"author":7,"featured_media":22801,"comment_status":"closed","ping_status":"closed","sticky":false,"template":"","format":"standard","meta":{"ngg_post_thumbnail":0,"footnotes":""},"categories":[12,7],"tags":[],"class_list":["post-22798","post","type-post","status-publish","format-standard","has-post-thumbnail","","category-awards","category-actualites"],"yoast_head":"<!-- This site is optimized with the Yoast SEO plugin v20.4 - https:\/\/yoast.com\/wordpress\/plugins\/seo\/ -->\n<title>Trois prix pour les fr\u00e8res Dardenne \u00e0 Cannes - We Love Cinema<\/title>\n<meta name=\"robots\" content=\"index, follow, max-snippet:-1, max-image-preview:large, max-video-preview:-1\" \/>\n<link rel=\"canonical\" href=\"https:\/\/welovecinema.be\/fr\/trois-prix-pour-les-dardenne-a-cannes\/\" \/>\n<meta property=\"og:locale\" content=\"fr_FR\" \/>\n<meta property=\"og:type\" content=\"article\" \/>\n<meta property=\"og:title\" content=\"Trois prix pour les fr\u00e8res Dardenne \u00e0 Cannes - We Love Cinema\" \/>\n<meta property=\"og:description\" content=\"Le jury du 65e festival de Cannes a donc attribu\u00e9 sa Palme d&rsquo;or \u00e0 Michael Haneke pour son film Amour. Le Grand prix va \u00e0 Reality de Matteo Garrone. Le prix d&rsquo;interpr\u00e9tation f\u00e9minine revient \u00e0 Cosmina Stratan et Cristina Flutur pour Au-del\u00e0 des collines de Cristian Mungiu qui gagne aussi le prix du sc\u00e9nario, le &hellip;\" \/>\n<meta property=\"og:url\" content=\"https:\/\/welovecinema.be\/fr\/trois-prix-pour-les-dardenne-a-cannes\/\" \/>\n<meta property=\"og:site_name\" content=\"We Love Cinema\" \/>\n<meta property=\"article:publisher\" content=\"https:\/\/www.facebook.com\/welovecinema.be\" \/>\n<meta property=\"article:published_time\" content=\"2012-05-27T18:07:59+00:00\" \/>\n<meta property=\"article:modified_time\" content=\"2012-05-27T19:57:26+00:00\" \/>\n<meta property=\"og:image\" content=\"https:\/\/welovecinema.be\/wp-content\/uploads\/sites\/2\/2012\/05\/loach.jpg\" \/>\n\t<meta property=\"og:image:width\" content=\"1024\" \/>\n\t<meta property=\"og:image:height\" content=\"683\" \/>\n\t<meta property=\"og:image:type\" content=\"image\/jpeg\" \/>\n<meta name=\"author\" content=\"Philippe.Pierquin\" \/>\n<meta name=\"twitter:card\" content=\"summary_large_image\" \/>\n<meta name=\"twitter:label1\" content=\"\u00c9crit par\" \/>\n\t<meta name=\"twitter:data1\" content=\"Philippe.Pierquin\" \/>\n\t<meta name=\"twitter:label2\" content=\"Dur\u00e9e de lecture estim\u00e9e\" \/>\n\t<meta name=\"twitter:data2\" content=\"1 minute\" \/>\n<script type=\"application\/ld+json\" class=\"yoast-schema-graph\">{\"@context\":\"https:\/\/schema.org\",\"@graph\":[{\"@type\":\"Article\",\"@id\":\"https:\/\/welovecinema.be\/fr\/trois-prix-pour-les-dardenne-a-cannes\/#article\",\"isPartOf\":{\"@id\":\"https:\/\/welovecinema.be\/fr\/trois-prix-pour-les-dardenne-a-cannes\/\"},\"author\":{\"name\":\"Philippe.Pierquin\",\"@id\":\"https:\/\/welovecinema.be\/nl\/#\/schema\/person\/4b9b1d857f0943453a38a7c2859ef756\"},\"headline\":\"Trois prix pour les fr\u00e8res Dardenne \u00e0 Cannes\",\"datePublished\":\"2012-05-27T18:07:59+00:00\",\"dateModified\":\"2012-05-27T19:57:26+00:00\",\"mainEntityOfPage\":{\"@id\":\"https:\/\/welovecinema.be\/fr\/trois-prix-pour-les-dardenne-a-cannes\/\"},\"wordCount\":284,\"publisher\":{\"@id\":\"https:\/\/welovecinema.be\/nl\/#organization\"},\"articleSection\":[\"Evenements\",\"News\"],\"inLanguage\":\"fr-FR\"},{\"@type\":\"WebPage\",\"@id\":\"https:\/\/welovecinema.be\/fr\/trois-prix-pour-les-dardenne-a-cannes\/\",\"url\":\"https:\/\/welovecinema.be\/fr\/trois-prix-pour-les-dardenne-a-cannes\/\",\"name\":\"Trois prix pour les fr\u00e8res Dardenne \u00e0 Cannes - We Love Cinema\",\"isPartOf\":{\"@id\":\"https:\/\/welovecinema.be\/nl\/#website\"},\"datePublished\":\"2012-05-27T18:07:59+00:00\",\"dateModified\":\"2012-05-27T19:57:26+00:00\",\"breadcrumb\":{\"@id\":\"https:\/\/welovecinema.be\/fr\/trois-prix-pour-les-dardenne-a-cannes\/#breadcrumb\"},\"inLanguage\":\"fr-FR\",\"potentialAction\":[{\"@type\":\"ReadAction\",\"target\":[\"https:\/\/welovecinema.be\/fr\/trois-prix-pour-les-dardenne-a-cannes\/\"]}]},{\"@type\":\"BreadcrumbList\",\"@id\":\"https:\/\/welovecinema.be\/fr\/trois-prix-pour-les-dardenne-a-cannes\/#breadcrumb\",\"itemListElement\":[{\"@type\":\"ListItem\",\"position\":1,\"name\":\"Accueil\",\"item\":\"https:\/\/welovecinema.be\/fr\/\"},{\"@type\":\"ListItem\",\"position\":2,\"name\":\"Trois prix pour les fr\u00e8res Dardenne \u00e0 Cannes\"}]},{\"@type\":\"WebSite\",\"@id\":\"https:\/\/welovecinema.be\/nl\/#website\",\"url\":\"https:\/\/welovecinema.be\/nl\/\",\"name\":\"We Love Cinema\",\"description\":\"Toute l\u2019information du cin\u00e9ma en Belgique\",\"publisher\":{\"@id\":\"https:\/\/welovecinema.be\/nl\/#organization\"},\"potentialAction\":[{\"@type\":\"SearchAction\",\"target\":{\"@type\":\"EntryPoint\",\"urlTemplate\":\"https:\/\/welovecinema.be\/nl\/?s={search_term_string}\"},\"query-input\":\"required name=search_term_string\"}],\"inLanguage\":\"fr-FR\"},{\"@type\":\"Organization\",\"@id\":\"https:\/\/welovecinema.be\/nl\/#organization\",\"name\":\"We Love Cinema\",\"url\":\"https:\/\/welovecinema.be\/nl\/\",\"logo\":{\"@type\":\"ImageObject\",\"inLanguage\":\"fr-FR\",\"@id\":\"https:\/\/welovecinema.be\/nl\/#\/schema\/logo\/image\/\",\"url\":\"https:\/\/welovecinema.be\/wp-content\/uploads\/sites\/2\/2023\/03\/Logo-We-Love-Cinema305x128.jpg\",\"contentUrl\":\"https:\/\/welovecinema.be\/wp-content\/uploads\/sites\/2\/2023\/03\/Logo-We-Love-Cinema305x128.jpg\",\"width\":305,\"height\":128,\"caption\":\"We Love Cinema\"},\"image\":{\"@id\":\"https:\/\/welovecinema.be\/nl\/#\/schema\/logo\/image\/\"},\"sameAs\":[\"https:\/\/www.facebook.com\/welovecinema.be\",\"https:\/\/www.youtube.com\/channel\/UCX5LYGVhnKvYauW4Nta4HJA\",\"https:\/\/www.instagram.com\/welovecinema.be\/\"]},{\"@type\":\"Person\",\"@id\":\"https:\/\/welovecinema.be\/nl\/#\/schema\/person\/4b9b1d857f0943453a38a7c2859ef756\",\"name\":\"Philippe.Pierquin\",\"url\":\"https:\/\/welovecinema.be\/fr\/author\/philippe-pierquin\/\"}]}<\/script>\n<!-- \/ Yoast SEO plugin. -->","yoast_head_json":{"title":"Trois prix pour les fr\u00e8res Dardenne \u00e0 Cannes - We Love Cinema","robots":{"index":"index","follow":"follow","max-snippet":"max-snippet:-1","max-image-preview":"max-image-preview:large","max-video-preview":"max-video-preview:-1"},"canonical":"https:\/\/welovecinema.be\/fr\/trois-prix-pour-les-dardenne-a-cannes\/","og_locale":"fr_FR","og_type":"article","og_title":"Trois prix pour les fr\u00e8res Dardenne \u00e0 Cannes - We Love Cinema","og_description":"Le jury du 65e festival de Cannes a donc attribu\u00e9 sa Palme d&rsquo;or \u00e0 Michael Haneke pour son film Amour. Le Grand prix va \u00e0 Reality de Matteo Garrone. Le prix d&rsquo;interpr\u00e9tation f\u00e9minine revient \u00e0 Cosmina Stratan et Cristina Flutur pour Au-del\u00e0 des collines de Cristian Mungiu qui gagne aussi le prix du sc\u00e9nario, le &hellip;","og_url":"https:\/\/welovecinema.be\/fr\/trois-prix-pour-les-dardenne-a-cannes\/","og_site_name":"We Love Cinema","article_publisher":"https:\/\/www.facebook.com\/welovecinema.be","article_published_time":"2012-05-27T18:07:59+00:00","article_modified_time":"2012-05-27T19:57:26+00:00","og_image":[{"width":"1024","height":"683","url":"https:\/\/welovecinema.be\/wp-content\/uploads\/sites\/2\/2012\/05\/loach.jpg","type":"image\/jpeg"}],"author":"Philippe.Pierquin","twitter_card":"summary_large_image","twitter_misc":{"\u00c9crit par":"Philippe.Pierquin","Dur\u00e9e de lecture estim\u00e9e":"1 minute"},"schema":{"@context":"https:\/\/schema.org","@graph":[{"@type":"Article","@id":"https:\/\/welovecinema.be\/fr\/trois-prix-pour-les-dardenne-a-cannes\/#article","isPartOf":{"@id":"https:\/\/welovecinema.be\/fr\/trois-prix-pour-les-dardenne-a-cannes\/"},"author":{"name":"Philippe.Pierquin","@id":"https:\/\/welovecinema.be\/nl\/#\/schema\/person\/4b9b1d857f0943453a38a7c2859ef756"},"headline":"Trois prix pour les fr\u00e8res Dardenne \u00e0 Cannes","datePublished":"2012-05-27T18:07:59+00:00","dateModified":"2012-05-27T19:57:26+00:00","mainEntityOfPage":{"@id":"https:\/\/welovecinema.be\/fr\/trois-prix-pour-les-dardenne-a-cannes\/"},"wordCount":284,"publisher":{"@id":"https:\/\/welovecinema.be\/nl\/#organization"},"articleSection":["Evenements","News"],"inLanguage":"fr-FR"},{"@type":"WebPage","@id":"https:\/\/welovecinema.be\/fr\/trois-prix-pour-les-dardenne-a-cannes\/","url":"https:\/\/welovecinema.be\/fr\/trois-prix-pour-les-dardenne-a-cannes\/","name":"Trois prix pour les fr\u00e8res Dardenne \u00e0 Cannes - We Love Cinema","isPartOf":{"@id":"https:\/\/welovecinema.be\/nl\/#website"},"datePublished":"2012-05-27T18:07:59+00:00","dateModified":"2012-05-27T19:57:26+00:00","breadcrumb":{"@id":"https:\/\/welovecinema.be\/fr\/trois-prix-pour-les-dardenne-a-cannes\/#breadcrumb"},"inLanguage":"fr-FR","potentialAction":[{"@type":"ReadAction","target":["https:\/\/welovecinema.be\/fr\/trois-prix-pour-les-dardenne-a-cannes\/"]}]},{"@type":"BreadcrumbList","@id":"https:\/\/welovecinema.be\/fr\/trois-prix-pour-les-dardenne-a-cannes\/#breadcrumb","itemListElement":[{"@type":"ListItem","position":1,"name":"Accueil","item":"https:\/\/welovecinema.be\/fr\/"},{"@type":"ListItem","position":2,"name":"Trois prix pour les fr\u00e8res Dardenne \u00e0 Cannes"}]},{"@type":"WebSite","@id":"https:\/\/welovecinema.be\/nl\/#website","url":"https:\/\/welovecinema.be\/nl\/","name":"We Love Cinema","description":"Toute l\u2019information du cin\u00e9ma en Belgique","publisher":{"@id":"https:\/\/welovecinema.be\/nl\/#organization"},"potentialAction":[{"@type":"SearchAction","target":{"@type":"EntryPoint","urlTemplate":"https:\/\/welovecinema.be\/nl\/?s={search_term_string}"},"query-input":"required name=search_term_string"}],"inLanguage":"fr-FR"},{"@type":"Organization","@id":"https:\/\/welovecinema.be\/nl\/#organization","name":"We Love Cinema","url":"https:\/\/welovecinema.be\/nl\/","logo":{"@type":"ImageObject","inLanguage":"fr-FR","@id":"https:\/\/welovecinema.be\/nl\/#\/schema\/logo\/image\/","url":"https:\/\/welovecinema.be\/wp-content\/uploads\/sites\/2\/2023\/03\/Logo-We-Love-Cinema305x128.jpg","contentUrl":"https:\/\/welovecinema.be\/wp-content\/uploads\/sites\/2\/2023\/03\/Logo-We-Love-Cinema305x128.jpg","width":305,"height":128,"caption":"We Love Cinema"},"image":{"@id":"https:\/\/welovecinema.be\/nl\/#\/schema\/logo\/image\/"},"sameAs":["https:\/\/www.facebook.com\/welovecinema.be","https:\/\/www.youtube.com\/channel\/UCX5LYGVhnKvYauW4Nta4HJA","https:\/\/www.instagram.com\/welovecinema.be\/"]},{"@type":"Person","@id":"https:\/\/welovecinema.be\/nl\/#\/schema\/person\/4b9b1d857f0943453a38a7c2859ef756","name":"Philippe.Pierquin","url":"https:\/\/welovecinema.be\/fr\/author\/philippe-pierquin\/"}]}},"_links":{"self":[{"href":"https:\/\/welovecinema.be\/fr\/wp-json\/wp\/v2\/posts\/22798","targetHints":{"allow":["GET"]}}],"collection":[{"href":"https:\/\/welovecinema.be\/fr\/wp-json\/wp\/v2\/posts"}],"about":[{"href":"https:\/\/welovecinema.be\/fr\/wp-json\/wp\/v2\/types\/post"}],"author":[{"embeddable":true,"href":"https:\/\/welovecinema.be\/fr\/wp-json\/wp\/v2\/users\/7"}],"replies":[{"embeddable":true,"href":"https:\/\/welovecinema.be\/fr\/wp-json\/wp\/v2\/comments?post=22798"}],"version-history":[{"count":0,"href":"https:\/\/welovecinema.be\/fr\/wp-json\/wp\/v2\/posts\/22798\/revisions"}],"wp:featuredmedia":[{"embeddable":true,"href":"https:\/\/welovecinema.be\/fr\/wp-json\/wp\/v2\/media\/22801"}],"wp:attachment":[{"href":"https:\/\/welovecinema.be\/fr\/wp-json\/wp\/v2\/media?parent=22798"}],"wp:term":[{"taxonomy":"category","embeddable":true,"href":"https:\/\/welovecinema.be\/fr\/wp-json\/wp\/v2\/categories?post=22798"},{"taxonomy":"post_tag","embeddable":true,"href":"https:\/\/welovecinema.be\/fr\/wp-json\/wp\/v2\/tags?post=22798"}],"curies":[{"name":"wp","href":"https:\/\/api.w.org\/{rel}","templated":true}]}}