{"id":227746,"date":"2020-04-01T11:16:13","date_gmt":"2020-04-01T09:16:13","guid":{"rendered":"https:\/\/www.cinevox.be\/?p=227746"},"modified":"2020-04-01T11:16:13","modified_gmt":"2020-04-01T09:16:13","slug":"tout-court-programme-du-1er-avril","status":"publish","type":"post","link":"https:\/\/welovecinema.be\/fr\/tout-court-programme-du-1er-avril\/","title":{"rendered":"\u00ab\u00a0Tout court\u00a0\u00bb, programme du 1er avril"},"content":{"rendered":"<p><strong>Au programme de \u00ab\u00a0Tout Court\u00a0\u00bb aujourd&rsquo;hui, <em>Capote perc\u00e9e<\/em> d&rsquo;Adriana Da Fonseca \u00e0 22h45 et <em>Accord parental<\/em> de Benjamin Belloir \u00e0 23h05.<\/strong><\/p>\n<hr \/>\n<h4><em><strong>Capote perc\u00e9e<\/strong><\/em> d&rsquo;Adriana Da Fonseca<\/h4>\n<p>Pour tous dans la cour de r\u00e9cr\u00e9ation, Fran\u00e7oise est \u00ab\u00a0Capote perc\u00e9e\u00a0\u00bb; mais au fond de son c\u0153ur elle sait que, quelque part de l&rsquo;autre c\u00f4t\u00e9 de l&rsquo;arc en ciel, les soucis fondent comme des gouttes de jus de citron&#8230;<\/p>\n<p><em>Avec Adriana da Fonseca,\u00a0Jeremy Gendrot,\u00a0Severine Porzio,\u00a0Viviane Thiebaut,\u00a0Pascaline Cr\u00eavecoeur,\u00a0Judith Williquet<\/em><\/p>\n<p><iframe loading=\"lazy\" title=\"CAPOTE PERC\u00c9E trailer\" src=\"https:\/\/player.vimeo.com\/video\/266728097?dnt=1&amp;app_id=122963\" width=\"618\" height=\"259\" frameborder=\"0\" allow=\"autoplay; fullscreen; picture-in-picture; clipboard-write; encrypted-media\"><\/iframe><\/p>\n<hr \/>\n<h4><em><strong>Accord Parental<\/strong> <\/em>de Benjamin Belloir<\/h4>\n<p>Cl\u00e9mentine, 19 ans, vit avec sa m\u00e8re et son jeune fr\u00e8re Rapha\u00ebl. Jeune fille m\u00e9lancolique, elle \u00e9chappe \u00e0 sa routine en faisant des sex cam r\u00e9mun\u00e9r\u00e9es avec des inconnus. Un soir, alors qu\u2019elle est en session, Rapha\u00ebl la surprend. Choqu\u00e9, il menace de tout raconter \u00e0 leur m\u00e8re. L\u2019\u00e9quilibre familial se trouve alors menac\u00e9\u2026<\/p>\n<p><em>Avec Camille Claris, Anne-Pascale Clairembourg, Louka Minella<\/em><\/p>\n<p><iframe loading=\"lazy\" title=\"Accord Parental - Bande annonce\" width=\"618\" height=\"348\" src=\"https:\/\/www.youtube.com\/embed\/VLMMwhMNbOY?feature=oembed\" frameborder=\"0\" allow=\"accelerometer; autoplay; clipboard-write; encrypted-media; gyroscope; picture-in-picture; web-share\" referrerpolicy=\"strict-origin-when-cross-origin\" allowfullscreen><\/iframe><\/p>\n","protected":false},"excerpt":{"rendered":"<p>Au programme de \u00ab\u00a0Tout Court\u00a0\u00bb aujourd&rsquo;hui, Capote perc\u00e9e d&rsquo;Adriana Da Fonseca \u00e0 22h45 et Accord parental de Benjamin Belloir \u00e0 23h05. Capote perc\u00e9e d&rsquo;Adriana Da Fonseca Pour tous dans la cour de r\u00e9cr\u00e9ation, Fran\u00e7oise est \u00ab\u00a0Capote perc\u00e9e\u00a0\u00bb; mais au fond de son c\u0153ur elle sait que, quelque part de l&rsquo;autre c\u00f4t\u00e9 de l&rsquo;arc en ciel, &hellip;<\/p>\n","protected":false},"author":343,"featured_media":227747,"comment_status":"closed","ping_status":"closed","sticky":false,"template":"","format":"standard","meta":{"ngg_post_thumbnail":0,"footnotes":""},"categories":[14],"tags":[],"class_list":["post-227746","post","type-post","status-publish","format-standard","has-post-thumbnail","","category-home-cinema"],"yoast_head":"<!-- This site is optimized with the Yoast SEO plugin v20.4 - https:\/\/yoast.com\/wordpress\/plugins\/seo\/ -->\n<title>&quot;Tout court&quot;, programme du 1er avril - We Love Cinema<\/title>\n<meta name=\"robots\" content=\"index, follow, max-snippet:-1, max-image-preview:large, max-video-preview:-1\" \/>\n<link rel=\"canonical\" href=\"https:\/\/welovecinema.be\/fr\/tout-court-programme-du-1er-avril\/\" \/>\n<meta property=\"og:locale\" content=\"fr_FR\" \/>\n<meta property=\"og:type\" content=\"article\" \/>\n<meta property=\"og:title\" content=\"&quot;Tout court&quot;, programme du 1er avril - We Love Cinema\" \/>\n<meta property=\"og:description\" content=\"Au programme de \u00ab\u00a0Tout Court\u00a0\u00bb aujourd&rsquo;hui, Capote perc\u00e9e d&rsquo;Adriana Da Fonseca \u00e0 22h45 et Accord parental de Benjamin Belloir \u00e0 23h05. Capote perc\u00e9e d&rsquo;Adriana Da Fonseca Pour tous dans la cour de r\u00e9cr\u00e9ation, Fran\u00e7oise est \u00ab\u00a0Capote perc\u00e9e\u00a0\u00bb; mais au fond de son c\u0153ur elle sait que, quelque part de l&rsquo;autre c\u00f4t\u00e9 de l&rsquo;arc en ciel, &hellip;\" \/>\n<meta property=\"og:url\" content=\"https:\/\/welovecinema.be\/fr\/tout-court-programme-du-1er-avril\/\" \/>\n<meta property=\"og:site_name\" content=\"We Love Cinema\" \/>\n<meta property=\"article:publisher\" content=\"https:\/\/www.facebook.com\/welovecinema.be\" \/>\n<meta property=\"article:published_time\" content=\"2020-04-01T09:16:13+00:00\" \/>\n<meta property=\"og:image\" content=\"https:\/\/welovecinema.be\/wp-content\/uploads\/sites\/2\/2020\/04\/FotoJet.jpg\" \/>\n\t<meta property=\"og:image:width\" content=\"1200\" \/>\n\t<meta property=\"og:image:height\" content=\"658\" \/>\n\t<meta property=\"og:image:type\" content=\"image\/jpeg\" \/>\n<meta name=\"author\" content=\"Aurore Engelen\" \/>\n<meta name=\"twitter:card\" content=\"summary_large_image\" \/>\n<meta name=\"twitter:label1\" content=\"\u00c9crit par\" \/>\n\t<meta name=\"twitter:data1\" content=\"Aurore Engelen\" \/>\n\t<meta name=\"twitter:label2\" content=\"Dur\u00e9e de lecture estim\u00e9e\" \/>\n\t<meta name=\"twitter:data2\" content=\"1 minute\" \/>\n<script type=\"application\/ld+json\" class=\"yoast-schema-graph\">{\"@context\":\"https:\/\/schema.org\",\"@graph\":[{\"@type\":\"Article\",\"@id\":\"https:\/\/welovecinema.be\/fr\/tout-court-programme-du-1er-avril\/#article\",\"isPartOf\":{\"@id\":\"https:\/\/welovecinema.be\/fr\/tout-court-programme-du-1er-avril\/\"},\"author\":{\"name\":\"Aurore Engelen\",\"@id\":\"https:\/\/welovecinema.be\/nl\/#\/schema\/person\/8084b68c6b176142d073695c654dc7cf\"},\"headline\":\"\u00ab\u00a0Tout court\u00a0\u00bb, programme du 1er avril\",\"datePublished\":\"2020-04-01T09:16:13+00:00\",\"dateModified\":\"2020-04-01T09:16:13+00:00\",\"mainEntityOfPage\":{\"@id\":\"https:\/\/welovecinema.be\/fr\/tout-court-programme-du-1er-avril\/\"},\"wordCount\":179,\"publisher\":{\"@id\":\"https:\/\/welovecinema.be\/nl\/#organization\"},\"articleSection\":[\"Plateau t\u00e9l\u00e9\"],\"inLanguage\":\"fr-FR\"},{\"@type\":\"WebPage\",\"@id\":\"https:\/\/welovecinema.be\/fr\/tout-court-programme-du-1er-avril\/\",\"url\":\"https:\/\/welovecinema.be\/fr\/tout-court-programme-du-1er-avril\/\",\"name\":\"\\\"Tout court\\\", programme du 1er avril - We Love Cinema\",\"isPartOf\":{\"@id\":\"https:\/\/welovecinema.be\/nl\/#website\"},\"datePublished\":\"2020-04-01T09:16:13+00:00\",\"dateModified\":\"2020-04-01T09:16:13+00:00\",\"breadcrumb\":{\"@id\":\"https:\/\/welovecinema.be\/fr\/tout-court-programme-du-1er-avril\/#breadcrumb\"},\"inLanguage\":\"fr-FR\",\"potentialAction\":[{\"@type\":\"ReadAction\",\"target\":[\"https:\/\/welovecinema.be\/fr\/tout-court-programme-du-1er-avril\/\"]}]},{\"@type\":\"BreadcrumbList\",\"@id\":\"https:\/\/welovecinema.be\/fr\/tout-court-programme-du-1er-avril\/#breadcrumb\",\"itemListElement\":[{\"@type\":\"ListItem\",\"position\":1,\"name\":\"Accueil\",\"item\":\"https:\/\/welovecinema.be\/fr\/\"},{\"@type\":\"ListItem\",\"position\":2,\"name\":\"\u00ab\u00a0Tout court\u00a0\u00bb, programme du 1er avril\"}]},{\"@type\":\"WebSite\",\"@id\":\"https:\/\/welovecinema.be\/nl\/#website\",\"url\":\"https:\/\/welovecinema.be\/nl\/\",\"name\":\"We Love Cinema\",\"description\":\"Toute l\u2019information du cin\u00e9ma en Belgique\",\"publisher\":{\"@id\":\"https:\/\/welovecinema.be\/nl\/#organization\"},\"potentialAction\":[{\"@type\":\"SearchAction\",\"target\":{\"@type\":\"EntryPoint\",\"urlTemplate\":\"https:\/\/welovecinema.be\/nl\/?s={search_term_string}\"},\"query-input\":\"required name=search_term_string\"}],\"inLanguage\":\"fr-FR\"},{\"@type\":\"Organization\",\"@id\":\"https:\/\/welovecinema.be\/nl\/#organization\",\"name\":\"We Love Cinema\",\"url\":\"https:\/\/welovecinema.be\/nl\/\",\"logo\":{\"@type\":\"ImageObject\",\"inLanguage\":\"fr-FR\",\"@id\":\"https:\/\/welovecinema.be\/nl\/#\/schema\/logo\/image\/\",\"url\":\"https:\/\/welovecinema.be\/wp-content\/uploads\/sites\/2\/2023\/03\/Logo-We-Love-Cinema305x128.jpg\",\"contentUrl\":\"https:\/\/welovecinema.be\/wp-content\/uploads\/sites\/2\/2023\/03\/Logo-We-Love-Cinema305x128.jpg\",\"width\":305,\"height\":128,\"caption\":\"We Love Cinema\"},\"image\":{\"@id\":\"https:\/\/welovecinema.be\/nl\/#\/schema\/logo\/image\/\"},\"sameAs\":[\"https:\/\/www.facebook.com\/welovecinema.be\",\"https:\/\/www.youtube.com\/channel\/UCX5LYGVhnKvYauW4Nta4HJA\",\"https:\/\/www.instagram.com\/welovecinema.be\/\"]},{\"@type\":\"Person\",\"@id\":\"https:\/\/welovecinema.be\/nl\/#\/schema\/person\/8084b68c6b176142d073695c654dc7cf\",\"name\":\"Aurore Engelen\",\"url\":\"https:\/\/welovecinema.be\/fr\/author\/aurore-engelen\/\"}]}<\/script>\n<!-- \/ Yoast SEO plugin. -->","yoast_head_json":{"title":"\"Tout court\", programme du 1er avril - We Love Cinema","robots":{"index":"index","follow":"follow","max-snippet":"max-snippet:-1","max-image-preview":"max-image-preview:large","max-video-preview":"max-video-preview:-1"},"canonical":"https:\/\/welovecinema.be\/fr\/tout-court-programme-du-1er-avril\/","og_locale":"fr_FR","og_type":"article","og_title":"\"Tout court\", programme du 1er avril - We Love Cinema","og_description":"Au programme de \u00ab\u00a0Tout Court\u00a0\u00bb aujourd&rsquo;hui, Capote perc\u00e9e d&rsquo;Adriana Da Fonseca \u00e0 22h45 et Accord parental de Benjamin Belloir \u00e0 23h05. Capote perc\u00e9e d&rsquo;Adriana Da Fonseca Pour tous dans la cour de r\u00e9cr\u00e9ation, Fran\u00e7oise est \u00ab\u00a0Capote perc\u00e9e\u00a0\u00bb; mais au fond de son c\u0153ur elle sait que, quelque part de l&rsquo;autre c\u00f4t\u00e9 de l&rsquo;arc en ciel, &hellip;","og_url":"https:\/\/welovecinema.be\/fr\/tout-court-programme-du-1er-avril\/","og_site_name":"We Love Cinema","article_publisher":"https:\/\/www.facebook.com\/welovecinema.be","article_published_time":"2020-04-01T09:16:13+00:00","og_image":[{"width":1200,"height":658,"url":"https:\/\/welovecinema.be\/wp-content\/uploads\/sites\/2\/2020\/04\/FotoJet.jpg","type":"image\/jpeg"}],"author":"Aurore Engelen","twitter_card":"summary_large_image","twitter_misc":{"\u00c9crit par":"Aurore Engelen","Dur\u00e9e de lecture estim\u00e9e":"1 minute"},"schema":{"@context":"https:\/\/schema.org","@graph":[{"@type":"Article","@id":"https:\/\/welovecinema.be\/fr\/tout-court-programme-du-1er-avril\/#article","isPartOf":{"@id":"https:\/\/welovecinema.be\/fr\/tout-court-programme-du-1er-avril\/"},"author":{"name":"Aurore Engelen","@id":"https:\/\/welovecinema.be\/nl\/#\/schema\/person\/8084b68c6b176142d073695c654dc7cf"},"headline":"\u00ab\u00a0Tout court\u00a0\u00bb, programme du 1er avril","datePublished":"2020-04-01T09:16:13+00:00","dateModified":"2020-04-01T09:16:13+00:00","mainEntityOfPage":{"@id":"https:\/\/welovecinema.be\/fr\/tout-court-programme-du-1er-avril\/"},"wordCount":179,"publisher":{"@id":"https:\/\/welovecinema.be\/nl\/#organization"},"articleSection":["Plateau t\u00e9l\u00e9"],"inLanguage":"fr-FR"},{"@type":"WebPage","@id":"https:\/\/welovecinema.be\/fr\/tout-court-programme-du-1er-avril\/","url":"https:\/\/welovecinema.be\/fr\/tout-court-programme-du-1er-avril\/","name":"\"Tout court\", programme du 1er avril - We Love Cinema","isPartOf":{"@id":"https:\/\/welovecinema.be\/nl\/#website"},"datePublished":"2020-04-01T09:16:13+00:00","dateModified":"2020-04-01T09:16:13+00:00","breadcrumb":{"@id":"https:\/\/welovecinema.be\/fr\/tout-court-programme-du-1er-avril\/#breadcrumb"},"inLanguage":"fr-FR","potentialAction":[{"@type":"ReadAction","target":["https:\/\/welovecinema.be\/fr\/tout-court-programme-du-1er-avril\/"]}]},{"@type":"BreadcrumbList","@id":"https:\/\/welovecinema.be\/fr\/tout-court-programme-du-1er-avril\/#breadcrumb","itemListElement":[{"@type":"ListItem","position":1,"name":"Accueil","item":"https:\/\/welovecinema.be\/fr\/"},{"@type":"ListItem","position":2,"name":"\u00ab\u00a0Tout court\u00a0\u00bb, programme du 1er avril"}]},{"@type":"WebSite","@id":"https:\/\/welovecinema.be\/nl\/#website","url":"https:\/\/welovecinema.be\/nl\/","name":"We Love Cinema","description":"Toute l\u2019information du cin\u00e9ma en Belgique","publisher":{"@id":"https:\/\/welovecinema.be\/nl\/#organization"},"potentialAction":[{"@type":"SearchAction","target":{"@type":"EntryPoint","urlTemplate":"https:\/\/welovecinema.be\/nl\/?s={search_term_string}"},"query-input":"required name=search_term_string"}],"inLanguage":"fr-FR"},{"@type":"Organization","@id":"https:\/\/welovecinema.be\/nl\/#organization","name":"We Love Cinema","url":"https:\/\/welovecinema.be\/nl\/","logo":{"@type":"ImageObject","inLanguage":"fr-FR","@id":"https:\/\/welovecinema.be\/nl\/#\/schema\/logo\/image\/","url":"https:\/\/welovecinema.be\/wp-content\/uploads\/sites\/2\/2023\/03\/Logo-We-Love-Cinema305x128.jpg","contentUrl":"https:\/\/welovecinema.be\/wp-content\/uploads\/sites\/2\/2023\/03\/Logo-We-Love-Cinema305x128.jpg","width":305,"height":128,"caption":"We Love Cinema"},"image":{"@id":"https:\/\/welovecinema.be\/nl\/#\/schema\/logo\/image\/"},"sameAs":["https:\/\/www.facebook.com\/welovecinema.be","https:\/\/www.youtube.com\/channel\/UCX5LYGVhnKvYauW4Nta4HJA","https:\/\/www.instagram.com\/welovecinema.be\/"]},{"@type":"Person","@id":"https:\/\/welovecinema.be\/nl\/#\/schema\/person\/8084b68c6b176142d073695c654dc7cf","name":"Aurore Engelen","url":"https:\/\/welovecinema.be\/fr\/author\/aurore-engelen\/"}]}},"_links":{"self":[{"href":"https:\/\/welovecinema.be\/fr\/wp-json\/wp\/v2\/posts\/227746","targetHints":{"allow":["GET"]}}],"collection":[{"href":"https:\/\/welovecinema.be\/fr\/wp-json\/wp\/v2\/posts"}],"about":[{"href":"https:\/\/welovecinema.be\/fr\/wp-json\/wp\/v2\/types\/post"}],"author":[{"embeddable":true,"href":"https:\/\/welovecinema.be\/fr\/wp-json\/wp\/v2\/users\/343"}],"replies":[{"embeddable":true,"href":"https:\/\/welovecinema.be\/fr\/wp-json\/wp\/v2\/comments?post=227746"}],"version-history":[{"count":0,"href":"https:\/\/welovecinema.be\/fr\/wp-json\/wp\/v2\/posts\/227746\/revisions"}],"wp:featuredmedia":[{"embeddable":true,"href":"https:\/\/welovecinema.be\/fr\/wp-json\/wp\/v2\/media\/227747"}],"wp:attachment":[{"href":"https:\/\/welovecinema.be\/fr\/wp-json\/wp\/v2\/media?parent=227746"}],"wp:term":[{"taxonomy":"category","embeddable":true,"href":"https:\/\/welovecinema.be\/fr\/wp-json\/wp\/v2\/categories?post=227746"},{"taxonomy":"post_tag","embeddable":true,"href":"https:\/\/welovecinema.be\/fr\/wp-json\/wp\/v2\/tags?post=227746"}],"curies":[{"name":"wp","href":"https:\/\/api.w.org\/{rel}","templated":true}]}}