{"id":227410,"date":"2020-03-17T14:16:11","date_gmt":"2020-03-17T13:16:11","guid":{"rendered":"https:\/\/www.cinevox.be\/?p=227410"},"modified":"2020-03-18T10:13:29","modified_gmt":"2020-03-18T09:13:29","slug":"guide-de-survie-culturel-special-confinement-fabrice-du-welz","status":"publish","type":"post","link":"https:\/\/welovecinema.be\/fr\/guide-de-survie-culturel-special-confinement-fabrice-du-welz\/","title":{"rendered":"Guide de survie culturel sp\u00e9cial confinement: Fabrice du Welz"},"content":{"rendered":"<p><strong>On a demand\u00e9 \u00e0 Fabrice du Welz ce qu&rsquo;il faisait pendant le confinement&#8230;<\/strong><\/p>\n<h4>Film \u00e0 (re)voir?<\/h4>\n<p><em>L&rsquo;Eclipse<\/em> d&rsquo;Antonioni (et son final visionnaire)<\/p>\n<p><img loading=\"lazy\" decoding=\"async\" class=\"size-large wp-image-227413\" src=\"https:\/\/www.cinevox.be\/wp-content\/uploads\/sites\/2\/2020\/03\/74092_156042-450x600.jpg\" alt=\"\" width=\"450\" height=\"600\" srcset=\"https:\/\/welovecinema.be\/wp-content\/uploads\/sites\/2\/2020\/03\/74092_156042-450x600.jpg 450w, https:\/\/welovecinema.be\/wp-content\/uploads\/sites\/2\/2020\/03\/74092_156042-203x270.jpg 203w, https:\/\/welovecinema.be\/wp-content\/uploads\/sites\/2\/2020\/03\/74092_156042.jpg 600w\" sizes=\"auto, (max-width: 450px) 100vw, 450px\" \/><\/p>\n<h4>Et pour les enfants ?<\/h4>\n<p><em>La Princesse Mononoke<\/em> de Miyazaki<\/p>\n<h4>Album \u00e0 \u00e9couter?<\/h4>\n<p><em>Kind of Blue<\/em> de Miles Davis<\/p>\n<p><img loading=\"lazy\" decoding=\"async\" class=\"alignnone  wp-image-227415\" src=\"https:\/\/www.cinevox.be\/wp-content\/uploads\/sites\/2\/2020\/03\/Miles-Davis-Kind-of-Blue-664x600.jpg\" alt=\"\" width=\"394\" height=\"356\" srcset=\"https:\/\/welovecinema.be\/wp-content\/uploads\/sites\/2\/2020\/03\/Miles-Davis-Kind-of-Blue-664x600.jpg 664w, https:\/\/welovecinema.be\/wp-content\/uploads\/sites\/2\/2020\/03\/Miles-Davis-Kind-of-Blue-299x270.jpg 299w, https:\/\/welovecinema.be\/wp-content\/uploads\/sites\/2\/2020\/03\/Miles-Davis-Kind-of-Blue-768x694.jpg 768w, https:\/\/welovecinema.be\/wp-content\/uploads\/sites\/2\/2020\/03\/Miles-Davis-Kind-of-Blue.jpg 1200w\" sizes=\"auto, (max-width: 394px) 100vw, 394px\" \/><\/p>\n<h4>Livres \u00e0 lire et relire?<\/h4>\n<p><i>Guerre et Paix <\/i>de Leon Tolsto\u00ef<\/p>\n<h4>S\u00e9ries \u00e0 binge-watcher?<\/h4>\n<p><em>Twin Peaks<\/em> de David Lynch<br \/>\n<em>Les Soprano<\/em> de David Chase<br \/>\n<em>The Wire<\/em> de David Simon<\/p>\n<h4><img loading=\"lazy\" decoding=\"async\" class=\"alignnone size-full wp-image-227417\" src=\"https:\/\/www.cinevox.be\/wp-content\/uploads\/sites\/2\/2020\/03\/598153.jpg\" alt=\"\" width=\"640\" height=\"256\" srcset=\"https:\/\/welovecinema.be\/wp-content\/uploads\/sites\/2\/2020\/03\/598153.jpg 640w, https:\/\/welovecinema.be\/wp-content\/uploads\/sites\/2\/2020\/03\/598153-480x192.jpg 480w\" sizes=\"auto, (max-width: 640px) 100vw, 640px\" \/><\/h4>\n<h4>Podcasts \u00e0 \u00e9couter?<\/h4>\n<p><em>Les chemins de la philosophie<\/em> sur France Culture<\/p>\n<h4>Comptes Instagram \u00e0 suivre?<\/h4>\n<p>@criterioncollection<\/p>\n<h4>Recettes \u00e0 mitonner?<\/h4>\n<p>Phat Krapao Kai (poulet saut\u00e9 au basilic, ail et piments rouges)<\/p>\n<h4>Cocktails \u00e0 siroter?<\/h4>\n<p>Pour moi ce sera Nikka 21 ans Taketsuru (whisky Japonais).<\/p>\n<h4>Jeux de soci\u00e9t\u00e9?<\/h4>\n<p>Faire l&rsquo;amour, tant qu&rsquo;on peut, d\u00e8s qu&rsquo;on peut.<\/p>\n<h4>Le rem\u00e8de ultime pour survivre au confinement?<\/h4>\n<p>Voir et revoir des films, lire et relire des livres. Eviter Facebook tant que possible.<\/p>\n<p>&nbsp;<\/p>\n<p><b>Le dernier film de Fabrice du Welz, <em>Adoration<\/em>, est sorti en janvier dernier.<\/b><\/p>\n<p><strong>On vous en parle ici ?<\/strong><\/p>\n<p><a href=\"https:\/\/www.cinevox.be\/fr\/adoration-le-fol-amour\/\"><b><i>Adoration,<\/i> le fol amour<\/b><\/a><\/p>\n<p><strong><a href=\"https:\/\/www.cinevox.be\/fr\/cineaste-et-cinephile-rencontre-avec-fabrice-du-welz\/\">Cin\u00e9aste et cin\u00e9phile, rencontre avec Fabrice du Welz<\/a><\/strong><\/p>\n","protected":false},"excerpt":{"rendered":"<p>On a demand\u00e9 \u00e0 Fabrice du Welz ce qu&rsquo;il faisait pendant le confinement&#8230; Film \u00e0 (re)voir? L&rsquo;Eclipse d&rsquo;Antonioni (et son final visionnaire) Et pour les enfants ? La Princesse Mononoke de Miyazaki Album \u00e0 \u00e9couter? Kind of Blue de Miles Davis Livres \u00e0 lire et relire? Guerre et Paix de Leon Tolsto\u00ef S\u00e9ries \u00e0 binge-watcher? &hellip;<\/p>\n","protected":false},"author":343,"featured_media":227411,"comment_status":"closed","ping_status":"closed","sticky":false,"template":"","format":"standard","meta":{"ngg_post_thumbnail":0,"footnotes":""},"categories":[1978],"tags":[4387,4187],"class_list":["post-227410","post","type-post","status-publish","format-standard","has-post-thumbnail","","category-interviews","tag-fabrice-du-welz-2","tag-newsletter-fr"],"yoast_head":"<!-- This site is optimized with the Yoast SEO plugin v20.4 - https:\/\/yoast.com\/wordpress\/plugins\/seo\/ -->\n<title>Guide de survie culturel sp\u00e9cial confinement: Fabrice du Welz - We Love Cinema<\/title>\n<meta name=\"robots\" content=\"index, follow, max-snippet:-1, max-image-preview:large, max-video-preview:-1\" \/>\n<link rel=\"canonical\" href=\"https:\/\/welovecinema.be\/fr\/guide-de-survie-culturel-special-confinement-fabrice-du-welz\/\" \/>\n<meta property=\"og:locale\" content=\"fr_FR\" \/>\n<meta property=\"og:type\" content=\"article\" \/>\n<meta property=\"og:title\" content=\"Guide de survie culturel sp\u00e9cial confinement: Fabrice du Welz - We Love Cinema\" \/>\n<meta property=\"og:description\" content=\"On a demand\u00e9 \u00e0 Fabrice du Welz ce qu&rsquo;il faisait pendant le confinement&#8230; Film \u00e0 (re)voir? L&rsquo;Eclipse d&rsquo;Antonioni (et son final visionnaire) Et pour les enfants ? La Princesse Mononoke de Miyazaki Album \u00e0 \u00e9couter? Kind of Blue de Miles Davis Livres \u00e0 lire et relire? Guerre et Paix de Leon Tolsto\u00ef S\u00e9ries \u00e0 binge-watcher? &hellip;\" \/>\n<meta property=\"og:url\" content=\"https:\/\/welovecinema.be\/fr\/guide-de-survie-culturel-special-confinement-fabrice-du-welz\/\" \/>\n<meta property=\"og:site_name\" content=\"We Love Cinema\" \/>\n<meta property=\"article:publisher\" content=\"https:\/\/www.facebook.com\/welovecinema.be\" \/>\n<meta property=\"article:published_time\" content=\"2020-03-17T13:16:11+00:00\" \/>\n<meta property=\"article:modified_time\" content=\"2020-03-18T09:13:29+00:00\" \/>\n<meta property=\"og:image\" content=\"https:\/\/welovecinema.be\/wp-content\/uploads\/sites\/2\/2020\/03\/Selfie-Fabrice-du-Welz-copie.jpg\" \/>\n\t<meta property=\"og:image:width\" content=\"1200\" \/>\n\t<meta property=\"og:image:height\" content=\"658\" \/>\n\t<meta property=\"og:image:type\" content=\"image\/jpeg\" \/>\n<meta name=\"author\" content=\"Aurore Engelen\" \/>\n<meta name=\"twitter:card\" content=\"summary_large_image\" \/>\n<meta name=\"twitter:label1\" content=\"\u00c9crit par\" \/>\n\t<meta name=\"twitter:data1\" content=\"Aurore Engelen\" \/>\n\t<meta name=\"twitter:label2\" content=\"Dur\u00e9e de lecture estim\u00e9e\" \/>\n\t<meta name=\"twitter:data2\" content=\"1 minute\" \/>\n<script type=\"application\/ld+json\" class=\"yoast-schema-graph\">{\"@context\":\"https:\/\/schema.org\",\"@graph\":[{\"@type\":\"Article\",\"@id\":\"https:\/\/welovecinema.be\/fr\/guide-de-survie-culturel-special-confinement-fabrice-du-welz\/#article\",\"isPartOf\":{\"@id\":\"https:\/\/welovecinema.be\/fr\/guide-de-survie-culturel-special-confinement-fabrice-du-welz\/\"},\"author\":{\"name\":\"Aurore Engelen\",\"@id\":\"https:\/\/welovecinema.be\/nl\/#\/schema\/person\/8084b68c6b176142d073695c654dc7cf\"},\"headline\":\"Guide de survie culturel sp\u00e9cial confinement: Fabrice du Welz\",\"datePublished\":\"2020-03-17T13:16:11+00:00\",\"dateModified\":\"2020-03-18T09:13:29+00:00\",\"mainEntityOfPage\":{\"@id\":\"https:\/\/welovecinema.be\/fr\/guide-de-survie-culturel-special-confinement-fabrice-du-welz\/\"},\"wordCount\":189,\"publisher\":{\"@id\":\"https:\/\/welovecinema.be\/nl\/#organization\"},\"keywords\":[\"Fabrice Du Welz\",\"newsletter\"],\"articleSection\":[\"Rencontres\"],\"inLanguage\":\"fr-FR\"},{\"@type\":\"WebPage\",\"@id\":\"https:\/\/welovecinema.be\/fr\/guide-de-survie-culturel-special-confinement-fabrice-du-welz\/\",\"url\":\"https:\/\/welovecinema.be\/fr\/guide-de-survie-culturel-special-confinement-fabrice-du-welz\/\",\"name\":\"Guide de survie culturel sp\u00e9cial confinement: Fabrice du Welz - We Love Cinema\",\"isPartOf\":{\"@id\":\"https:\/\/welovecinema.be\/nl\/#website\"},\"datePublished\":\"2020-03-17T13:16:11+00:00\",\"dateModified\":\"2020-03-18T09:13:29+00:00\",\"breadcrumb\":{\"@id\":\"https:\/\/welovecinema.be\/fr\/guide-de-survie-culturel-special-confinement-fabrice-du-welz\/#breadcrumb\"},\"inLanguage\":\"fr-FR\",\"potentialAction\":[{\"@type\":\"ReadAction\",\"target\":[\"https:\/\/welovecinema.be\/fr\/guide-de-survie-culturel-special-confinement-fabrice-du-welz\/\"]}]},{\"@type\":\"BreadcrumbList\",\"@id\":\"https:\/\/welovecinema.be\/fr\/guide-de-survie-culturel-special-confinement-fabrice-du-welz\/#breadcrumb\",\"itemListElement\":[{\"@type\":\"ListItem\",\"position\":1,\"name\":\"Accueil\",\"item\":\"https:\/\/welovecinema.be\/fr\/\"},{\"@type\":\"ListItem\",\"position\":2,\"name\":\"Guide de survie culturel sp\u00e9cial confinement: Fabrice du Welz\"}]},{\"@type\":\"WebSite\",\"@id\":\"https:\/\/welovecinema.be\/nl\/#website\",\"url\":\"https:\/\/welovecinema.be\/nl\/\",\"name\":\"We Love Cinema\",\"description\":\"Toute l\u2019information du cin\u00e9ma en Belgique\",\"publisher\":{\"@id\":\"https:\/\/welovecinema.be\/nl\/#organization\"},\"potentialAction\":[{\"@type\":\"SearchAction\",\"target\":{\"@type\":\"EntryPoint\",\"urlTemplate\":\"https:\/\/welovecinema.be\/nl\/?s={search_term_string}\"},\"query-input\":\"required name=search_term_string\"}],\"inLanguage\":\"fr-FR\"},{\"@type\":\"Organization\",\"@id\":\"https:\/\/welovecinema.be\/nl\/#organization\",\"name\":\"We Love Cinema\",\"url\":\"https:\/\/welovecinema.be\/nl\/\",\"logo\":{\"@type\":\"ImageObject\",\"inLanguage\":\"fr-FR\",\"@id\":\"https:\/\/welovecinema.be\/nl\/#\/schema\/logo\/image\/\",\"url\":\"https:\/\/welovecinema.be\/wp-content\/uploads\/sites\/2\/2023\/03\/Logo-We-Love-Cinema305x128.jpg\",\"contentUrl\":\"https:\/\/welovecinema.be\/wp-content\/uploads\/sites\/2\/2023\/03\/Logo-We-Love-Cinema305x128.jpg\",\"width\":305,\"height\":128,\"caption\":\"We Love Cinema\"},\"image\":{\"@id\":\"https:\/\/welovecinema.be\/nl\/#\/schema\/logo\/image\/\"},\"sameAs\":[\"https:\/\/www.facebook.com\/welovecinema.be\",\"https:\/\/www.youtube.com\/channel\/UCX5LYGVhnKvYauW4Nta4HJA\",\"https:\/\/www.instagram.com\/welovecinema.be\/\"]},{\"@type\":\"Person\",\"@id\":\"https:\/\/welovecinema.be\/nl\/#\/schema\/person\/8084b68c6b176142d073695c654dc7cf\",\"name\":\"Aurore Engelen\",\"url\":\"https:\/\/welovecinema.be\/fr\/author\/aurore-engelen\/\"}]}<\/script>\n<!-- \/ Yoast SEO plugin. -->","yoast_head_json":{"title":"Guide de survie culturel sp\u00e9cial confinement: Fabrice du Welz - We Love Cinema","robots":{"index":"index","follow":"follow","max-snippet":"max-snippet:-1","max-image-preview":"max-image-preview:large","max-video-preview":"max-video-preview:-1"},"canonical":"https:\/\/welovecinema.be\/fr\/guide-de-survie-culturel-special-confinement-fabrice-du-welz\/","og_locale":"fr_FR","og_type":"article","og_title":"Guide de survie culturel sp\u00e9cial confinement: Fabrice du Welz - We Love Cinema","og_description":"On a demand\u00e9 \u00e0 Fabrice du Welz ce qu&rsquo;il faisait pendant le confinement&#8230; Film \u00e0 (re)voir? L&rsquo;Eclipse d&rsquo;Antonioni (et son final visionnaire) Et pour les enfants ? La Princesse Mononoke de Miyazaki Album \u00e0 \u00e9couter? Kind of Blue de Miles Davis Livres \u00e0 lire et relire? Guerre et Paix de Leon Tolsto\u00ef S\u00e9ries \u00e0 binge-watcher? &hellip;","og_url":"https:\/\/welovecinema.be\/fr\/guide-de-survie-culturel-special-confinement-fabrice-du-welz\/","og_site_name":"We Love Cinema","article_publisher":"https:\/\/www.facebook.com\/welovecinema.be","article_published_time":"2020-03-17T13:16:11+00:00","article_modified_time":"2020-03-18T09:13:29+00:00","og_image":[{"width":1200,"height":658,"url":"https:\/\/welovecinema.be\/wp-content\/uploads\/sites\/2\/2020\/03\/Selfie-Fabrice-du-Welz-copie.jpg","type":"image\/jpeg"}],"author":"Aurore Engelen","twitter_card":"summary_large_image","twitter_misc":{"\u00c9crit par":"Aurore Engelen","Dur\u00e9e de lecture estim\u00e9e":"1 minute"},"schema":{"@context":"https:\/\/schema.org","@graph":[{"@type":"Article","@id":"https:\/\/welovecinema.be\/fr\/guide-de-survie-culturel-special-confinement-fabrice-du-welz\/#article","isPartOf":{"@id":"https:\/\/welovecinema.be\/fr\/guide-de-survie-culturel-special-confinement-fabrice-du-welz\/"},"author":{"name":"Aurore Engelen","@id":"https:\/\/welovecinema.be\/nl\/#\/schema\/person\/8084b68c6b176142d073695c654dc7cf"},"headline":"Guide de survie culturel sp\u00e9cial confinement: Fabrice du Welz","datePublished":"2020-03-17T13:16:11+00:00","dateModified":"2020-03-18T09:13:29+00:00","mainEntityOfPage":{"@id":"https:\/\/welovecinema.be\/fr\/guide-de-survie-culturel-special-confinement-fabrice-du-welz\/"},"wordCount":189,"publisher":{"@id":"https:\/\/welovecinema.be\/nl\/#organization"},"keywords":["Fabrice Du Welz","newsletter"],"articleSection":["Rencontres"],"inLanguage":"fr-FR"},{"@type":"WebPage","@id":"https:\/\/welovecinema.be\/fr\/guide-de-survie-culturel-special-confinement-fabrice-du-welz\/","url":"https:\/\/welovecinema.be\/fr\/guide-de-survie-culturel-special-confinement-fabrice-du-welz\/","name":"Guide de survie culturel sp\u00e9cial confinement: Fabrice du Welz - We Love Cinema","isPartOf":{"@id":"https:\/\/welovecinema.be\/nl\/#website"},"datePublished":"2020-03-17T13:16:11+00:00","dateModified":"2020-03-18T09:13:29+00:00","breadcrumb":{"@id":"https:\/\/welovecinema.be\/fr\/guide-de-survie-culturel-special-confinement-fabrice-du-welz\/#breadcrumb"},"inLanguage":"fr-FR","potentialAction":[{"@type":"ReadAction","target":["https:\/\/welovecinema.be\/fr\/guide-de-survie-culturel-special-confinement-fabrice-du-welz\/"]}]},{"@type":"BreadcrumbList","@id":"https:\/\/welovecinema.be\/fr\/guide-de-survie-culturel-special-confinement-fabrice-du-welz\/#breadcrumb","itemListElement":[{"@type":"ListItem","position":1,"name":"Accueil","item":"https:\/\/welovecinema.be\/fr\/"},{"@type":"ListItem","position":2,"name":"Guide de survie culturel sp\u00e9cial confinement: Fabrice du Welz"}]},{"@type":"WebSite","@id":"https:\/\/welovecinema.be\/nl\/#website","url":"https:\/\/welovecinema.be\/nl\/","name":"We Love Cinema","description":"Toute l\u2019information du cin\u00e9ma en Belgique","publisher":{"@id":"https:\/\/welovecinema.be\/nl\/#organization"},"potentialAction":[{"@type":"SearchAction","target":{"@type":"EntryPoint","urlTemplate":"https:\/\/welovecinema.be\/nl\/?s={search_term_string}"},"query-input":"required name=search_term_string"}],"inLanguage":"fr-FR"},{"@type":"Organization","@id":"https:\/\/welovecinema.be\/nl\/#organization","name":"We Love Cinema","url":"https:\/\/welovecinema.be\/nl\/","logo":{"@type":"ImageObject","inLanguage":"fr-FR","@id":"https:\/\/welovecinema.be\/nl\/#\/schema\/logo\/image\/","url":"https:\/\/welovecinema.be\/wp-content\/uploads\/sites\/2\/2023\/03\/Logo-We-Love-Cinema305x128.jpg","contentUrl":"https:\/\/welovecinema.be\/wp-content\/uploads\/sites\/2\/2023\/03\/Logo-We-Love-Cinema305x128.jpg","width":305,"height":128,"caption":"We Love Cinema"},"image":{"@id":"https:\/\/welovecinema.be\/nl\/#\/schema\/logo\/image\/"},"sameAs":["https:\/\/www.facebook.com\/welovecinema.be","https:\/\/www.youtube.com\/channel\/UCX5LYGVhnKvYauW4Nta4HJA","https:\/\/www.instagram.com\/welovecinema.be\/"]},{"@type":"Person","@id":"https:\/\/welovecinema.be\/nl\/#\/schema\/person\/8084b68c6b176142d073695c654dc7cf","name":"Aurore Engelen","url":"https:\/\/welovecinema.be\/fr\/author\/aurore-engelen\/"}]}},"_links":{"self":[{"href":"https:\/\/welovecinema.be\/fr\/wp-json\/wp\/v2\/posts\/227410","targetHints":{"allow":["GET"]}}],"collection":[{"href":"https:\/\/welovecinema.be\/fr\/wp-json\/wp\/v2\/posts"}],"about":[{"href":"https:\/\/welovecinema.be\/fr\/wp-json\/wp\/v2\/types\/post"}],"author":[{"embeddable":true,"href":"https:\/\/welovecinema.be\/fr\/wp-json\/wp\/v2\/users\/343"}],"replies":[{"embeddable":true,"href":"https:\/\/welovecinema.be\/fr\/wp-json\/wp\/v2\/comments?post=227410"}],"version-history":[{"count":0,"href":"https:\/\/welovecinema.be\/fr\/wp-json\/wp\/v2\/posts\/227410\/revisions"}],"wp:featuredmedia":[{"embeddable":true,"href":"https:\/\/welovecinema.be\/fr\/wp-json\/wp\/v2\/media\/227411"}],"wp:attachment":[{"href":"https:\/\/welovecinema.be\/fr\/wp-json\/wp\/v2\/media?parent=227410"}],"wp:term":[{"taxonomy":"category","embeddable":true,"href":"https:\/\/welovecinema.be\/fr\/wp-json\/wp\/v2\/categories?post=227410"},{"taxonomy":"post_tag","embeddable":true,"href":"https:\/\/welovecinema.be\/fr\/wp-json\/wp\/v2\/tags?post=227410"}],"curies":[{"name":"wp","href":"https:\/\/api.w.org\/{rel}","templated":true}]}}