{"id":226632,"date":"2020-02-10T09:40:05","date_gmt":"2020-02-10T08:40:05","guid":{"rendered":"https:\/\/www.cinevox.be\/?p=226632"},"modified":"2020-02-10T10:21:31","modified_gmt":"2020-02-10T09:21:31","slug":"da-yie-danthony-nti-et-zombies-de-baloji-primes-a-clermont-ferrand","status":"publish","type":"post","link":"https:\/\/welovecinema.be\/fr\/da-yie-danthony-nti-et-zombies-de-baloji-primes-a-clermont-ferrand\/","title":{"rendered":"\u00ab\u00a0Da Yie\u00a0\u00bb d&rsquo;Anthony Nti et \u00ab\u00a0Zombies\u00a0\u00bb de Baloji prim\u00e9s \u00e0 Clermont-Ferrand"},"content":{"rendered":"<p><strong>Le 42e Festival International du Court M\u00e9trage s\u2019est achev\u00e9 samedi 8 f\u00e9vrier \u00e0 Clermont-Ferrand avec l&rsquo;annonce de son palmar\u00e8s. Le Grand Prix a \u00e9t\u00e9 attribu\u00e9 au film belgo-ghan\u00e9en <em>Da Yie<\/em> d&rsquo;Anthony Nti.<\/strong><\/p>\n<p><em>Da Yie<\/em> embo\u00eete le pas d&rsquo;un \u00e9tranger qui a pour mission de recruter des enfants au Ghana pour une mission \u00e0 haut-risque. Mais apr\u00e8s avoir rencontr\u00e9 Prince et Mathilda, plein de vie, et les avoir attir\u00e9 dans sa bande, il commence \u00e0 douter, craignant que leur destin ne bascule. Le film a d\u00e9j\u00e0 \u00e9t\u00e9 prim\u00e9s au Festival de Gand, ainsi qu&rsquo;\u00e0 celui de Louvain.<\/p>\n<p><iframe loading=\"lazy\" title=\"Da Yie ll Film Fest Gent 2019 ll #BelgianStudentShort\" width=\"618\" height=\"348\" src=\"https:\/\/www.youtube.com\/embed\/3Z0djSAwQXQ?feature=oembed\" frameborder=\"0\" allow=\"accelerometer; autoplay; clipboard-write; encrypted-media; gyroscope; picture-in-picture; web-share\" referrerpolicy=\"strict-origin-when-cross-origin\" allowfullscreen><\/iframe><\/p>\n<p>&nbsp;<\/p>\n<p>Dans la section Labo, Baloji a re\u00e7u le Prix Festivals Connexion \u2013 Auvergne-Rh\u00f4ne-Alpes pour son film autoproduit <em>Zombies<\/em>. <em>\u00ab\u00a0Je d\u00e9die ce prix \u00e0 tous les r\u00e9alisateurs qui se battent pour que leurs projets existent sans avoir de moyens\u00a0\u00bb<\/em> a-t-il d\u00e9clar\u00e9 lors de la c\u00e9r\u00e9monie. L&rsquo;artiste multidisciplinaire, musicien, com\u00e9die, cin\u00e9aste pr\u00e9pare actuellement son premier long m\u00e9trage avec la productrice notamment du duo Cattet &amp; Forzani, Eve Commenge (Anonymes Films). Le film est \u00e0 d\u00e9couvrir dans son int\u00e9gralit\u00e9 ci-dessous:<\/p>\n<p><iframe loading=\"lazy\" title=\"Baloji - ZOMBIES (Official Short film)\" width=\"618\" height=\"348\" src=\"https:\/\/www.youtube.com\/embed\/pJuZ7qhcKho?feature=oembed\" frameborder=\"0\" allow=\"accelerometer; autoplay; clipboard-write; encrypted-media; gyroscope; picture-in-picture; web-share\" referrerpolicy=\"strict-origin-when-cross-origin\" allowfullscreen><\/iframe><\/p>\n<p>&nbsp;<\/p>\n<p>Notons que dans la Comp\u00e9tition Nationale, le Prix du meilleur film d\u2019animation francophone (SACD) a \u00e9t\u00e9 remis \u00e0 <em>Traces<\/em> de Hugo Frassetto et Sophie Tavert Macian, produit en Belgique par Arnaud Demuynck et La Bo\u00eete Productions&#8230;<\/p>\n<p>&nbsp;<\/p>\n<p>Enfin, Lia Bertels, qui \u00e9tait r\u00e9cemment en lice aux Magritte pour <em>Nuit ch\u00e9rie<\/em>, a remport\u00e9 la Bourse la Poule qui pond pour son nouveau film, <em>On n&rsquo;est pas pr\u00e8s d&rsquo;\u00eatre des super-h\u00e9ros<\/em>, que l&rsquo;on pourra d\u00e9couvrir \u00e0 Anima.<\/p>\n<p><iframe loading=\"lazy\" title=\"On est pas pr\u00e8s d&#039;\u00eatre des Super H\u00e9ros \/\/ And Yet we&#039;re not Super Heroes \/\/ TRAILER\" src=\"https:\/\/player.vimeo.com\/video\/376389344?dnt=1&amp;app_id=122963\" width=\"618\" height=\"348\" frameborder=\"0\" allow=\"autoplay; fullscreen; picture-in-picture; clipboard-write; encrypted-media\"><\/iframe><\/p>\n<p>&nbsp;<\/p>\n<p>&nbsp;<\/p>\n<p>&nbsp;<\/p>\n<p>&nbsp;<\/p>\n","protected":false},"excerpt":{"rendered":"<p>Le 42e Festival International du Court M\u00e9trage s\u2019est achev\u00e9 samedi 8 f\u00e9vrier \u00e0 Clermont-Ferrand avec l&rsquo;annonce de son palmar\u00e8s. Le Grand Prix a \u00e9t\u00e9 attribu\u00e9 au film belgo-ghan\u00e9en Da Yie d&rsquo;Anthony Nti. Da Yie embo\u00eete le pas d&rsquo;un \u00e9tranger qui a pour mission de recruter des enfants au Ghana pour une mission \u00e0 haut-risque. Mais &hellip;<\/p>\n","protected":false},"author":343,"featured_media":226637,"comment_status":"closed","ping_status":"closed","sticky":false,"template":"","format":"standard","meta":{"ngg_post_thumbnail":0,"footnotes":""},"categories":[1923,12],"tags":[4166,4838,4187],"class_list":["post-226632","post","type-post","status-publish","format-standard","has-post-thumbnail","","category-en-bref","category-awards","tag-baloji-2","tag-lia-bertels","tag-newsletter-fr"],"yoast_head":"<!-- This site is optimized with the Yoast SEO plugin v20.4 - https:\/\/yoast.com\/wordpress\/plugins\/seo\/ -->\n<title>&quot;Da Yie&quot; d&#039;Anthony Nti et &quot;Zombies&quot; de Baloji prim\u00e9s \u00e0 Clermont-Ferrand - We Love Cinema<\/title>\n<meta name=\"robots\" content=\"index, follow, max-snippet:-1, max-image-preview:large, max-video-preview:-1\" \/>\n<link rel=\"canonical\" href=\"https:\/\/welovecinema.be\/fr\/da-yie-danthony-nti-et-zombies-de-baloji-primes-a-clermont-ferrand\/\" \/>\n<meta property=\"og:locale\" content=\"fr_FR\" \/>\n<meta property=\"og:type\" content=\"article\" \/>\n<meta property=\"og:title\" content=\"&quot;Da Yie&quot; d&#039;Anthony Nti et &quot;Zombies&quot; de Baloji prim\u00e9s \u00e0 Clermont-Ferrand - We Love Cinema\" \/>\n<meta property=\"og:description\" content=\"Le 42e Festival International du Court M\u00e9trage s\u2019est achev\u00e9 samedi 8 f\u00e9vrier \u00e0 Clermont-Ferrand avec l&rsquo;annonce de son palmar\u00e8s. Le Grand Prix a \u00e9t\u00e9 attribu\u00e9 au film belgo-ghan\u00e9en Da Yie d&rsquo;Anthony Nti. Da Yie embo\u00eete le pas d&rsquo;un \u00e9tranger qui a pour mission de recruter des enfants au Ghana pour une mission \u00e0 haut-risque. Mais &hellip;\" \/>\n<meta property=\"og:url\" content=\"https:\/\/welovecinema.be\/fr\/da-yie-danthony-nti-et-zombies-de-baloji-primes-a-clermont-ferrand\/\" \/>\n<meta property=\"og:site_name\" content=\"We Love Cinema\" \/>\n<meta property=\"article:publisher\" content=\"https:\/\/www.facebook.com\/welovecinema.be\" \/>\n<meta property=\"article:published_time\" content=\"2020-02-10T08:40:05+00:00\" \/>\n<meta property=\"article:modified_time\" content=\"2020-02-10T09:21:31+00:00\" \/>\n<meta property=\"og:image\" content=\"https:\/\/welovecinema.be\/wp-content\/uploads\/sites\/2\/2020\/02\/ezgif-4-64a41c635f7b.jpg\" \/>\n\t<meta property=\"og:image:width\" content=\"1320\" \/>\n\t<meta property=\"og:image:height\" content=\"639\" \/>\n\t<meta property=\"og:image:type\" content=\"image\/jpeg\" \/>\n<meta name=\"author\" content=\"Aurore Engelen\" \/>\n<meta name=\"twitter:card\" content=\"summary_large_image\" \/>\n<meta name=\"twitter:label1\" content=\"\u00c9crit par\" \/>\n\t<meta name=\"twitter:data1\" content=\"Aurore Engelen\" \/>\n\t<meta name=\"twitter:label2\" content=\"Dur\u00e9e de lecture estim\u00e9e\" \/>\n\t<meta name=\"twitter:data2\" content=\"1 minute\" \/>\n<script type=\"application\/ld+json\" class=\"yoast-schema-graph\">{\"@context\":\"https:\/\/schema.org\",\"@graph\":[{\"@type\":\"Article\",\"@id\":\"https:\/\/welovecinema.be\/fr\/da-yie-danthony-nti-et-zombies-de-baloji-primes-a-clermont-ferrand\/#article\",\"isPartOf\":{\"@id\":\"https:\/\/welovecinema.be\/fr\/da-yie-danthony-nti-et-zombies-de-baloji-primes-a-clermont-ferrand\/\"},\"author\":{\"name\":\"Aurore Engelen\",\"@id\":\"https:\/\/welovecinema.be\/nl\/#\/schema\/person\/8084b68c6b176142d073695c654dc7cf\"},\"headline\":\"\u00ab\u00a0Da Yie\u00a0\u00bb d&rsquo;Anthony Nti et \u00ab\u00a0Zombies\u00a0\u00bb de Baloji prim\u00e9s \u00e0 Clermont-Ferrand\",\"datePublished\":\"2020-02-10T08:40:05+00:00\",\"dateModified\":\"2020-02-10T09:21:31+00:00\",\"mainEntityOfPage\":{\"@id\":\"https:\/\/welovecinema.be\/fr\/da-yie-danthony-nti-et-zombies-de-baloji-primes-a-clermont-ferrand\/\"},\"wordCount\":307,\"publisher\":{\"@id\":\"https:\/\/welovecinema.be\/nl\/#organization\"},\"keywords\":[\"baloji\",\"Lia Bertels\",\"newsletter\"],\"articleSection\":[\"En bref\",\"Evenements\"],\"inLanguage\":\"fr-FR\"},{\"@type\":\"WebPage\",\"@id\":\"https:\/\/welovecinema.be\/fr\/da-yie-danthony-nti-et-zombies-de-baloji-primes-a-clermont-ferrand\/\",\"url\":\"https:\/\/welovecinema.be\/fr\/da-yie-danthony-nti-et-zombies-de-baloji-primes-a-clermont-ferrand\/\",\"name\":\"\\\"Da Yie\\\" d'Anthony Nti et \\\"Zombies\\\" de Baloji prim\u00e9s \u00e0 Clermont-Ferrand - We Love Cinema\",\"isPartOf\":{\"@id\":\"https:\/\/welovecinema.be\/nl\/#website\"},\"datePublished\":\"2020-02-10T08:40:05+00:00\",\"dateModified\":\"2020-02-10T09:21:31+00:00\",\"breadcrumb\":{\"@id\":\"https:\/\/welovecinema.be\/fr\/da-yie-danthony-nti-et-zombies-de-baloji-primes-a-clermont-ferrand\/#breadcrumb\"},\"inLanguage\":\"fr-FR\",\"potentialAction\":[{\"@type\":\"ReadAction\",\"target\":[\"https:\/\/welovecinema.be\/fr\/da-yie-danthony-nti-et-zombies-de-baloji-primes-a-clermont-ferrand\/\"]}]},{\"@type\":\"BreadcrumbList\",\"@id\":\"https:\/\/welovecinema.be\/fr\/da-yie-danthony-nti-et-zombies-de-baloji-primes-a-clermont-ferrand\/#breadcrumb\",\"itemListElement\":[{\"@type\":\"ListItem\",\"position\":1,\"name\":\"Accueil\",\"item\":\"https:\/\/welovecinema.be\/fr\/\"},{\"@type\":\"ListItem\",\"position\":2,\"name\":\"\u00ab\u00a0Da Yie\u00a0\u00bb d&rsquo;Anthony Nti et \u00ab\u00a0Zombies\u00a0\u00bb de Baloji prim\u00e9s \u00e0 Clermont-Ferrand\"}]},{\"@type\":\"WebSite\",\"@id\":\"https:\/\/welovecinema.be\/nl\/#website\",\"url\":\"https:\/\/welovecinema.be\/nl\/\",\"name\":\"We Love Cinema\",\"description\":\"Toute l\u2019information du cin\u00e9ma en Belgique\",\"publisher\":{\"@id\":\"https:\/\/welovecinema.be\/nl\/#organization\"},\"potentialAction\":[{\"@type\":\"SearchAction\",\"target\":{\"@type\":\"EntryPoint\",\"urlTemplate\":\"https:\/\/welovecinema.be\/nl\/?s={search_term_string}\"},\"query-input\":\"required name=search_term_string\"}],\"inLanguage\":\"fr-FR\"},{\"@type\":\"Organization\",\"@id\":\"https:\/\/welovecinema.be\/nl\/#organization\",\"name\":\"We Love Cinema\",\"url\":\"https:\/\/welovecinema.be\/nl\/\",\"logo\":{\"@type\":\"ImageObject\",\"inLanguage\":\"fr-FR\",\"@id\":\"https:\/\/welovecinema.be\/nl\/#\/schema\/logo\/image\/\",\"url\":\"https:\/\/welovecinema.be\/wp-content\/uploads\/sites\/2\/2023\/03\/Logo-We-Love-Cinema305x128.jpg\",\"contentUrl\":\"https:\/\/welovecinema.be\/wp-content\/uploads\/sites\/2\/2023\/03\/Logo-We-Love-Cinema305x128.jpg\",\"width\":305,\"height\":128,\"caption\":\"We Love Cinema\"},\"image\":{\"@id\":\"https:\/\/welovecinema.be\/nl\/#\/schema\/logo\/image\/\"},\"sameAs\":[\"https:\/\/www.facebook.com\/welovecinema.be\",\"https:\/\/www.youtube.com\/channel\/UCX5LYGVhnKvYauW4Nta4HJA\",\"https:\/\/www.instagram.com\/welovecinema.be\/\"]},{\"@type\":\"Person\",\"@id\":\"https:\/\/welovecinema.be\/nl\/#\/schema\/person\/8084b68c6b176142d073695c654dc7cf\",\"name\":\"Aurore Engelen\",\"url\":\"https:\/\/welovecinema.be\/fr\/author\/aurore-engelen\/\"}]}<\/script>\n<!-- \/ Yoast SEO plugin. -->","yoast_head_json":{"title":"\"Da Yie\" d'Anthony Nti et \"Zombies\" de Baloji prim\u00e9s \u00e0 Clermont-Ferrand - We Love Cinema","robots":{"index":"index","follow":"follow","max-snippet":"max-snippet:-1","max-image-preview":"max-image-preview:large","max-video-preview":"max-video-preview:-1"},"canonical":"https:\/\/welovecinema.be\/fr\/da-yie-danthony-nti-et-zombies-de-baloji-primes-a-clermont-ferrand\/","og_locale":"fr_FR","og_type":"article","og_title":"\"Da Yie\" d'Anthony Nti et \"Zombies\" de Baloji prim\u00e9s \u00e0 Clermont-Ferrand - We Love Cinema","og_description":"Le 42e Festival International du Court M\u00e9trage s\u2019est achev\u00e9 samedi 8 f\u00e9vrier \u00e0 Clermont-Ferrand avec l&rsquo;annonce de son palmar\u00e8s. Le Grand Prix a \u00e9t\u00e9 attribu\u00e9 au film belgo-ghan\u00e9en Da Yie d&rsquo;Anthony Nti. Da Yie embo\u00eete le pas d&rsquo;un \u00e9tranger qui a pour mission de recruter des enfants au Ghana pour une mission \u00e0 haut-risque. Mais &hellip;","og_url":"https:\/\/welovecinema.be\/fr\/da-yie-danthony-nti-et-zombies-de-baloji-primes-a-clermont-ferrand\/","og_site_name":"We Love Cinema","article_publisher":"https:\/\/www.facebook.com\/welovecinema.be","article_published_time":"2020-02-10T08:40:05+00:00","article_modified_time":"2020-02-10T09:21:31+00:00","og_image":[{"width":1320,"height":639,"url":"https:\/\/welovecinema.be\/wp-content\/uploads\/sites\/2\/2020\/02\/ezgif-4-64a41c635f7b.jpg","type":"image\/jpeg"}],"author":"Aurore Engelen","twitter_card":"summary_large_image","twitter_misc":{"\u00c9crit par":"Aurore Engelen","Dur\u00e9e de lecture estim\u00e9e":"1 minute"},"schema":{"@context":"https:\/\/schema.org","@graph":[{"@type":"Article","@id":"https:\/\/welovecinema.be\/fr\/da-yie-danthony-nti-et-zombies-de-baloji-primes-a-clermont-ferrand\/#article","isPartOf":{"@id":"https:\/\/welovecinema.be\/fr\/da-yie-danthony-nti-et-zombies-de-baloji-primes-a-clermont-ferrand\/"},"author":{"name":"Aurore Engelen","@id":"https:\/\/welovecinema.be\/nl\/#\/schema\/person\/8084b68c6b176142d073695c654dc7cf"},"headline":"\u00ab\u00a0Da Yie\u00a0\u00bb d&rsquo;Anthony Nti et \u00ab\u00a0Zombies\u00a0\u00bb de Baloji prim\u00e9s \u00e0 Clermont-Ferrand","datePublished":"2020-02-10T08:40:05+00:00","dateModified":"2020-02-10T09:21:31+00:00","mainEntityOfPage":{"@id":"https:\/\/welovecinema.be\/fr\/da-yie-danthony-nti-et-zombies-de-baloji-primes-a-clermont-ferrand\/"},"wordCount":307,"publisher":{"@id":"https:\/\/welovecinema.be\/nl\/#organization"},"keywords":["baloji","Lia Bertels","newsletter"],"articleSection":["En bref","Evenements"],"inLanguage":"fr-FR"},{"@type":"WebPage","@id":"https:\/\/welovecinema.be\/fr\/da-yie-danthony-nti-et-zombies-de-baloji-primes-a-clermont-ferrand\/","url":"https:\/\/welovecinema.be\/fr\/da-yie-danthony-nti-et-zombies-de-baloji-primes-a-clermont-ferrand\/","name":"\"Da Yie\" d'Anthony Nti et \"Zombies\" de Baloji prim\u00e9s \u00e0 Clermont-Ferrand - We Love Cinema","isPartOf":{"@id":"https:\/\/welovecinema.be\/nl\/#website"},"datePublished":"2020-02-10T08:40:05+00:00","dateModified":"2020-02-10T09:21:31+00:00","breadcrumb":{"@id":"https:\/\/welovecinema.be\/fr\/da-yie-danthony-nti-et-zombies-de-baloji-primes-a-clermont-ferrand\/#breadcrumb"},"inLanguage":"fr-FR","potentialAction":[{"@type":"ReadAction","target":["https:\/\/welovecinema.be\/fr\/da-yie-danthony-nti-et-zombies-de-baloji-primes-a-clermont-ferrand\/"]}]},{"@type":"BreadcrumbList","@id":"https:\/\/welovecinema.be\/fr\/da-yie-danthony-nti-et-zombies-de-baloji-primes-a-clermont-ferrand\/#breadcrumb","itemListElement":[{"@type":"ListItem","position":1,"name":"Accueil","item":"https:\/\/welovecinema.be\/fr\/"},{"@type":"ListItem","position":2,"name":"\u00ab\u00a0Da Yie\u00a0\u00bb d&rsquo;Anthony Nti et \u00ab\u00a0Zombies\u00a0\u00bb de Baloji prim\u00e9s \u00e0 Clermont-Ferrand"}]},{"@type":"WebSite","@id":"https:\/\/welovecinema.be\/nl\/#website","url":"https:\/\/welovecinema.be\/nl\/","name":"We Love Cinema","description":"Toute l\u2019information du cin\u00e9ma en Belgique","publisher":{"@id":"https:\/\/welovecinema.be\/nl\/#organization"},"potentialAction":[{"@type":"SearchAction","target":{"@type":"EntryPoint","urlTemplate":"https:\/\/welovecinema.be\/nl\/?s={search_term_string}"},"query-input":"required name=search_term_string"}],"inLanguage":"fr-FR"},{"@type":"Organization","@id":"https:\/\/welovecinema.be\/nl\/#organization","name":"We Love Cinema","url":"https:\/\/welovecinema.be\/nl\/","logo":{"@type":"ImageObject","inLanguage":"fr-FR","@id":"https:\/\/welovecinema.be\/nl\/#\/schema\/logo\/image\/","url":"https:\/\/welovecinema.be\/wp-content\/uploads\/sites\/2\/2023\/03\/Logo-We-Love-Cinema305x128.jpg","contentUrl":"https:\/\/welovecinema.be\/wp-content\/uploads\/sites\/2\/2023\/03\/Logo-We-Love-Cinema305x128.jpg","width":305,"height":128,"caption":"We Love Cinema"},"image":{"@id":"https:\/\/welovecinema.be\/nl\/#\/schema\/logo\/image\/"},"sameAs":["https:\/\/www.facebook.com\/welovecinema.be","https:\/\/www.youtube.com\/channel\/UCX5LYGVhnKvYauW4Nta4HJA","https:\/\/www.instagram.com\/welovecinema.be\/"]},{"@type":"Person","@id":"https:\/\/welovecinema.be\/nl\/#\/schema\/person\/8084b68c6b176142d073695c654dc7cf","name":"Aurore Engelen","url":"https:\/\/welovecinema.be\/fr\/author\/aurore-engelen\/"}]}},"_links":{"self":[{"href":"https:\/\/welovecinema.be\/fr\/wp-json\/wp\/v2\/posts\/226632","targetHints":{"allow":["GET"]}}],"collection":[{"href":"https:\/\/welovecinema.be\/fr\/wp-json\/wp\/v2\/posts"}],"about":[{"href":"https:\/\/welovecinema.be\/fr\/wp-json\/wp\/v2\/types\/post"}],"author":[{"embeddable":true,"href":"https:\/\/welovecinema.be\/fr\/wp-json\/wp\/v2\/users\/343"}],"replies":[{"embeddable":true,"href":"https:\/\/welovecinema.be\/fr\/wp-json\/wp\/v2\/comments?post=226632"}],"version-history":[{"count":0,"href":"https:\/\/welovecinema.be\/fr\/wp-json\/wp\/v2\/posts\/226632\/revisions"}],"wp:featuredmedia":[{"embeddable":true,"href":"https:\/\/welovecinema.be\/fr\/wp-json\/wp\/v2\/media\/226637"}],"wp:attachment":[{"href":"https:\/\/welovecinema.be\/fr\/wp-json\/wp\/v2\/media?parent=226632"}],"wp:term":[{"taxonomy":"category","embeddable":true,"href":"https:\/\/welovecinema.be\/fr\/wp-json\/wp\/v2\/categories?post=226632"},{"taxonomy":"post_tag","embeddable":true,"href":"https:\/\/welovecinema.be\/fr\/wp-json\/wp\/v2\/tags?post=226632"}],"curies":[{"name":"wp","href":"https:\/\/api.w.org\/{rel}","templated":true}]}}