{"id":226489,"date":"2020-01-31T09:23:59","date_gmt":"2020-01-31T08:23:59","guid":{"rendered":"https:\/\/www.cinevox.be\/?p=226489"},"modified":"2020-02-06T17:09:03","modified_gmt":"2020-02-06T16:09:03","slug":"adoration-et-la-foret-de-mon-pere-aux-12e-rencontres-images-mentales","status":"publish","type":"post","link":"https:\/\/welovecinema.be\/fr\/adoration-et-la-foret-de-mon-pere-aux-12e-rencontres-images-mentales\/","title":{"rendered":"\u00ab\u00a0Adoration\u00a0\u00bb et \u00ab\u00a0La For\u00eat de mon p\u00e8re\u00a0\u00bb aux 12e Rencontres Images mentales"},"content":{"rendered":"<p class=\"font_8\"><strong>Les\u00a0<span class=\"color_13\">\u00ab<\/span><span class=\"color_18\">\u00a0Rencontres Images Mentales\u00a0<\/span><span class=\"color_14\">\u00bb<\/span>\u00a0(RIM) pr\u00e9sentent chaque ann\u00e9e une s\u00e9lection de films documentaires et de fiction et invitent des cin\u00e9astes qui portent un regard singulier. Leurs films d\u00e9bouchent sur des discussions au sujet des multiples images de la folie qui, si elle peut parfois \u00eatre grandiose, ne doit pas occulter qu\u2019il y est toujours question de souffrance.<\/strong><\/p>\n<p class=\"font_8\">Le premier objectif des RIM est de\u00a0<span class=\"color_18\">permettre la rencontre et la r\u00e9flexion autour d\u2019images de la sant\u00e9 mentale<\/span>. Elles se d\u00e9roulent volontairement dans un centre culturel. C\u2019est un espace citoyen, propice aux rencontres entre professionnels de la sant\u00e9 mentale, professionnels de l\u2019image, des institutions et le public.<\/p>\n<p><img loading=\"lazy\" decoding=\"async\" class=\"alignnone size-large wp-image-223684\" src=\"https:\/\/www.cinevox.be\/wp-content\/uploads\/sites\/2\/2019\/10\/La-Foret-De-Mon-Pere2-800x422.jpg\" alt=\"La-Foret-De-Mon-Pere2\" width=\"618\" height=\"326\" srcset=\"https:\/\/welovecinema.be\/wp-content\/uploads\/sites\/2\/2019\/10\/La-Foret-De-Mon-Pere2-800x422.jpg 800w, https:\/\/welovecinema.be\/wp-content\/uploads\/sites\/2\/2019\/10\/La-Foret-De-Mon-Pere2-480x253.jpg 480w, https:\/\/welovecinema.be\/wp-content\/uploads\/sites\/2\/2019\/10\/La-Foret-De-Mon-Pere2-768x405.jpg 768w, https:\/\/welovecinema.be\/wp-content\/uploads\/sites\/2\/2019\/10\/La-Foret-De-Mon-Pere2-310x165.jpg 310w, https:\/\/welovecinema.be\/wp-content\/uploads\/sites\/2\/2019\/10\/La-Foret-De-Mon-Pere2.jpg 2048w\" sizes=\"auto, (max-width: 618px) 100vw, 618px\" \/><\/p>\n<p>Au programme de cette \u00e9dition, on retrouvera le premier film de Vero Cratzborn, <strong><a href=\"https:\/\/www.cinevox.be\/fr\/la-foret-de-mon-pere-a-la-folie\/\"><em>La For\u00eat de mon p\u00e8re<\/em><\/a>,<\/strong> qui<span class=\"s1\"> suit l\u2019itin\u00e9raire d\u2019une jeune fille qui confront\u00e9e \u00e0 la folie de son p\u00e8re, sur laquelle elle du mal \u00e0 mettre des mots, entre malgr\u00e9 elle dans l\u2019\u00e2ge adulte. <\/span><span class=\"s1\">Quand on a grandi avec la folie comme compagne, difficile de la dissocier de la normalit\u00e9. Gina va devoir sortir d\u2019elle-m\u00eame, sortir des limites de son jardin priv\u00e9, pour parvenir \u00e0 voir dans la for\u00eat de son p\u00e8re la lumi\u00e8re qui filtre \u00e0 travers la cime des arbres, mais aussi la noirceur qui tombe dans les sous-bois. Rendez-vous le samedi 8 f\u00e9vrier \u00e0 20h \u00e0 la V\u00e9nerie.<\/span><\/p>\n<p><img loading=\"lazy\" decoding=\"async\" class=\"alignnone size-large wp-image-224027\" src=\"https:\/\/www.cinevox.be\/wp-content\/uploads\/sites\/2\/2019\/10\/Adoration_Kris_Dewitter-800x532.jpg\" alt=\"Adoration_Kris_Dewitter\" width=\"618\" height=\"411\" srcset=\"https:\/\/welovecinema.be\/wp-content\/uploads\/sites\/2\/2019\/10\/Adoration_Kris_Dewitter-800x532.jpg 800w, https:\/\/welovecinema.be\/wp-content\/uploads\/sites\/2\/2019\/10\/Adoration_Kris_Dewitter-406x270.jpg 406w, https:\/\/welovecinema.be\/wp-content\/uploads\/sites\/2\/2019\/10\/Adoration_Kris_Dewitter-768x511.jpg 768w, https:\/\/welovecinema.be\/wp-content\/uploads\/sites\/2\/2019\/10\/Adoration_Kris_Dewitter-310x205.jpg 310w, https:\/\/welovecinema.be\/wp-content\/uploads\/sites\/2\/2019\/10\/Adoration_Kris_Dewitter.jpg 1205w\" sizes=\"auto, (max-width: 618px) 100vw, 618px\" \/><\/p>\n<p>Le mercredi 12 \u00e0 18h et 20h30, le festival diffuse <a href=\"https:\/\/www.cinevox.be\/fr\/adoration-le-fol-amour\/\"><strong><em>Adoration<\/em><\/strong><\/a>, le dernier film de Fabrice du Welz, qui suit quant \u00e0 lui la fugue chaotique d&rsquo;une jeune fille atteinte de troubles psychiques qui l&rsquo;entrainent irr\u00e9m\u00e9diablement dans la folie, et du jeune gar\u00e7on qui par amour va essayer de la sauver d&rsquo;elle-m\u00eame.<\/p>\n<p>Plus d&rsquo;infos sur le <a href=\"https:\/\/www.psymages.be\/edition2020\">site du festival<\/a>.<\/p>\n","protected":false},"excerpt":{"rendered":"<p>Les\u00a0\u00ab\u00a0Rencontres Images Mentales\u00a0\u00bb\u00a0(RIM) pr\u00e9sentent chaque ann\u00e9e une s\u00e9lection de films documentaires et de fiction et invitent des cin\u00e9astes qui portent un regard singulier. Leurs films d\u00e9bouchent sur des discussions au sujet des multiples images de la folie qui, si elle peut parfois \u00eatre grandiose, ne doit pas occulter qu\u2019il y est toujours question de souffrance. &hellip;<\/p>\n","protected":false},"author":343,"featured_media":226490,"comment_status":"closed","ping_status":"closed","sticky":false,"template":"","format":"standard","meta":{"ngg_post_thumbnail":0,"footnotes":""},"categories":[1923],"tags":[4187],"class_list":["post-226489","post","type-post","status-publish","format-standard","has-post-thumbnail","","category-en-bref","tag-newsletter-fr"],"yoast_head":"<!-- This site is optimized with the Yoast SEO plugin v20.4 - https:\/\/yoast.com\/wordpress\/plugins\/seo\/ -->\n<title>&quot;Adoration&quot; et &quot;La For\u00eat de mon p\u00e8re&quot; aux 12e Rencontres Images mentales - We Love Cinema<\/title>\n<meta name=\"robots\" content=\"index, follow, max-snippet:-1, max-image-preview:large, max-video-preview:-1\" \/>\n<link rel=\"canonical\" href=\"https:\/\/welovecinema.be\/fr\/adoration-et-la-foret-de-mon-pere-aux-12e-rencontres-images-mentales\/\" \/>\n<meta property=\"og:locale\" content=\"fr_FR\" \/>\n<meta property=\"og:type\" content=\"article\" \/>\n<meta property=\"og:title\" content=\"&quot;Adoration&quot; et &quot;La For\u00eat de mon p\u00e8re&quot; aux 12e Rencontres Images mentales - We Love Cinema\" \/>\n<meta property=\"og:description\" content=\"Les\u00a0\u00ab\u00a0Rencontres Images Mentales\u00a0\u00bb\u00a0(RIM) pr\u00e9sentent chaque ann\u00e9e une s\u00e9lection de films documentaires et de fiction et invitent des cin\u00e9astes qui portent un regard singulier. Leurs films d\u00e9bouchent sur des discussions au sujet des multiples images de la folie qui, si elle peut parfois \u00eatre grandiose, ne doit pas occulter qu\u2019il y est toujours question de souffrance. &hellip;\" \/>\n<meta property=\"og:url\" content=\"https:\/\/welovecinema.be\/fr\/adoration-et-la-foret-de-mon-pere-aux-12e-rencontres-images-mentales\/\" \/>\n<meta property=\"og:site_name\" content=\"We Love Cinema\" \/>\n<meta property=\"article:publisher\" content=\"https:\/\/www.facebook.com\/welovecinema.be\" \/>\n<meta property=\"article:published_time\" content=\"2020-01-31T08:23:59+00:00\" \/>\n<meta property=\"article:modified_time\" content=\"2020-02-06T16:09:03+00:00\" \/>\n<meta property=\"og:image\" content=\"https:\/\/welovecinema.be\/wp-content\/uploads\/sites\/2\/2020\/01\/imagesmentales2020.png\" \/>\n\t<meta property=\"og:image:width\" content=\"549\" \/>\n\t<meta property=\"og:image:height\" content=\"239\" \/>\n\t<meta property=\"og:image:type\" content=\"image\/png\" \/>\n<meta name=\"author\" content=\"Aurore Engelen\" \/>\n<meta name=\"twitter:card\" content=\"summary_large_image\" \/>\n<meta name=\"twitter:label1\" content=\"\u00c9crit par\" \/>\n\t<meta name=\"twitter:data1\" content=\"Aurore Engelen\" \/>\n\t<meta name=\"twitter:label2\" content=\"Dur\u00e9e de lecture estim\u00e9e\" \/>\n\t<meta name=\"twitter:data2\" content=\"1 minute\" \/>\n<script type=\"application\/ld+json\" class=\"yoast-schema-graph\">{\"@context\":\"https:\/\/schema.org\",\"@graph\":[{\"@type\":\"Article\",\"@id\":\"https:\/\/welovecinema.be\/fr\/adoration-et-la-foret-de-mon-pere-aux-12e-rencontres-images-mentales\/#article\",\"isPartOf\":{\"@id\":\"https:\/\/welovecinema.be\/fr\/adoration-et-la-foret-de-mon-pere-aux-12e-rencontres-images-mentales\/\"},\"author\":{\"name\":\"Aurore Engelen\",\"@id\":\"https:\/\/welovecinema.be\/nl\/#\/schema\/person\/8084b68c6b176142d073695c654dc7cf\"},\"headline\":\"\u00ab\u00a0Adoration\u00a0\u00bb et \u00ab\u00a0La For\u00eat de mon p\u00e8re\u00a0\u00bb aux 12e Rencontres Images mentales\",\"datePublished\":\"2020-01-31T08:23:59+00:00\",\"dateModified\":\"2020-02-06T16:09:03+00:00\",\"mainEntityOfPage\":{\"@id\":\"https:\/\/welovecinema.be\/fr\/adoration-et-la-foret-de-mon-pere-aux-12e-rencontres-images-mentales\/\"},\"wordCount\":316,\"publisher\":{\"@id\":\"https:\/\/welovecinema.be\/nl\/#organization\"},\"keywords\":[\"newsletter\"],\"articleSection\":[\"En bref\"],\"inLanguage\":\"fr-FR\"},{\"@type\":\"WebPage\",\"@id\":\"https:\/\/welovecinema.be\/fr\/adoration-et-la-foret-de-mon-pere-aux-12e-rencontres-images-mentales\/\",\"url\":\"https:\/\/welovecinema.be\/fr\/adoration-et-la-foret-de-mon-pere-aux-12e-rencontres-images-mentales\/\",\"name\":\"\\\"Adoration\\\" et \\\"La For\u00eat de mon p\u00e8re\\\" aux 12e Rencontres Images mentales - We Love Cinema\",\"isPartOf\":{\"@id\":\"https:\/\/welovecinema.be\/nl\/#website\"},\"datePublished\":\"2020-01-31T08:23:59+00:00\",\"dateModified\":\"2020-02-06T16:09:03+00:00\",\"breadcrumb\":{\"@id\":\"https:\/\/welovecinema.be\/fr\/adoration-et-la-foret-de-mon-pere-aux-12e-rencontres-images-mentales\/#breadcrumb\"},\"inLanguage\":\"fr-FR\",\"potentialAction\":[{\"@type\":\"ReadAction\",\"target\":[\"https:\/\/welovecinema.be\/fr\/adoration-et-la-foret-de-mon-pere-aux-12e-rencontres-images-mentales\/\"]}]},{\"@type\":\"BreadcrumbList\",\"@id\":\"https:\/\/welovecinema.be\/fr\/adoration-et-la-foret-de-mon-pere-aux-12e-rencontres-images-mentales\/#breadcrumb\",\"itemListElement\":[{\"@type\":\"ListItem\",\"position\":1,\"name\":\"Accueil\",\"item\":\"https:\/\/welovecinema.be\/fr\/\"},{\"@type\":\"ListItem\",\"position\":2,\"name\":\"\u00ab\u00a0Adoration\u00a0\u00bb et \u00ab\u00a0La For\u00eat de mon p\u00e8re\u00a0\u00bb aux 12e Rencontres Images mentales\"}]},{\"@type\":\"WebSite\",\"@id\":\"https:\/\/welovecinema.be\/nl\/#website\",\"url\":\"https:\/\/welovecinema.be\/nl\/\",\"name\":\"We Love Cinema\",\"description\":\"Toute l\u2019information du cin\u00e9ma en Belgique\",\"publisher\":{\"@id\":\"https:\/\/welovecinema.be\/nl\/#organization\"},\"potentialAction\":[{\"@type\":\"SearchAction\",\"target\":{\"@type\":\"EntryPoint\",\"urlTemplate\":\"https:\/\/welovecinema.be\/nl\/?s={search_term_string}\"},\"query-input\":\"required name=search_term_string\"}],\"inLanguage\":\"fr-FR\"},{\"@type\":\"Organization\",\"@id\":\"https:\/\/welovecinema.be\/nl\/#organization\",\"name\":\"We Love Cinema\",\"url\":\"https:\/\/welovecinema.be\/nl\/\",\"logo\":{\"@type\":\"ImageObject\",\"inLanguage\":\"fr-FR\",\"@id\":\"https:\/\/welovecinema.be\/nl\/#\/schema\/logo\/image\/\",\"url\":\"https:\/\/welovecinema.be\/wp-content\/uploads\/sites\/2\/2023\/03\/Logo-We-Love-Cinema305x128.jpg\",\"contentUrl\":\"https:\/\/welovecinema.be\/wp-content\/uploads\/sites\/2\/2023\/03\/Logo-We-Love-Cinema305x128.jpg\",\"width\":305,\"height\":128,\"caption\":\"We Love Cinema\"},\"image\":{\"@id\":\"https:\/\/welovecinema.be\/nl\/#\/schema\/logo\/image\/\"},\"sameAs\":[\"https:\/\/www.facebook.com\/welovecinema.be\",\"https:\/\/www.youtube.com\/channel\/UCX5LYGVhnKvYauW4Nta4HJA\",\"https:\/\/www.instagram.com\/welovecinema.be\/\"]},{\"@type\":\"Person\",\"@id\":\"https:\/\/welovecinema.be\/nl\/#\/schema\/person\/8084b68c6b176142d073695c654dc7cf\",\"name\":\"Aurore Engelen\",\"url\":\"https:\/\/welovecinema.be\/fr\/author\/aurore-engelen\/\"}]}<\/script>\n<!-- \/ Yoast SEO plugin. -->","yoast_head_json":{"title":"\"Adoration\" et \"La For\u00eat de mon p\u00e8re\" aux 12e Rencontres Images mentales - We Love Cinema","robots":{"index":"index","follow":"follow","max-snippet":"max-snippet:-1","max-image-preview":"max-image-preview:large","max-video-preview":"max-video-preview:-1"},"canonical":"https:\/\/welovecinema.be\/fr\/adoration-et-la-foret-de-mon-pere-aux-12e-rencontres-images-mentales\/","og_locale":"fr_FR","og_type":"article","og_title":"\"Adoration\" et \"La For\u00eat de mon p\u00e8re\" aux 12e Rencontres Images mentales - We Love Cinema","og_description":"Les\u00a0\u00ab\u00a0Rencontres Images Mentales\u00a0\u00bb\u00a0(RIM) pr\u00e9sentent chaque ann\u00e9e une s\u00e9lection de films documentaires et de fiction et invitent des cin\u00e9astes qui portent un regard singulier. Leurs films d\u00e9bouchent sur des discussions au sujet des multiples images de la folie qui, si elle peut parfois \u00eatre grandiose, ne doit pas occulter qu\u2019il y est toujours question de souffrance. &hellip;","og_url":"https:\/\/welovecinema.be\/fr\/adoration-et-la-foret-de-mon-pere-aux-12e-rencontres-images-mentales\/","og_site_name":"We Love Cinema","article_publisher":"https:\/\/www.facebook.com\/welovecinema.be","article_published_time":"2020-01-31T08:23:59+00:00","article_modified_time":"2020-02-06T16:09:03+00:00","og_image":[{"width":549,"height":239,"url":"https:\/\/welovecinema.be\/wp-content\/uploads\/sites\/2\/2020\/01\/imagesmentales2020.png","type":"image\/png"}],"author":"Aurore Engelen","twitter_card":"summary_large_image","twitter_misc":{"\u00c9crit par":"Aurore Engelen","Dur\u00e9e de lecture estim\u00e9e":"1 minute"},"schema":{"@context":"https:\/\/schema.org","@graph":[{"@type":"Article","@id":"https:\/\/welovecinema.be\/fr\/adoration-et-la-foret-de-mon-pere-aux-12e-rencontres-images-mentales\/#article","isPartOf":{"@id":"https:\/\/welovecinema.be\/fr\/adoration-et-la-foret-de-mon-pere-aux-12e-rencontres-images-mentales\/"},"author":{"name":"Aurore Engelen","@id":"https:\/\/welovecinema.be\/nl\/#\/schema\/person\/8084b68c6b176142d073695c654dc7cf"},"headline":"\u00ab\u00a0Adoration\u00a0\u00bb et \u00ab\u00a0La For\u00eat de mon p\u00e8re\u00a0\u00bb aux 12e Rencontres Images mentales","datePublished":"2020-01-31T08:23:59+00:00","dateModified":"2020-02-06T16:09:03+00:00","mainEntityOfPage":{"@id":"https:\/\/welovecinema.be\/fr\/adoration-et-la-foret-de-mon-pere-aux-12e-rencontres-images-mentales\/"},"wordCount":316,"publisher":{"@id":"https:\/\/welovecinema.be\/nl\/#organization"},"keywords":["newsletter"],"articleSection":["En bref"],"inLanguage":"fr-FR"},{"@type":"WebPage","@id":"https:\/\/welovecinema.be\/fr\/adoration-et-la-foret-de-mon-pere-aux-12e-rencontres-images-mentales\/","url":"https:\/\/welovecinema.be\/fr\/adoration-et-la-foret-de-mon-pere-aux-12e-rencontres-images-mentales\/","name":"\"Adoration\" et \"La For\u00eat de mon p\u00e8re\" aux 12e Rencontres Images mentales - We Love Cinema","isPartOf":{"@id":"https:\/\/welovecinema.be\/nl\/#website"},"datePublished":"2020-01-31T08:23:59+00:00","dateModified":"2020-02-06T16:09:03+00:00","breadcrumb":{"@id":"https:\/\/welovecinema.be\/fr\/adoration-et-la-foret-de-mon-pere-aux-12e-rencontres-images-mentales\/#breadcrumb"},"inLanguage":"fr-FR","potentialAction":[{"@type":"ReadAction","target":["https:\/\/welovecinema.be\/fr\/adoration-et-la-foret-de-mon-pere-aux-12e-rencontres-images-mentales\/"]}]},{"@type":"BreadcrumbList","@id":"https:\/\/welovecinema.be\/fr\/adoration-et-la-foret-de-mon-pere-aux-12e-rencontres-images-mentales\/#breadcrumb","itemListElement":[{"@type":"ListItem","position":1,"name":"Accueil","item":"https:\/\/welovecinema.be\/fr\/"},{"@type":"ListItem","position":2,"name":"\u00ab\u00a0Adoration\u00a0\u00bb et \u00ab\u00a0La For\u00eat de mon p\u00e8re\u00a0\u00bb aux 12e Rencontres Images mentales"}]},{"@type":"WebSite","@id":"https:\/\/welovecinema.be\/nl\/#website","url":"https:\/\/welovecinema.be\/nl\/","name":"We Love Cinema","description":"Toute l\u2019information du cin\u00e9ma en Belgique","publisher":{"@id":"https:\/\/welovecinema.be\/nl\/#organization"},"potentialAction":[{"@type":"SearchAction","target":{"@type":"EntryPoint","urlTemplate":"https:\/\/welovecinema.be\/nl\/?s={search_term_string}"},"query-input":"required name=search_term_string"}],"inLanguage":"fr-FR"},{"@type":"Organization","@id":"https:\/\/welovecinema.be\/nl\/#organization","name":"We Love Cinema","url":"https:\/\/welovecinema.be\/nl\/","logo":{"@type":"ImageObject","inLanguage":"fr-FR","@id":"https:\/\/welovecinema.be\/nl\/#\/schema\/logo\/image\/","url":"https:\/\/welovecinema.be\/wp-content\/uploads\/sites\/2\/2023\/03\/Logo-We-Love-Cinema305x128.jpg","contentUrl":"https:\/\/welovecinema.be\/wp-content\/uploads\/sites\/2\/2023\/03\/Logo-We-Love-Cinema305x128.jpg","width":305,"height":128,"caption":"We Love Cinema"},"image":{"@id":"https:\/\/welovecinema.be\/nl\/#\/schema\/logo\/image\/"},"sameAs":["https:\/\/www.facebook.com\/welovecinema.be","https:\/\/www.youtube.com\/channel\/UCX5LYGVhnKvYauW4Nta4HJA","https:\/\/www.instagram.com\/welovecinema.be\/"]},{"@type":"Person","@id":"https:\/\/welovecinema.be\/nl\/#\/schema\/person\/8084b68c6b176142d073695c654dc7cf","name":"Aurore Engelen","url":"https:\/\/welovecinema.be\/fr\/author\/aurore-engelen\/"}]}},"_links":{"self":[{"href":"https:\/\/welovecinema.be\/fr\/wp-json\/wp\/v2\/posts\/226489","targetHints":{"allow":["GET"]}}],"collection":[{"href":"https:\/\/welovecinema.be\/fr\/wp-json\/wp\/v2\/posts"}],"about":[{"href":"https:\/\/welovecinema.be\/fr\/wp-json\/wp\/v2\/types\/post"}],"author":[{"embeddable":true,"href":"https:\/\/welovecinema.be\/fr\/wp-json\/wp\/v2\/users\/343"}],"replies":[{"embeddable":true,"href":"https:\/\/welovecinema.be\/fr\/wp-json\/wp\/v2\/comments?post=226489"}],"version-history":[{"count":0,"href":"https:\/\/welovecinema.be\/fr\/wp-json\/wp\/v2\/posts\/226489\/revisions"}],"wp:featuredmedia":[{"embeddable":true,"href":"https:\/\/welovecinema.be\/fr\/wp-json\/wp\/v2\/media\/226490"}],"wp:attachment":[{"href":"https:\/\/welovecinema.be\/fr\/wp-json\/wp\/v2\/media?parent=226489"}],"wp:term":[{"taxonomy":"category","embeddable":true,"href":"https:\/\/welovecinema.be\/fr\/wp-json\/wp\/v2\/categories?post=226489"},{"taxonomy":"post_tag","embeddable":true,"href":"https:\/\/welovecinema.be\/fr\/wp-json\/wp\/v2\/tags?post=226489"}],"curies":[{"name":"wp","href":"https:\/\/api.w.org\/{rel}","templated":true}]}}