{"id":226485,"date":"2020-01-30T10:24:04","date_gmt":"2020-01-30T09:24:04","guid":{"rendered":"https:\/\/www.cinevox.be\/?p=226485"},"modified":"2020-02-04T16:20:01","modified_gmt":"2020-02-04T15:20:01","slug":"magritte-2020-faites-vos-jeux","status":"publish","type":"post","link":"https:\/\/welovecinema.be\/fr\/magritte-2020-faites-vos-jeux\/","title":{"rendered":"Magritte 2020: faites vos jeux!"},"content":{"rendered":"<p><strong>Magritte du Cin\u00e9ma, dixi\u00e8me, J-2! A quelques heures de l&rsquo;\u00e9v\u00e8nement, et alors que les votes viennent d&rsquo;\u00eatre cl\u00f4tur\u00e9s, petit tour de revue des forces en pr\u00e9sence. Bien fut\u00e9\u00b7e celui ou celle qui pourra pr\u00e9dire qui de <em>Duelles<\/em>, <em>Le Jeune Ahmed<\/em>, ou les outsiders <em>Lola vers la mer<\/em> et <em>Nuestras Madres<\/em> sortira vainqueur de cette 10e \u00e9dition. Si 2019 et 2018 s&rsquo;\u00e9taient distingu\u00e9es avec de r\u00e9els pl\u00e9biscites pour <em>Nos Batailles<\/em> (5 prix) et <em>Insyriated<\/em> (6 prix), qui sait ce que nous r\u00e9serve 2020?<\/strong><\/p>\n<p><strong>Meilleur film, Meilleure r\u00e9alisation, Meilleur sc\u00e9nario<\/strong><\/p>\n<p>On retrouve dans ces trois cat\u00e9gories les 4 m\u00eames films, <em>Duelles, Le Jeune Ahmed, Lola vers la mer<\/em> et <em>Nuestras Madres<\/em>, d&rsquo;ailleurs \u00e9galement largement repr\u00e9sent\u00e9s dans les autres cat\u00e9gories, avec respectivement 10, 9, 7 et 6 nominations.<\/p>\n<p><img loading=\"lazy\" decoding=\"async\" class=\"alignnone size-large wp-image-212207\" src=\"https:\/\/www.cinevox.be\/wp-content\/uploads\/sites\/2\/2018\/08\/duelles_02-800x400.jpg\" alt=\"\" width=\"618\" height=\"309\" srcset=\"https:\/\/welovecinema.be\/wp-content\/uploads\/sites\/2\/2018\/08\/duelles_02-800x400.jpg 800w, https:\/\/welovecinema.be\/wp-content\/uploads\/sites\/2\/2018\/08\/duelles_02-480x240.jpg 480w, https:\/\/welovecinema.be\/wp-content\/uploads\/sites\/2\/2018\/08\/duelles_02-768x384.jpg 768w, https:\/\/welovecinema.be\/wp-content\/uploads\/sites\/2\/2018\/08\/duelles_02-660x330.jpg 660w, https:\/\/welovecinema.be\/wp-content\/uploads\/sites\/2\/2018\/08\/duelles_02-1050x525.jpg 1050w, https:\/\/welovecinema.be\/wp-content\/uploads\/sites\/2\/2018\/08\/duelles_02.jpg 1200w\" sizes=\"auto, (max-width: 618px) 100vw, 618px\" \/><\/p>\n<p>Sur le plan arithm\u00e9tique, Olivier Masset-Depasse et les fr\u00e8res Dardenne m\u00e8nent donc la danse. Ils la m\u00e8nent aussi c\u00f4t\u00e9 palmar\u00e8s, puisque le premier a d\u00e9j\u00e0 figur\u00e9 dans toutes ces cat\u00e9gories lors des premiers Magritte en 2011 pour <em>Ill\u00e9gal<\/em>, tandis que les seconds ont d\u00e9j\u00e0 remport\u00e9 les prix du Meilleur film et de la Meilleure r\u00e9alisation pour <em>Deux jours une nuit<\/em> en 2015. Les Dardenne ont par ailleurs remport\u00e9 le Prix de la Mise en sc\u00e8ne en mai dernier \u00e0 Cannes, ce qui pourrait inspirer les votants&#8230; Notons n\u00e9anmoins que <em>Duelles<\/em> a \u00e9galement \u00e9t\u00e9 tr\u00e8s appr\u00e9ci\u00e9 des professionnels, notamment pour sa somptueuse direction artistique, et que le film est produit par Versus Production, dont c&rsquo;est la 9e nomination dans la cat\u00e9gorie Meilleur film, que la soci\u00e9t\u00e9 a d\u00e9j\u00e0 remport\u00e9 3 fois! Oui, on sait, on ne vous aide pas&#8230;<\/p>\n<p><img loading=\"lazy\" decoding=\"async\" class=\"alignnone size-large wp-image-219833\" src=\"https:\/\/www.cinevox.be\/wp-content\/uploads\/sites\/2\/2019\/05\/6992-le-jeune-ahmed-photo-5pchristine-plenus-800x532.jpg\" alt=\"6992-le-jeune-ahmed-photo-5pchristine-plenus\" width=\"618\" height=\"411\" srcset=\"https:\/\/welovecinema.be\/wp-content\/uploads\/sites\/2\/2019\/05\/6992-le-jeune-ahmed-photo-5pchristine-plenus-800x532.jpg 800w, https:\/\/welovecinema.be\/wp-content\/uploads\/sites\/2\/2019\/05\/6992-le-jeune-ahmed-photo-5pchristine-plenus-406x270.jpg 406w, https:\/\/welovecinema.be\/wp-content\/uploads\/sites\/2\/2019\/05\/6992-le-jeune-ahmed-photo-5pchristine-plenus-768x511.jpg 768w, https:\/\/welovecinema.be\/wp-content\/uploads\/sites\/2\/2019\/05\/6992-le-jeune-ahmed-photo-5pchristine-plenus-310x205.jpg 310w\" sizes=\"auto, (max-width: 618px) 100vw, 618px\" \/><\/p>\n<p>Mais ne balayons pas trop vite les chances des outsiders&#8230; <em>Lola vers la mer<\/em> b\u00e9n\u00e9ficie non seulement d&rsquo;un gros capital de sympathie (voir d&rsquo;ailleurs \u00e0 cet \u00e9gard <a href=\"https:\/\/www.cinevox.be\/fr\/flashback-2019-flashforward-2020-le-recap\/\">les r\u00e9ponses de nos talents interrog\u00e9s en fin d&rsquo;ann\u00e9e<\/a> sur leurs coups de coeur cin\u00e9ma en 2019), mais brille en plus de deux distinctions r\u00e9centes, un prix au Ramdam, et surtout, une nomination aux C\u00e9sar dans la cat\u00e9gorie Meilleur film \u00e9tranger, aux c\u00f4t\u00e9s du <em>Jeune Ahmed<\/em> d&rsquo;ailleurs. Une nomination de derni\u00e8re minute (les votes pour les Magritte s&rsquo;achevaient hier soir), qui aura pu changer la donne?<\/p>\n<p><img loading=\"lazy\" decoding=\"async\" class=\"alignnone size-large wp-image-220999\" src=\"https:\/\/www.cinevox.be\/wp-content\/uploads\/sites\/2\/2019\/07\/Lola-vers-la-mer-800x421.jpg\" alt=\"Lola-vers-la-mer\" width=\"618\" height=\"325\" srcset=\"https:\/\/welovecinema.be\/wp-content\/uploads\/sites\/2\/2019\/07\/Lola-vers-la-mer-800x421.jpg 800w, https:\/\/welovecinema.be\/wp-content\/uploads\/sites\/2\/2019\/07\/Lola-vers-la-mer-480x253.jpg 480w, https:\/\/welovecinema.be\/wp-content\/uploads\/sites\/2\/2019\/07\/Lola-vers-la-mer-768x404.jpg 768w, https:\/\/welovecinema.be\/wp-content\/uploads\/sites\/2\/2019\/07\/Lola-vers-la-mer.jpg 1140w\" sizes=\"auto, (max-width: 618px) 100vw, 618px\" \/><\/p>\n<p>De son c\u00f4t\u00e9, le tr\u00e8s beau <em>Nuestras Madres<\/em> de Cesar D\u00ecaz pourrait p\u00e2tir de son ancrage g\u00e9ographique lointain (le film parle du g\u00e9nocide guat\u00e9malt\u00e8que), mais il est fort de l&rsquo;aura de sa s\u00e9lection cannoise \u00e0 la Semaine de la critique, et surtout, de sa Cam\u00e9ra d&rsquo;or. Sans compter que le film \u00e9tait le repr\u00e9sentant officiel de la Belgique dans la course aux Oscars.<\/p>\n<p><img loading=\"lazy\" decoding=\"async\" class=\"alignnone size-large wp-image-219880\" src=\"https:\/\/www.cinevox.be\/wp-content\/uploads\/sites\/2\/2019\/05\/nuestrasmadres1342-800x336.jpg\" alt=\"\" width=\"618\" height=\"260\" srcset=\"https:\/\/welovecinema.be\/wp-content\/uploads\/sites\/2\/2019\/05\/nuestrasmadres1342-800x336.jpg 800w, https:\/\/welovecinema.be\/wp-content\/uploads\/sites\/2\/2019\/05\/nuestrasmadres1342-480x202.jpg 480w, https:\/\/welovecinema.be\/wp-content\/uploads\/sites\/2\/2019\/05\/nuestrasmadres1342-768x323.jpg 768w, https:\/\/welovecinema.be\/wp-content\/uploads\/sites\/2\/2019\/05\/nuestrasmadres1342.jpg 1366w\" sizes=\"auto, (max-width: 618px) 100vw, 618px\" \/><\/p>\n<p>Last but not least, un cinqui\u00e8me film est en lice dans la cat\u00e9gorie reine du Meilleur film. <em>Seule \u00e0 mon mariage<\/em> de Marta Bergman, premier film \u00e9nergique et virevoltant (on vous dit tout le bien qu&rsquo;on en pense <a href=\"https:\/\/www.cinevox.be\/fr\/seule-a-mariage-belle-echappee\/\">ici<\/a>) n&rsquo;a peut-\u00eatre que peu de chances de venir jouer les trouble-f\u00eate, mais il concourt \u00e9galement dans la cat\u00e9gorie Meilleur premier film, et notons-le au passage, il s&rsquo;agit de la seule r\u00e9alisatrice repr\u00e9sent\u00e9e dans la cat\u00e9gorie Meilleur film!<\/p>\n<p><img loading=\"lazy\" decoding=\"async\" class=\"alignnone size-large wp-image-209652\" src=\"https:\/\/www.cinevox.be\/wp-content\/uploads\/sites\/2\/2018\/05\/SAMM_04_c-Jonathan-Ricquebourg-800x395.jpg\" alt=\"SeuleAMonMariage4(c) Jonathan Ricquebourg\" width=\"618\" height=\"305\" srcset=\"https:\/\/welovecinema.be\/wp-content\/uploads\/sites\/2\/2018\/05\/SAMM_04_c-Jonathan-Ricquebourg-800x395.jpg 800w, https:\/\/welovecinema.be\/wp-content\/uploads\/sites\/2\/2018\/05\/SAMM_04_c-Jonathan-Ricquebourg-480x237.jpg 480w, https:\/\/welovecinema.be\/wp-content\/uploads\/sites\/2\/2018\/05\/SAMM_04_c-Jonathan-Ricquebourg-768x380.jpg 768w, https:\/\/welovecinema.be\/wp-content\/uploads\/sites\/2\/2018\/05\/SAMM_04_c-Jonathan-Ricquebourg.jpg 1730w\" sizes=\"auto, (max-width: 618px) 100vw, 618px\" \/><\/p>\n<h4>Acteurs et actrices&#8230;<\/h4>\n<p>Le duo artistique form\u00e9 par Anne Coesens et Veerle Baetens est incontestablement au coeur de l&rsquo;\u00e9nergie narrative de <em>Duelles<\/em>. Leur relation fluctuante au fil du r\u00e9cit contribue grandement au suspense grandissant qui rythme le film. Autant dire que leur nomination l&rsquo;une face \u00e0 l&rsquo;autre dans la cat\u00e9gorie Meilleur actrice constitue un casse-t\u00eate quasiment insoluble: comment d\u00e9signer l&rsquo;une plut\u00f4t que l&rsquo;autre? Si cette double nomination salue justement leur performance, ce choix quasi fratricide pourrait n\u00e9anmoins les \u00e9loigner l&rsquo;une et l&rsquo;autre du troph\u00e9e.<\/p>\n<p><img loading=\"lazy\" decoding=\"async\" class=\"size-large wp-image-206155\" src=\"https:\/\/www.cinevox.be\/wp-content\/uploads\/sites\/2\/2018\/01\/DuellesVeerleAnne-800x400.jpg\" alt=\"\" width=\"618\" height=\"309\" srcset=\"https:\/\/welovecinema.be\/wp-content\/uploads\/sites\/2\/2018\/01\/DuellesVeerleAnne-800x400.jpg 800w, https:\/\/welovecinema.be\/wp-content\/uploads\/sites\/2\/2018\/01\/DuellesVeerleAnne-480x240.jpg 480w, https:\/\/welovecinema.be\/wp-content\/uploads\/sites\/2\/2018\/01\/DuellesVeerleAnne-768x384.jpg 768w, https:\/\/welovecinema.be\/wp-content\/uploads\/sites\/2\/2018\/01\/DuellesVeerleAnne-660x330.jpg 660w, https:\/\/welovecinema.be\/wp-content\/uploads\/sites\/2\/2018\/01\/DuellesVeerleAnne-1050x525.jpg 1050w\" sizes=\"auto, (max-width: 618px) 100vw, 618px\" \/><\/p>\n<p>D&rsquo;autant que face \u00e0 elles, on retrouve la championne toutes cat\u00e9gories Lubna Azabal, d\u00e9j\u00e0 trois fois prim\u00e9e aux Magritte, pour le Magritte de la Meilleure actrice dans un second r\u00f4le pour <em>La Marche<\/em>, mais aussi pour le Magritte de la Meilleure actrice en 2012 pour <em>Incendies<\/em>, et pas plus tard que l&rsquo;ann\u00e9e derni\u00e8re pour <em>Tueurs<\/em>! Elle est en lice cette ann\u00e9e pour son interpr\u00e9tation jubilatoire dans <a href=\"https:\/\/www.cinevox.be\/fr\/lubna-azabal-irresistible-diva-dans-tel-aviv-on-fire\/\"><em>Tel Aviv on Fire<\/em><\/a> d&rsquo;une actrice plut\u00f4t&#8230; caract\u00e9rielle. H\u00e9ro\u00efne d&rsquo;une sitcom o\u00f9 elle incarne avec d\u00e9lectation une espionne palestinienne en pleine guerre des 6 jours, elle se montre tout aussi percutante sur le plateau qu&rsquo;en dehors, o\u00f9 elle joue les divas flamboyantes.<\/p>\n<p><img loading=\"lazy\" decoding=\"async\" class=\"alignnone size-large wp-image-219380\" src=\"https:\/\/www.cinevox.be\/wp-content\/uploads\/sites\/2\/2019\/04\/tel-aviv-6-800x533.jpg\" alt=\"Tel-Aviv-On-Fire-Lubna-Azabal\" width=\"618\" height=\"412\" srcset=\"https:\/\/welovecinema.be\/wp-content\/uploads\/sites\/2\/2019\/04\/tel-aviv-6-800x533.jpg 800w, https:\/\/welovecinema.be\/wp-content\/uploads\/sites\/2\/2019\/04\/tel-aviv-6-405x270.jpg 405w, https:\/\/welovecinema.be\/wp-content\/uploads\/sites\/2\/2019\/04\/tel-aviv-6-768x512.jpg 768w, https:\/\/welovecinema.be\/wp-content\/uploads\/sites\/2\/2019\/04\/tel-aviv-6.jpg 1500w\" sizes=\"auto, (max-width: 618px) 100vw, 618px\" \/><\/p>\n<p>Pour compl\u00e9ter le quatuor, on retrouve dans <a href=\"https:\/\/www.cinevox.be\/fr\/cecile-de-france-en-transe-dans-un-monde-plus-grand\/\"><em>Un monde plus grand<\/em><\/a> une autre valeur s\u00fbre, l&rsquo;incontournable C\u00e9cile de France, en femme bless\u00e9e terrass\u00e9e par le deuil qui se d\u00e9couvre des pouvoir chamaniques, et r\u00e9invente compl\u00e8tement son rapport au monde et aux autres. Elle y est bouleversante, et cette 5e nomination sera peut-\u00eatre enfin celle de la cons\u00e9cration, si l&rsquo;Acad\u00e9mie a pu voir le film.<\/p>\n<p><img loading=\"lazy\" decoding=\"async\" class=\"alignnone size-large wp-image-224493\" src=\"https:\/\/www.cinevox.be\/wp-content\/uploads\/sites\/2\/2019\/10\/Un-Monde-Plus-Grand-e1572271750945-800x425.jpg\" alt=\"\" width=\"618\" height=\"328\" srcset=\"https:\/\/welovecinema.be\/wp-content\/uploads\/sites\/2\/2019\/10\/Un-Monde-Plus-Grand-e1572271750945-800x425.jpg 800w, https:\/\/welovecinema.be\/wp-content\/uploads\/sites\/2\/2019\/10\/Un-Monde-Plus-Grand-e1572271750945-480x255.jpg 480w, https:\/\/welovecinema.be\/wp-content\/uploads\/sites\/2\/2019\/10\/Un-Monde-Plus-Grand-e1572271750945-768x408.jpg 768w, https:\/\/welovecinema.be\/wp-content\/uploads\/sites\/2\/2019\/10\/Un-Monde-Plus-Grand-e1572271750945-310x165.jpg 310w, https:\/\/welovecinema.be\/wp-content\/uploads\/sites\/2\/2019\/10\/Un-Monde-Plus-Grand-e1572271750945.jpg 1235w\" sizes=\"auto, (max-width: 618px) 100vw, 618px\" \/><\/p>\n<p>Et chez les hommes? Bouli Lanners, nomm\u00e9 pour la 4e fois dans cette cat\u00e9gorie, qu&rsquo;il n&rsquo;a encore jamais remport\u00e9e, pourrait bien faire office de favori, tant sa performance dans <a href=\"https:\/\/www.cinevox.be\/fr\/cest-ca-lamour-amours-dun-pere\/\"><em>C&rsquo;est \u00e7a l&rsquo;amour<\/em><\/a> a marqu\u00e9 les esprits. Il y interpr\u00e8te Mario, un homme fraichement quitt\u00e9 par sa femme et m\u00e8re de ses deux filles, qui se retrouve assez d\u00e9sempar\u00e9 quand il doit se r\u00e9inventer en tant qu&rsquo;homme, et en tant que p\u00e8re, en dehors des voies balis\u00e9es de la masculinit\u00e9 traditionnelle.<\/p>\n<p><img loading=\"lazy\" decoding=\"async\" class=\"alignnone size-large wp-image-212682\" src=\"https:\/\/www.cinevox.be\/wp-content\/uploads\/sites\/2\/2018\/08\/c-est-ca-l-amour-800x418.jpg\" alt=\"\" width=\"618\" height=\"323\" srcset=\"https:\/\/welovecinema.be\/wp-content\/uploads\/sites\/2\/2018\/08\/c-est-ca-l-amour-800x418.jpg 800w, https:\/\/welovecinema.be\/wp-content\/uploads\/sites\/2\/2018\/08\/c-est-ca-l-amour-480x251.jpg 480w, https:\/\/welovecinema.be\/wp-content\/uploads\/sites\/2\/2018\/08\/c-est-ca-l-amour-768x401.jpg 768w, https:\/\/welovecinema.be\/wp-content\/uploads\/sites\/2\/2018\/08\/c-est-ca-l-amour.jpg 1023w\" sizes=\"auto, (max-width: 618px) 100vw, 618px\" \/><\/p>\n<p>Face \u00e0 lui, le com\u00e9dien flamand Kevin Janssens une performance tr\u00e8s Actors Studio dans <a href=\"https:\/\/www.cinevox.be\/fr\/patrick-tragicomedie-au-marteau\/\"><em>De Patrick<\/em><\/a>. Habitu\u00e9 des r\u00f4les forts en testost\u00e9rone, il a pris 17 kilos pour incarner ce grand gar\u00e7on \u00e0 premi\u00e8re vue assez apathique. Mais sous la glace couve parfois le feu&#8230;<\/p>\n<p><img loading=\"lazy\" decoding=\"async\" class=\"alignnone size-full wp-image-220415\" src=\"https:\/\/www.cinevox.be\/wp-content\/uploads\/sites\/2\/2019\/06\/Patric-Tim-Mielants.jpg\" alt=\"Patrick-Tim-Mielants\" width=\"720\" height=\"280\" srcset=\"https:\/\/welovecinema.be\/wp-content\/uploads\/sites\/2\/2019\/06\/Patric-Tim-Mielants.jpg 720w, https:\/\/welovecinema.be\/wp-content\/uploads\/sites\/2\/2019\/06\/Patric-Tim-Mielants-480x187.jpg 480w\" sizes=\"auto, (max-width: 720px) 100vw, 720px\" \/><\/p>\n<p>Dans un tout autre genre, Marc Zinga incarne avec densit\u00e9 le Sergent Xavier dans <a href=\"https:\/\/www.cinevox.be\/fr\/odyssee-anti-militariste-au-coeur-de-la-jungle\/\"><em>La Mis\u00e9ricorde de la Jungle<\/em><\/a> de Jo\u00ebl Karekezi. Une performance intense, au coeur d&rsquo;in environnement hostile, entre folie de la guerre et effondrement physique. Il pourrait peut-\u00eatre cr\u00e9er la surprise.<\/p>\n<p><img loading=\"lazy\" decoding=\"async\" class=\"alignnone size-large wp-image-212374\" src=\"https:\/\/www.cinevox.be\/wp-content\/uploads\/sites\/2\/2018\/08\/MisericordeDeLaJungle-800x338.jpg\" alt=\"\" width=\"618\" height=\"261\" srcset=\"https:\/\/welovecinema.be\/wp-content\/uploads\/sites\/2\/2018\/08\/MisericordeDeLaJungle-800x338.jpg 800w, https:\/\/welovecinema.be\/wp-content\/uploads\/sites\/2\/2018\/08\/MisericordeDeLaJungle-480x203.jpg 480w, https:\/\/welovecinema.be\/wp-content\/uploads\/sites\/2\/2018\/08\/MisericordeDeLaJungle-768x324.jpg 768w, https:\/\/welovecinema.be\/wp-content\/uploads\/sites\/2\/2018\/08\/MisericordeDeLaJungle.jpg 1280w\" sizes=\"auto, (max-width: 618px) 100vw, 618px\" \/><\/p>\n<p>Enfin, Beno\u00eet Poelvoorde est \u00e9galement en lice pour la 6e fois pour <em>Le Grand Bain<\/em> de Gilles Lellouche. Gageons n\u00e9anmoins qu&rsquo;\u00e9tant donn\u00e9 qu&rsquo;il s&rsquo;agit d&rsquo;un film choral, cela ne cadre peut-\u00eatre pas avec l&rsquo;id\u00e9e du prix pour le Meilleur acteur.<\/p>\n<p>Dans les autres cat\u00e9gories, on ne peut s&#8217;emp\u00eacher de souligner l&rsquo;\u00e9trange mais tellement mignonne nominations dans les cat\u00e9gories Meilleur espoir f\u00e9minin et masculin pour le film <a href=\"https:\/\/www.cinevox.be\/fr\/binti-comedie-familiale-ultramoderne\/\"><em>Binti<\/em><\/a> de Bebel Baloji, 12 ans, et de son p\u00e8re, le musicien, r\u00e9alisateur et com\u00e9dien Baloji! Avouons qu&rsquo;ils auraient fi\u00e8re allure au photocall avec leurs deux Magritte.<\/p>\n<p>Difficile cependant l\u00e0 aussi de jouer les devins, puisque l&rsquo;on retrouve dans ces deux cat\u00e9gories deux des h\u00e9ros d&rsquo;<a href=\"https:\/\/www.cinevox.be\/fr\/escapada-se-liberer-de-lheritage-familial\/\"><em>Escapada<\/em><\/a> de Sarah Hirtt, Rapha\u00eblle Corbisier et Fran\u00e7ois Neycken, qui pourraient bien porter les espoirs du film, ainsi que les deux jeunes d\u00e9couvertes du <em>Jeune Ahmed<\/em>, Idir Ben Addi, qui porte le film sur ses \u00e9paules, et Victoria Bluck, dans un r\u00f4le moins expos\u00e9.<\/p>\n<p>Autre com\u00e9dienne \u00e0 porter un film sur ses \u00e9paules, Mya Bollaers, h\u00e9ro\u00efne de <em>Lola vers la mer<\/em>, pourrait l\u00e0 aussi \u00eatre port\u00e9e par l&rsquo;enthousiasme qui entoure le film depuis sa sortie. Dernier jeune com\u00e9dien en lice, J\u00e9r\u00e9my Senez, le fils de Guillaume Senez, multi-prim\u00e9 l&rsquo;ann\u00e9e derni\u00e8re pour <em>Nos batailles<\/em>. S&rsquo;il excelle dans <em>Trois jours et une vie<\/em>, il p\u00e2tira peut-\u00eatre du fait que le film n&rsquo;a pas forc\u00e9ment \u00e9t\u00e9 vu par une majorit\u00e9 de votants.<\/p>\n<p>C\u00f4t\u00e9 seconds r\u00f4les, grosse pr\u00e9sence \u00e9galement pour le casting des fr\u00e8res Dardenne, qui savent d\u00e9cid\u00e9ment s&rsquo;y prendre pour aller chercher le meilleur chez leurs com\u00e9dien\u00b7nes. On retrouve donc Othmane Moumen, Myriem Akheddiou et Claire Bodson. On notera que Bouli Lanners est nomm\u00e9 une deuxi\u00e8me fois pour son (petit) r\u00f4le dans <em>De Patrick<\/em>, face \u00e0 deux habitu\u00e9s de la cat\u00e9gorie, Arieh Worthalter pour <em>Duelles<\/em>, et Jonathan Zacca\u00ef pour <em>Le Grand Bain<\/em>. Chez les actrices, c&rsquo;est le grand \u00e9cart entre St\u00e9phanie Crayencour, qui exploite \u00e0 merveille son potentiel comique dans <a href=\"https:\/\/www.cinevox.be\/fr\/emma-peeters-lamour-aux-trousses\/\"><em>Emma Peeters<\/em><\/a>, et Yolande Moreau, bouleversante en \u00ab\u00a0bobonne\u00a0\u00bb endeuill\u00e9e dans <a href=\"https:\/\/www.cinevox.be\/fr\/cleo-apprivoiser-le-deuil\/\"><em>Cleo<\/em><\/a>.<\/p>\n<h4>C\u00f4t\u00e9 doc, cot\u00e9 court<\/h4>\n<p>Les quatre documentaires en lice cette ann\u00e9e, tous r\u00e9alis\u00e9s par des femmes, portent un discours fort sur la condition des femmes (<em><a href=\"https:\/\/www.cinevox.be\/fr\/sans-frapper-deconstruire-la-culture-du-viol\/\">Sans frapper<\/a>, <a href=\"https:\/\/www.cinevox.be\/fr\/mon-nom-est-clitoris-dynamiter-les-cliches\/\">Mon nom est clitoris<\/a>, <a href=\"https:\/\/www.cinevox.be\/fr\/by-the-name-of-tania-documentaire-hybride-au-parti-pris-narratif-audacieux\/\">By the Name of Tania<\/a><\/em>), et dans le cas de <a href=\"https:\/\/www.cinevox.be\/fr\/bains-publics-au-coeur-de-bruxelles\/\"><em>Bains publics<\/em><\/a> notamment, des laiss\u00e9s pour compte. Quatre films forts, aux approches tr\u00e8s diff\u00e9rentes. Quatre propositions marquantes de cin\u00e9ma, et quatre regards diff\u00e9rents et \u00e9clairants sur le monde. On notera que la belle visibilit\u00e9 obtenue tout au long de sa carri\u00e8re par <em>By the Name of Tania<\/em>, et ses nombreux prix en festival pourraient faire pencher la balance, puisqu&rsquo;il faut vraiment choisir.<\/p>\n<p><img loading=\"lazy\" decoding=\"async\" class=\"alignnone size-large wp-image-226274\" src=\"https:\/\/www.cinevox.be\/wp-content\/uploads\/sites\/2\/2020\/01\/DocMag2020-800x439.jpg\" alt=\"\" width=\"618\" height=\"339\" srcset=\"https:\/\/welovecinema.be\/wp-content\/uploads\/sites\/2\/2020\/01\/DocMag2020-800x439.jpg 800w, https:\/\/welovecinema.be\/wp-content\/uploads\/sites\/2\/2020\/01\/DocMag2020-480x263.jpg 480w, https:\/\/welovecinema.be\/wp-content\/uploads\/sites\/2\/2020\/01\/DocMag2020-768x421.jpg 768w, https:\/\/welovecinema.be\/wp-content\/uploads\/sites\/2\/2020\/01\/DocMag2020.jpg 1200w\" sizes=\"auto, (max-width: 618px) 100vw, 618px\" \/><\/p>\n<p>C\u00f4t\u00e9 courts de fiction, on peut difficilement faire plus \u00e9clectique. <em>D\u00e9tours<\/em> de Christopher Yates offre un exercice de style dense et percutant, dans le genre thriller bien men\u00e9. <em>Bruxelles-Beyrouth<\/em> prend le large, et interroge le retour au pays d&rsquo;un jeune homme plong\u00e9 dans une situation qui le d\u00e9passe. <em>Lucia en el limbo<\/em> et <em>Matriochkas<\/em> offrent deux regards sur l&rsquo;adolescence, \u00e0 des milliers de kilom\u00e8tres l&rsquo;un de l&rsquo;autre, au Costa Rica et dans le Sud de la France. Deux jeunes filles en prise avec leur corps et leurs \u00e9mois, et ce moment \u00e9trange o\u00f9 s&rsquo;\u00e9crit la premi\u00e8re page du reste de leur vie.<\/p>\n<p>C\u00f4t\u00e9 animation, 4 propositions elles aussi aux antipodes, deux, ou plut\u00f4t trois habitu\u00e9s, R\u00e9mi Durin et Patar &amp; Aubier, et deux nouveaux venus aux univers forts et surprenants, Lia Bertels et sa <em>Nuit ch\u00e9rie<\/em>, et Bruno Tondeur et <em>Sous le cartilage les c\u00f4tes<\/em>. Patar &amp; Aubier b\u00e9n\u00e9ficient d&rsquo;un parcours quasi sans faute aux Magritte jusqu&rsquo;ici, mais l&rsquo;animation tendre et m\u00e9lancolique de <em>Grand Loup &amp; Petit loup<\/em> pourrait valoir \u00e0 R\u00e9mi Durin son premier prix, et Lia Bertels et Bruno Tondeur ont su marquer les esprits avec leurs films cette ann\u00e9e&#8230;<\/p>\n<h4>Et les autres prix?<\/h4>\n<p>On ne peut s&#8217;emp\u00eacher de penser que la direction artistique impeccable de <em>Duelles<\/em> devrait valoir de beaux troph\u00e9es au film, m\u00eame s&rsquo;il est toujours difficile de se prononcer. La bande originale par exemple de Fr\u00e9d\u00e9ric Vercheval fait partie int\u00e9grante de la construction du suspense, et \u00e9pouse \u00e0 merveille le labyrinthe \u00e9motionnel dans lequel s&rsquo;\u00e9garent les h\u00e9ro\u00efnes. C&rsquo;est la 6e nomination pour le compositeur belge, qui pourrait enfin voir son travail r\u00e9compens\u00e9. Mais il aura fort \u00e0 faite face aux trois autres compositeurs nomm\u00e9s, Le Motel et sa musique urbaine et \u00e9nergique pour <em>Binti<\/em>, Dan Klein et ses fulgurances rock pour <em>Cavale<\/em>, et le chevronn\u00e9 Raf Keunen, ma\u00eetre d&rsquo;oeuvre pour <em>Lola vers la mer<\/em>.<\/p>\n<p>A l&rsquo;image, le travail d&rsquo;Hichame Alaouie et l\u00e0 aussi \u00e9poustouflant. D\u00e9j\u00e0 deux fois prim\u00e9, il pourrait \u00e0 nouveau repartir avec une statuette, mais il faudra pour cela \u00ab\u00a0battre\u00a0\u00bb la redoutable Virginie Surdej, laur\u00e9at en 2018 pour son impressionnant travail sur <em>Insyriated<\/em>, en lice cette ann\u00e9e pour sa partition saisissante sur <em>Nuestras Madres<\/em>, mais qui a aussi sign\u00e9 la superbe image de <em>By the Name of Tania<\/em>. Cette omnipr\u00e9sence pourrait la porter au sommet. Face \u00e0 eux deux, Beno\u00eet Debie, chef op\u00e9rateur star r\u00e9clam\u00e9 par les cin\u00e9astes du monde entier est en lice pour <em>Les Fr\u00e8res Sisters<\/em>. Nul n&rsquo;est proph\u00e8te en son pays, dit-on, et le fait qu&rsquo;il soit en lice pour un film non-belge sera peut-\u00eatre un frein pour lui.<\/p>\n<p>Alors, on prend les paris? R\u00e9sultat des courses samedi soir vers 23h!<\/p>\n<p>&nbsp;<\/p>\n","protected":false},"excerpt":{"rendered":"<p>Magritte du Cin\u00e9ma, dixi\u00e8me, J-2! A quelques heures de l&rsquo;\u00e9v\u00e8nement, et alors que les votes viennent d&rsquo;\u00eatre cl\u00f4tur\u00e9s, petit tour de revue des forces en pr\u00e9sence. Bien fut\u00e9\u00b7e celui ou celle qui pourra pr\u00e9dire qui de Duelles, Le Jeune Ahmed, ou les outsiders Lola vers la mer et Nuestras Madres sortira vainqueur de cette 10e &hellip;<\/p>\n","protected":false},"author":343,"featured_media":216778,"comment_status":"closed","ping_status":"closed","sticky":false,"template":"","format":"standard","meta":{"ngg_post_thumbnail":0,"footnotes":""},"categories":[12],"tags":[1881,4187],"class_list":["post-226485","post","type-post","status-publish","format-standard","has-post-thumbnail","","category-awards","tag-magritte","tag-newsletter-fr"],"yoast_head":"<!-- This site is optimized with the Yoast SEO plugin v20.4 - https:\/\/yoast.com\/wordpress\/plugins\/seo\/ -->\n<title>Magritte 2020: faites vos jeux! - We Love Cinema<\/title>\n<meta name=\"robots\" content=\"index, follow, max-snippet:-1, max-image-preview:large, max-video-preview:-1\" \/>\n<link rel=\"canonical\" href=\"https:\/\/welovecinema.be\/fr\/magritte-2020-faites-vos-jeux\/\" \/>\n<meta property=\"og:locale\" content=\"fr_FR\" \/>\n<meta property=\"og:type\" content=\"article\" \/>\n<meta property=\"og:title\" content=\"Magritte 2020: faites vos jeux! - We Love Cinema\" \/>\n<meta property=\"og:description\" content=\"Magritte du Cin\u00e9ma, dixi\u00e8me, J-2! A quelques heures de l&rsquo;\u00e9v\u00e8nement, et alors que les votes viennent d&rsquo;\u00eatre cl\u00f4tur\u00e9s, petit tour de revue des forces en pr\u00e9sence. Bien fut\u00e9\u00b7e celui ou celle qui pourra pr\u00e9dire qui de Duelles, Le Jeune Ahmed, ou les outsiders Lola vers la mer et Nuestras Madres sortira vainqueur de cette 10e &hellip;\" \/>\n<meta property=\"og:url\" content=\"https:\/\/welovecinema.be\/fr\/magritte-2020-faites-vos-jeux\/\" \/>\n<meta property=\"og:site_name\" content=\"We Love Cinema\" \/>\n<meta property=\"article:publisher\" content=\"https:\/\/www.facebook.com\/welovecinema.be\" \/>\n<meta property=\"article:published_time\" content=\"2020-01-30T09:24:04+00:00\" \/>\n<meta property=\"article:modified_time\" content=\"2020-02-04T15:20:01+00:00\" \/>\n<meta property=\"og:image\" content=\"https:\/\/welovecinema.be\/wp-content\/uploads\/sites\/2\/2019\/02\/159-LesMagritte2019-Re\u0301compenses.jpg\" \/>\n\t<meta property=\"og:image:width\" content=\"2000\" \/>\n\t<meta property=\"og:image:height\" content=\"1334\" \/>\n\t<meta property=\"og:image:type\" content=\"image\/jpeg\" \/>\n<meta name=\"author\" content=\"Aurore Engelen\" \/>\n<meta name=\"twitter:card\" content=\"summary_large_image\" \/>\n<meta name=\"twitter:label1\" content=\"\u00c9crit par\" \/>\n\t<meta name=\"twitter:data1\" content=\"Aurore Engelen\" \/>\n\t<meta name=\"twitter:label2\" content=\"Dur\u00e9e de lecture estim\u00e9e\" \/>\n\t<meta name=\"twitter:data2\" content=\"10 minutes\" \/>\n<script type=\"application\/ld+json\" class=\"yoast-schema-graph\">{\"@context\":\"https:\/\/schema.org\",\"@graph\":[{\"@type\":\"Article\",\"@id\":\"https:\/\/welovecinema.be\/fr\/magritte-2020-faites-vos-jeux\/#article\",\"isPartOf\":{\"@id\":\"https:\/\/welovecinema.be\/fr\/magritte-2020-faites-vos-jeux\/\"},\"author\":{\"name\":\"Aurore Engelen\",\"@id\":\"https:\/\/welovecinema.be\/nl\/#\/schema\/person\/8084b68c6b176142d073695c654dc7cf\"},\"headline\":\"Magritte 2020: faites vos jeux!\",\"datePublished\":\"2020-01-30T09:24:04+00:00\",\"dateModified\":\"2020-02-04T15:20:01+00:00\",\"mainEntityOfPage\":{\"@id\":\"https:\/\/welovecinema.be\/fr\/magritte-2020-faites-vos-jeux\/\"},\"wordCount\":2041,\"publisher\":{\"@id\":\"https:\/\/welovecinema.be\/nl\/#organization\"},\"keywords\":[\"magritte\",\"newsletter\"],\"articleSection\":[\"Evenements\"],\"inLanguage\":\"fr-FR\"},{\"@type\":\"WebPage\",\"@id\":\"https:\/\/welovecinema.be\/fr\/magritte-2020-faites-vos-jeux\/\",\"url\":\"https:\/\/welovecinema.be\/fr\/magritte-2020-faites-vos-jeux\/\",\"name\":\"Magritte 2020: faites vos jeux! - We Love Cinema\",\"isPartOf\":{\"@id\":\"https:\/\/welovecinema.be\/nl\/#website\"},\"datePublished\":\"2020-01-30T09:24:04+00:00\",\"dateModified\":\"2020-02-04T15:20:01+00:00\",\"breadcrumb\":{\"@id\":\"https:\/\/welovecinema.be\/fr\/magritte-2020-faites-vos-jeux\/#breadcrumb\"},\"inLanguage\":\"fr-FR\",\"potentialAction\":[{\"@type\":\"ReadAction\",\"target\":[\"https:\/\/welovecinema.be\/fr\/magritte-2020-faites-vos-jeux\/\"]}]},{\"@type\":\"BreadcrumbList\",\"@id\":\"https:\/\/welovecinema.be\/fr\/magritte-2020-faites-vos-jeux\/#breadcrumb\",\"itemListElement\":[{\"@type\":\"ListItem\",\"position\":1,\"name\":\"Accueil\",\"item\":\"https:\/\/welovecinema.be\/fr\/\"},{\"@type\":\"ListItem\",\"position\":2,\"name\":\"Magritte 2020: faites vos jeux!\"}]},{\"@type\":\"WebSite\",\"@id\":\"https:\/\/welovecinema.be\/nl\/#website\",\"url\":\"https:\/\/welovecinema.be\/nl\/\",\"name\":\"We Love Cinema\",\"description\":\"Toute l\u2019information du cin\u00e9ma en Belgique\",\"publisher\":{\"@id\":\"https:\/\/welovecinema.be\/nl\/#organization\"},\"potentialAction\":[{\"@type\":\"SearchAction\",\"target\":{\"@type\":\"EntryPoint\",\"urlTemplate\":\"https:\/\/welovecinema.be\/nl\/?s={search_term_string}\"},\"query-input\":\"required name=search_term_string\"}],\"inLanguage\":\"fr-FR\"},{\"@type\":\"Organization\",\"@id\":\"https:\/\/welovecinema.be\/nl\/#organization\",\"name\":\"We Love Cinema\",\"url\":\"https:\/\/welovecinema.be\/nl\/\",\"logo\":{\"@type\":\"ImageObject\",\"inLanguage\":\"fr-FR\",\"@id\":\"https:\/\/welovecinema.be\/nl\/#\/schema\/logo\/image\/\",\"url\":\"https:\/\/welovecinema.be\/wp-content\/uploads\/sites\/2\/2023\/03\/Logo-We-Love-Cinema305x128.jpg\",\"contentUrl\":\"https:\/\/welovecinema.be\/wp-content\/uploads\/sites\/2\/2023\/03\/Logo-We-Love-Cinema305x128.jpg\",\"width\":305,\"height\":128,\"caption\":\"We Love Cinema\"},\"image\":{\"@id\":\"https:\/\/welovecinema.be\/nl\/#\/schema\/logo\/image\/\"},\"sameAs\":[\"https:\/\/www.facebook.com\/welovecinema.be\",\"https:\/\/www.youtube.com\/channel\/UCX5LYGVhnKvYauW4Nta4HJA\",\"https:\/\/www.instagram.com\/welovecinema.be\/\"]},{\"@type\":\"Person\",\"@id\":\"https:\/\/welovecinema.be\/nl\/#\/schema\/person\/8084b68c6b176142d073695c654dc7cf\",\"name\":\"Aurore Engelen\",\"url\":\"https:\/\/welovecinema.be\/fr\/author\/aurore-engelen\/\"}]}<\/script>\n<!-- \/ Yoast SEO plugin. -->","yoast_head_json":{"title":"Magritte 2020: faites vos jeux! - We Love Cinema","robots":{"index":"index","follow":"follow","max-snippet":"max-snippet:-1","max-image-preview":"max-image-preview:large","max-video-preview":"max-video-preview:-1"},"canonical":"https:\/\/welovecinema.be\/fr\/magritte-2020-faites-vos-jeux\/","og_locale":"fr_FR","og_type":"article","og_title":"Magritte 2020: faites vos jeux! - We Love Cinema","og_description":"Magritte du Cin\u00e9ma, dixi\u00e8me, J-2! A quelques heures de l&rsquo;\u00e9v\u00e8nement, et alors que les votes viennent d&rsquo;\u00eatre cl\u00f4tur\u00e9s, petit tour de revue des forces en pr\u00e9sence. Bien fut\u00e9\u00b7e celui ou celle qui pourra pr\u00e9dire qui de Duelles, Le Jeune Ahmed, ou les outsiders Lola vers la mer et Nuestras Madres sortira vainqueur de cette 10e &hellip;","og_url":"https:\/\/welovecinema.be\/fr\/magritte-2020-faites-vos-jeux\/","og_site_name":"We Love Cinema","article_publisher":"https:\/\/www.facebook.com\/welovecinema.be","article_published_time":"2020-01-30T09:24:04+00:00","article_modified_time":"2020-02-04T15:20:01+00:00","og_image":[{"width":2000,"height":1334,"url":"https:\/\/welovecinema.be\/wp-content\/uploads\/sites\/2\/2019\/02\/159-LesMagritte2019-Re\u0301compenses.jpg","type":"image\/jpeg"}],"author":"Aurore Engelen","twitter_card":"summary_large_image","twitter_misc":{"\u00c9crit par":"Aurore Engelen","Dur\u00e9e de lecture estim\u00e9e":"10 minutes"},"schema":{"@context":"https:\/\/schema.org","@graph":[{"@type":"Article","@id":"https:\/\/welovecinema.be\/fr\/magritte-2020-faites-vos-jeux\/#article","isPartOf":{"@id":"https:\/\/welovecinema.be\/fr\/magritte-2020-faites-vos-jeux\/"},"author":{"name":"Aurore Engelen","@id":"https:\/\/welovecinema.be\/nl\/#\/schema\/person\/8084b68c6b176142d073695c654dc7cf"},"headline":"Magritte 2020: faites vos jeux!","datePublished":"2020-01-30T09:24:04+00:00","dateModified":"2020-02-04T15:20:01+00:00","mainEntityOfPage":{"@id":"https:\/\/welovecinema.be\/fr\/magritte-2020-faites-vos-jeux\/"},"wordCount":2041,"publisher":{"@id":"https:\/\/welovecinema.be\/nl\/#organization"},"keywords":["magritte","newsletter"],"articleSection":["Evenements"],"inLanguage":"fr-FR"},{"@type":"WebPage","@id":"https:\/\/welovecinema.be\/fr\/magritte-2020-faites-vos-jeux\/","url":"https:\/\/welovecinema.be\/fr\/magritte-2020-faites-vos-jeux\/","name":"Magritte 2020: faites vos jeux! - We Love Cinema","isPartOf":{"@id":"https:\/\/welovecinema.be\/nl\/#website"},"datePublished":"2020-01-30T09:24:04+00:00","dateModified":"2020-02-04T15:20:01+00:00","breadcrumb":{"@id":"https:\/\/welovecinema.be\/fr\/magritte-2020-faites-vos-jeux\/#breadcrumb"},"inLanguage":"fr-FR","potentialAction":[{"@type":"ReadAction","target":["https:\/\/welovecinema.be\/fr\/magritte-2020-faites-vos-jeux\/"]}]},{"@type":"BreadcrumbList","@id":"https:\/\/welovecinema.be\/fr\/magritte-2020-faites-vos-jeux\/#breadcrumb","itemListElement":[{"@type":"ListItem","position":1,"name":"Accueil","item":"https:\/\/welovecinema.be\/fr\/"},{"@type":"ListItem","position":2,"name":"Magritte 2020: faites vos jeux!"}]},{"@type":"WebSite","@id":"https:\/\/welovecinema.be\/nl\/#website","url":"https:\/\/welovecinema.be\/nl\/","name":"We Love Cinema","description":"Toute l\u2019information du cin\u00e9ma en Belgique","publisher":{"@id":"https:\/\/welovecinema.be\/nl\/#organization"},"potentialAction":[{"@type":"SearchAction","target":{"@type":"EntryPoint","urlTemplate":"https:\/\/welovecinema.be\/nl\/?s={search_term_string}"},"query-input":"required name=search_term_string"}],"inLanguage":"fr-FR"},{"@type":"Organization","@id":"https:\/\/welovecinema.be\/nl\/#organization","name":"We Love Cinema","url":"https:\/\/welovecinema.be\/nl\/","logo":{"@type":"ImageObject","inLanguage":"fr-FR","@id":"https:\/\/welovecinema.be\/nl\/#\/schema\/logo\/image\/","url":"https:\/\/welovecinema.be\/wp-content\/uploads\/sites\/2\/2023\/03\/Logo-We-Love-Cinema305x128.jpg","contentUrl":"https:\/\/welovecinema.be\/wp-content\/uploads\/sites\/2\/2023\/03\/Logo-We-Love-Cinema305x128.jpg","width":305,"height":128,"caption":"We Love Cinema"},"image":{"@id":"https:\/\/welovecinema.be\/nl\/#\/schema\/logo\/image\/"},"sameAs":["https:\/\/www.facebook.com\/welovecinema.be","https:\/\/www.youtube.com\/channel\/UCX5LYGVhnKvYauW4Nta4HJA","https:\/\/www.instagram.com\/welovecinema.be\/"]},{"@type":"Person","@id":"https:\/\/welovecinema.be\/nl\/#\/schema\/person\/8084b68c6b176142d073695c654dc7cf","name":"Aurore Engelen","url":"https:\/\/welovecinema.be\/fr\/author\/aurore-engelen\/"}]}},"_links":{"self":[{"href":"https:\/\/welovecinema.be\/fr\/wp-json\/wp\/v2\/posts\/226485","targetHints":{"allow":["GET"]}}],"collection":[{"href":"https:\/\/welovecinema.be\/fr\/wp-json\/wp\/v2\/posts"}],"about":[{"href":"https:\/\/welovecinema.be\/fr\/wp-json\/wp\/v2\/types\/post"}],"author":[{"embeddable":true,"href":"https:\/\/welovecinema.be\/fr\/wp-json\/wp\/v2\/users\/343"}],"replies":[{"embeddable":true,"href":"https:\/\/welovecinema.be\/fr\/wp-json\/wp\/v2\/comments?post=226485"}],"version-history":[{"count":0,"href":"https:\/\/welovecinema.be\/fr\/wp-json\/wp\/v2\/posts\/226485\/revisions"}],"wp:featuredmedia":[{"embeddable":true,"href":"https:\/\/welovecinema.be\/fr\/wp-json\/wp\/v2\/media\/216778"}],"wp:attachment":[{"href":"https:\/\/welovecinema.be\/fr\/wp-json\/wp\/v2\/media?parent=226485"}],"wp:term":[{"taxonomy":"category","embeddable":true,"href":"https:\/\/welovecinema.be\/fr\/wp-json\/wp\/v2\/categories?post=226485"},{"taxonomy":"post_tag","embeddable":true,"href":"https:\/\/welovecinema.be\/fr\/wp-json\/wp\/v2\/tags?post=226485"}],"curies":[{"name":"wp","href":"https:\/\/api.w.org\/{rel}","templated":true}]}}