{"id":226479,"date":"2020-01-29T15:20:32","date_gmt":"2020-01-29T14:20:32","guid":{"rendered":"https:\/\/www.cinevox.be\/?p=226479"},"modified":"2020-01-30T10:24:33","modified_gmt":"2020-01-30T09:24:33","slug":"ahmed-et-lola-aux-cesar","status":"publish","type":"post","link":"https:\/\/welovecinema.be\/fr\/ahmed-et-lola-aux-cesar\/","title":{"rendered":"Ahmed et Lola aux C\u00e9sar!"},"content":{"rendered":"<p><strong>Les nominations pour les 45e C\u00e9sar du Cin\u00e9ma viennent de tomber! Si <em>J&rsquo;accuse, Les Mis\u00e9rables, La Belle Epoque<\/em> et <em>Portrait de la Jeune Fille<\/em> en feu m\u00e8nent la danse des nominations, on retrouve deux films belges dans la cat\u00e9gorie Meilleur film \u00e9tranger!<\/strong><\/p>\n<p>Ils feront ainsi face \u00e0 <em>Douleur et gloire<\/em> de Pedro Almodovar, <em>Joker<\/em> de Todd Philips, <em>Once Upon a Time in Hollywood<\/em> de Quentin Tarantino, <em>Il Traditore <\/em>de Marco Bellocchio, et <em>Parasite<\/em> de Bong Joon-ho, rien que \u00e7a!<\/p>\n<p>Pr\u00e9sent\u00e9 \u00e0 Cannes en mai dernier, <a href=\"https:\/\/www.cinevox.be\/fr\/les-vertiges-du-jeune-ahmed\/\"><em>Le Jeune Ahmed<\/em><\/a> suit la qu\u00eate mortif\u00e8re et la d\u00e9rive extr\u00e9miste d&rsquo;un jeune gar\u00e7on rattrap\u00e9 par le fondamentalisme islamique. Jean-Pierre et Luc Dardenne se sont vus attribuer le Prix de la Mise en sc\u00e8ne lors du Festival de Cannes, et le film est nomm\u00e9 \u00e0 9 reprises pour les 10e Magritte du Cin\u00e9ma, qui auront lieu ce samedi 1er f\u00e9vrier.<\/p>\n<p><a href=\"https:\/\/www.cinevox.be\/fr\/lola-vers-la-mer-remonter-le-temps-pour-aller-de-lavant\/\"><em>Lola vers la mer<\/em><\/a>, deuxi\u00e8me long m\u00e9trage de Laurent Micheli, suit les difficiles retrouvailles entre une jeune fille transgenre et son p\u00e8re, qui n&rsquo;accepte pas son identit\u00e9, \u00e0 l&rsquo;occasion des fun\u00e9railles de la m\u00e8re. Au-del\u00e0 du drame familial, Laurent Micheli a voulu donner une nouvelle repr\u00e9sentation \u00e0 la minorit\u00e9 que repr\u00e9sente la communaut\u00e9 trans, en castant\u00a0 pour le r\u00f4le principal Mya Bollaers, une jeune com\u00e9dienne transgenre, un geste artistique et politique fort. Le film est quant \u00e0 lui nomm\u00e9 7 fois aux Magritte.<\/p>\n<p>On notera \u00e9galement que le court m\u00e9trage flamand <em>Ce Magnifique g\u00e2teau<\/em> de Marc James Roels et Emma Swaef concourra dans la cat\u00e9gorie Meilleur court m\u00e9trage d&rsquo;animation.<\/p>\n<p>Rendez-vous le 28 f\u00e9vrier prochain pour la 45e C\u00e9r\u00e9monie des C\u00e9sar, anim\u00e9e par Florence Foresti.<\/p>\n<p>&nbsp;<\/p>\n","protected":false},"excerpt":{"rendered":"<p>Les nominations pour les 45e C\u00e9sar du Cin\u00e9ma viennent de tomber! Si J&rsquo;accuse, Les Mis\u00e9rables, La Belle Epoque et Portrait de la Jeune Fille en feu m\u00e8nent la danse des nominations, on retrouve deux films belges dans la cat\u00e9gorie Meilleur film \u00e9tranger! Ils feront ainsi face \u00e0 Douleur et gloire de Pedro Almodovar, Joker de &hellip;<\/p>\n","protected":false},"author":343,"featured_media":226480,"comment_status":"closed","ping_status":"closed","sticky":false,"template":"","format":"standard","meta":{"ngg_post_thumbnail":0,"footnotes":""},"categories":[12],"tags":[4187],"class_list":["post-226479","post","type-post","status-publish","format-standard","has-post-thumbnail","","category-awards","tag-newsletter-fr"],"yoast_head":"<!-- This site is optimized with the Yoast SEO plugin v20.4 - https:\/\/yoast.com\/wordpress\/plugins\/seo\/ -->\n<title>Ahmed et Lola aux C\u00e9sar! - We Love Cinema<\/title>\n<meta name=\"robots\" content=\"index, follow, max-snippet:-1, max-image-preview:large, max-video-preview:-1\" \/>\n<link rel=\"canonical\" href=\"https:\/\/welovecinema.be\/fr\/ahmed-et-lola-aux-cesar\/\" \/>\n<meta property=\"og:locale\" content=\"fr_FR\" \/>\n<meta property=\"og:type\" content=\"article\" \/>\n<meta property=\"og:title\" content=\"Ahmed et Lola aux C\u00e9sar! - We Love Cinema\" \/>\n<meta property=\"og:description\" content=\"Les nominations pour les 45e C\u00e9sar du Cin\u00e9ma viennent de tomber! Si J&rsquo;accuse, Les Mis\u00e9rables, La Belle Epoque et Portrait de la Jeune Fille en feu m\u00e8nent la danse des nominations, on retrouve deux films belges dans la cat\u00e9gorie Meilleur film \u00e9tranger! Ils feront ainsi face \u00e0 Douleur et gloire de Pedro Almodovar, Joker de &hellip;\" \/>\n<meta property=\"og:url\" content=\"https:\/\/welovecinema.be\/fr\/ahmed-et-lola-aux-cesar\/\" \/>\n<meta property=\"og:site_name\" content=\"We Love Cinema\" \/>\n<meta property=\"article:publisher\" content=\"https:\/\/www.facebook.com\/welovecinema.be\" \/>\n<meta property=\"article:published_time\" content=\"2020-01-29T14:20:32+00:00\" \/>\n<meta property=\"article:modified_time\" content=\"2020-01-30T09:24:33+00:00\" \/>\n<meta property=\"og:image\" content=\"https:\/\/welovecinema.be\/wp-content\/uploads\/sites\/2\/2020\/01\/Sans-titre.jpg\" \/>\n\t<meta property=\"og:image:width\" content=\"1200\" \/>\n\t<meta property=\"og:image:height\" content=\"658\" \/>\n\t<meta property=\"og:image:type\" content=\"image\/jpeg\" \/>\n<meta name=\"author\" content=\"Aurore Engelen\" \/>\n<meta name=\"twitter:card\" content=\"summary_large_image\" \/>\n<meta name=\"twitter:label1\" content=\"\u00c9crit par\" \/>\n\t<meta name=\"twitter:data1\" content=\"Aurore Engelen\" \/>\n\t<meta name=\"twitter:label2\" content=\"Dur\u00e9e de lecture estim\u00e9e\" \/>\n\t<meta name=\"twitter:data2\" content=\"1 minute\" \/>\n<script type=\"application\/ld+json\" class=\"yoast-schema-graph\">{\"@context\":\"https:\/\/schema.org\",\"@graph\":[{\"@type\":\"Article\",\"@id\":\"https:\/\/welovecinema.be\/fr\/ahmed-et-lola-aux-cesar\/#article\",\"isPartOf\":{\"@id\":\"https:\/\/welovecinema.be\/fr\/ahmed-et-lola-aux-cesar\/\"},\"author\":{\"name\":\"Aurore Engelen\",\"@id\":\"https:\/\/welovecinema.be\/nl\/#\/schema\/person\/8084b68c6b176142d073695c654dc7cf\"},\"headline\":\"Ahmed et Lola aux C\u00e9sar!\",\"datePublished\":\"2020-01-29T14:20:32+00:00\",\"dateModified\":\"2020-01-30T09:24:33+00:00\",\"mainEntityOfPage\":{\"@id\":\"https:\/\/welovecinema.be\/fr\/ahmed-et-lola-aux-cesar\/\"},\"wordCount\":304,\"publisher\":{\"@id\":\"https:\/\/welovecinema.be\/nl\/#organization\"},\"keywords\":[\"newsletter\"],\"articleSection\":[\"Evenements\"],\"inLanguage\":\"fr-FR\"},{\"@type\":\"WebPage\",\"@id\":\"https:\/\/welovecinema.be\/fr\/ahmed-et-lola-aux-cesar\/\",\"url\":\"https:\/\/welovecinema.be\/fr\/ahmed-et-lola-aux-cesar\/\",\"name\":\"Ahmed et Lola aux C\u00e9sar! - We Love Cinema\",\"isPartOf\":{\"@id\":\"https:\/\/welovecinema.be\/nl\/#website\"},\"datePublished\":\"2020-01-29T14:20:32+00:00\",\"dateModified\":\"2020-01-30T09:24:33+00:00\",\"breadcrumb\":{\"@id\":\"https:\/\/welovecinema.be\/fr\/ahmed-et-lola-aux-cesar\/#breadcrumb\"},\"inLanguage\":\"fr-FR\",\"potentialAction\":[{\"@type\":\"ReadAction\",\"target\":[\"https:\/\/welovecinema.be\/fr\/ahmed-et-lola-aux-cesar\/\"]}]},{\"@type\":\"BreadcrumbList\",\"@id\":\"https:\/\/welovecinema.be\/fr\/ahmed-et-lola-aux-cesar\/#breadcrumb\",\"itemListElement\":[{\"@type\":\"ListItem\",\"position\":1,\"name\":\"Accueil\",\"item\":\"https:\/\/welovecinema.be\/fr\/\"},{\"@type\":\"ListItem\",\"position\":2,\"name\":\"Ahmed et Lola aux C\u00e9sar!\"}]},{\"@type\":\"WebSite\",\"@id\":\"https:\/\/welovecinema.be\/nl\/#website\",\"url\":\"https:\/\/welovecinema.be\/nl\/\",\"name\":\"We Love Cinema\",\"description\":\"Toute l\u2019information du cin\u00e9ma en Belgique\",\"publisher\":{\"@id\":\"https:\/\/welovecinema.be\/nl\/#organization\"},\"potentialAction\":[{\"@type\":\"SearchAction\",\"target\":{\"@type\":\"EntryPoint\",\"urlTemplate\":\"https:\/\/welovecinema.be\/nl\/?s={search_term_string}\"},\"query-input\":\"required name=search_term_string\"}],\"inLanguage\":\"fr-FR\"},{\"@type\":\"Organization\",\"@id\":\"https:\/\/welovecinema.be\/nl\/#organization\",\"name\":\"We Love Cinema\",\"url\":\"https:\/\/welovecinema.be\/nl\/\",\"logo\":{\"@type\":\"ImageObject\",\"inLanguage\":\"fr-FR\",\"@id\":\"https:\/\/welovecinema.be\/nl\/#\/schema\/logo\/image\/\",\"url\":\"https:\/\/welovecinema.be\/wp-content\/uploads\/sites\/2\/2023\/03\/Logo-We-Love-Cinema305x128.jpg\",\"contentUrl\":\"https:\/\/welovecinema.be\/wp-content\/uploads\/sites\/2\/2023\/03\/Logo-We-Love-Cinema305x128.jpg\",\"width\":305,\"height\":128,\"caption\":\"We Love Cinema\"},\"image\":{\"@id\":\"https:\/\/welovecinema.be\/nl\/#\/schema\/logo\/image\/\"},\"sameAs\":[\"https:\/\/www.facebook.com\/welovecinema.be\",\"https:\/\/www.youtube.com\/channel\/UCX5LYGVhnKvYauW4Nta4HJA\",\"https:\/\/www.instagram.com\/welovecinema.be\/\"]},{\"@type\":\"Person\",\"@id\":\"https:\/\/welovecinema.be\/nl\/#\/schema\/person\/8084b68c6b176142d073695c654dc7cf\",\"name\":\"Aurore Engelen\",\"url\":\"https:\/\/welovecinema.be\/fr\/author\/aurore-engelen\/\"}]}<\/script>\n<!-- \/ Yoast SEO plugin. -->","yoast_head_json":{"title":"Ahmed et Lola aux C\u00e9sar! - We Love Cinema","robots":{"index":"index","follow":"follow","max-snippet":"max-snippet:-1","max-image-preview":"max-image-preview:large","max-video-preview":"max-video-preview:-1"},"canonical":"https:\/\/welovecinema.be\/fr\/ahmed-et-lola-aux-cesar\/","og_locale":"fr_FR","og_type":"article","og_title":"Ahmed et Lola aux C\u00e9sar! - We Love Cinema","og_description":"Les nominations pour les 45e C\u00e9sar du Cin\u00e9ma viennent de tomber! Si J&rsquo;accuse, Les Mis\u00e9rables, La Belle Epoque et Portrait de la Jeune Fille en feu m\u00e8nent la danse des nominations, on retrouve deux films belges dans la cat\u00e9gorie Meilleur film \u00e9tranger! Ils feront ainsi face \u00e0 Douleur et gloire de Pedro Almodovar, Joker de &hellip;","og_url":"https:\/\/welovecinema.be\/fr\/ahmed-et-lola-aux-cesar\/","og_site_name":"We Love Cinema","article_publisher":"https:\/\/www.facebook.com\/welovecinema.be","article_published_time":"2020-01-29T14:20:32+00:00","article_modified_time":"2020-01-30T09:24:33+00:00","og_image":[{"width":1200,"height":658,"url":"https:\/\/welovecinema.be\/wp-content\/uploads\/sites\/2\/2020\/01\/Sans-titre.jpg","type":"image\/jpeg"}],"author":"Aurore Engelen","twitter_card":"summary_large_image","twitter_misc":{"\u00c9crit par":"Aurore Engelen","Dur\u00e9e de lecture estim\u00e9e":"1 minute"},"schema":{"@context":"https:\/\/schema.org","@graph":[{"@type":"Article","@id":"https:\/\/welovecinema.be\/fr\/ahmed-et-lola-aux-cesar\/#article","isPartOf":{"@id":"https:\/\/welovecinema.be\/fr\/ahmed-et-lola-aux-cesar\/"},"author":{"name":"Aurore Engelen","@id":"https:\/\/welovecinema.be\/nl\/#\/schema\/person\/8084b68c6b176142d073695c654dc7cf"},"headline":"Ahmed et Lola aux C\u00e9sar!","datePublished":"2020-01-29T14:20:32+00:00","dateModified":"2020-01-30T09:24:33+00:00","mainEntityOfPage":{"@id":"https:\/\/welovecinema.be\/fr\/ahmed-et-lola-aux-cesar\/"},"wordCount":304,"publisher":{"@id":"https:\/\/welovecinema.be\/nl\/#organization"},"keywords":["newsletter"],"articleSection":["Evenements"],"inLanguage":"fr-FR"},{"@type":"WebPage","@id":"https:\/\/welovecinema.be\/fr\/ahmed-et-lola-aux-cesar\/","url":"https:\/\/welovecinema.be\/fr\/ahmed-et-lola-aux-cesar\/","name":"Ahmed et Lola aux C\u00e9sar! - We Love Cinema","isPartOf":{"@id":"https:\/\/welovecinema.be\/nl\/#website"},"datePublished":"2020-01-29T14:20:32+00:00","dateModified":"2020-01-30T09:24:33+00:00","breadcrumb":{"@id":"https:\/\/welovecinema.be\/fr\/ahmed-et-lola-aux-cesar\/#breadcrumb"},"inLanguage":"fr-FR","potentialAction":[{"@type":"ReadAction","target":["https:\/\/welovecinema.be\/fr\/ahmed-et-lola-aux-cesar\/"]}]},{"@type":"BreadcrumbList","@id":"https:\/\/welovecinema.be\/fr\/ahmed-et-lola-aux-cesar\/#breadcrumb","itemListElement":[{"@type":"ListItem","position":1,"name":"Accueil","item":"https:\/\/welovecinema.be\/fr\/"},{"@type":"ListItem","position":2,"name":"Ahmed et Lola aux C\u00e9sar!"}]},{"@type":"WebSite","@id":"https:\/\/welovecinema.be\/nl\/#website","url":"https:\/\/welovecinema.be\/nl\/","name":"We Love Cinema","description":"Toute l\u2019information du cin\u00e9ma en Belgique","publisher":{"@id":"https:\/\/welovecinema.be\/nl\/#organization"},"potentialAction":[{"@type":"SearchAction","target":{"@type":"EntryPoint","urlTemplate":"https:\/\/welovecinema.be\/nl\/?s={search_term_string}"},"query-input":"required name=search_term_string"}],"inLanguage":"fr-FR"},{"@type":"Organization","@id":"https:\/\/welovecinema.be\/nl\/#organization","name":"We Love Cinema","url":"https:\/\/welovecinema.be\/nl\/","logo":{"@type":"ImageObject","inLanguage":"fr-FR","@id":"https:\/\/welovecinema.be\/nl\/#\/schema\/logo\/image\/","url":"https:\/\/welovecinema.be\/wp-content\/uploads\/sites\/2\/2023\/03\/Logo-We-Love-Cinema305x128.jpg","contentUrl":"https:\/\/welovecinema.be\/wp-content\/uploads\/sites\/2\/2023\/03\/Logo-We-Love-Cinema305x128.jpg","width":305,"height":128,"caption":"We Love Cinema"},"image":{"@id":"https:\/\/welovecinema.be\/nl\/#\/schema\/logo\/image\/"},"sameAs":["https:\/\/www.facebook.com\/welovecinema.be","https:\/\/www.youtube.com\/channel\/UCX5LYGVhnKvYauW4Nta4HJA","https:\/\/www.instagram.com\/welovecinema.be\/"]},{"@type":"Person","@id":"https:\/\/welovecinema.be\/nl\/#\/schema\/person\/8084b68c6b176142d073695c654dc7cf","name":"Aurore Engelen","url":"https:\/\/welovecinema.be\/fr\/author\/aurore-engelen\/"}]}},"_links":{"self":[{"href":"https:\/\/welovecinema.be\/fr\/wp-json\/wp\/v2\/posts\/226479","targetHints":{"allow":["GET"]}}],"collection":[{"href":"https:\/\/welovecinema.be\/fr\/wp-json\/wp\/v2\/posts"}],"about":[{"href":"https:\/\/welovecinema.be\/fr\/wp-json\/wp\/v2\/types\/post"}],"author":[{"embeddable":true,"href":"https:\/\/welovecinema.be\/fr\/wp-json\/wp\/v2\/users\/343"}],"replies":[{"embeddable":true,"href":"https:\/\/welovecinema.be\/fr\/wp-json\/wp\/v2\/comments?post=226479"}],"version-history":[{"count":0,"href":"https:\/\/welovecinema.be\/fr\/wp-json\/wp\/v2\/posts\/226479\/revisions"}],"wp:featuredmedia":[{"embeddable":true,"href":"https:\/\/welovecinema.be\/fr\/wp-json\/wp\/v2\/media\/226480"}],"wp:attachment":[{"href":"https:\/\/welovecinema.be\/fr\/wp-json\/wp\/v2\/media?parent=226479"}],"wp:term":[{"taxonomy":"category","embeddable":true,"href":"https:\/\/welovecinema.be\/fr\/wp-json\/wp\/v2\/categories?post=226479"},{"taxonomy":"post_tag","embeddable":true,"href":"https:\/\/welovecinema.be\/fr\/wp-json\/wp\/v2\/tags?post=226479"}],"curies":[{"name":"wp","href":"https:\/\/api.w.org\/{rel}","templated":true}]}}