{"id":226477,"date":"2020-01-29T09:12:57","date_gmt":"2020-01-29T08:12:57","guid":{"rendered":"https:\/\/www.cinevox.be\/?p=226477"},"modified":"2020-01-29T15:20:46","modified_gmt":"2020-01-29T14:20:46","slug":"communique-de-presse-academie-andre-delvaux","status":"publish","type":"post","link":"https:\/\/welovecinema.be\/fr\/communique-de-presse-academie-andre-delvaux\/","title":{"rendered":"Communiqu\u00e9 de presse: Acad\u00e9mie Andr\u00e9 Delvaux"},"content":{"rendered":"<p class=\"p1\"><span class=\"s1\"><strong>L\u2019ASBL Big Bang Prod a requis l\u2019Acad\u00e9mie Andr\u00e9 Delvaux de publier le communiqu\u00e9 de presse suivant\u00a0:<\/strong> <\/span><\/p>\n<p class=\"p1\"><span class=\"s1\"><span class=\"Apple-converted-space\">\u00a0 <\/span>\u00ab\u00a0<b>Magritte du Premier Film 2015<\/b>\u200b : <\/span><span class=\"s1\">Par jugement prononc\u00e9 le 22 novembre 2019, la 9<\/span><span class=\"s2\"><sup>\u00e8me<\/sup><\/span><span class=\"s1\"> chambre civile du Tribunal de premi\u00e8re Instance francophone de Bruxelles a invalid\u00e9 les r\u00e9sultats du concours du premier film, aux Magritte 2015. Le film gagnant devait \u00eatre <i>Marbie, Star de Couillu les 2 Eglises<\/i>\u00a0\u00bb.<\/span><\/p>\n<p class=\"p3\"><span class=\"s1\">_______<\/span><\/p>\n<p class=\"p1\"><span class=\"s1\">L\u2019Acad\u00e9mie Andr\u00e9 Delvaux a fait appel de ce jugement.<\/span><\/p>\n","protected":false},"excerpt":{"rendered":"<p>L\u2019ASBL Big Bang Prod a requis l\u2019Acad\u00e9mie Andr\u00e9 Delvaux de publier le communiqu\u00e9 de presse suivant\u00a0: \u00a0 \u00ab\u00a0Magritte du Premier Film 2015\u200b : Par jugement prononc\u00e9 le 22 novembre 2019, la 9\u00e8me chambre civile du Tribunal de premi\u00e8re Instance francophone de Bruxelles a invalid\u00e9 les r\u00e9sultats du concours du premier film, aux Magritte 2015. Le &hellip;<\/p>\n","protected":false},"author":343,"featured_media":193011,"comment_status":"closed","ping_status":"closed","sticky":false,"template":"","format":"standard","meta":{"ngg_post_thumbnail":0,"footnotes":""},"categories":[1923],"tags":[],"class_list":["post-226477","post","type-post","status-publish","format-standard","has-post-thumbnail","","category-en-bref"],"yoast_head":"<!-- This site is optimized with the Yoast SEO plugin v20.4 - https:\/\/yoast.com\/wordpress\/plugins\/seo\/ -->\n<title>Communiqu\u00e9 de presse: Acad\u00e9mie Andr\u00e9 Delvaux - We Love Cinema<\/title>\n<meta name=\"robots\" content=\"index, follow, max-snippet:-1, max-image-preview:large, max-video-preview:-1\" \/>\n<link rel=\"canonical\" href=\"https:\/\/welovecinema.be\/fr\/communique-de-presse-academie-andre-delvaux\/\" \/>\n<meta property=\"og:locale\" content=\"fr_FR\" \/>\n<meta property=\"og:type\" content=\"article\" \/>\n<meta property=\"og:title\" content=\"Communiqu\u00e9 de presse: Acad\u00e9mie Andr\u00e9 Delvaux - We Love Cinema\" \/>\n<meta property=\"og:description\" content=\"L\u2019ASBL Big Bang Prod a requis l\u2019Acad\u00e9mie Andr\u00e9 Delvaux de publier le communiqu\u00e9 de presse suivant\u00a0: \u00a0 \u00ab\u00a0Magritte du Premier Film 2015\u200b : Par jugement prononc\u00e9 le 22 novembre 2019, la 9\u00e8me chambre civile du Tribunal de premi\u00e8re Instance francophone de Bruxelles a invalid\u00e9 les r\u00e9sultats du concours du premier film, aux Magritte 2015. Le &hellip;\" \/>\n<meta property=\"og:url\" content=\"https:\/\/welovecinema.be\/fr\/communique-de-presse-academie-andre-delvaux\/\" \/>\n<meta property=\"og:site_name\" content=\"We Love Cinema\" \/>\n<meta property=\"article:publisher\" content=\"https:\/\/www.facebook.com\/welovecinema.be\" \/>\n<meta property=\"article:published_time\" content=\"2020-01-29T08:12:57+00:00\" \/>\n<meta property=\"article:modified_time\" content=\"2020-01-29T14:20:46+00:00\" \/>\n<meta property=\"og:image\" content=\"https:\/\/welovecinema.be\/wp-content\/uploads\/sites\/2\/2016\/12\/logo_magritte-copie.jpg\" \/>\n\t<meta property=\"og:image:width\" content=\"1252\" \/>\n\t<meta property=\"og:image:height\" content=\"616\" \/>\n\t<meta property=\"og:image:type\" content=\"image\/jpeg\" \/>\n<meta name=\"author\" content=\"Aurore Engelen\" \/>\n<meta name=\"twitter:card\" content=\"summary_large_image\" \/>\n<meta name=\"twitter:label1\" content=\"\u00c9crit par\" \/>\n\t<meta name=\"twitter:data1\" content=\"Aurore Engelen\" \/>\n<script type=\"application\/ld+json\" class=\"yoast-schema-graph\">{\"@context\":\"https:\/\/schema.org\",\"@graph\":[{\"@type\":\"Article\",\"@id\":\"https:\/\/welovecinema.be\/fr\/communique-de-presse-academie-andre-delvaux\/#article\",\"isPartOf\":{\"@id\":\"https:\/\/welovecinema.be\/fr\/communique-de-presse-academie-andre-delvaux\/\"},\"author\":{\"name\":\"Aurore Engelen\",\"@id\":\"https:\/\/welovecinema.be\/nl\/#\/schema\/person\/8084b68c6b176142d073695c654dc7cf\"},\"headline\":\"Communiqu\u00e9 de presse: Acad\u00e9mie Andr\u00e9 Delvaux\",\"datePublished\":\"2020-01-29T08:12:57+00:00\",\"dateModified\":\"2020-01-29T14:20:46+00:00\",\"mainEntityOfPage\":{\"@id\":\"https:\/\/welovecinema.be\/fr\/communique-de-presse-academie-andre-delvaux\/\"},\"wordCount\":82,\"publisher\":{\"@id\":\"https:\/\/welovecinema.be\/nl\/#organization\"},\"articleSection\":[\"En bref\"],\"inLanguage\":\"fr-FR\"},{\"@type\":\"WebPage\",\"@id\":\"https:\/\/welovecinema.be\/fr\/communique-de-presse-academie-andre-delvaux\/\",\"url\":\"https:\/\/welovecinema.be\/fr\/communique-de-presse-academie-andre-delvaux\/\",\"name\":\"Communiqu\u00e9 de presse: Acad\u00e9mie Andr\u00e9 Delvaux - We Love Cinema\",\"isPartOf\":{\"@id\":\"https:\/\/welovecinema.be\/nl\/#website\"},\"datePublished\":\"2020-01-29T08:12:57+00:00\",\"dateModified\":\"2020-01-29T14:20:46+00:00\",\"breadcrumb\":{\"@id\":\"https:\/\/welovecinema.be\/fr\/communique-de-presse-academie-andre-delvaux\/#breadcrumb\"},\"inLanguage\":\"fr-FR\",\"potentialAction\":[{\"@type\":\"ReadAction\",\"target\":[\"https:\/\/welovecinema.be\/fr\/communique-de-presse-academie-andre-delvaux\/\"]}]},{\"@type\":\"BreadcrumbList\",\"@id\":\"https:\/\/welovecinema.be\/fr\/communique-de-presse-academie-andre-delvaux\/#breadcrumb\",\"itemListElement\":[{\"@type\":\"ListItem\",\"position\":1,\"name\":\"Accueil\",\"item\":\"https:\/\/welovecinema.be\/fr\/\"},{\"@type\":\"ListItem\",\"position\":2,\"name\":\"Communiqu\u00e9 de presse: Acad\u00e9mie Andr\u00e9 Delvaux\"}]},{\"@type\":\"WebSite\",\"@id\":\"https:\/\/welovecinema.be\/nl\/#website\",\"url\":\"https:\/\/welovecinema.be\/nl\/\",\"name\":\"We Love Cinema\",\"description\":\"Toute l\u2019information du cin\u00e9ma en Belgique\",\"publisher\":{\"@id\":\"https:\/\/welovecinema.be\/nl\/#organization\"},\"potentialAction\":[{\"@type\":\"SearchAction\",\"target\":{\"@type\":\"EntryPoint\",\"urlTemplate\":\"https:\/\/welovecinema.be\/nl\/?s={search_term_string}\"},\"query-input\":\"required name=search_term_string\"}],\"inLanguage\":\"fr-FR\"},{\"@type\":\"Organization\",\"@id\":\"https:\/\/welovecinema.be\/nl\/#organization\",\"name\":\"We Love Cinema\",\"url\":\"https:\/\/welovecinema.be\/nl\/\",\"logo\":{\"@type\":\"ImageObject\",\"inLanguage\":\"fr-FR\",\"@id\":\"https:\/\/welovecinema.be\/nl\/#\/schema\/logo\/image\/\",\"url\":\"https:\/\/welovecinema.be\/wp-content\/uploads\/sites\/2\/2023\/03\/Logo-We-Love-Cinema305x128.jpg\",\"contentUrl\":\"https:\/\/welovecinema.be\/wp-content\/uploads\/sites\/2\/2023\/03\/Logo-We-Love-Cinema305x128.jpg\",\"width\":305,\"height\":128,\"caption\":\"We Love Cinema\"},\"image\":{\"@id\":\"https:\/\/welovecinema.be\/nl\/#\/schema\/logo\/image\/\"},\"sameAs\":[\"https:\/\/www.facebook.com\/welovecinema.be\",\"https:\/\/www.youtube.com\/channel\/UCX5LYGVhnKvYauW4Nta4HJA\",\"https:\/\/www.instagram.com\/welovecinema.be\/\"]},{\"@type\":\"Person\",\"@id\":\"https:\/\/welovecinema.be\/nl\/#\/schema\/person\/8084b68c6b176142d073695c654dc7cf\",\"name\":\"Aurore Engelen\",\"url\":\"https:\/\/welovecinema.be\/fr\/author\/aurore-engelen\/\"}]}<\/script>\n<!-- \/ Yoast SEO plugin. -->","yoast_head_json":{"title":"Communiqu\u00e9 de presse: Acad\u00e9mie Andr\u00e9 Delvaux - We Love Cinema","robots":{"index":"index","follow":"follow","max-snippet":"max-snippet:-1","max-image-preview":"max-image-preview:large","max-video-preview":"max-video-preview:-1"},"canonical":"https:\/\/welovecinema.be\/fr\/communique-de-presse-academie-andre-delvaux\/","og_locale":"fr_FR","og_type":"article","og_title":"Communiqu\u00e9 de presse: Acad\u00e9mie Andr\u00e9 Delvaux - We Love Cinema","og_description":"L\u2019ASBL Big Bang Prod a requis l\u2019Acad\u00e9mie Andr\u00e9 Delvaux de publier le communiqu\u00e9 de presse suivant\u00a0: \u00a0 \u00ab\u00a0Magritte du Premier Film 2015\u200b : Par jugement prononc\u00e9 le 22 novembre 2019, la 9\u00e8me chambre civile du Tribunal de premi\u00e8re Instance francophone de Bruxelles a invalid\u00e9 les r\u00e9sultats du concours du premier film, aux Magritte 2015. Le &hellip;","og_url":"https:\/\/welovecinema.be\/fr\/communique-de-presse-academie-andre-delvaux\/","og_site_name":"We Love Cinema","article_publisher":"https:\/\/www.facebook.com\/welovecinema.be","article_published_time":"2020-01-29T08:12:57+00:00","article_modified_time":"2020-01-29T14:20:46+00:00","og_image":[{"width":1252,"height":616,"url":"https:\/\/welovecinema.be\/wp-content\/uploads\/sites\/2\/2016\/12\/logo_magritte-copie.jpg","type":"image\/jpeg"}],"author":"Aurore Engelen","twitter_card":"summary_large_image","twitter_misc":{"\u00c9crit par":"Aurore Engelen"},"schema":{"@context":"https:\/\/schema.org","@graph":[{"@type":"Article","@id":"https:\/\/welovecinema.be\/fr\/communique-de-presse-academie-andre-delvaux\/#article","isPartOf":{"@id":"https:\/\/welovecinema.be\/fr\/communique-de-presse-academie-andre-delvaux\/"},"author":{"name":"Aurore Engelen","@id":"https:\/\/welovecinema.be\/nl\/#\/schema\/person\/8084b68c6b176142d073695c654dc7cf"},"headline":"Communiqu\u00e9 de presse: Acad\u00e9mie Andr\u00e9 Delvaux","datePublished":"2020-01-29T08:12:57+00:00","dateModified":"2020-01-29T14:20:46+00:00","mainEntityOfPage":{"@id":"https:\/\/welovecinema.be\/fr\/communique-de-presse-academie-andre-delvaux\/"},"wordCount":82,"publisher":{"@id":"https:\/\/welovecinema.be\/nl\/#organization"},"articleSection":["En bref"],"inLanguage":"fr-FR"},{"@type":"WebPage","@id":"https:\/\/welovecinema.be\/fr\/communique-de-presse-academie-andre-delvaux\/","url":"https:\/\/welovecinema.be\/fr\/communique-de-presse-academie-andre-delvaux\/","name":"Communiqu\u00e9 de presse: Acad\u00e9mie Andr\u00e9 Delvaux - We Love Cinema","isPartOf":{"@id":"https:\/\/welovecinema.be\/nl\/#website"},"datePublished":"2020-01-29T08:12:57+00:00","dateModified":"2020-01-29T14:20:46+00:00","breadcrumb":{"@id":"https:\/\/welovecinema.be\/fr\/communique-de-presse-academie-andre-delvaux\/#breadcrumb"},"inLanguage":"fr-FR","potentialAction":[{"@type":"ReadAction","target":["https:\/\/welovecinema.be\/fr\/communique-de-presse-academie-andre-delvaux\/"]}]},{"@type":"BreadcrumbList","@id":"https:\/\/welovecinema.be\/fr\/communique-de-presse-academie-andre-delvaux\/#breadcrumb","itemListElement":[{"@type":"ListItem","position":1,"name":"Accueil","item":"https:\/\/welovecinema.be\/fr\/"},{"@type":"ListItem","position":2,"name":"Communiqu\u00e9 de presse: Acad\u00e9mie Andr\u00e9 Delvaux"}]},{"@type":"WebSite","@id":"https:\/\/welovecinema.be\/nl\/#website","url":"https:\/\/welovecinema.be\/nl\/","name":"We Love Cinema","description":"Toute l\u2019information du cin\u00e9ma en Belgique","publisher":{"@id":"https:\/\/welovecinema.be\/nl\/#organization"},"potentialAction":[{"@type":"SearchAction","target":{"@type":"EntryPoint","urlTemplate":"https:\/\/welovecinema.be\/nl\/?s={search_term_string}"},"query-input":"required name=search_term_string"}],"inLanguage":"fr-FR"},{"@type":"Organization","@id":"https:\/\/welovecinema.be\/nl\/#organization","name":"We Love Cinema","url":"https:\/\/welovecinema.be\/nl\/","logo":{"@type":"ImageObject","inLanguage":"fr-FR","@id":"https:\/\/welovecinema.be\/nl\/#\/schema\/logo\/image\/","url":"https:\/\/welovecinema.be\/wp-content\/uploads\/sites\/2\/2023\/03\/Logo-We-Love-Cinema305x128.jpg","contentUrl":"https:\/\/welovecinema.be\/wp-content\/uploads\/sites\/2\/2023\/03\/Logo-We-Love-Cinema305x128.jpg","width":305,"height":128,"caption":"We Love Cinema"},"image":{"@id":"https:\/\/welovecinema.be\/nl\/#\/schema\/logo\/image\/"},"sameAs":["https:\/\/www.facebook.com\/welovecinema.be","https:\/\/www.youtube.com\/channel\/UCX5LYGVhnKvYauW4Nta4HJA","https:\/\/www.instagram.com\/welovecinema.be\/"]},{"@type":"Person","@id":"https:\/\/welovecinema.be\/nl\/#\/schema\/person\/8084b68c6b176142d073695c654dc7cf","name":"Aurore Engelen","url":"https:\/\/welovecinema.be\/fr\/author\/aurore-engelen\/"}]}},"_links":{"self":[{"href":"https:\/\/welovecinema.be\/fr\/wp-json\/wp\/v2\/posts\/226477","targetHints":{"allow":["GET"]}}],"collection":[{"href":"https:\/\/welovecinema.be\/fr\/wp-json\/wp\/v2\/posts"}],"about":[{"href":"https:\/\/welovecinema.be\/fr\/wp-json\/wp\/v2\/types\/post"}],"author":[{"embeddable":true,"href":"https:\/\/welovecinema.be\/fr\/wp-json\/wp\/v2\/users\/343"}],"replies":[{"embeddable":true,"href":"https:\/\/welovecinema.be\/fr\/wp-json\/wp\/v2\/comments?post=226477"}],"version-history":[{"count":0,"href":"https:\/\/welovecinema.be\/fr\/wp-json\/wp\/v2\/posts\/226477\/revisions"}],"wp:featuredmedia":[{"embeddable":true,"href":"https:\/\/welovecinema.be\/fr\/wp-json\/wp\/v2\/media\/193011"}],"wp:attachment":[{"href":"https:\/\/welovecinema.be\/fr\/wp-json\/wp\/v2\/media?parent=226477"}],"wp:term":[{"taxonomy":"category","embeddable":true,"href":"https:\/\/welovecinema.be\/fr\/wp-json\/wp\/v2\/categories?post=226477"},{"taxonomy":"post_tag","embeddable":true,"href":"https:\/\/welovecinema.be\/fr\/wp-json\/wp\/v2\/tags?post=226477"}],"curies":[{"name":"wp","href":"https:\/\/api.w.org\/{rel}","templated":true}]}}