{"id":22641,"date":"2012-05-26T17:30:21","date_gmt":"2012-05-26T17:30:21","guid":{"rendered":"http:\/\/www.cinevox.be\/?p=22641"},"modified":"2012-05-26T18:56:56","modified_gmt":"2012-05-26T18:56:56","slug":"le-tres-grand-soir","status":"publish","type":"post","link":"https:\/\/welovecinema.be\/fr\/le-tres-grand-soir\/","title":{"rendered":"Le (tr\u00e8s) Grand Soir"},"content":{"rendered":"<p>C&rsquo;est la surprise punk de Cannes : <strong>Benoit Poelvoorde, Bouli Lanners<\/strong> et <strong>Yolande Moreau<\/strong> d\u00e9crochent le Grand prix du jury \u00e0 Un certain Regard avec <em>le Grand Soir <\/em>des Grolandais <strong>Del\u00e9pine <\/strong>et <strong>Kervern.<\/strong><\/p>\n<p><strong><!--more--><\/strong><\/p>\n<p><strong><br \/>\n<\/strong><\/p>\n<p>Cette ann\u00e9e, la section\u00a0<em>Un Certain Regard<\/em> semble avoir l\u00e9g\u00e8rement chang\u00e9 de cap avec une s\u00e9lection qui s&rsquo;apparentait plut\u00f4t \u00e0 une s\u00e9lection officielle bis alors que La Quinzaine des r\u00e9alisateurs occupait le cr\u00e9neau plus aventureux, habituellement d\u00e9volu \u00e0\u00a0<em>Un Certain Regard.<\/em><\/p>\n<p>On y retrouvait donc des longs m\u00e9trages qu&rsquo;on attendait plut\u00f4t en comp\u00e9tition officielle et qui y auraient eu toute leur place. Comme \u00a0<em>Le Grand Soir<\/em> ou\u00a0<em>A Perdre la Raison<\/em> que nous avons suivi avec beaucoup d&rsquo;attention.<\/p>\n<p>&nbsp;<\/p>\n<p><a rel=\"attachment wp-att-22642\" href=\"http:\/\/www.cinevox.be\/le-tres-grand-soir\/lgs-3-2\/\"><img loading=\"lazy\" decoding=\"async\" class=\"aligncenter size-full wp-image-22642\" title=\"LGS 3\" src=\"http:\/\/www.cinevox.be\/wp-content\/uploads\/sites\/2\/2012\/05\/LGS-3.png\" alt=\"\" width=\"682\" height=\"467\" srcset=\"https:\/\/welovecinema.be\/wp-content\/uploads\/sites\/2\/2012\/05\/LGS-3.png 682w, https:\/\/welovecinema.be\/wp-content\/uploads\/sites\/2\/2012\/05\/LGS-3-394x270.png 394w\" sizes=\"auto, (max-width: 682px) 100vw, 682px\" \/><\/a><\/p>\n<p>&nbsp;<\/p>\n<p>Dans ce contexte, c&rsquo;est surtout le film de <strong>Del\u00e9pine<\/strong> et <strong>Kervern<\/strong> qui semblait le plus d\u00e9cal\u00e9. Certes le duo grolandais est un duo d&rsquo;auteurs\u2026 mais pas vraiment au sens cannois du terme. Et le casting explosif compos\u00e9 de <strong>Benoit Poelvoorde, Albert Dupontel, Brigitte Fontaine, Bouli Lanners, Yolande Moreau<\/strong> ou <strong>Didier Wampas <\/strong>semblait bizarrement d\u00e9cal\u00e9 au c\u0153ur d&rsquo;un festival en g\u00e9n\u00e9ral plut\u00f4t acad\u00e9mique.<\/p>\n<p><a rel=\"attachment wp-att-22648\" href=\"http:\/\/www.cinevox.be\/le-tres-grand-soir\/jury\/\"><img loading=\"lazy\" decoding=\"async\" class=\"alignright size-medium wp-image-22648\" title=\"jury\" src=\"http:\/\/www.cinevox.be\/wp-content\/uploads\/sites\/2\/2012\/05\/jury-298x270.jpg\" alt=\"\" width=\"298\" height=\"270\" srcset=\"https:\/\/welovecinema.be\/wp-content\/uploads\/sites\/2\/2012\/05\/jury-298x270.jpg 298w, https:\/\/welovecinema.be\/wp-content\/uploads\/sites\/2\/2012\/05\/jury-664x600.jpg 664w\" sizes=\"auto, (max-width: 298px) 100vw, 298px\" \/><\/a>Mais le jury <em>d&rsquo;<strong>Un Certain Regard<\/strong><\/em>, soit <strong>Le\u00efla Bekhti<\/strong> (actrice); <strong>Tonie Marshall<\/strong> (r\u00e9alisatrice et productrice),\u00a0 <strong>Luciano Monteagudo<\/strong> (Critique cin\u00e9ma \u00e0 P\u00e1gina\/12 \u2013 Buenos Aires) et <strong>Sylvie Pras <\/strong>(Responsable des Cin\u00e9mas au Centre Pompidou \u00e0 Paris, Directrice artistique du Festival de La Rochelle) sous la pr\u00e9sidence de <strong>Tim Roth<\/strong> n&rsquo;en a eu cure : <em>Le Grand Soir,<\/em> punk et d\u00e9jant\u00e9, remporte carr\u00e9ment le \u00a0prix sp\u00e9cial du jury de la section. Enoooorme!<\/p>\n<p>&nbsp;<\/p>\n<p>&nbsp;<\/p>\n<p><em><br \/>\n<\/em><\/p>\n<p>&nbsp;<\/p>\n<p><a rel=\"attachment wp-att-22689\" href=\"http:\/\/www.cinevox.be\/le-tres-grand-soir\/le-grand-soir-2\/\"><img loading=\"lazy\" decoding=\"async\" class=\"aligncenter size-full wp-image-22689\" title=\"le grand soir\" src=\"http:\/\/www.cinevox.be\/wp-content\/uploads\/sites\/2\/2012\/05\/le-grand-soir.jpg\" alt=\"\" width=\"2448\" height=\"1303\" srcset=\"https:\/\/welovecinema.be\/wp-content\/uploads\/sites\/2\/2012\/05\/le-grand-soir.jpg 2448w, https:\/\/welovecinema.be\/wp-content\/uploads\/sites\/2\/2012\/05\/le-grand-soir-480x255.jpg 480w, https:\/\/welovecinema.be\/wp-content\/uploads\/sites\/2\/2012\/05\/le-grand-soir-800x425.jpg 800w\" sizes=\"auto, (max-width: 2448px) 100vw, 2448px\" \/><\/a><\/p>\n<p style=\"text-align: right;\"><em>[Photos Maryline Laurin]<\/em><\/p>\n<p><em><br \/>\n<\/em><\/p>\n<p style=\"text-align: right;\"><em><a rel=\"attachment wp-att-22697\" href=\"http:\/\/www.cinevox.be\/le-tres-grand-soir\/kerven-roth\/\"><img loading=\"lazy\" decoding=\"async\" class=\"aligncenter size-full wp-image-22697\" title=\"kerven roth\" src=\"http:\/\/www.cinevox.be\/wp-content\/uploads\/sites\/2\/2012\/05\/kerven-roth.jpg\" alt=\"\" width=\"600\" height=\"350\" srcset=\"https:\/\/welovecinema.be\/wp-content\/uploads\/sites\/2\/2012\/05\/kerven-roth.jpg 600w, https:\/\/welovecinema.be\/wp-content\/uploads\/sites\/2\/2012\/05\/kerven-roth-462x270.jpg 462w\" sizes=\"auto, (max-width: 600px) 100vw, 600px\" \/><\/a><em>[Photo Maryline Laurin]<\/em><br \/>\n<\/em><\/p>\n","protected":false},"excerpt":{"rendered":"<p>C&rsquo;est la surprise punk de Cannes : Benoit Poelvoorde, Bouli Lanners et Yolande Moreau d\u00e9crochent le Grand prix du jury \u00e0 Un certain Regard avec le Grand Soir des Grolandais Del\u00e9pine et Kervern.<\/p>\n","protected":false},"author":7,"featured_media":22644,"comment_status":"closed","ping_status":"closed","sticky":false,"template":"","format":"standard","meta":{"ngg_post_thumbnail":0,"footnotes":""},"categories":[53,7],"tags":[],"class_list":["post-22641","post","type-post","status-publish","format-standard","has-post-thumbnail","","category-coming-soon","category-actualites"],"yoast_head":"<!-- This site is optimized with the Yoast SEO plugin v20.4 - https:\/\/yoast.com\/wordpress\/plugins\/seo\/ -->\n<title>Le (tr\u00e8s) Grand Soir - We Love Cinema<\/title>\n<meta name=\"robots\" content=\"index, follow, max-snippet:-1, max-image-preview:large, max-video-preview:-1\" \/>\n<link rel=\"canonical\" href=\"https:\/\/welovecinema.be\/fr\/le-tres-grand-soir\/\" \/>\n<meta property=\"og:locale\" content=\"fr_FR\" \/>\n<meta property=\"og:type\" content=\"article\" \/>\n<meta property=\"og:title\" content=\"Le (tr\u00e8s) Grand Soir - We Love Cinema\" \/>\n<meta property=\"og:description\" content=\"C&rsquo;est la surprise punk de Cannes : Benoit Poelvoorde, Bouli Lanners et Yolande Moreau d\u00e9crochent le Grand prix du jury \u00e0 Un certain Regard avec le Grand Soir des Grolandais Del\u00e9pine et Kervern.\" \/>\n<meta property=\"og:url\" content=\"https:\/\/welovecinema.be\/fr\/le-tres-grand-soir\/\" \/>\n<meta property=\"og:site_name\" content=\"We Love Cinema\" \/>\n<meta property=\"article:publisher\" content=\"https:\/\/www.facebook.com\/welovecinema.be\" \/>\n<meta property=\"article:published_time\" content=\"2012-05-26T17:30:21+00:00\" \/>\n<meta property=\"article:modified_time\" content=\"2012-05-26T18:56:56+00:00\" \/>\n<meta property=\"og:image\" content=\"https:\/\/welovecinema.be\/wp-content\/uploads\/sites\/2\/2012\/05\/LGS-PC41.jpg\" \/>\n\t<meta property=\"og:image:width\" content=\"1200\" \/>\n\t<meta property=\"og:image:height\" content=\"773\" \/>\n\t<meta property=\"og:image:type\" content=\"image\/jpeg\" \/>\n<meta name=\"author\" content=\"Philippe.Pierquin\" \/>\n<meta name=\"twitter:card\" content=\"summary_large_image\" \/>\n<meta name=\"twitter:label1\" content=\"\u00c9crit par\" \/>\n\t<meta name=\"twitter:data1\" content=\"Philippe.Pierquin\" \/>\n\t<meta name=\"twitter:label2\" content=\"Dur\u00e9e de lecture estim\u00e9e\" \/>\n\t<meta name=\"twitter:data2\" content=\"1 minute\" \/>\n<script type=\"application\/ld+json\" class=\"yoast-schema-graph\">{\"@context\":\"https:\/\/schema.org\",\"@graph\":[{\"@type\":\"Article\",\"@id\":\"https:\/\/welovecinema.be\/fr\/le-tres-grand-soir\/#article\",\"isPartOf\":{\"@id\":\"https:\/\/welovecinema.be\/fr\/le-tres-grand-soir\/\"},\"author\":{\"name\":\"Philippe.Pierquin\",\"@id\":\"https:\/\/welovecinema.be\/nl\/#\/schema\/person\/4b9b1d857f0943453a38a7c2859ef756\"},\"headline\":\"Le (tr\u00e8s) Grand Soir\",\"datePublished\":\"2012-05-26T17:30:21+00:00\",\"dateModified\":\"2012-05-26T18:56:56+00:00\",\"mainEntityOfPage\":{\"@id\":\"https:\/\/welovecinema.be\/fr\/le-tres-grand-soir\/\"},\"wordCount\":291,\"publisher\":{\"@id\":\"https:\/\/welovecinema.be\/nl\/#organization\"},\"articleSection\":[\"Coming soon\",\"News\"],\"inLanguage\":\"fr-FR\"},{\"@type\":\"WebPage\",\"@id\":\"https:\/\/welovecinema.be\/fr\/le-tres-grand-soir\/\",\"url\":\"https:\/\/welovecinema.be\/fr\/le-tres-grand-soir\/\",\"name\":\"Le (tr\u00e8s) Grand Soir - We Love Cinema\",\"isPartOf\":{\"@id\":\"https:\/\/welovecinema.be\/nl\/#website\"},\"datePublished\":\"2012-05-26T17:30:21+00:00\",\"dateModified\":\"2012-05-26T18:56:56+00:00\",\"breadcrumb\":{\"@id\":\"https:\/\/welovecinema.be\/fr\/le-tres-grand-soir\/#breadcrumb\"},\"inLanguage\":\"fr-FR\",\"potentialAction\":[{\"@type\":\"ReadAction\",\"target\":[\"https:\/\/welovecinema.be\/fr\/le-tres-grand-soir\/\"]}]},{\"@type\":\"BreadcrumbList\",\"@id\":\"https:\/\/welovecinema.be\/fr\/le-tres-grand-soir\/#breadcrumb\",\"itemListElement\":[{\"@type\":\"ListItem\",\"position\":1,\"name\":\"Accueil\",\"item\":\"https:\/\/welovecinema.be\/fr\/\"},{\"@type\":\"ListItem\",\"position\":2,\"name\":\"Le (tr\u00e8s) Grand Soir\"}]},{\"@type\":\"WebSite\",\"@id\":\"https:\/\/welovecinema.be\/nl\/#website\",\"url\":\"https:\/\/welovecinema.be\/nl\/\",\"name\":\"We Love Cinema\",\"description\":\"Toute l\u2019information du cin\u00e9ma en Belgique\",\"publisher\":{\"@id\":\"https:\/\/welovecinema.be\/nl\/#organization\"},\"potentialAction\":[{\"@type\":\"SearchAction\",\"target\":{\"@type\":\"EntryPoint\",\"urlTemplate\":\"https:\/\/welovecinema.be\/nl\/?s={search_term_string}\"},\"query-input\":\"required name=search_term_string\"}],\"inLanguage\":\"fr-FR\"},{\"@type\":\"Organization\",\"@id\":\"https:\/\/welovecinema.be\/nl\/#organization\",\"name\":\"We Love Cinema\",\"url\":\"https:\/\/welovecinema.be\/nl\/\",\"logo\":{\"@type\":\"ImageObject\",\"inLanguage\":\"fr-FR\",\"@id\":\"https:\/\/welovecinema.be\/nl\/#\/schema\/logo\/image\/\",\"url\":\"https:\/\/welovecinema.be\/wp-content\/uploads\/sites\/2\/2023\/03\/Logo-We-Love-Cinema305x128.jpg\",\"contentUrl\":\"https:\/\/welovecinema.be\/wp-content\/uploads\/sites\/2\/2023\/03\/Logo-We-Love-Cinema305x128.jpg\",\"width\":305,\"height\":128,\"caption\":\"We Love Cinema\"},\"image\":{\"@id\":\"https:\/\/welovecinema.be\/nl\/#\/schema\/logo\/image\/\"},\"sameAs\":[\"https:\/\/www.facebook.com\/welovecinema.be\",\"https:\/\/www.youtube.com\/channel\/UCX5LYGVhnKvYauW4Nta4HJA\",\"https:\/\/www.instagram.com\/welovecinema.be\/\"]},{\"@type\":\"Person\",\"@id\":\"https:\/\/welovecinema.be\/nl\/#\/schema\/person\/4b9b1d857f0943453a38a7c2859ef756\",\"name\":\"Philippe.Pierquin\",\"url\":\"https:\/\/welovecinema.be\/fr\/author\/philippe-pierquin\/\"}]}<\/script>\n<!-- \/ Yoast SEO plugin. -->","yoast_head_json":{"title":"Le (tr\u00e8s) Grand Soir - We Love Cinema","robots":{"index":"index","follow":"follow","max-snippet":"max-snippet:-1","max-image-preview":"max-image-preview:large","max-video-preview":"max-video-preview:-1"},"canonical":"https:\/\/welovecinema.be\/fr\/le-tres-grand-soir\/","og_locale":"fr_FR","og_type":"article","og_title":"Le (tr\u00e8s) Grand Soir - We Love Cinema","og_description":"C&rsquo;est la surprise punk de Cannes : Benoit Poelvoorde, Bouli Lanners et Yolande Moreau d\u00e9crochent le Grand prix du jury \u00e0 Un certain Regard avec le Grand Soir des Grolandais Del\u00e9pine et Kervern.","og_url":"https:\/\/welovecinema.be\/fr\/le-tres-grand-soir\/","og_site_name":"We Love Cinema","article_publisher":"https:\/\/www.facebook.com\/welovecinema.be","article_published_time":"2012-05-26T17:30:21+00:00","article_modified_time":"2012-05-26T18:56:56+00:00","og_image":[{"width":"1200","height":"773","url":"https:\/\/welovecinema.be\/wp-content\/uploads\/sites\/2\/2012\/05\/LGS-PC41.jpg","type":"image\/jpeg"}],"author":"Philippe.Pierquin","twitter_card":"summary_large_image","twitter_misc":{"\u00c9crit par":"Philippe.Pierquin","Dur\u00e9e de lecture estim\u00e9e":"1 minute"},"schema":{"@context":"https:\/\/schema.org","@graph":[{"@type":"Article","@id":"https:\/\/welovecinema.be\/fr\/le-tres-grand-soir\/#article","isPartOf":{"@id":"https:\/\/welovecinema.be\/fr\/le-tres-grand-soir\/"},"author":{"name":"Philippe.Pierquin","@id":"https:\/\/welovecinema.be\/nl\/#\/schema\/person\/4b9b1d857f0943453a38a7c2859ef756"},"headline":"Le (tr\u00e8s) Grand Soir","datePublished":"2012-05-26T17:30:21+00:00","dateModified":"2012-05-26T18:56:56+00:00","mainEntityOfPage":{"@id":"https:\/\/welovecinema.be\/fr\/le-tres-grand-soir\/"},"wordCount":291,"publisher":{"@id":"https:\/\/welovecinema.be\/nl\/#organization"},"articleSection":["Coming soon","News"],"inLanguage":"fr-FR"},{"@type":"WebPage","@id":"https:\/\/welovecinema.be\/fr\/le-tres-grand-soir\/","url":"https:\/\/welovecinema.be\/fr\/le-tres-grand-soir\/","name":"Le (tr\u00e8s) Grand Soir - We Love Cinema","isPartOf":{"@id":"https:\/\/welovecinema.be\/nl\/#website"},"datePublished":"2012-05-26T17:30:21+00:00","dateModified":"2012-05-26T18:56:56+00:00","breadcrumb":{"@id":"https:\/\/welovecinema.be\/fr\/le-tres-grand-soir\/#breadcrumb"},"inLanguage":"fr-FR","potentialAction":[{"@type":"ReadAction","target":["https:\/\/welovecinema.be\/fr\/le-tres-grand-soir\/"]}]},{"@type":"BreadcrumbList","@id":"https:\/\/welovecinema.be\/fr\/le-tres-grand-soir\/#breadcrumb","itemListElement":[{"@type":"ListItem","position":1,"name":"Accueil","item":"https:\/\/welovecinema.be\/fr\/"},{"@type":"ListItem","position":2,"name":"Le (tr\u00e8s) Grand Soir"}]},{"@type":"WebSite","@id":"https:\/\/welovecinema.be\/nl\/#website","url":"https:\/\/welovecinema.be\/nl\/","name":"We Love Cinema","description":"Toute l\u2019information du cin\u00e9ma en Belgique","publisher":{"@id":"https:\/\/welovecinema.be\/nl\/#organization"},"potentialAction":[{"@type":"SearchAction","target":{"@type":"EntryPoint","urlTemplate":"https:\/\/welovecinema.be\/nl\/?s={search_term_string}"},"query-input":"required name=search_term_string"}],"inLanguage":"fr-FR"},{"@type":"Organization","@id":"https:\/\/welovecinema.be\/nl\/#organization","name":"We Love Cinema","url":"https:\/\/welovecinema.be\/nl\/","logo":{"@type":"ImageObject","inLanguage":"fr-FR","@id":"https:\/\/welovecinema.be\/nl\/#\/schema\/logo\/image\/","url":"https:\/\/welovecinema.be\/wp-content\/uploads\/sites\/2\/2023\/03\/Logo-We-Love-Cinema305x128.jpg","contentUrl":"https:\/\/welovecinema.be\/wp-content\/uploads\/sites\/2\/2023\/03\/Logo-We-Love-Cinema305x128.jpg","width":305,"height":128,"caption":"We Love Cinema"},"image":{"@id":"https:\/\/welovecinema.be\/nl\/#\/schema\/logo\/image\/"},"sameAs":["https:\/\/www.facebook.com\/welovecinema.be","https:\/\/www.youtube.com\/channel\/UCX5LYGVhnKvYauW4Nta4HJA","https:\/\/www.instagram.com\/welovecinema.be\/"]},{"@type":"Person","@id":"https:\/\/welovecinema.be\/nl\/#\/schema\/person\/4b9b1d857f0943453a38a7c2859ef756","name":"Philippe.Pierquin","url":"https:\/\/welovecinema.be\/fr\/author\/philippe-pierquin\/"}]}},"_links":{"self":[{"href":"https:\/\/welovecinema.be\/fr\/wp-json\/wp\/v2\/posts\/22641","targetHints":{"allow":["GET"]}}],"collection":[{"href":"https:\/\/welovecinema.be\/fr\/wp-json\/wp\/v2\/posts"}],"about":[{"href":"https:\/\/welovecinema.be\/fr\/wp-json\/wp\/v2\/types\/post"}],"author":[{"embeddable":true,"href":"https:\/\/welovecinema.be\/fr\/wp-json\/wp\/v2\/users\/7"}],"replies":[{"embeddable":true,"href":"https:\/\/welovecinema.be\/fr\/wp-json\/wp\/v2\/comments?post=22641"}],"version-history":[{"count":0,"href":"https:\/\/welovecinema.be\/fr\/wp-json\/wp\/v2\/posts\/22641\/revisions"}],"wp:featuredmedia":[{"embeddable":true,"href":"https:\/\/welovecinema.be\/fr\/wp-json\/wp\/v2\/media\/22644"}],"wp:attachment":[{"href":"https:\/\/welovecinema.be\/fr\/wp-json\/wp\/v2\/media?parent=22641"}],"wp:term":[{"taxonomy":"category","embeddable":true,"href":"https:\/\/welovecinema.be\/fr\/wp-json\/wp\/v2\/categories?post=22641"},{"taxonomy":"post_tag","embeddable":true,"href":"https:\/\/welovecinema.be\/fr\/wp-json\/wp\/v2\/tags?post=22641"}],"curies":[{"name":"wp","href":"https:\/\/api.w.org\/{rel}","templated":true}]}}