{"id":226122,"date":"2020-01-13T16:18:27","date_gmt":"2020-01-13T15:18:27","guid":{"rendered":"https:\/\/www.cinevox.be\/?p=226122"},"modified":"2020-01-14T10:38:58","modified_gmt":"2020-01-14T09:38:58","slug":"un-film-belge-aux-oscars","status":"publish","type":"post","link":"https:\/\/welovecinema.be\/fr\/un-film-belge-aux-oscars\/","title":{"rendered":"Un film belge aux Oscars!"},"content":{"rendered":"<p><strong>L\u2019Academy of Motion Picture Arts and Sciences a annonc\u00e9 cette apr\u00e8s-midi \u00e0 Los Angeles les nominations de la 92\u00e8me \u00e9dition des Oscars et <em>Une s\u0153ur<\/em> de Delphine Girard a \u00e9t\u00e9 retenu parmi les 5 titres de la cat\u00e9gorie Courts m\u00e9trages de fiction!<\/strong><\/p>\n<p>Port\u00e9 par Veerle Baetens, Selma Alaoui et Guillaume Duhesme, <em>Une s\u0153ur<\/em> de Delphine Girard est un thriller psychologique men\u00e9 tambour battant. L\u2019action se passe une nuit. Une voiture. Une femme en danger. Un appel.<\/p>\n<p><iframe loading=\"lazy\" title=\"UNE SOEUR - TRAILER VO\" src=\"https:\/\/player.vimeo.com\/video\/382193182?dnt=1&amp;app_id=122963\" width=\"618\" height=\"348\" frameborder=\"0\" allow=\"autoplay; fullscreen; picture-in-picture; clipboard-write; encrypted-media\"><\/iframe><\/p>\n<p>Le film connait une tr\u00e8s belle carri\u00e8re en festivals o\u00f9 il a d\u00e9j\u00e0 remport\u00e9 une dizaine de prix.<\/p>\n<p>Pour rappel, <em>Les Petites Mains<\/em> de R\u00e9mi Allier, un autre film belge, avait d\u00e9j\u00e0 r\u00e9ussi une belle performance en se hissant dans la liste des 10 films pr\u00e9-s\u00e9lectionn\u00e9s pour cette cat\u00e9gorie (voir <a href=\"https:\/\/www.cinevox.be\/fr\/225521\/\">notre article<\/a>).<\/p>\n<p><em>Une s\u0153ur<\/em> est produit par Versus production. La 92 c\u00e9r\u00e9monie des Oscars se tiendra le 9 f\u00e9vrier prochain au Dolby Theater de Los Angeles.<\/p>\n","protected":false},"excerpt":{"rendered":"<p>L\u2019Academy of Motion Picture Arts and Sciences a annonc\u00e9 cette apr\u00e8s-midi \u00e0 Los Angeles les nominations de la 92\u00e8me \u00e9dition des Oscars et Une s\u0153ur de Delphine Girard a \u00e9t\u00e9 retenu parmi les 5 titres de la cat\u00e9gorie Courts m\u00e9trages de fiction! Port\u00e9 par Veerle Baetens, Selma Alaoui et Guillaume Duhesme, Une s\u0153ur de Delphine &hellip;<\/p>\n","protected":false},"author":343,"featured_media":216492,"comment_status":"closed","ping_status":"closed","sticky":false,"template":"","format":"standard","meta":{"ngg_post_thumbnail":0,"footnotes":""},"categories":[12],"tags":[3353,4187,4803],"class_list":["post-226122","post","type-post","status-publish","format-standard","has-post-thumbnail","","category-awards","tag-delphine-girard","tag-newsletter-fr","tag-une-soeur"],"yoast_head":"<!-- This site is optimized with the Yoast SEO plugin v20.4 - https:\/\/yoast.com\/wordpress\/plugins\/seo\/ -->\n<title>Un film belge aux Oscars! - We Love Cinema<\/title>\n<meta name=\"robots\" content=\"index, follow, max-snippet:-1, max-image-preview:large, max-video-preview:-1\" \/>\n<link rel=\"canonical\" href=\"https:\/\/welovecinema.be\/fr\/un-film-belge-aux-oscars\/\" \/>\n<meta property=\"og:locale\" content=\"fr_FR\" \/>\n<meta property=\"og:type\" content=\"article\" \/>\n<meta property=\"og:title\" content=\"Un film belge aux Oscars! - We Love Cinema\" \/>\n<meta property=\"og:description\" content=\"L\u2019Academy of Motion Picture Arts and Sciences a annonc\u00e9 cette apr\u00e8s-midi \u00e0 Los Angeles les nominations de la 92\u00e8me \u00e9dition des Oscars et Une s\u0153ur de Delphine Girard a \u00e9t\u00e9 retenu parmi les 5 titres de la cat\u00e9gorie Courts m\u00e9trages de fiction! Port\u00e9 par Veerle Baetens, Selma Alaoui et Guillaume Duhesme, Une s\u0153ur de Delphine &hellip;\" \/>\n<meta property=\"og:url\" content=\"https:\/\/welovecinema.be\/fr\/un-film-belge-aux-oscars\/\" \/>\n<meta property=\"og:site_name\" content=\"We Love Cinema\" \/>\n<meta property=\"article:publisher\" content=\"https:\/\/www.facebook.com\/welovecinema.be\" \/>\n<meta property=\"article:published_time\" content=\"2020-01-13T15:18:27+00:00\" \/>\n<meta property=\"article:modified_time\" content=\"2020-01-14T09:38:58+00:00\" \/>\n<meta property=\"og:image\" content=\"https:\/\/welovecinema.be\/wp-content\/uploads\/sites\/2\/2019\/01\/une-soeur-veerle-2-low.jpg\" \/>\n\t<meta property=\"og:image:width\" content=\"2892\" \/>\n\t<meta property=\"og:image:height\" content=\"1538\" \/>\n\t<meta property=\"og:image:type\" content=\"image\/jpeg\" \/>\n<meta name=\"author\" content=\"Aurore Engelen\" \/>\n<meta name=\"twitter:card\" content=\"summary_large_image\" \/>\n<meta name=\"twitter:label1\" content=\"\u00c9crit par\" \/>\n\t<meta name=\"twitter:data1\" content=\"Aurore Engelen\" \/>\n\t<meta name=\"twitter:label2\" content=\"Dur\u00e9e de lecture estim\u00e9e\" \/>\n\t<meta name=\"twitter:data2\" content=\"1 minute\" \/>\n<script type=\"application\/ld+json\" class=\"yoast-schema-graph\">{\"@context\":\"https:\/\/schema.org\",\"@graph\":[{\"@type\":\"Article\",\"@id\":\"https:\/\/welovecinema.be\/fr\/un-film-belge-aux-oscars\/#article\",\"isPartOf\":{\"@id\":\"https:\/\/welovecinema.be\/fr\/un-film-belge-aux-oscars\/\"},\"author\":{\"name\":\"Aurore Engelen\",\"@id\":\"https:\/\/welovecinema.be\/nl\/#\/schema\/person\/8084b68c6b176142d073695c654dc7cf\"},\"headline\":\"Un film belge aux Oscars!\",\"datePublished\":\"2020-01-13T15:18:27+00:00\",\"dateModified\":\"2020-01-14T09:38:58+00:00\",\"mainEntityOfPage\":{\"@id\":\"https:\/\/welovecinema.be\/fr\/un-film-belge-aux-oscars\/\"},\"wordCount\":176,\"publisher\":{\"@id\":\"https:\/\/welovecinema.be\/nl\/#organization\"},\"keywords\":[\"Delphine Girard\",\"newsletter\",\"Une soeur\"],\"articleSection\":[\"Evenements\"],\"inLanguage\":\"fr-FR\"},{\"@type\":\"WebPage\",\"@id\":\"https:\/\/welovecinema.be\/fr\/un-film-belge-aux-oscars\/\",\"url\":\"https:\/\/welovecinema.be\/fr\/un-film-belge-aux-oscars\/\",\"name\":\"Un film belge aux Oscars! - We Love Cinema\",\"isPartOf\":{\"@id\":\"https:\/\/welovecinema.be\/nl\/#website\"},\"datePublished\":\"2020-01-13T15:18:27+00:00\",\"dateModified\":\"2020-01-14T09:38:58+00:00\",\"breadcrumb\":{\"@id\":\"https:\/\/welovecinema.be\/fr\/un-film-belge-aux-oscars\/#breadcrumb\"},\"inLanguage\":\"fr-FR\",\"potentialAction\":[{\"@type\":\"ReadAction\",\"target\":[\"https:\/\/welovecinema.be\/fr\/un-film-belge-aux-oscars\/\"]}]},{\"@type\":\"BreadcrumbList\",\"@id\":\"https:\/\/welovecinema.be\/fr\/un-film-belge-aux-oscars\/#breadcrumb\",\"itemListElement\":[{\"@type\":\"ListItem\",\"position\":1,\"name\":\"Accueil\",\"item\":\"https:\/\/welovecinema.be\/fr\/\"},{\"@type\":\"ListItem\",\"position\":2,\"name\":\"Un film belge aux Oscars!\"}]},{\"@type\":\"WebSite\",\"@id\":\"https:\/\/welovecinema.be\/nl\/#website\",\"url\":\"https:\/\/welovecinema.be\/nl\/\",\"name\":\"We Love Cinema\",\"description\":\"Toute l\u2019information du cin\u00e9ma en Belgique\",\"publisher\":{\"@id\":\"https:\/\/welovecinema.be\/nl\/#organization\"},\"potentialAction\":[{\"@type\":\"SearchAction\",\"target\":{\"@type\":\"EntryPoint\",\"urlTemplate\":\"https:\/\/welovecinema.be\/nl\/?s={search_term_string}\"},\"query-input\":\"required name=search_term_string\"}],\"inLanguage\":\"fr-FR\"},{\"@type\":\"Organization\",\"@id\":\"https:\/\/welovecinema.be\/nl\/#organization\",\"name\":\"We Love Cinema\",\"url\":\"https:\/\/welovecinema.be\/nl\/\",\"logo\":{\"@type\":\"ImageObject\",\"inLanguage\":\"fr-FR\",\"@id\":\"https:\/\/welovecinema.be\/nl\/#\/schema\/logo\/image\/\",\"url\":\"https:\/\/welovecinema.be\/wp-content\/uploads\/sites\/2\/2023\/03\/Logo-We-Love-Cinema305x128.jpg\",\"contentUrl\":\"https:\/\/welovecinema.be\/wp-content\/uploads\/sites\/2\/2023\/03\/Logo-We-Love-Cinema305x128.jpg\",\"width\":305,\"height\":128,\"caption\":\"We Love Cinema\"},\"image\":{\"@id\":\"https:\/\/welovecinema.be\/nl\/#\/schema\/logo\/image\/\"},\"sameAs\":[\"https:\/\/www.facebook.com\/welovecinema.be\",\"https:\/\/www.youtube.com\/channel\/UCX5LYGVhnKvYauW4Nta4HJA\",\"https:\/\/www.instagram.com\/welovecinema.be\/\"]},{\"@type\":\"Person\",\"@id\":\"https:\/\/welovecinema.be\/nl\/#\/schema\/person\/8084b68c6b176142d073695c654dc7cf\",\"name\":\"Aurore Engelen\",\"url\":\"https:\/\/welovecinema.be\/fr\/author\/aurore-engelen\/\"}]}<\/script>\n<!-- \/ Yoast SEO plugin. -->","yoast_head_json":{"title":"Un film belge aux Oscars! - We Love Cinema","robots":{"index":"index","follow":"follow","max-snippet":"max-snippet:-1","max-image-preview":"max-image-preview:large","max-video-preview":"max-video-preview:-1"},"canonical":"https:\/\/welovecinema.be\/fr\/un-film-belge-aux-oscars\/","og_locale":"fr_FR","og_type":"article","og_title":"Un film belge aux Oscars! - We Love Cinema","og_description":"L\u2019Academy of Motion Picture Arts and Sciences a annonc\u00e9 cette apr\u00e8s-midi \u00e0 Los Angeles les nominations de la 92\u00e8me \u00e9dition des Oscars et Une s\u0153ur de Delphine Girard a \u00e9t\u00e9 retenu parmi les 5 titres de la cat\u00e9gorie Courts m\u00e9trages de fiction! Port\u00e9 par Veerle Baetens, Selma Alaoui et Guillaume Duhesme, Une s\u0153ur de Delphine &hellip;","og_url":"https:\/\/welovecinema.be\/fr\/un-film-belge-aux-oscars\/","og_site_name":"We Love Cinema","article_publisher":"https:\/\/www.facebook.com\/welovecinema.be","article_published_time":"2020-01-13T15:18:27+00:00","article_modified_time":"2020-01-14T09:38:58+00:00","og_image":[{"width":2892,"height":1538,"url":"https:\/\/welovecinema.be\/wp-content\/uploads\/sites\/2\/2019\/01\/une-soeur-veerle-2-low.jpg","type":"image\/jpeg"}],"author":"Aurore Engelen","twitter_card":"summary_large_image","twitter_misc":{"\u00c9crit par":"Aurore Engelen","Dur\u00e9e de lecture estim\u00e9e":"1 minute"},"schema":{"@context":"https:\/\/schema.org","@graph":[{"@type":"Article","@id":"https:\/\/welovecinema.be\/fr\/un-film-belge-aux-oscars\/#article","isPartOf":{"@id":"https:\/\/welovecinema.be\/fr\/un-film-belge-aux-oscars\/"},"author":{"name":"Aurore Engelen","@id":"https:\/\/welovecinema.be\/nl\/#\/schema\/person\/8084b68c6b176142d073695c654dc7cf"},"headline":"Un film belge aux Oscars!","datePublished":"2020-01-13T15:18:27+00:00","dateModified":"2020-01-14T09:38:58+00:00","mainEntityOfPage":{"@id":"https:\/\/welovecinema.be\/fr\/un-film-belge-aux-oscars\/"},"wordCount":176,"publisher":{"@id":"https:\/\/welovecinema.be\/nl\/#organization"},"keywords":["Delphine Girard","newsletter","Une soeur"],"articleSection":["Evenements"],"inLanguage":"fr-FR"},{"@type":"WebPage","@id":"https:\/\/welovecinema.be\/fr\/un-film-belge-aux-oscars\/","url":"https:\/\/welovecinema.be\/fr\/un-film-belge-aux-oscars\/","name":"Un film belge aux Oscars! - We Love Cinema","isPartOf":{"@id":"https:\/\/welovecinema.be\/nl\/#website"},"datePublished":"2020-01-13T15:18:27+00:00","dateModified":"2020-01-14T09:38:58+00:00","breadcrumb":{"@id":"https:\/\/welovecinema.be\/fr\/un-film-belge-aux-oscars\/#breadcrumb"},"inLanguage":"fr-FR","potentialAction":[{"@type":"ReadAction","target":["https:\/\/welovecinema.be\/fr\/un-film-belge-aux-oscars\/"]}]},{"@type":"BreadcrumbList","@id":"https:\/\/welovecinema.be\/fr\/un-film-belge-aux-oscars\/#breadcrumb","itemListElement":[{"@type":"ListItem","position":1,"name":"Accueil","item":"https:\/\/welovecinema.be\/fr\/"},{"@type":"ListItem","position":2,"name":"Un film belge aux Oscars!"}]},{"@type":"WebSite","@id":"https:\/\/welovecinema.be\/nl\/#website","url":"https:\/\/welovecinema.be\/nl\/","name":"We Love Cinema","description":"Toute l\u2019information du cin\u00e9ma en Belgique","publisher":{"@id":"https:\/\/welovecinema.be\/nl\/#organization"},"potentialAction":[{"@type":"SearchAction","target":{"@type":"EntryPoint","urlTemplate":"https:\/\/welovecinema.be\/nl\/?s={search_term_string}"},"query-input":"required name=search_term_string"}],"inLanguage":"fr-FR"},{"@type":"Organization","@id":"https:\/\/welovecinema.be\/nl\/#organization","name":"We Love Cinema","url":"https:\/\/welovecinema.be\/nl\/","logo":{"@type":"ImageObject","inLanguage":"fr-FR","@id":"https:\/\/welovecinema.be\/nl\/#\/schema\/logo\/image\/","url":"https:\/\/welovecinema.be\/wp-content\/uploads\/sites\/2\/2023\/03\/Logo-We-Love-Cinema305x128.jpg","contentUrl":"https:\/\/welovecinema.be\/wp-content\/uploads\/sites\/2\/2023\/03\/Logo-We-Love-Cinema305x128.jpg","width":305,"height":128,"caption":"We Love Cinema"},"image":{"@id":"https:\/\/welovecinema.be\/nl\/#\/schema\/logo\/image\/"},"sameAs":["https:\/\/www.facebook.com\/welovecinema.be","https:\/\/www.youtube.com\/channel\/UCX5LYGVhnKvYauW4Nta4HJA","https:\/\/www.instagram.com\/welovecinema.be\/"]},{"@type":"Person","@id":"https:\/\/welovecinema.be\/nl\/#\/schema\/person\/8084b68c6b176142d073695c654dc7cf","name":"Aurore Engelen","url":"https:\/\/welovecinema.be\/fr\/author\/aurore-engelen\/"}]}},"_links":{"self":[{"href":"https:\/\/welovecinema.be\/fr\/wp-json\/wp\/v2\/posts\/226122","targetHints":{"allow":["GET"]}}],"collection":[{"href":"https:\/\/welovecinema.be\/fr\/wp-json\/wp\/v2\/posts"}],"about":[{"href":"https:\/\/welovecinema.be\/fr\/wp-json\/wp\/v2\/types\/post"}],"author":[{"embeddable":true,"href":"https:\/\/welovecinema.be\/fr\/wp-json\/wp\/v2\/users\/343"}],"replies":[{"embeddable":true,"href":"https:\/\/welovecinema.be\/fr\/wp-json\/wp\/v2\/comments?post=226122"}],"version-history":[{"count":0,"href":"https:\/\/welovecinema.be\/fr\/wp-json\/wp\/v2\/posts\/226122\/revisions"}],"wp:featuredmedia":[{"embeddable":true,"href":"https:\/\/welovecinema.be\/fr\/wp-json\/wp\/v2\/media\/216492"}],"wp:attachment":[{"href":"https:\/\/welovecinema.be\/fr\/wp-json\/wp\/v2\/media?parent=226122"}],"wp:term":[{"taxonomy":"category","embeddable":true,"href":"https:\/\/welovecinema.be\/fr\/wp-json\/wp\/v2\/categories?post=226122"},{"taxonomy":"post_tag","embeddable":true,"href":"https:\/\/welovecinema.be\/fr\/wp-json\/wp\/v2\/tags?post=226122"}],"curies":[{"name":"wp","href":"https:\/\/api.w.org\/{rel}","templated":true}]}}