{"id":225576,"date":"2019-12-19T10:15:14","date_gmt":"2019-12-19T09:15:14","guid":{"rendered":"https:\/\/www.cinevox.be\/?p=225576"},"modified":"2019-12-19T10:15:14","modified_gmt":"2019-12-19T09:15:14","slug":"nuestras-madres-prix-cavens-2019","status":"publish","type":"post","link":"https:\/\/welovecinema.be\/fr\/nuestras-madres-prix-cavens-2019\/","title":{"rendered":"\u00ab\u00a0Nuestras Madres\u00a0\u00bb, Prix Cavens 2019"},"content":{"rendered":"<p><strong><em>Nuestras Madres<\/em>, le premier long m\u00e9trage de Cesar Diaz, a remport\u00e9 le Prix Cavens 2019 de la meilleure production belge de l&rsquo;ann\u00e9e, remis par l&rsquo;UCC (Union des Critiques de Cin\u00e9ma).<\/strong><\/p>\n<p><em>Nuestras Madres<\/em> succ\u00e8de ainsi \u00e0 <em>Girl<\/em> de Lukas Dhont, la critique s&rsquo;alignant \u00e0 nouveau sur la Cam\u00e9ra d&rsquo;or cannoise.\u00a0<span class=\"s1\">Avec\u00a0ce film, C\u00e9sar Diaz dresse \u00e0 travers le portrait de son h\u00e9ros Ernesto et de son entourage, le portrait d\u2019une r\u00e9silience collective, celle des victimes de la dictature militaire guat\u00e9malt\u00e8que.\u00a0<\/span><\/p>\n<p class=\"p1\"><span class=\"s1\">De la dictature militaire instaur\u00e9e \u00e0 la fin des ann\u00e9es 70 au Guatemala est n\u00e9e une guerre civile qui n\u2019a pris fin qu\u2019une vingtaine d\u2019ann\u00e9es plus tard, jonchant derri\u00e8re elle plus de 200.000 cadavres, et ensevelissant la m\u00e9moire de 40.000 disparus. Avec\u00a0<i>Nuestras Madres<\/i>, s\u00e9lectionn\u00e9 en Comp\u00e9tition dans le cadre de la Semaine de la Critique \u00e0 l\u2019occasion du 72e Festival de Cannes, Cesar Diaz fait oeuvre de m\u00e9moire et de r\u00e9silience. Son film surgit comme un cri dans le silence historique qui entoure ce massacre m\u00e9connu, dont les victimes furent essentiellement des Indiens, et dresse le portrait d\u00e9chirant d\u2019une m\u00e8re et son fils.<\/span><\/p>\n<h4>A LIRE AUSSI<\/h4>\n<p><a href=\"https:\/\/www.cinevox.be\/fr\/nuestras-madres-la-resilience-des-meres\/\"><em>Nuestras Madres<\/em>, la r\u00e9silience des m\u00e8res<\/a><\/p>\n<p><a href=\"https:\/\/www.cinevox.be\/fr\/cesar-diaz-ce-sont-les-femmes-et-les-meres-qui-tiennent-le-pays\/\">Cesar Diaz: \u00ab\u00a0Ce sont les femmes et les m\u00e8res qui tiennent le pays\u00a0\u00bb<\/a><\/p>\n","protected":false},"excerpt":{"rendered":"<p>Nuestras Madres, le premier long m\u00e9trage de Cesar Diaz, a remport\u00e9 le Prix Cavens 2019 de la meilleure production belge de l&rsquo;ann\u00e9e, remis par l&rsquo;UCC (Union des Critiques de Cin\u00e9ma). Nuestras Madres succ\u00e8de ainsi \u00e0 Girl de Lukas Dhont, la critique s&rsquo;alignant \u00e0 nouveau sur la Cam\u00e9ra d&rsquo;or cannoise.\u00a0Avec\u00a0ce film, C\u00e9sar Diaz dresse \u00e0 travers &hellip;<\/p>\n","protected":false},"author":343,"featured_media":219880,"comment_status":"closed","ping_status":"closed","sticky":false,"template":"","format":"standard","meta":{"ngg_post_thumbnail":0,"footnotes":""},"categories":[12],"tags":[3506,4187,4213],"class_list":["post-225576","post","type-post","status-publish","format-standard","has-post-thumbnail","","category-awards","tag-cesar-diaz","tag-newsletter-fr","tag-nuestras-madres"],"yoast_head":"<!-- This site is optimized with the Yoast SEO plugin v20.4 - https:\/\/yoast.com\/wordpress\/plugins\/seo\/ -->\n<title>&quot;Nuestras Madres&quot;, Prix Cavens 2019 - We Love Cinema<\/title>\n<meta name=\"robots\" content=\"index, follow, max-snippet:-1, max-image-preview:large, max-video-preview:-1\" \/>\n<link rel=\"canonical\" href=\"https:\/\/welovecinema.be\/fr\/nuestras-madres-prix-cavens-2019\/\" \/>\n<meta property=\"og:locale\" content=\"fr_FR\" \/>\n<meta property=\"og:type\" content=\"article\" \/>\n<meta property=\"og:title\" content=\"&quot;Nuestras Madres&quot;, Prix Cavens 2019 - We Love Cinema\" \/>\n<meta property=\"og:description\" content=\"Nuestras Madres, le premier long m\u00e9trage de Cesar Diaz, a remport\u00e9 le Prix Cavens 2019 de la meilleure production belge de l&rsquo;ann\u00e9e, remis par l&rsquo;UCC (Union des Critiques de Cin\u00e9ma). Nuestras Madres succ\u00e8de ainsi \u00e0 Girl de Lukas Dhont, la critique s&rsquo;alignant \u00e0 nouveau sur la Cam\u00e9ra d&rsquo;or cannoise.\u00a0Avec\u00a0ce film, C\u00e9sar Diaz dresse \u00e0 travers &hellip;\" \/>\n<meta property=\"og:url\" content=\"https:\/\/welovecinema.be\/fr\/nuestras-madres-prix-cavens-2019\/\" \/>\n<meta property=\"og:site_name\" content=\"We Love Cinema\" \/>\n<meta property=\"article:publisher\" content=\"https:\/\/www.facebook.com\/welovecinema.be\" \/>\n<meta property=\"article:published_time\" content=\"2019-12-19T09:15:14+00:00\" \/>\n<meta property=\"og:image\" content=\"https:\/\/welovecinema.be\/wp-content\/uploads\/sites\/2\/2019\/05\/nuestrasmadres1342.jpg\" \/>\n\t<meta property=\"og:image:width\" content=\"1366\" \/>\n\t<meta property=\"og:image:height\" content=\"574\" \/>\n\t<meta property=\"og:image:type\" content=\"image\/jpeg\" \/>\n<meta name=\"author\" content=\"Aurore Engelen\" \/>\n<meta name=\"twitter:card\" content=\"summary_large_image\" \/>\n<meta name=\"twitter:label1\" content=\"\u00c9crit par\" \/>\n\t<meta name=\"twitter:data1\" content=\"Aurore Engelen\" \/>\n\t<meta name=\"twitter:label2\" content=\"Dur\u00e9e de lecture estim\u00e9e\" \/>\n\t<meta name=\"twitter:data2\" content=\"1 minute\" \/>\n<script type=\"application\/ld+json\" class=\"yoast-schema-graph\">{\"@context\":\"https:\/\/schema.org\",\"@graph\":[{\"@type\":\"Article\",\"@id\":\"https:\/\/welovecinema.be\/fr\/nuestras-madres-prix-cavens-2019\/#article\",\"isPartOf\":{\"@id\":\"https:\/\/welovecinema.be\/fr\/nuestras-madres-prix-cavens-2019\/\"},\"author\":{\"name\":\"Aurore Engelen\",\"@id\":\"https:\/\/welovecinema.be\/nl\/#\/schema\/person\/8084b68c6b176142d073695c654dc7cf\"},\"headline\":\"\u00ab\u00a0Nuestras Madres\u00a0\u00bb, Prix Cavens 2019\",\"datePublished\":\"2019-12-19T09:15:14+00:00\",\"dateModified\":\"2019-12-19T09:15:14+00:00\",\"mainEntityOfPage\":{\"@id\":\"https:\/\/welovecinema.be\/fr\/nuestras-madres-prix-cavens-2019\/\"},\"wordCount\":237,\"publisher\":{\"@id\":\"https:\/\/welovecinema.be\/nl\/#organization\"},\"keywords\":[\"Cesar Diaz\",\"newsletter\",\"Nuestras Madres\"],\"articleSection\":[\"Evenements\"],\"inLanguage\":\"fr-FR\"},{\"@type\":\"WebPage\",\"@id\":\"https:\/\/welovecinema.be\/fr\/nuestras-madres-prix-cavens-2019\/\",\"url\":\"https:\/\/welovecinema.be\/fr\/nuestras-madres-prix-cavens-2019\/\",\"name\":\"\\\"Nuestras Madres\\\", Prix Cavens 2019 - We Love Cinema\",\"isPartOf\":{\"@id\":\"https:\/\/welovecinema.be\/nl\/#website\"},\"datePublished\":\"2019-12-19T09:15:14+00:00\",\"dateModified\":\"2019-12-19T09:15:14+00:00\",\"breadcrumb\":{\"@id\":\"https:\/\/welovecinema.be\/fr\/nuestras-madres-prix-cavens-2019\/#breadcrumb\"},\"inLanguage\":\"fr-FR\",\"potentialAction\":[{\"@type\":\"ReadAction\",\"target\":[\"https:\/\/welovecinema.be\/fr\/nuestras-madres-prix-cavens-2019\/\"]}]},{\"@type\":\"BreadcrumbList\",\"@id\":\"https:\/\/welovecinema.be\/fr\/nuestras-madres-prix-cavens-2019\/#breadcrumb\",\"itemListElement\":[{\"@type\":\"ListItem\",\"position\":1,\"name\":\"Accueil\",\"item\":\"https:\/\/welovecinema.be\/fr\/\"},{\"@type\":\"ListItem\",\"position\":2,\"name\":\"\u00ab\u00a0Nuestras Madres\u00a0\u00bb, Prix Cavens 2019\"}]},{\"@type\":\"WebSite\",\"@id\":\"https:\/\/welovecinema.be\/nl\/#website\",\"url\":\"https:\/\/welovecinema.be\/nl\/\",\"name\":\"We Love Cinema\",\"description\":\"Toute l\u2019information du cin\u00e9ma en Belgique\",\"publisher\":{\"@id\":\"https:\/\/welovecinema.be\/nl\/#organization\"},\"potentialAction\":[{\"@type\":\"SearchAction\",\"target\":{\"@type\":\"EntryPoint\",\"urlTemplate\":\"https:\/\/welovecinema.be\/nl\/?s={search_term_string}\"},\"query-input\":\"required name=search_term_string\"}],\"inLanguage\":\"fr-FR\"},{\"@type\":\"Organization\",\"@id\":\"https:\/\/welovecinema.be\/nl\/#organization\",\"name\":\"We Love Cinema\",\"url\":\"https:\/\/welovecinema.be\/nl\/\",\"logo\":{\"@type\":\"ImageObject\",\"inLanguage\":\"fr-FR\",\"@id\":\"https:\/\/welovecinema.be\/nl\/#\/schema\/logo\/image\/\",\"url\":\"https:\/\/welovecinema.be\/wp-content\/uploads\/sites\/2\/2023\/03\/Logo-We-Love-Cinema305x128.jpg\",\"contentUrl\":\"https:\/\/welovecinema.be\/wp-content\/uploads\/sites\/2\/2023\/03\/Logo-We-Love-Cinema305x128.jpg\",\"width\":305,\"height\":128,\"caption\":\"We Love Cinema\"},\"image\":{\"@id\":\"https:\/\/welovecinema.be\/nl\/#\/schema\/logo\/image\/\"},\"sameAs\":[\"https:\/\/www.facebook.com\/welovecinema.be\",\"https:\/\/www.youtube.com\/channel\/UCX5LYGVhnKvYauW4Nta4HJA\",\"https:\/\/www.instagram.com\/welovecinema.be\/\"]},{\"@type\":\"Person\",\"@id\":\"https:\/\/welovecinema.be\/nl\/#\/schema\/person\/8084b68c6b176142d073695c654dc7cf\",\"name\":\"Aurore Engelen\",\"url\":\"https:\/\/welovecinema.be\/fr\/author\/aurore-engelen\/\"}]}<\/script>\n<!-- \/ Yoast SEO plugin. -->","yoast_head_json":{"title":"\"Nuestras Madres\", Prix Cavens 2019 - We Love Cinema","robots":{"index":"index","follow":"follow","max-snippet":"max-snippet:-1","max-image-preview":"max-image-preview:large","max-video-preview":"max-video-preview:-1"},"canonical":"https:\/\/welovecinema.be\/fr\/nuestras-madres-prix-cavens-2019\/","og_locale":"fr_FR","og_type":"article","og_title":"\"Nuestras Madres\", Prix Cavens 2019 - We Love Cinema","og_description":"Nuestras Madres, le premier long m\u00e9trage de Cesar Diaz, a remport\u00e9 le Prix Cavens 2019 de la meilleure production belge de l&rsquo;ann\u00e9e, remis par l&rsquo;UCC (Union des Critiques de Cin\u00e9ma). Nuestras Madres succ\u00e8de ainsi \u00e0 Girl de Lukas Dhont, la critique s&rsquo;alignant \u00e0 nouveau sur la Cam\u00e9ra d&rsquo;or cannoise.\u00a0Avec\u00a0ce film, C\u00e9sar Diaz dresse \u00e0 travers &hellip;","og_url":"https:\/\/welovecinema.be\/fr\/nuestras-madres-prix-cavens-2019\/","og_site_name":"We Love Cinema","article_publisher":"https:\/\/www.facebook.com\/welovecinema.be","article_published_time":"2019-12-19T09:15:14+00:00","og_image":[{"width":1366,"height":574,"url":"https:\/\/welovecinema.be\/wp-content\/uploads\/sites\/2\/2019\/05\/nuestrasmadres1342.jpg","type":"image\/jpeg"}],"author":"Aurore Engelen","twitter_card":"summary_large_image","twitter_misc":{"\u00c9crit par":"Aurore Engelen","Dur\u00e9e de lecture estim\u00e9e":"1 minute"},"schema":{"@context":"https:\/\/schema.org","@graph":[{"@type":"Article","@id":"https:\/\/welovecinema.be\/fr\/nuestras-madres-prix-cavens-2019\/#article","isPartOf":{"@id":"https:\/\/welovecinema.be\/fr\/nuestras-madres-prix-cavens-2019\/"},"author":{"name":"Aurore Engelen","@id":"https:\/\/welovecinema.be\/nl\/#\/schema\/person\/8084b68c6b176142d073695c654dc7cf"},"headline":"\u00ab\u00a0Nuestras Madres\u00a0\u00bb, Prix Cavens 2019","datePublished":"2019-12-19T09:15:14+00:00","dateModified":"2019-12-19T09:15:14+00:00","mainEntityOfPage":{"@id":"https:\/\/welovecinema.be\/fr\/nuestras-madres-prix-cavens-2019\/"},"wordCount":237,"publisher":{"@id":"https:\/\/welovecinema.be\/nl\/#organization"},"keywords":["Cesar Diaz","newsletter","Nuestras Madres"],"articleSection":["Evenements"],"inLanguage":"fr-FR"},{"@type":"WebPage","@id":"https:\/\/welovecinema.be\/fr\/nuestras-madres-prix-cavens-2019\/","url":"https:\/\/welovecinema.be\/fr\/nuestras-madres-prix-cavens-2019\/","name":"\"Nuestras Madres\", Prix Cavens 2019 - We Love Cinema","isPartOf":{"@id":"https:\/\/welovecinema.be\/nl\/#website"},"datePublished":"2019-12-19T09:15:14+00:00","dateModified":"2019-12-19T09:15:14+00:00","breadcrumb":{"@id":"https:\/\/welovecinema.be\/fr\/nuestras-madres-prix-cavens-2019\/#breadcrumb"},"inLanguage":"fr-FR","potentialAction":[{"@type":"ReadAction","target":["https:\/\/welovecinema.be\/fr\/nuestras-madres-prix-cavens-2019\/"]}]},{"@type":"BreadcrumbList","@id":"https:\/\/welovecinema.be\/fr\/nuestras-madres-prix-cavens-2019\/#breadcrumb","itemListElement":[{"@type":"ListItem","position":1,"name":"Accueil","item":"https:\/\/welovecinema.be\/fr\/"},{"@type":"ListItem","position":2,"name":"\u00ab\u00a0Nuestras Madres\u00a0\u00bb, Prix Cavens 2019"}]},{"@type":"WebSite","@id":"https:\/\/welovecinema.be\/nl\/#website","url":"https:\/\/welovecinema.be\/nl\/","name":"We Love Cinema","description":"Toute l\u2019information du cin\u00e9ma en Belgique","publisher":{"@id":"https:\/\/welovecinema.be\/nl\/#organization"},"potentialAction":[{"@type":"SearchAction","target":{"@type":"EntryPoint","urlTemplate":"https:\/\/welovecinema.be\/nl\/?s={search_term_string}"},"query-input":"required name=search_term_string"}],"inLanguage":"fr-FR"},{"@type":"Organization","@id":"https:\/\/welovecinema.be\/nl\/#organization","name":"We Love Cinema","url":"https:\/\/welovecinema.be\/nl\/","logo":{"@type":"ImageObject","inLanguage":"fr-FR","@id":"https:\/\/welovecinema.be\/nl\/#\/schema\/logo\/image\/","url":"https:\/\/welovecinema.be\/wp-content\/uploads\/sites\/2\/2023\/03\/Logo-We-Love-Cinema305x128.jpg","contentUrl":"https:\/\/welovecinema.be\/wp-content\/uploads\/sites\/2\/2023\/03\/Logo-We-Love-Cinema305x128.jpg","width":305,"height":128,"caption":"We Love Cinema"},"image":{"@id":"https:\/\/welovecinema.be\/nl\/#\/schema\/logo\/image\/"},"sameAs":["https:\/\/www.facebook.com\/welovecinema.be","https:\/\/www.youtube.com\/channel\/UCX5LYGVhnKvYauW4Nta4HJA","https:\/\/www.instagram.com\/welovecinema.be\/"]},{"@type":"Person","@id":"https:\/\/welovecinema.be\/nl\/#\/schema\/person\/8084b68c6b176142d073695c654dc7cf","name":"Aurore Engelen","url":"https:\/\/welovecinema.be\/fr\/author\/aurore-engelen\/"}]}},"_links":{"self":[{"href":"https:\/\/welovecinema.be\/fr\/wp-json\/wp\/v2\/posts\/225576","targetHints":{"allow":["GET"]}}],"collection":[{"href":"https:\/\/welovecinema.be\/fr\/wp-json\/wp\/v2\/posts"}],"about":[{"href":"https:\/\/welovecinema.be\/fr\/wp-json\/wp\/v2\/types\/post"}],"author":[{"embeddable":true,"href":"https:\/\/welovecinema.be\/fr\/wp-json\/wp\/v2\/users\/343"}],"replies":[{"embeddable":true,"href":"https:\/\/welovecinema.be\/fr\/wp-json\/wp\/v2\/comments?post=225576"}],"version-history":[{"count":0,"href":"https:\/\/welovecinema.be\/fr\/wp-json\/wp\/v2\/posts\/225576\/revisions"}],"wp:featuredmedia":[{"embeddable":true,"href":"https:\/\/welovecinema.be\/fr\/wp-json\/wp\/v2\/media\/219880"}],"wp:attachment":[{"href":"https:\/\/welovecinema.be\/fr\/wp-json\/wp\/v2\/media?parent=225576"}],"wp:term":[{"taxonomy":"category","embeddable":true,"href":"https:\/\/welovecinema.be\/fr\/wp-json\/wp\/v2\/categories?post=225576"},{"taxonomy":"post_tag","embeddable":true,"href":"https:\/\/welovecinema.be\/fr\/wp-json\/wp\/v2\/tags?post=225576"}],"curies":[{"name":"wp","href":"https:\/\/api.w.org\/{rel}","templated":true}]}}