{"id":225420,"date":"2019-12-10T15:23:39","date_gmt":"2019-12-10T14:23:39","guid":{"rendered":"https:\/\/www.cinevox.be\/?p=225420"},"modified":"2019-12-11T09:46:09","modified_gmt":"2019-12-11T08:46:09","slug":"5mn-avec-laurent-micheli","status":"publish","type":"post","link":"https:\/\/welovecinema.be\/fr\/5mn-avec-laurent-micheli\/","title":{"rendered":"5mn avec&#8230; Laurent Micheli"},"content":{"rendered":"<p><strong>Rencontre avec le r\u00e9alisateur belge \u00e0 l&rsquo;occasion de la sortie de son deuxi\u00e8me film, <em>Lola vers la mer<\/em>. Il nous parle de cette histoire de famille intense et bouleversante qui met en sc\u00e8ne un p\u00e8re et sa jeune fille trans \u00e9loign\u00e9s par la vie, forc\u00e9s de se retrouver malgr\u00e9 eux. Le film, qui sort ce mercredi 11 d\u00e9cembre, a re\u00e7u le Prix Cinevox lors du dernier Festival International du Film Francophone de Namur.\u00a0<\/strong><\/p>\n<h4>A LIRE AUSSI<\/h4>\n<p><a href=\"https:\/\/www.cinevox.be\/fr\/lola-vers-la-mer-remonter-le-temps-pour-aller-de-lavant\/\"><em>Lola vers la mer<\/em>: remonter le temps pour aller de l&rsquo;avant<\/a><\/p>\n<p><a href=\"https:\/\/www.cinevox.be\/fr\/2mn-avec-mya-bollaers\/\">2mn avec&#8230; Mya Bollaers<\/a><\/p>\n","protected":false},"excerpt":{"rendered":"<p>Rencontre avec le r\u00e9alisateur belge \u00e0 l&rsquo;occasion de la sortie de son deuxi\u00e8me film, Lola vers la mer. Il nous parle de cette histoire de famille intense et bouleversante qui met en sc\u00e8ne un p\u00e8re et sa jeune fille trans \u00e9loign\u00e9s par la vie, forc\u00e9s de se retrouver malgr\u00e9 eux. Le film, qui sort ce &hellip;<\/p>\n","protected":false},"author":343,"featured_media":225424,"comment_status":"closed","ping_status":"closed","sticky":false,"template":"","format":"standard","meta":{"ngg_post_thumbnail":0,"footnotes":""},"categories":[1978],"tags":[2535,3794,4187],"class_list":["post-225420","post","type-post","status-publish","format-standard","has-post-thumbnail","","category-interviews","tag-laurent-micheli","tag-lola-vers-la-mer","tag-newsletter-fr"],"yoast_head":"<!-- This site is optimized with the Yoast SEO plugin v20.4 - https:\/\/yoast.com\/wordpress\/plugins\/seo\/ -->\n<title>5mn avec... Laurent Micheli - We Love Cinema<\/title>\n<meta name=\"robots\" content=\"index, follow, max-snippet:-1, max-image-preview:large, max-video-preview:-1\" \/>\n<link rel=\"canonical\" href=\"https:\/\/welovecinema.be\/fr\/5mn-avec-laurent-micheli\/\" \/>\n<meta property=\"og:locale\" content=\"fr_FR\" \/>\n<meta property=\"og:type\" content=\"article\" \/>\n<meta property=\"og:title\" content=\"5mn avec... Laurent Micheli - We Love Cinema\" \/>\n<meta property=\"og:description\" content=\"Rencontre avec le r\u00e9alisateur belge \u00e0 l&rsquo;occasion de la sortie de son deuxi\u00e8me film, Lola vers la mer. Il nous parle de cette histoire de famille intense et bouleversante qui met en sc\u00e8ne un p\u00e8re et sa jeune fille trans \u00e9loign\u00e9s par la vie, forc\u00e9s de se retrouver malgr\u00e9 eux. Le film, qui sort ce &hellip;\" \/>\n<meta property=\"og:url\" content=\"https:\/\/welovecinema.be\/fr\/5mn-avec-laurent-micheli\/\" \/>\n<meta property=\"og:site_name\" content=\"We Love Cinema\" \/>\n<meta property=\"article:publisher\" content=\"https:\/\/www.facebook.com\/welovecinema.be\" \/>\n<meta property=\"article:published_time\" content=\"2019-12-10T14:23:39+00:00\" \/>\n<meta property=\"article:modified_time\" content=\"2019-12-11T08:46:09+00:00\" \/>\n<meta property=\"og:image\" content=\"https:\/\/welovecinema.be\/wp-content\/uploads\/sites\/2\/2019\/12\/5mnAvecLaurentMicheli-1.jpg\" \/>\n\t<meta property=\"og:image:width\" content=\"1345\" \/>\n\t<meta property=\"og:image:height\" content=\"658\" \/>\n\t<meta property=\"og:image:type\" content=\"image\/jpeg\" \/>\n<meta name=\"author\" content=\"Aurore Engelen\" \/>\n<meta name=\"twitter:card\" content=\"summary_large_image\" \/>\n<meta name=\"twitter:label1\" content=\"\u00c9crit par\" \/>\n\t<meta name=\"twitter:data1\" content=\"Aurore Engelen\" \/>\n<script type=\"application\/ld+json\" class=\"yoast-schema-graph\">{\"@context\":\"https:\/\/schema.org\",\"@graph\":[{\"@type\":\"Article\",\"@id\":\"https:\/\/welovecinema.be\/fr\/5mn-avec-laurent-micheli\/#article\",\"isPartOf\":{\"@id\":\"https:\/\/welovecinema.be\/fr\/5mn-avec-laurent-micheli\/\"},\"author\":{\"name\":\"Aurore Engelen\",\"@id\":\"https:\/\/welovecinema.be\/nl\/#\/schema\/person\/8084b68c6b176142d073695c654dc7cf\"},\"headline\":\"5mn avec&#8230; Laurent Micheli\",\"datePublished\":\"2019-12-10T14:23:39+00:00\",\"dateModified\":\"2019-12-11T08:46:09+00:00\",\"mainEntityOfPage\":{\"@id\":\"https:\/\/welovecinema.be\/fr\/5mn-avec-laurent-micheli\/\"},\"wordCount\":103,\"publisher\":{\"@id\":\"https:\/\/welovecinema.be\/nl\/#organization\"},\"keywords\":[\"Laurent Micheli\",\"Lola vers la mer\",\"newsletter\"],\"articleSection\":[\"Rencontres\"],\"inLanguage\":\"fr-FR\"},{\"@type\":\"WebPage\",\"@id\":\"https:\/\/welovecinema.be\/fr\/5mn-avec-laurent-micheli\/\",\"url\":\"https:\/\/welovecinema.be\/fr\/5mn-avec-laurent-micheli\/\",\"name\":\"5mn avec... Laurent Micheli - We Love Cinema\",\"isPartOf\":{\"@id\":\"https:\/\/welovecinema.be\/nl\/#website\"},\"datePublished\":\"2019-12-10T14:23:39+00:00\",\"dateModified\":\"2019-12-11T08:46:09+00:00\",\"breadcrumb\":{\"@id\":\"https:\/\/welovecinema.be\/fr\/5mn-avec-laurent-micheli\/#breadcrumb\"},\"inLanguage\":\"fr-FR\",\"potentialAction\":[{\"@type\":\"ReadAction\",\"target\":[\"https:\/\/welovecinema.be\/fr\/5mn-avec-laurent-micheli\/\"]}]},{\"@type\":\"BreadcrumbList\",\"@id\":\"https:\/\/welovecinema.be\/fr\/5mn-avec-laurent-micheli\/#breadcrumb\",\"itemListElement\":[{\"@type\":\"ListItem\",\"position\":1,\"name\":\"Accueil\",\"item\":\"https:\/\/welovecinema.be\/fr\/\"},{\"@type\":\"ListItem\",\"position\":2,\"name\":\"5mn avec&#8230; Laurent Micheli\"}]},{\"@type\":\"WebSite\",\"@id\":\"https:\/\/welovecinema.be\/nl\/#website\",\"url\":\"https:\/\/welovecinema.be\/nl\/\",\"name\":\"We Love Cinema\",\"description\":\"Toute l\u2019information du cin\u00e9ma en Belgique\",\"publisher\":{\"@id\":\"https:\/\/welovecinema.be\/nl\/#organization\"},\"potentialAction\":[{\"@type\":\"SearchAction\",\"target\":{\"@type\":\"EntryPoint\",\"urlTemplate\":\"https:\/\/welovecinema.be\/nl\/?s={search_term_string}\"},\"query-input\":\"required name=search_term_string\"}],\"inLanguage\":\"fr-FR\"},{\"@type\":\"Organization\",\"@id\":\"https:\/\/welovecinema.be\/nl\/#organization\",\"name\":\"We Love Cinema\",\"url\":\"https:\/\/welovecinema.be\/nl\/\",\"logo\":{\"@type\":\"ImageObject\",\"inLanguage\":\"fr-FR\",\"@id\":\"https:\/\/welovecinema.be\/nl\/#\/schema\/logo\/image\/\",\"url\":\"https:\/\/welovecinema.be\/wp-content\/uploads\/sites\/2\/2023\/03\/Logo-We-Love-Cinema305x128.jpg\",\"contentUrl\":\"https:\/\/welovecinema.be\/wp-content\/uploads\/sites\/2\/2023\/03\/Logo-We-Love-Cinema305x128.jpg\",\"width\":305,\"height\":128,\"caption\":\"We Love Cinema\"},\"image\":{\"@id\":\"https:\/\/welovecinema.be\/nl\/#\/schema\/logo\/image\/\"},\"sameAs\":[\"https:\/\/www.facebook.com\/welovecinema.be\",\"https:\/\/www.youtube.com\/channel\/UCX5LYGVhnKvYauW4Nta4HJA\",\"https:\/\/www.instagram.com\/welovecinema.be\/\"]},{\"@type\":\"Person\",\"@id\":\"https:\/\/welovecinema.be\/nl\/#\/schema\/person\/8084b68c6b176142d073695c654dc7cf\",\"name\":\"Aurore Engelen\",\"url\":\"https:\/\/welovecinema.be\/fr\/author\/aurore-engelen\/\"}]}<\/script>\n<!-- \/ Yoast SEO plugin. -->","yoast_head_json":{"title":"5mn avec... Laurent Micheli - We Love Cinema","robots":{"index":"index","follow":"follow","max-snippet":"max-snippet:-1","max-image-preview":"max-image-preview:large","max-video-preview":"max-video-preview:-1"},"canonical":"https:\/\/welovecinema.be\/fr\/5mn-avec-laurent-micheli\/","og_locale":"fr_FR","og_type":"article","og_title":"5mn avec... Laurent Micheli - We Love Cinema","og_description":"Rencontre avec le r\u00e9alisateur belge \u00e0 l&rsquo;occasion de la sortie de son deuxi\u00e8me film, Lola vers la mer. Il nous parle de cette histoire de famille intense et bouleversante qui met en sc\u00e8ne un p\u00e8re et sa jeune fille trans \u00e9loign\u00e9s par la vie, forc\u00e9s de se retrouver malgr\u00e9 eux. Le film, qui sort ce &hellip;","og_url":"https:\/\/welovecinema.be\/fr\/5mn-avec-laurent-micheli\/","og_site_name":"We Love Cinema","article_publisher":"https:\/\/www.facebook.com\/welovecinema.be","article_published_time":"2019-12-10T14:23:39+00:00","article_modified_time":"2019-12-11T08:46:09+00:00","og_image":[{"width":1345,"height":658,"url":"https:\/\/welovecinema.be\/wp-content\/uploads\/sites\/2\/2019\/12\/5mnAvecLaurentMicheli-1.jpg","type":"image\/jpeg"}],"author":"Aurore Engelen","twitter_card":"summary_large_image","twitter_misc":{"\u00c9crit par":"Aurore Engelen"},"schema":{"@context":"https:\/\/schema.org","@graph":[{"@type":"Article","@id":"https:\/\/welovecinema.be\/fr\/5mn-avec-laurent-micheli\/#article","isPartOf":{"@id":"https:\/\/welovecinema.be\/fr\/5mn-avec-laurent-micheli\/"},"author":{"name":"Aurore Engelen","@id":"https:\/\/welovecinema.be\/nl\/#\/schema\/person\/8084b68c6b176142d073695c654dc7cf"},"headline":"5mn avec&#8230; Laurent Micheli","datePublished":"2019-12-10T14:23:39+00:00","dateModified":"2019-12-11T08:46:09+00:00","mainEntityOfPage":{"@id":"https:\/\/welovecinema.be\/fr\/5mn-avec-laurent-micheli\/"},"wordCount":103,"publisher":{"@id":"https:\/\/welovecinema.be\/nl\/#organization"},"keywords":["Laurent Micheli","Lola vers la mer","newsletter"],"articleSection":["Rencontres"],"inLanguage":"fr-FR"},{"@type":"WebPage","@id":"https:\/\/welovecinema.be\/fr\/5mn-avec-laurent-micheli\/","url":"https:\/\/welovecinema.be\/fr\/5mn-avec-laurent-micheli\/","name":"5mn avec... Laurent Micheli - We Love Cinema","isPartOf":{"@id":"https:\/\/welovecinema.be\/nl\/#website"},"datePublished":"2019-12-10T14:23:39+00:00","dateModified":"2019-12-11T08:46:09+00:00","breadcrumb":{"@id":"https:\/\/welovecinema.be\/fr\/5mn-avec-laurent-micheli\/#breadcrumb"},"inLanguage":"fr-FR","potentialAction":[{"@type":"ReadAction","target":["https:\/\/welovecinema.be\/fr\/5mn-avec-laurent-micheli\/"]}]},{"@type":"BreadcrumbList","@id":"https:\/\/welovecinema.be\/fr\/5mn-avec-laurent-micheli\/#breadcrumb","itemListElement":[{"@type":"ListItem","position":1,"name":"Accueil","item":"https:\/\/welovecinema.be\/fr\/"},{"@type":"ListItem","position":2,"name":"5mn avec&#8230; Laurent Micheli"}]},{"@type":"WebSite","@id":"https:\/\/welovecinema.be\/nl\/#website","url":"https:\/\/welovecinema.be\/nl\/","name":"We Love Cinema","description":"Toute l\u2019information du cin\u00e9ma en Belgique","publisher":{"@id":"https:\/\/welovecinema.be\/nl\/#organization"},"potentialAction":[{"@type":"SearchAction","target":{"@type":"EntryPoint","urlTemplate":"https:\/\/welovecinema.be\/nl\/?s={search_term_string}"},"query-input":"required name=search_term_string"}],"inLanguage":"fr-FR"},{"@type":"Organization","@id":"https:\/\/welovecinema.be\/nl\/#organization","name":"We Love Cinema","url":"https:\/\/welovecinema.be\/nl\/","logo":{"@type":"ImageObject","inLanguage":"fr-FR","@id":"https:\/\/welovecinema.be\/nl\/#\/schema\/logo\/image\/","url":"https:\/\/welovecinema.be\/wp-content\/uploads\/sites\/2\/2023\/03\/Logo-We-Love-Cinema305x128.jpg","contentUrl":"https:\/\/welovecinema.be\/wp-content\/uploads\/sites\/2\/2023\/03\/Logo-We-Love-Cinema305x128.jpg","width":305,"height":128,"caption":"We Love Cinema"},"image":{"@id":"https:\/\/welovecinema.be\/nl\/#\/schema\/logo\/image\/"},"sameAs":["https:\/\/www.facebook.com\/welovecinema.be","https:\/\/www.youtube.com\/channel\/UCX5LYGVhnKvYauW4Nta4HJA","https:\/\/www.instagram.com\/welovecinema.be\/"]},{"@type":"Person","@id":"https:\/\/welovecinema.be\/nl\/#\/schema\/person\/8084b68c6b176142d073695c654dc7cf","name":"Aurore Engelen","url":"https:\/\/welovecinema.be\/fr\/author\/aurore-engelen\/"}]}},"_links":{"self":[{"href":"https:\/\/welovecinema.be\/fr\/wp-json\/wp\/v2\/posts\/225420","targetHints":{"allow":["GET"]}}],"collection":[{"href":"https:\/\/welovecinema.be\/fr\/wp-json\/wp\/v2\/posts"}],"about":[{"href":"https:\/\/welovecinema.be\/fr\/wp-json\/wp\/v2\/types\/post"}],"author":[{"embeddable":true,"href":"https:\/\/welovecinema.be\/fr\/wp-json\/wp\/v2\/users\/343"}],"replies":[{"embeddable":true,"href":"https:\/\/welovecinema.be\/fr\/wp-json\/wp\/v2\/comments?post=225420"}],"version-history":[{"count":0,"href":"https:\/\/welovecinema.be\/fr\/wp-json\/wp\/v2\/posts\/225420\/revisions"}],"wp:featuredmedia":[{"embeddable":true,"href":"https:\/\/welovecinema.be\/fr\/wp-json\/wp\/v2\/media\/225424"}],"wp:attachment":[{"href":"https:\/\/welovecinema.be\/fr\/wp-json\/wp\/v2\/media?parent=225420"}],"wp:term":[{"taxonomy":"category","embeddable":true,"href":"https:\/\/welovecinema.be\/fr\/wp-json\/wp\/v2\/categories?post=225420"},{"taxonomy":"post_tag","embeddable":true,"href":"https:\/\/welovecinema.be\/fr\/wp-json\/wp\/v2\/tags?post=225420"}],"curies":[{"name":"wp","href":"https:\/\/api.w.org\/{rel}","templated":true}]}}