{"id":225314,"date":"2019-12-06T13:16:18","date_gmt":"2019-12-06T12:16:18","guid":{"rendered":"https:\/\/www.cinevox.be\/?p=225314"},"modified":"2019-12-09T09:13:13","modified_gmt":"2019-12-09T08:13:13","slug":"mweze-ngangura-eviter-lexotisme-et-faire-du-cinema-tout-court","status":"publish","type":"post","link":"https:\/\/welovecinema.be\/fr\/mweze-ngangura-eviter-lexotisme-et-faire-du-cinema-tout-court\/","title":{"rendered":"Mweze Ngangura: \u00ab\u00a0Eviter l&rsquo;exotisme et faire du cin\u00e9ma tout court\u00a0\u00bb"},"content":{"rendered":"<p><strong>La r\u00e9trospective <a href=\"https:\/\/www.cinevox.be\/fr\/la-cinematek-met-a-lhonneur-le-fespaco-et-les-cineastes-belges-afro-descendants\/\">50 ans du Festival Panafricain FESPACO<\/a> \u00e9tait lanc\u00e9e hier par la Cinematek avec une soir\u00e9e consacr\u00e9e au cin\u00e9aste congolais install\u00e9 \u00e0 Bruxelles Mweze Ngangura, double laur\u00e9at au Festival du Cin\u00e9ma Panafricain de Ouagadougou. Compagnon de route de figures marquantes de la culture pop congolaise de ces derni\u00e8res ann\u00e9es telles que Ch\u00e9ri Samba ou Papa Wemba, nous l&rsquo;avons rencontr\u00e9 hier \u00e0 la veille du lancement de la r\u00e9trospective. Il revient pour nous sur son parcours, et les cin\u00e9mas africains d&rsquo;hier et de demain.<\/strong><\/p>\n<h4>Comment \u00eates-vous arriv\u00e9 \u00e0 l&rsquo;IAD il y a pr\u00e8s de 50 ans d\u00e9j\u00e0?<\/h4>\n<p>Je suis arriv\u00e9 le 7 octobre 1970! Je venais d&rsquo;achever mes \u00e9tudes secondaires dans un coll\u00e8ge j\u00e9suite de Bukavu. J&rsquo;y avais gagn\u00e9 une bourse d&rsquo;\u00e9tudes de la coop\u00e9ration belge qui me permettait de faire des \u00e9tudes sup\u00e9rieures en Belgique, mais uniquement des \u00e9tudes n&rsquo;existant pas au Congo.<\/p>\n<p>J&rsquo;ai vite pens\u00e9 au cin\u00e9ma car c&rsquo;est un domaine qui m&rsquo;int\u00e9ressait beaucoup. J&rsquo;avais eu deux professeurs qui nous avaient projet\u00e9 de nombreux films, de vieux films fran\u00e7ais comme <em>Jeux Interdits<\/em> ou <em>Le Pr\u00e9sident<\/em>, mais aussi <em>Le Cuirass\u00e9 Potemkine<\/em>, et nous avaient enseign\u00e9 quelques rudiments du cin\u00e9ma. Les gens de l&rsquo;administration m&rsquo;ont tout de suite parl\u00e9 de l&rsquo;INSAS, qui \u00e9tait au pied de leurs bureaux, mais entre temps, j&rsquo;ai rencontr\u00e9 \u00e0 la Maison Africaine un compatriote qui m&rsquo;a parl\u00e9 de l&rsquo;IAD. Arriv\u00e9 le vendredi soir \u00e0 Bruxelles, le lundi matin, je d\u00e9butais l&rsquo;IAD!<\/p>\n<h4>Y&rsquo;avait-il une communaut\u00e9 congolaise \u00e0 l&rsquo;\u00e9poque \u00e0 Bruxelles, active dans le secteur audiovisuel?<\/h4>\n<p>J&rsquo;ai rencontr\u00e9 deux camarades \u00e0 l&rsquo;IAD, Roger Kwami et Victor Matondo. Celui-ci est finalement rentr\u00e9 \u00e0 Kinshasa travailler pour la t\u00e9l\u00e9vision, mais Roger Kwami a re\u00e7u un Prix au Fespaco pour son film de fin d&rsquo;\u00e9tudes, <em>Moseka<\/em>. J&rsquo;\u00e9tais aussi dans la classe du petit fr\u00e8re de Marian Handwerker, et je suivais des cours avec Thierry Michel! Mais il faut dire qu&rsquo;\u00e0 l&rsquo;\u00e9poque, les fonds pour produire des films dits africains se trouvaient surtout en France.<\/p>\n<h4>Comment vous \u00eates-vous lanc\u00e9 apr\u00e8s vos \u00e9tudes?<\/h4>\n<p>Je suis d&rsquo;abord retourn\u00e9 travailler \u00e0 Kinshasa, dans un centre de formation pour adultes. J&rsquo;avais r\u00e9alis\u00e9, avec mes \u00e9tudiants, un film sur le peintre Ch\u00e9ri Samba, qui \u00e9tait pass\u00e9 \u00e0 la t\u00e9l\u00e9vision. Des coll\u00e8gues m&rsquo;ont inform\u00e9 de l&rsquo;existence d&rsquo;un concours de films, dans le cadre duquel j&rsquo;ai r\u00e9alis\u00e9 mon premier court m\u00e9trage documentaire professionnel. Il s&rsquo;agissait de demander \u00e0 des cin\u00e9astes locaux de r\u00e9aliser des films sur les villes du tiers monde. Il y avait m\u00eame un apport d&rsquo;Antenne 2 \u00e0 l&rsquo;\u00e9poque, soit de la t\u00e9l\u00e9vision fran\u00e7aise! <em>Kin Kiesse<\/em>, qui a \u00e9t\u00e9 s\u00e9lectionn\u00e9 au FESPACO, a d&rsquo;ailleurs gagn\u00e9 l\u00e0-bas!<\/p>\n<p>Suite \u00e0 \u00e7a, j&rsquo;ai re\u00e7u de l&rsquo;argent de France pour l&rsquo;\u00e9criture de <em>La Vie est belle<\/em>&#8230;<\/p>\n<p><img loading=\"lazy\" decoding=\"async\" class=\"alignnone size-large wp-image-225317\" src=\"https:\/\/www.cinevox.be\/wp-content\/uploads\/sites\/2\/2019\/12\/cinematek-0512-8-800x533.jpg\" alt=\"cinematek 0512 8 copyright CINEMATEK \/ Bea borgers\" width=\"618\" height=\"412\" srcset=\"https:\/\/welovecinema.be\/wp-content\/uploads\/sites\/2\/2019\/12\/cinematek-0512-8-800x533.jpg 800w, https:\/\/welovecinema.be\/wp-content\/uploads\/sites\/2\/2019\/12\/cinematek-0512-8-405x270.jpg 405w, https:\/\/welovecinema.be\/wp-content\/uploads\/sites\/2\/2019\/12\/cinematek-0512-8-768x512.jpg 768w\" sizes=\"auto, (max-width: 618px) 100vw, 618px\" \/><\/p>\n<h4>Un film finalement produit en partie en Belgique?<\/h4>\n<p>Oui! J&rsquo;ai fait lire \u00e0 l&rsquo;\u00e9poque le sc\u00e9nario \u00e0 mon ancien professeur, Beno\u00eet Lamy. Celui-ci m&rsquo;a propos\u00e9 de produire le film en Belgique, et pour recevoir les aides, il fallait qu&rsquo;il soit cr\u00e9dit\u00e9 comme co-r\u00e9alisateur. Ce n&rsquo;\u00e9tait pas vraiment comme \u00e7a que je voyais les choses, mais toujours est-il que c&rsquo;est effectivement comme cela que le film s&rsquo;est retrouv\u00e9 produit en Belgique.<\/p>\n<h4>Dans ce premier film, on retrouve un com\u00e9dien et chanteur qui est devenu une vraie star au Congo&#8230;<\/h4>\n<p>Oui, d\u00e9j\u00e0 dans <em>Kin Kiesse<\/em>, il y avait Ch\u00e9ri Samba, mais il y avait aussi Papa Wemba. D&rsquo;ailleurs, dans le film, on retrouve aussi les musiciens de Staff Benda Bililli. Finalement, le film s&rsquo;inscrivait dans une certaine marginalit\u00e9, et pas franchement dans le contexte officiel du Za\u00efre de l&rsquo;\u00e9poque. Il n&rsquo;y avait aucune allusion au parti unique, en plein mobutisme. Un petit crime de l\u00e8se-majest\u00e9 en soi. On n&rsquo;\u00e9tais pas les voix officielles du r\u00e9gime&#8230; Plus tard, j&rsquo;ai retrouv\u00e9 Papa Wemba dans <em>La Vie est belle<\/em>, dont il est le h\u00e9ros. Il fait aussi des apparitions dans mes films suivants.<\/p>\n<p><img loading=\"lazy\" decoding=\"async\" class=\"alignnone size-full wp-image-225321\" src=\"https:\/\/www.cinevox.be\/wp-content\/uploads\/sites\/2\/2019\/12\/MWEZE-NGANGURA.jpg\" alt=\"LA_VIE_EST_BELLE\" width=\"593\" height=\"367\" srcset=\"https:\/\/welovecinema.be\/wp-content\/uploads\/sites\/2\/2019\/12\/MWEZE-NGANGURA.jpg 593w, https:\/\/welovecinema.be\/wp-content\/uploads\/sites\/2\/2019\/12\/MWEZE-NGANGURA-436x270.jpg 436w\" sizes=\"auto, (max-width: 593px) 100vw, 593px\" \/><\/p>\n<h4>Puis c&rsquo;est le retour \u00e0 Bruxelles dans les ann\u00e9es 90?<\/h4>\n<p>Je suis revenu en Belgique apr\u00e8s <em>Kin Kiesse<\/em> pour des raisons personnelles, mais aussi parce que nombre de mes cong\u00e9n\u00e8res cin\u00e9astes africains \u00e9taient install\u00e9s en Europe, tout en continuant \u00e0 faire leurs films en Afrique. L&rsquo;acc\u00e8s aux sources de financement y \u00e9tait plus direct. J&rsquo;avais dans ma besace le sc\u00e9nario de mon long m\u00e9trage suivant, <em>Pi\u00e8ces d&rsquo;identit\u00e9<\/em>, mais comme \u00e7a prenait du temps \u00e0 produire, je me suis dit que j&rsquo;allais d&rsquo;abord r\u00e9aliser un documentaire sur la musique, \u00e0 Bruxelles. Je trouvais qu&rsquo;\u00e0 une \u00e9poque o\u00f9 on parlait beaucoup de multi-culturalisme et d&rsquo;ouverture \u00e0 d&rsquo;autres cultures, je trouvais que c&rsquo;\u00e9tait la musique qui v\u00e9hiculait cela le mieux. <em>Changa Changa<\/em> parle de musique et de rencontre des cultures africaines et europ\u00e9ennes \u00e0 Bruxelles. Le premier titre du film \u00e9tait d&rsquo;ailleurs <em>Bruxelles en black et blanc.<\/em><\/p>\n<h4>On retrouve d&rsquo;ailleurs la musique dans <em>Pi\u00e8ces d&rsquo;identit\u00e9s<\/em>, avec lequel vous retournez d&rsquo;ailleurs au Fespaco?<\/h4>\n<p>Oui, c&rsquo;\u00e9tait un beau moment. Je me souviens, j&rsquo;\u00e9tais assis avec feu mon ami Idrissa Ouedraogo, qui me dit soudain: \u00ab\u00a0Mweze, tu as la t\u00eate d&rsquo;un cin\u00e9aste qui va gagner l&rsquo;Etalon d&rsquo;or\u00a0\u00bb. Et sa proph\u00e9tie s&rsquo;est r\u00e9alis\u00e9e! C&rsquo;est un festival important pour moi, qui a permis de lancer ma carri\u00e8re.<\/p>\n<p><img loading=\"lazy\" decoding=\"async\" class=\"alignnone size-large wp-image-225319\" src=\"https:\/\/www.cinevox.be\/wp-content\/uploads\/sites\/2\/2019\/12\/cinematek-0512-6-800x533.jpg\" alt=\"cinematek 0512 6 cinematek 0512 8 copyright CINEMATEK \/ Bea borgers\" width=\"618\" height=\"412\" srcset=\"https:\/\/welovecinema.be\/wp-content\/uploads\/sites\/2\/2019\/12\/cinematek-0512-6-800x533.jpg 800w, https:\/\/welovecinema.be\/wp-content\/uploads\/sites\/2\/2019\/12\/cinematek-0512-6-405x270.jpg 405w, https:\/\/welovecinema.be\/wp-content\/uploads\/sites\/2\/2019\/12\/cinematek-0512-6-768x512.jpg 768w\" sizes=\"auto, (max-width: 618px) 100vw, 618px\" \/><\/p>\n<h4>R\u00e9trospectivement, comment voyez-vous l&rsquo;\u00e9volution des cin\u00e9mas africains depuis vos d\u00e9buts, et comment envisagez-vous l&rsquo;avenir?<\/h4>\n<p>Les cin\u00e9astes qui ont pr\u00e9c\u00e9d\u00e9 ma g\u00e9n\u00e9ration voulaient raconter l&rsquo;Afrique avec un c\u00f4t\u00e9 un peu donneur de le\u00e7ons, je crois qu&rsquo;ils se sentaient investis d&rsquo;une mission, celle de conscientiser leurs peuple aux probl\u00e8mes du d\u00e9veloppement, \u00e0 la lutte anti-coloniale, \u00e0 l&rsquo;image de Semb\u00e8ne Ousmane.<\/p>\n<p>Pour les cin\u00e9astes de ma g\u00e9n\u00e9ration, on ne se sentait plus cette responsabilit\u00e9, mais plut\u00f4t l&rsquo;envie d&rsquo;aller \u00e0 la rencontre de nos spectateurs en Afrique. Parce que le cin\u00e9ma africain \u00e9tant essentiellement financ\u00e9 en Europe, il nous semblait devoir nous reconnecter avec les publics sur place, ce qui \u00e9tait rendu compliqu\u00e9 par le fait qu&rsquo;il n&rsquo;y avait pas vraiment de circuits de distribution. La question pour nous, c&rsquo;\u00e9tait: \u00ab\u00a0Pour qui filme-t-on? Et pour quelle diffusion? Comment amener nos films vers notre public?\u00a0\u00bb<\/p>\n<p>R\u00e9cemment, j&rsquo;ai rencontr\u00e9 un jeune Congolais qui vit \u00e0 Paris, qui produit actuellement son film avec des financements de Canal Plus et de soci\u00e9t\u00e9s fran\u00e7aises. Il fait un cin\u00e9ma que je d\u00e9crirais comme m\u00e9tiss\u00e9, capable de parler aussi bien aux publics europ\u00e9ens qu&rsquo;africains. Je crois qu&rsquo;il faut consid\u00e9rer qu&rsquo;entre notre g\u00e9n\u00e9ration qui essayait de se couper du pass\u00e9 militant du cin\u00e9ma africain, et de faire un cin\u00e9ma peut-\u00eatre trop ferm\u00e9 sur l&rsquo;Afrique, et les jeunes g\u00e9n\u00e9rations, la diff\u00e9rence, c&rsquo;est la volont\u00e9 de toucher un public r\u00e9solument international.<\/p>\n<p>Il n&rsquo;y a plus d&rsquo;obsession d&rsquo;\u00e9crire l&rsquo;histoire du cin\u00e9ma africain pour le public africain. Il faut que les jeunes g\u00e9n\u00e9rations \u00e9vitent le pi\u00e8ge d&rsquo;un cin\u00e9ma qui serait trop exotisant. Il leur faut absorber et s&rsquo;approprier les codes du cin\u00e9ma tout court, d&rsquo;o\u00f9 qu&rsquo;ils viennent. On a longtemps \u00e9chafaud\u00e9 des th\u00e9ories sur ce que doit ou ne doit pas \u00eatre le cin\u00e9ma africain, mais c&rsquo;est une perte de temps. Il faut juste se donner les moyens de faire des films pour tous. Cet exotisme dans lequel les cin\u00e9astes africains avaient tendance \u00e0 s&rsquo;enfermer, je pense que c&rsquo;est un obstacle \u00e0 l&rsquo;\u00e9closion d&rsquo;un vrai cin\u00e9ma africain, mature et durable.<\/p>\n<p>&nbsp;<\/p>\n<p><em>Cr\u00e9dit photos r\u00e9trospective FESPACO: Cinematek\/ Bea Borgers<\/em><\/p>\n<p>&nbsp;<\/p>\n","protected":false},"excerpt":{"rendered":"<p>La r\u00e9trospective 50 ans du Festival Panafricain FESPACO \u00e9tait lanc\u00e9e hier par la Cinematek avec une soir\u00e9e consacr\u00e9e au cin\u00e9aste congolais install\u00e9 \u00e0 Bruxelles Mweze Ngangura, double laur\u00e9at au Festival du Cin\u00e9ma Panafricain de Ouagadougou. Compagnon de route de figures marquantes de la culture pop congolaise de ces derni\u00e8res ann\u00e9es telles que Ch\u00e9ri Samba ou &hellip;<\/p>\n","protected":false},"author":343,"featured_media":225315,"comment_status":"closed","ping_status":"closed","sticky":false,"template":"","format":"standard","meta":{"ngg_post_thumbnail":0,"footnotes":""},"categories":[1978],"tags":[4744,4735,4187],"class_list":["post-225314","post","type-post","status-publish","format-standard","has-post-thumbnail","","category-interviews","tag-cinematek-2","tag-mweze-ngangura","tag-newsletter-fr"],"yoast_head":"<!-- This site is optimized with the Yoast SEO plugin v20.4 - https:\/\/yoast.com\/wordpress\/plugins\/seo\/ -->\n<title>Mweze Ngangura: &quot;Eviter l&#039;exotisme et faire du cin\u00e9ma tout court&quot; - We Love Cinema<\/title>\n<meta name=\"robots\" content=\"index, follow, max-snippet:-1, max-image-preview:large, max-video-preview:-1\" \/>\n<link rel=\"canonical\" href=\"https:\/\/welovecinema.be\/fr\/mweze-ngangura-eviter-lexotisme-et-faire-du-cinema-tout-court\/\" \/>\n<meta property=\"og:locale\" content=\"fr_FR\" \/>\n<meta property=\"og:type\" content=\"article\" \/>\n<meta property=\"og:title\" content=\"Mweze Ngangura: &quot;Eviter l&#039;exotisme et faire du cin\u00e9ma tout court&quot; - We Love Cinema\" \/>\n<meta property=\"og:description\" content=\"La r\u00e9trospective 50 ans du Festival Panafricain FESPACO \u00e9tait lanc\u00e9e hier par la Cinematek avec une soir\u00e9e consacr\u00e9e au cin\u00e9aste congolais install\u00e9 \u00e0 Bruxelles Mweze Ngangura, double laur\u00e9at au Festival du Cin\u00e9ma Panafricain de Ouagadougou. Compagnon de route de figures marquantes de la culture pop congolaise de ces derni\u00e8res ann\u00e9es telles que Ch\u00e9ri Samba ou &hellip;\" \/>\n<meta property=\"og:url\" content=\"https:\/\/welovecinema.be\/fr\/mweze-ngangura-eviter-lexotisme-et-faire-du-cinema-tout-court\/\" \/>\n<meta property=\"og:site_name\" content=\"We Love Cinema\" \/>\n<meta property=\"article:publisher\" content=\"https:\/\/www.facebook.com\/welovecinema.be\" \/>\n<meta property=\"article:published_time\" content=\"2019-12-06T12:16:18+00:00\" \/>\n<meta property=\"article:modified_time\" content=\"2019-12-09T08:13:13+00:00\" \/>\n<meta property=\"og:image\" content=\"https:\/\/welovecinema.be\/wp-content\/uploads\/sites\/2\/2019\/12\/MwezeNgangura.jpg\" \/>\n\t<meta property=\"og:image:width\" content=\"1200\" \/>\n\t<meta property=\"og:image:height\" content=\"675\" \/>\n\t<meta property=\"og:image:type\" content=\"image\/jpeg\" \/>\n<meta name=\"author\" content=\"Aurore Engelen\" \/>\n<meta name=\"twitter:card\" content=\"summary_large_image\" \/>\n<meta name=\"twitter:label1\" content=\"\u00c9crit par\" \/>\n\t<meta name=\"twitter:data1\" content=\"Aurore Engelen\" \/>\n\t<meta name=\"twitter:label2\" content=\"Dur\u00e9e de lecture estim\u00e9e\" \/>\n\t<meta name=\"twitter:data2\" content=\"6 minutes\" \/>\n<script type=\"application\/ld+json\" class=\"yoast-schema-graph\">{\"@context\":\"https:\/\/schema.org\",\"@graph\":[{\"@type\":\"Article\",\"@id\":\"https:\/\/welovecinema.be\/fr\/mweze-ngangura-eviter-lexotisme-et-faire-du-cinema-tout-court\/#article\",\"isPartOf\":{\"@id\":\"https:\/\/welovecinema.be\/fr\/mweze-ngangura-eviter-lexotisme-et-faire-du-cinema-tout-court\/\"},\"author\":{\"name\":\"Aurore Engelen\",\"@id\":\"https:\/\/welovecinema.be\/nl\/#\/schema\/person\/8084b68c6b176142d073695c654dc7cf\"},\"headline\":\"Mweze Ngangura: \u00ab\u00a0Eviter l&rsquo;exotisme et faire du cin\u00e9ma tout court\u00a0\u00bb\",\"datePublished\":\"2019-12-06T12:16:18+00:00\",\"dateModified\":\"2019-12-09T08:13:13+00:00\",\"mainEntityOfPage\":{\"@id\":\"https:\/\/welovecinema.be\/fr\/mweze-ngangura-eviter-lexotisme-et-faire-du-cinema-tout-court\/\"},\"wordCount\":1390,\"publisher\":{\"@id\":\"https:\/\/welovecinema.be\/nl\/#organization\"},\"keywords\":[\"CINEMATEK\",\"Mweze Ngangura\",\"newsletter\"],\"articleSection\":[\"Rencontres\"],\"inLanguage\":\"fr-FR\"},{\"@type\":\"WebPage\",\"@id\":\"https:\/\/welovecinema.be\/fr\/mweze-ngangura-eviter-lexotisme-et-faire-du-cinema-tout-court\/\",\"url\":\"https:\/\/welovecinema.be\/fr\/mweze-ngangura-eviter-lexotisme-et-faire-du-cinema-tout-court\/\",\"name\":\"Mweze Ngangura: \\\"Eviter l'exotisme et faire du cin\u00e9ma tout court\\\" - We Love Cinema\",\"isPartOf\":{\"@id\":\"https:\/\/welovecinema.be\/nl\/#website\"},\"datePublished\":\"2019-12-06T12:16:18+00:00\",\"dateModified\":\"2019-12-09T08:13:13+00:00\",\"breadcrumb\":{\"@id\":\"https:\/\/welovecinema.be\/fr\/mweze-ngangura-eviter-lexotisme-et-faire-du-cinema-tout-court\/#breadcrumb\"},\"inLanguage\":\"fr-FR\",\"potentialAction\":[{\"@type\":\"ReadAction\",\"target\":[\"https:\/\/welovecinema.be\/fr\/mweze-ngangura-eviter-lexotisme-et-faire-du-cinema-tout-court\/\"]}]},{\"@type\":\"BreadcrumbList\",\"@id\":\"https:\/\/welovecinema.be\/fr\/mweze-ngangura-eviter-lexotisme-et-faire-du-cinema-tout-court\/#breadcrumb\",\"itemListElement\":[{\"@type\":\"ListItem\",\"position\":1,\"name\":\"Accueil\",\"item\":\"https:\/\/welovecinema.be\/fr\/\"},{\"@type\":\"ListItem\",\"position\":2,\"name\":\"Mweze Ngangura: \u00ab\u00a0Eviter l&rsquo;exotisme et faire du cin\u00e9ma tout court\u00a0\u00bb\"}]},{\"@type\":\"WebSite\",\"@id\":\"https:\/\/welovecinema.be\/nl\/#website\",\"url\":\"https:\/\/welovecinema.be\/nl\/\",\"name\":\"We Love Cinema\",\"description\":\"Toute l\u2019information du cin\u00e9ma en Belgique\",\"publisher\":{\"@id\":\"https:\/\/welovecinema.be\/nl\/#organization\"},\"potentialAction\":[{\"@type\":\"SearchAction\",\"target\":{\"@type\":\"EntryPoint\",\"urlTemplate\":\"https:\/\/welovecinema.be\/nl\/?s={search_term_string}\"},\"query-input\":\"required name=search_term_string\"}],\"inLanguage\":\"fr-FR\"},{\"@type\":\"Organization\",\"@id\":\"https:\/\/welovecinema.be\/nl\/#organization\",\"name\":\"We Love Cinema\",\"url\":\"https:\/\/welovecinema.be\/nl\/\",\"logo\":{\"@type\":\"ImageObject\",\"inLanguage\":\"fr-FR\",\"@id\":\"https:\/\/welovecinema.be\/nl\/#\/schema\/logo\/image\/\",\"url\":\"https:\/\/welovecinema.be\/wp-content\/uploads\/sites\/2\/2023\/03\/Logo-We-Love-Cinema305x128.jpg\",\"contentUrl\":\"https:\/\/welovecinema.be\/wp-content\/uploads\/sites\/2\/2023\/03\/Logo-We-Love-Cinema305x128.jpg\",\"width\":305,\"height\":128,\"caption\":\"We Love Cinema\"},\"image\":{\"@id\":\"https:\/\/welovecinema.be\/nl\/#\/schema\/logo\/image\/\"},\"sameAs\":[\"https:\/\/www.facebook.com\/welovecinema.be\",\"https:\/\/www.youtube.com\/channel\/UCX5LYGVhnKvYauW4Nta4HJA\",\"https:\/\/www.instagram.com\/welovecinema.be\/\"]},{\"@type\":\"Person\",\"@id\":\"https:\/\/welovecinema.be\/nl\/#\/schema\/person\/8084b68c6b176142d073695c654dc7cf\",\"name\":\"Aurore Engelen\",\"url\":\"https:\/\/welovecinema.be\/fr\/author\/aurore-engelen\/\"}]}<\/script>\n<!-- \/ Yoast SEO plugin. -->","yoast_head_json":{"title":"Mweze Ngangura: \"Eviter l'exotisme et faire du cin\u00e9ma tout court\" - We Love Cinema","robots":{"index":"index","follow":"follow","max-snippet":"max-snippet:-1","max-image-preview":"max-image-preview:large","max-video-preview":"max-video-preview:-1"},"canonical":"https:\/\/welovecinema.be\/fr\/mweze-ngangura-eviter-lexotisme-et-faire-du-cinema-tout-court\/","og_locale":"fr_FR","og_type":"article","og_title":"Mweze Ngangura: \"Eviter l'exotisme et faire du cin\u00e9ma tout court\" - We Love Cinema","og_description":"La r\u00e9trospective 50 ans du Festival Panafricain FESPACO \u00e9tait lanc\u00e9e hier par la Cinematek avec une soir\u00e9e consacr\u00e9e au cin\u00e9aste congolais install\u00e9 \u00e0 Bruxelles Mweze Ngangura, double laur\u00e9at au Festival du Cin\u00e9ma Panafricain de Ouagadougou. Compagnon de route de figures marquantes de la culture pop congolaise de ces derni\u00e8res ann\u00e9es telles que Ch\u00e9ri Samba ou &hellip;","og_url":"https:\/\/welovecinema.be\/fr\/mweze-ngangura-eviter-lexotisme-et-faire-du-cinema-tout-court\/","og_site_name":"We Love Cinema","article_publisher":"https:\/\/www.facebook.com\/welovecinema.be","article_published_time":"2019-12-06T12:16:18+00:00","article_modified_time":"2019-12-09T08:13:13+00:00","og_image":[{"width":1200,"height":675,"url":"https:\/\/welovecinema.be\/wp-content\/uploads\/sites\/2\/2019\/12\/MwezeNgangura.jpg","type":"image\/jpeg"}],"author":"Aurore Engelen","twitter_card":"summary_large_image","twitter_misc":{"\u00c9crit par":"Aurore Engelen","Dur\u00e9e de lecture estim\u00e9e":"6 minutes"},"schema":{"@context":"https:\/\/schema.org","@graph":[{"@type":"Article","@id":"https:\/\/welovecinema.be\/fr\/mweze-ngangura-eviter-lexotisme-et-faire-du-cinema-tout-court\/#article","isPartOf":{"@id":"https:\/\/welovecinema.be\/fr\/mweze-ngangura-eviter-lexotisme-et-faire-du-cinema-tout-court\/"},"author":{"name":"Aurore Engelen","@id":"https:\/\/welovecinema.be\/nl\/#\/schema\/person\/8084b68c6b176142d073695c654dc7cf"},"headline":"Mweze Ngangura: \u00ab\u00a0Eviter l&rsquo;exotisme et faire du cin\u00e9ma tout court\u00a0\u00bb","datePublished":"2019-12-06T12:16:18+00:00","dateModified":"2019-12-09T08:13:13+00:00","mainEntityOfPage":{"@id":"https:\/\/welovecinema.be\/fr\/mweze-ngangura-eviter-lexotisme-et-faire-du-cinema-tout-court\/"},"wordCount":1390,"publisher":{"@id":"https:\/\/welovecinema.be\/nl\/#organization"},"keywords":["CINEMATEK","Mweze Ngangura","newsletter"],"articleSection":["Rencontres"],"inLanguage":"fr-FR"},{"@type":"WebPage","@id":"https:\/\/welovecinema.be\/fr\/mweze-ngangura-eviter-lexotisme-et-faire-du-cinema-tout-court\/","url":"https:\/\/welovecinema.be\/fr\/mweze-ngangura-eviter-lexotisme-et-faire-du-cinema-tout-court\/","name":"Mweze Ngangura: \"Eviter l'exotisme et faire du cin\u00e9ma tout court\" - We Love Cinema","isPartOf":{"@id":"https:\/\/welovecinema.be\/nl\/#website"},"datePublished":"2019-12-06T12:16:18+00:00","dateModified":"2019-12-09T08:13:13+00:00","breadcrumb":{"@id":"https:\/\/welovecinema.be\/fr\/mweze-ngangura-eviter-lexotisme-et-faire-du-cinema-tout-court\/#breadcrumb"},"inLanguage":"fr-FR","potentialAction":[{"@type":"ReadAction","target":["https:\/\/welovecinema.be\/fr\/mweze-ngangura-eviter-lexotisme-et-faire-du-cinema-tout-court\/"]}]},{"@type":"BreadcrumbList","@id":"https:\/\/welovecinema.be\/fr\/mweze-ngangura-eviter-lexotisme-et-faire-du-cinema-tout-court\/#breadcrumb","itemListElement":[{"@type":"ListItem","position":1,"name":"Accueil","item":"https:\/\/welovecinema.be\/fr\/"},{"@type":"ListItem","position":2,"name":"Mweze Ngangura: \u00ab\u00a0Eviter l&rsquo;exotisme et faire du cin\u00e9ma tout court\u00a0\u00bb"}]},{"@type":"WebSite","@id":"https:\/\/welovecinema.be\/nl\/#website","url":"https:\/\/welovecinema.be\/nl\/","name":"We Love Cinema","description":"Toute l\u2019information du cin\u00e9ma en Belgique","publisher":{"@id":"https:\/\/welovecinema.be\/nl\/#organization"},"potentialAction":[{"@type":"SearchAction","target":{"@type":"EntryPoint","urlTemplate":"https:\/\/welovecinema.be\/nl\/?s={search_term_string}"},"query-input":"required name=search_term_string"}],"inLanguage":"fr-FR"},{"@type":"Organization","@id":"https:\/\/welovecinema.be\/nl\/#organization","name":"We Love Cinema","url":"https:\/\/welovecinema.be\/nl\/","logo":{"@type":"ImageObject","inLanguage":"fr-FR","@id":"https:\/\/welovecinema.be\/nl\/#\/schema\/logo\/image\/","url":"https:\/\/welovecinema.be\/wp-content\/uploads\/sites\/2\/2023\/03\/Logo-We-Love-Cinema305x128.jpg","contentUrl":"https:\/\/welovecinema.be\/wp-content\/uploads\/sites\/2\/2023\/03\/Logo-We-Love-Cinema305x128.jpg","width":305,"height":128,"caption":"We Love Cinema"},"image":{"@id":"https:\/\/welovecinema.be\/nl\/#\/schema\/logo\/image\/"},"sameAs":["https:\/\/www.facebook.com\/welovecinema.be","https:\/\/www.youtube.com\/channel\/UCX5LYGVhnKvYauW4Nta4HJA","https:\/\/www.instagram.com\/welovecinema.be\/"]},{"@type":"Person","@id":"https:\/\/welovecinema.be\/nl\/#\/schema\/person\/8084b68c6b176142d073695c654dc7cf","name":"Aurore Engelen","url":"https:\/\/welovecinema.be\/fr\/author\/aurore-engelen\/"}]}},"_links":{"self":[{"href":"https:\/\/welovecinema.be\/fr\/wp-json\/wp\/v2\/posts\/225314","targetHints":{"allow":["GET"]}}],"collection":[{"href":"https:\/\/welovecinema.be\/fr\/wp-json\/wp\/v2\/posts"}],"about":[{"href":"https:\/\/welovecinema.be\/fr\/wp-json\/wp\/v2\/types\/post"}],"author":[{"embeddable":true,"href":"https:\/\/welovecinema.be\/fr\/wp-json\/wp\/v2\/users\/343"}],"replies":[{"embeddable":true,"href":"https:\/\/welovecinema.be\/fr\/wp-json\/wp\/v2\/comments?post=225314"}],"version-history":[{"count":0,"href":"https:\/\/welovecinema.be\/fr\/wp-json\/wp\/v2\/posts\/225314\/revisions"}],"wp:featuredmedia":[{"embeddable":true,"href":"https:\/\/welovecinema.be\/fr\/wp-json\/wp\/v2\/media\/225315"}],"wp:attachment":[{"href":"https:\/\/welovecinema.be\/fr\/wp-json\/wp\/v2\/media?parent=225314"}],"wp:term":[{"taxonomy":"category","embeddable":true,"href":"https:\/\/welovecinema.be\/fr\/wp-json\/wp\/v2\/categories?post=225314"},{"taxonomy":"post_tag","embeddable":true,"href":"https:\/\/welovecinema.be\/fr\/wp-json\/wp\/v2\/tags?post=225314"}],"curies":[{"name":"wp","href":"https:\/\/api.w.org\/{rel}","templated":true}]}}