{"id":225101,"date":"2019-11-27T16:00:08","date_gmt":"2019-11-27T15:00:08","guid":{"rendered":"https:\/\/www.cinevox.be\/?p=225101"},"modified":"2019-11-28T09:39:57","modified_gmt":"2019-11-28T08:39:57","slug":"2mn-avec-jan-bucquoy","status":"publish","type":"post","link":"https:\/\/welovecinema.be\/fr\/2mn-avec-jan-bucquoy\/","title":{"rendered":"2mn avec&#8230; Jan Bucquoy"},"content":{"rendered":"<p><strong>Rencontre avec l&rsquo;iconoclaste r\u00e9alisateur agitateur Jan Bucquoy, \u00e0 la veille de la fin du tournage de son nouveau film, <em>La Derni\u00e8re Tentation des Belges<\/em>, avec Wim Willaert, Alice on the Roof et Alex Vizorek.<\/strong><\/p>\n<h4>A LIRE AUSSI<\/h4>\n<p><a href=\"https:\/\/www.cinevox.be\/fr\/sur-le-tournage-de-la-derniere-tentation-des-belges\/\">Sur le tournage de&#8230; <em>La Derni\u00e8re Tentation des Belges<\/em><\/a><\/p>\n","protected":false},"excerpt":{"rendered":"<p>Rencontre avec l&rsquo;iconoclaste r\u00e9alisateur agitateur Jan Bucquoy, \u00e0 la veille de la fin du tournage de son nouveau film, La Derni\u00e8re Tentation des Belges, avec Wim Willaert, Alice on the Roof et Alex Vizorek. A LIRE AUSSI Sur le tournage de&#8230; La Derni\u00e8re Tentation des Belges<\/p>\n","protected":false},"author":343,"featured_media":225104,"comment_status":"closed","ping_status":"closed","sticky":false,"template":"","format":"standard","meta":{"ngg_post_thumbnail":0,"footnotes":""},"categories":[1978],"tags":[4314,4313,4187],"class_list":["post-225101","post","type-post","status-publish","format-standard","has-post-thumbnail","","category-interviews","tag-jan-bucquoy-2","tag-la-derniere-tentation-des-belges","tag-newsletter-fr"],"yoast_head":"<!-- This site is optimized with the Yoast SEO plugin v20.4 - https:\/\/yoast.com\/wordpress\/plugins\/seo\/ -->\n<title>2mn avec... Jan Bucquoy - We Love Cinema<\/title>\n<meta name=\"robots\" content=\"index, follow, max-snippet:-1, max-image-preview:large, max-video-preview:-1\" \/>\n<link rel=\"canonical\" href=\"https:\/\/welovecinema.be\/fr\/2mn-avec-jan-bucquoy\/\" \/>\n<meta property=\"og:locale\" content=\"fr_FR\" \/>\n<meta property=\"og:type\" content=\"article\" \/>\n<meta property=\"og:title\" content=\"2mn avec... Jan Bucquoy - We Love Cinema\" \/>\n<meta property=\"og:description\" content=\"Rencontre avec l&rsquo;iconoclaste r\u00e9alisateur agitateur Jan Bucquoy, \u00e0 la veille de la fin du tournage de son nouveau film, La Derni\u00e8re Tentation des Belges, avec Wim Willaert, Alice on the Roof et Alex Vizorek. A LIRE AUSSI Sur le tournage de&#8230; La Derni\u00e8re Tentation des Belges\" \/>\n<meta property=\"og:url\" content=\"https:\/\/welovecinema.be\/fr\/2mn-avec-jan-bucquoy\/\" \/>\n<meta property=\"og:site_name\" content=\"We Love Cinema\" \/>\n<meta property=\"article:publisher\" content=\"https:\/\/www.facebook.com\/welovecinema.be\" \/>\n<meta property=\"article:published_time\" content=\"2019-11-27T15:00:08+00:00\" \/>\n<meta property=\"article:modified_time\" content=\"2019-11-28T08:39:57+00:00\" \/>\n<meta property=\"og:image\" content=\"https:\/\/welovecinema.be\/wp-content\/uploads\/sites\/2\/2019\/11\/Jan-Bucquoy-CIi.jpg\" \/>\n\t<meta property=\"og:image:width\" content=\"4032\" \/>\n\t<meta property=\"og:image:height\" content=\"3024\" \/>\n\t<meta property=\"og:image:type\" content=\"image\/jpeg\" \/>\n<meta name=\"author\" content=\"Aurore Engelen\" \/>\n<meta name=\"twitter:card\" content=\"summary_large_image\" \/>\n<meta name=\"twitter:label1\" content=\"\u00c9crit par\" \/>\n\t<meta name=\"twitter:data1\" content=\"Aurore Engelen\" \/>\n<script type=\"application\/ld+json\" class=\"yoast-schema-graph\">{\"@context\":\"https:\/\/schema.org\",\"@graph\":[{\"@type\":\"Article\",\"@id\":\"https:\/\/welovecinema.be\/fr\/2mn-avec-jan-bucquoy\/#article\",\"isPartOf\":{\"@id\":\"https:\/\/welovecinema.be\/fr\/2mn-avec-jan-bucquoy\/\"},\"author\":{\"name\":\"Aurore Engelen\",\"@id\":\"https:\/\/welovecinema.be\/nl\/#\/schema\/person\/8084b68c6b176142d073695c654dc7cf\"},\"headline\":\"2mn avec&#8230; Jan Bucquoy\",\"datePublished\":\"2019-11-27T15:00:08+00:00\",\"dateModified\":\"2019-11-28T08:39:57+00:00\",\"mainEntityOfPage\":{\"@id\":\"https:\/\/welovecinema.be\/fr\/2mn-avec-jan-bucquoy\/\"},\"wordCount\":53,\"publisher\":{\"@id\":\"https:\/\/welovecinema.be\/nl\/#organization\"},\"keywords\":[\"Jan Bucquoy\",\"La Derni\u00e8re tentation des Belges\",\"newsletter\"],\"articleSection\":[\"Rencontres\"],\"inLanguage\":\"fr-FR\"},{\"@type\":\"WebPage\",\"@id\":\"https:\/\/welovecinema.be\/fr\/2mn-avec-jan-bucquoy\/\",\"url\":\"https:\/\/welovecinema.be\/fr\/2mn-avec-jan-bucquoy\/\",\"name\":\"2mn avec... Jan Bucquoy - We Love Cinema\",\"isPartOf\":{\"@id\":\"https:\/\/welovecinema.be\/nl\/#website\"},\"datePublished\":\"2019-11-27T15:00:08+00:00\",\"dateModified\":\"2019-11-28T08:39:57+00:00\",\"breadcrumb\":{\"@id\":\"https:\/\/welovecinema.be\/fr\/2mn-avec-jan-bucquoy\/#breadcrumb\"},\"inLanguage\":\"fr-FR\",\"potentialAction\":[{\"@type\":\"ReadAction\",\"target\":[\"https:\/\/welovecinema.be\/fr\/2mn-avec-jan-bucquoy\/\"]}]},{\"@type\":\"BreadcrumbList\",\"@id\":\"https:\/\/welovecinema.be\/fr\/2mn-avec-jan-bucquoy\/#breadcrumb\",\"itemListElement\":[{\"@type\":\"ListItem\",\"position\":1,\"name\":\"Accueil\",\"item\":\"https:\/\/welovecinema.be\/fr\/\"},{\"@type\":\"ListItem\",\"position\":2,\"name\":\"2mn avec&#8230; Jan Bucquoy\"}]},{\"@type\":\"WebSite\",\"@id\":\"https:\/\/welovecinema.be\/nl\/#website\",\"url\":\"https:\/\/welovecinema.be\/nl\/\",\"name\":\"We Love Cinema\",\"description\":\"Toute l\u2019information du cin\u00e9ma en Belgique\",\"publisher\":{\"@id\":\"https:\/\/welovecinema.be\/nl\/#organization\"},\"potentialAction\":[{\"@type\":\"SearchAction\",\"target\":{\"@type\":\"EntryPoint\",\"urlTemplate\":\"https:\/\/welovecinema.be\/nl\/?s={search_term_string}\"},\"query-input\":\"required name=search_term_string\"}],\"inLanguage\":\"fr-FR\"},{\"@type\":\"Organization\",\"@id\":\"https:\/\/welovecinema.be\/nl\/#organization\",\"name\":\"We Love Cinema\",\"url\":\"https:\/\/welovecinema.be\/nl\/\",\"logo\":{\"@type\":\"ImageObject\",\"inLanguage\":\"fr-FR\",\"@id\":\"https:\/\/welovecinema.be\/nl\/#\/schema\/logo\/image\/\",\"url\":\"https:\/\/welovecinema.be\/wp-content\/uploads\/sites\/2\/2023\/03\/Logo-We-Love-Cinema305x128.jpg\",\"contentUrl\":\"https:\/\/welovecinema.be\/wp-content\/uploads\/sites\/2\/2023\/03\/Logo-We-Love-Cinema305x128.jpg\",\"width\":305,\"height\":128,\"caption\":\"We Love Cinema\"},\"image\":{\"@id\":\"https:\/\/welovecinema.be\/nl\/#\/schema\/logo\/image\/\"},\"sameAs\":[\"https:\/\/www.facebook.com\/welovecinema.be\",\"https:\/\/www.youtube.com\/channel\/UCX5LYGVhnKvYauW4Nta4HJA\",\"https:\/\/www.instagram.com\/welovecinema.be\/\"]},{\"@type\":\"Person\",\"@id\":\"https:\/\/welovecinema.be\/nl\/#\/schema\/person\/8084b68c6b176142d073695c654dc7cf\",\"name\":\"Aurore Engelen\",\"url\":\"https:\/\/welovecinema.be\/fr\/author\/aurore-engelen\/\"}]}<\/script>\n<!-- \/ Yoast SEO plugin. -->","yoast_head_json":{"title":"2mn avec... Jan Bucquoy - We Love Cinema","robots":{"index":"index","follow":"follow","max-snippet":"max-snippet:-1","max-image-preview":"max-image-preview:large","max-video-preview":"max-video-preview:-1"},"canonical":"https:\/\/welovecinema.be\/fr\/2mn-avec-jan-bucquoy\/","og_locale":"fr_FR","og_type":"article","og_title":"2mn avec... Jan Bucquoy - We Love Cinema","og_description":"Rencontre avec l&rsquo;iconoclaste r\u00e9alisateur agitateur Jan Bucquoy, \u00e0 la veille de la fin du tournage de son nouveau film, La Derni\u00e8re Tentation des Belges, avec Wim Willaert, Alice on the Roof et Alex Vizorek. A LIRE AUSSI Sur le tournage de&#8230; La Derni\u00e8re Tentation des Belges","og_url":"https:\/\/welovecinema.be\/fr\/2mn-avec-jan-bucquoy\/","og_site_name":"We Love Cinema","article_publisher":"https:\/\/www.facebook.com\/welovecinema.be","article_published_time":"2019-11-27T15:00:08+00:00","article_modified_time":"2019-11-28T08:39:57+00:00","og_image":[{"width":4032,"height":3024,"url":"https:\/\/welovecinema.be\/wp-content\/uploads\/sites\/2\/2019\/11\/Jan-Bucquoy-CIi.jpg","type":"image\/jpeg"}],"author":"Aurore Engelen","twitter_card":"summary_large_image","twitter_misc":{"\u00c9crit par":"Aurore Engelen"},"schema":{"@context":"https:\/\/schema.org","@graph":[{"@type":"Article","@id":"https:\/\/welovecinema.be\/fr\/2mn-avec-jan-bucquoy\/#article","isPartOf":{"@id":"https:\/\/welovecinema.be\/fr\/2mn-avec-jan-bucquoy\/"},"author":{"name":"Aurore Engelen","@id":"https:\/\/welovecinema.be\/nl\/#\/schema\/person\/8084b68c6b176142d073695c654dc7cf"},"headline":"2mn avec&#8230; Jan Bucquoy","datePublished":"2019-11-27T15:00:08+00:00","dateModified":"2019-11-28T08:39:57+00:00","mainEntityOfPage":{"@id":"https:\/\/welovecinema.be\/fr\/2mn-avec-jan-bucquoy\/"},"wordCount":53,"publisher":{"@id":"https:\/\/welovecinema.be\/nl\/#organization"},"keywords":["Jan Bucquoy","La Derni\u00e8re tentation des Belges","newsletter"],"articleSection":["Rencontres"],"inLanguage":"fr-FR"},{"@type":"WebPage","@id":"https:\/\/welovecinema.be\/fr\/2mn-avec-jan-bucquoy\/","url":"https:\/\/welovecinema.be\/fr\/2mn-avec-jan-bucquoy\/","name":"2mn avec... Jan Bucquoy - We Love Cinema","isPartOf":{"@id":"https:\/\/welovecinema.be\/nl\/#website"},"datePublished":"2019-11-27T15:00:08+00:00","dateModified":"2019-11-28T08:39:57+00:00","breadcrumb":{"@id":"https:\/\/welovecinema.be\/fr\/2mn-avec-jan-bucquoy\/#breadcrumb"},"inLanguage":"fr-FR","potentialAction":[{"@type":"ReadAction","target":["https:\/\/welovecinema.be\/fr\/2mn-avec-jan-bucquoy\/"]}]},{"@type":"BreadcrumbList","@id":"https:\/\/welovecinema.be\/fr\/2mn-avec-jan-bucquoy\/#breadcrumb","itemListElement":[{"@type":"ListItem","position":1,"name":"Accueil","item":"https:\/\/welovecinema.be\/fr\/"},{"@type":"ListItem","position":2,"name":"2mn avec&#8230; Jan Bucquoy"}]},{"@type":"WebSite","@id":"https:\/\/welovecinema.be\/nl\/#website","url":"https:\/\/welovecinema.be\/nl\/","name":"We Love Cinema","description":"Toute l\u2019information du cin\u00e9ma en Belgique","publisher":{"@id":"https:\/\/welovecinema.be\/nl\/#organization"},"potentialAction":[{"@type":"SearchAction","target":{"@type":"EntryPoint","urlTemplate":"https:\/\/welovecinema.be\/nl\/?s={search_term_string}"},"query-input":"required name=search_term_string"}],"inLanguage":"fr-FR"},{"@type":"Organization","@id":"https:\/\/welovecinema.be\/nl\/#organization","name":"We Love Cinema","url":"https:\/\/welovecinema.be\/nl\/","logo":{"@type":"ImageObject","inLanguage":"fr-FR","@id":"https:\/\/welovecinema.be\/nl\/#\/schema\/logo\/image\/","url":"https:\/\/welovecinema.be\/wp-content\/uploads\/sites\/2\/2023\/03\/Logo-We-Love-Cinema305x128.jpg","contentUrl":"https:\/\/welovecinema.be\/wp-content\/uploads\/sites\/2\/2023\/03\/Logo-We-Love-Cinema305x128.jpg","width":305,"height":128,"caption":"We Love Cinema"},"image":{"@id":"https:\/\/welovecinema.be\/nl\/#\/schema\/logo\/image\/"},"sameAs":["https:\/\/www.facebook.com\/welovecinema.be","https:\/\/www.youtube.com\/channel\/UCX5LYGVhnKvYauW4Nta4HJA","https:\/\/www.instagram.com\/welovecinema.be\/"]},{"@type":"Person","@id":"https:\/\/welovecinema.be\/nl\/#\/schema\/person\/8084b68c6b176142d073695c654dc7cf","name":"Aurore Engelen","url":"https:\/\/welovecinema.be\/fr\/author\/aurore-engelen\/"}]}},"_links":{"self":[{"href":"https:\/\/welovecinema.be\/fr\/wp-json\/wp\/v2\/posts\/225101","targetHints":{"allow":["GET"]}}],"collection":[{"href":"https:\/\/welovecinema.be\/fr\/wp-json\/wp\/v2\/posts"}],"about":[{"href":"https:\/\/welovecinema.be\/fr\/wp-json\/wp\/v2\/types\/post"}],"author":[{"embeddable":true,"href":"https:\/\/welovecinema.be\/fr\/wp-json\/wp\/v2\/users\/343"}],"replies":[{"embeddable":true,"href":"https:\/\/welovecinema.be\/fr\/wp-json\/wp\/v2\/comments?post=225101"}],"version-history":[{"count":0,"href":"https:\/\/welovecinema.be\/fr\/wp-json\/wp\/v2\/posts\/225101\/revisions"}],"wp:featuredmedia":[{"embeddable":true,"href":"https:\/\/welovecinema.be\/fr\/wp-json\/wp\/v2\/media\/225104"}],"wp:attachment":[{"href":"https:\/\/welovecinema.be\/fr\/wp-json\/wp\/v2\/media?parent=225101"}],"wp:term":[{"taxonomy":"category","embeddable":true,"href":"https:\/\/welovecinema.be\/fr\/wp-json\/wp\/v2\/categories?post=225101"},{"taxonomy":"post_tag","embeddable":true,"href":"https:\/\/welovecinema.be\/fr\/wp-json\/wp\/v2\/tags?post=225101"}],"curies":[{"name":"wp","href":"https:\/\/api.w.org\/{rel}","templated":true}]}}